{"id":12194,"date":"2018-08-07T09:53:47","date_gmt":"2018-08-07T07:53:47","guid":{"rendered":"http:\/\/www.moravecteam.cz\/?p=12194"},"modified":"2018-08-08T13:12:19","modified_gmt":"2018-08-08T11:12:19","slug":"medaile-z-drtice","status":"publish","type":"post","link":"https:\/\/www.moravecteam.cz\/?p=12194","title":{"rendered":"Medaile z &#8222;Drti\u010de&#8220;!-2"},"content":{"rendered":"<p style=\"text-align: justify;\"><strong><span style=\"color: #800000;\">Prvn\u00ed srpnovou sobotu\u00a0vyrazili bike\u0159i u\u017e poosm\u00e9 na trat\u011b ob\u00e1van\u00e9ho region\u00e1ln\u00edho MTB maratonu Valchovsk\u00fd &#8222;Drti\u010d&#8220;\u00a0a\u00a0samoz\u0159ejm\u011b, \u017ee ve startovn\u00edch listin\u00e1ch nechyb\u011bli borci a borky se z\u00e1pisem t\u00fdmov\u00e9 p\u0159\u00edslu\u0161nosti MORAVEC. Podle o\u010dek\u00e1v\u00e1n\u00ed se na\u0161i v\u00fdsledkov\u011b v\u00fdrazn\u011b prosadili a potvrdili tak, \u017ee po \u00fasp\u011b\u0161n\u00e9m bikov\u00e9m &#8222;mistr\u00e1ku&#8220; v Peci pod Sn\u011b\u017ekou \u017e\u00e1dn\u00fd z na\u0161ich \u00a0zdaleka na vav\u0159\u00ednech neusnul&#8230;<\/span><\/strong><\/p>\n<figure id=\"attachment_12227\" aria-describedby=\"caption-attachment-12227\" style=\"width: 1265px\" class=\"wp-caption alignnone\"><a href=\"http:\/\/www.moravecteam.cz\/?attachment_id=12227\" rel=\"attachment wp-att-12227\"><img decoding=\"async\" loading=\"lazy\" class=\" wp-image-12227\" alt=\"01a\" src=\"http:\/\/www.moravecteam.cz\/wp-content\/uploads\/2018\/08\/01a.jpg\" width=\"1265\" height=\"1054\" srcset=\"https:\/\/www.moravecteam.cz\/wp-content\/uploads\/2018\/08\/01a.jpg 1265w, https:\/\/www.moravecteam.cz\/wp-content\/uploads\/2018\/08\/01a-300x249.jpg 300w, https:\/\/www.moravecteam.cz\/wp-content\/uploads\/2018\/08\/01a-1024x853.jpg 1024w\" sizes=\"(max-width: 1265px) 100vw, 1265px\" \/><\/a><figcaption id=\"caption-attachment-12227\" class=\"wp-caption-text\">Na v\u00edt\u011bzn\u00e9 vln\u011b se na sv\u00e9m odr\u00e1\u017eedle veze letos i nad\u00e1le Leonka Eclerov\u00e1!<\/figcaption><\/figure>\n<p style=\"text-align: justify;\">Opak je pravdou. V\u0161ichni na\u0161i, kte\u0159\u00ed vyrazili do z\u00e1vod\u016f v r\u00e1mci &#8222;Drti\u010da&#8220;, se dok\u00e1zali prosadit na medailov\u00e9 pozice! Pravda, konkurence nebyla ve Valchov\u011b takov\u00e1, na jakou jsme zvykl\u00ed z MTB &#8222;Vrchoviny , to ale nijak nesni\u017euje bojovn\u00fd a profesion\u00e1ln\u00ed p\u0159\u00edstup na\u0161ich\u00a0minulou sobotu ve Valchov\u011b.<\/p>\n<figure id=\"attachment_12228\" aria-describedby=\"caption-attachment-12228\" style=\"width: 845px\" class=\"wp-caption alignnone\"><a href=\"http:\/\/www.moravecteam.cz\/?attachment_id=12228\" rel=\"attachment wp-att-12228\"><img decoding=\"async\" loading=\"lazy\" class=\" wp-image-12228\" alt=\"02\" src=\"http:\/\/www.moravecteam.cz\/wp-content\/uploads\/2018\/08\/021.jpg\" width=\"845\" height=\"881\" srcset=\"https:\/\/www.moravecteam.cz\/wp-content\/uploads\/2018\/08\/021.jpg 845w, https:\/\/www.moravecteam.cz\/wp-content\/uploads\/2018\/08\/021-25x25.jpg 25w, https:\/\/www.moravecteam.cz\/wp-content\/uploads\/2018\/08\/021-287x300.jpg 287w\" sizes=\"(max-width: 845px) 100vw, 845px\" \/><\/a><figcaption id=\"caption-attachment-12228\" class=\"wp-caption-text\">Ton\u00edk Han\u00e1k, letos u\u017e docela pravideln\u00fd medailista ze z\u00e1vod\u016f odr\u00e1\u017eedel.<\/figcaption><\/figure>\n<p style=\"text-align: justify;\">Sc\u00e9n\u00e1\u0159 z\u00e1vodu byl z lo\u0148ska prakticky nezm\u011bn\u011bn, co\u017e znamenalo, \u017ee kategorie d\u011bt\u00ed do 10 let v\u010detn\u011b odjeli svoje starty na okruz\u00edch, na kter\u00e9 jsou zvykl\u00ed v r\u00e1mci MTB &#8222;Vrchoviny&#8220;, mlad\u0161\u00ed a star\u0161\u00ed \u017eactvo pak u\u017e vyrazilo na maratonskou des\u00edtku a od kategorie kadet\u016f \/ kadetek v\u00fd\u0161e se u\u017e rajd\u0159i v \u00famorn\u00e9m vedru &#8222;prali&#8220; s okruhem 25 km a to bu\u010f jednou nebo v maximu rovnou dvakr\u00e1t&#8230;<\/p>\n<figure id=\"attachment_12229\" aria-describedby=\"caption-attachment-12229\" style=\"width: 1535px\" class=\"wp-caption alignnone\"><a href=\"http:\/\/www.moravecteam.cz\/?attachment_id=12229\" rel=\"attachment wp-att-12229\"><img decoding=\"async\" loading=\"lazy\" class=\" wp-image-12229\" alt=\"03\" src=\"http:\/\/www.moravecteam.cz\/wp-content\/uploads\/2018\/08\/031.jpg\" width=\"1535\" height=\"1301\" srcset=\"https:\/\/www.moravecteam.cz\/wp-content\/uploads\/2018\/08\/031.jpg 1535w, https:\/\/www.moravecteam.cz\/wp-content\/uploads\/2018\/08\/031-300x254.jpg 300w, https:\/\/www.moravecteam.cz\/wp-content\/uploads\/2018\/08\/031-1024x867.jpg 1024w\" sizes=\"(max-width: 1535px) 100vw, 1535px\" \/><\/a><figcaption id=\"caption-attachment-12229\" class=\"wp-caption-text\">Filip Ecler nem\u011bl ve sv\u00e9m startu konkurenci&#8230;<\/figcaption><\/figure>\n<p style=\"text-align: justify;\">\u017de m\u00e1 na\u0161e <span style=\"color: #800000;\"><strong>Leonka Eclerov\u00e1<\/strong> <\/span>u\u017e zcela v po\u0159\u00e1dku\u00a0prav\u00e9 oko potvrdila jak v z\u00e1vod\u011b\u00a0odr\u00e1\u017eedel, kter\u00fd vyhr\u00e1la, tak ve startu sv\u00e9 kategorie do 6-ti let, ve kter\u00e9m spurtovala na druh\u00e9m m\u00edst\u011b. Co se t\u00fd\u010de tedy Leonky, nejen, \u017ee jej\u00ed kukadlo je ji\u017e zcela OK, ale p\u0159edev\u0161\u00edm forma j\u00ed dr\u017e\u00ed stabiln\u011b na vysok\u00e9 \u00farovni!<\/p>\n<figure id=\"attachment_12231\" aria-describedby=\"caption-attachment-12231\" style=\"width: 1108px\" class=\"wp-caption alignnone\"><a href=\"http:\/\/www.moravecteam.cz\/?attachment_id=12231\" rel=\"attachment wp-att-12231\"><img decoding=\"async\" loading=\"lazy\" class=\" wp-image-12231\" alt=\"05\" src=\"http:\/\/www.moravecteam.cz\/wp-content\/uploads\/2018\/08\/051.jpg\" width=\"1108\" height=\"1353\" srcset=\"https:\/\/www.moravecteam.cz\/wp-content\/uploads\/2018\/08\/051.jpg 1108w, https:\/\/www.moravecteam.cz\/wp-content\/uploads\/2018\/08\/051-245x300.jpg 245w, https:\/\/www.moravecteam.cz\/wp-content\/uploads\/2018\/08\/051-838x1024.jpg 838w\" sizes=\"(max-width: 1108px) 100vw, 1108px\" \/><\/a><figcaption id=\"caption-attachment-12231\" class=\"wp-caption-text\">&#8222;Double&#8220; pro MORAVEC d\u00edky Barunce Tlamkov\u00e9 a Ani\u010dce Han\u00e1kov\u00e9 v kategorii mlad\u0161\u00edch \u017e\u00e1ky\u0148.<\/figcaption><\/figure>\n<p style=\"text-align: justify;\">Tot\u00e9\u017e se d\u00e1 \u0159\u00edci i o jej\u00edm star\u0161\u00edm bratru, <span style=\"color: #800000;\"><strong>Filipu Eclerovi<\/strong><\/span>, kter\u00fd pro MORAVEC Team vybojoval jist\u00e9 v\u00edt\u011bzstv\u00ed mezi chlapci 7-8 let. Mezi chlapci na odr\u00e1\u017eedlech si pak pro cenn\u00e9 st\u0159\u00edbro dospurtoval dal\u0161\u00ed n\u00e1\u0161 osv\u011bd\u010den\u00fd reprezentant v t\u00e9to kategorii &#8211; <span style=\"color: #800000;\"><strong>Ton\u00edk Han\u00e1k.<\/strong><\/span><\/p>\n<figure id=\"attachment_12230\" aria-describedby=\"caption-attachment-12230\" style=\"width: 1819px\" class=\"wp-caption alignnone\"><a href=\"http:\/\/www.moravecteam.cz\/?attachment_id=12230\" rel=\"attachment wp-att-12230\"><img decoding=\"async\" loading=\"lazy\" class=\" wp-image-12230\" alt=\"04\" src=\"http:\/\/www.moravecteam.cz\/wp-content\/uploads\/2018\/08\/041.jpg\" width=\"1819\" height=\"891\" srcset=\"https:\/\/www.moravecteam.cz\/wp-content\/uploads\/2018\/08\/041.jpg 1819w, https:\/\/www.moravecteam.cz\/wp-content\/uploads\/2018\/08\/041-300x146.jpg 300w, https:\/\/www.moravecteam.cz\/wp-content\/uploads\/2018\/08\/041-1024x501.jpg 1024w\" sizes=\"(max-width: 1819px) 100vw, 1819px\" \/><\/a><figcaption id=\"caption-attachment-12230\" class=\"wp-caption-text\">Eli\u0161ka Han\u00e1kov\u00e1 vyrazila vst\u0159\u00edc v\u00edt\u011bzstv\u00ed i d\u00edky vyda\u0159en\u00e9mu startu.<\/figcaption><\/figure>\n<p style=\"text-align: justify;\"><span style=\"color: #000000;\">V na\u0161em &#8222;zlat\u00e9m drti\u010dov\u00e9m&#8220; Valchovsk\u00e9m ta\u017een\u00ed pokra\u010dovali u\u017e na maratonsk\u00e9 trati 10 km na\u0161e d\u011bv\u010data<\/span><strong><span style=\"color: #000000;\">.<\/span> <span style=\"color: #800000;\">Bar\u010da Tlamkov\u00e1<\/span> <\/strong><span style=\"color: #000000;\">se s<\/span> <strong><span style=\"color: #800000;\">Ani\u010dkou Han\u00e1kovou<\/span> <\/strong>pod\u011blily o zlato a st\u0159\u00edbro a MORAVEC se tedy d\u00edky nim mohl radovat z cenn\u00e9ho &#8222;double&#8220;!<\/p>\n<figure id=\"attachment_12232\" aria-describedby=\"caption-attachment-12232\" style=\"width: 1104px\" class=\"wp-caption alignnone\"><a href=\"http:\/\/www.moravecteam.cz\/?attachment_id=12232\" rel=\"attachment wp-att-12232\"><img decoding=\"async\" loading=\"lazy\" class=\" wp-image-12232\" alt=\"06\" src=\"http:\/\/www.moravecteam.cz\/wp-content\/uploads\/2018\/08\/061.jpg\" width=\"1104\" height=\"1317\" srcset=\"https:\/\/www.moravecteam.cz\/wp-content\/uploads\/2018\/08\/061.jpg 1104w, https:\/\/www.moravecteam.cz\/wp-content\/uploads\/2018\/08\/061-251x300.jpg 251w, https:\/\/www.moravecteam.cz\/wp-content\/uploads\/2018\/08\/061-858x1024.jpg 858w\" sizes=\"(max-width: 1104px) 100vw, 1104px\" \/><\/a><figcaption id=\"caption-attachment-12232\" class=\"wp-caption-text\">Bronzov\u00e1 &#8222;bedna&#8220; Luk\u00e1\u0161e Sedl\u00e1ka ve star\u0161\u00edch \u017e\u00e1c\u00edch!<\/figcaption><\/figure>\n<p style=\"text-align: justify;\">\u017de i u Han\u00e1k\u016f ve \u017d\u010f\u00e1rn\u00e9 se podobn\u011b jako u Ecler\u016f v Uh\u0159ic\u00edch oslavovalo v sobotu ve\u010der bikov\u00e9 zlato, o to se v z\u00e1vod\u011b star\u0161\u00edch \u017e\u00e1ky\u0148 postarala <strong><span style=\"color: #800000;\">Eli\u0161ka Han\u00e1kov\u00e1<\/span><\/strong>, d\u00edky kter\u00e9 si MORAVEC Team zapsal ten den u\u017e \u010dtvrtou zlatou medaili! Po\u0159\u00e1d to ale nebylo v\u0161e&#8230; K\u00a0&#8222;Ellis&#8220; se medailov\u011b p\u0159ipojil ziskem bronzu \u00a0ve stejn\u00e9 v\u011bkov\u00e9 kategorii Luk\u00e1\u0161 Sedl\u00e1k!<\/p>\n<figure id=\"attachment_12233\" aria-describedby=\"caption-attachment-12233\" style=\"width: 1145px\" class=\"wp-caption alignnone\"><a href=\"http:\/\/www.moravecteam.cz\/?attachment_id=12233\" rel=\"attachment wp-att-12233\"><img decoding=\"async\" loading=\"lazy\" class=\" wp-image-12233\" alt=\"07\" src=\"http:\/\/www.moravecteam.cz\/wp-content\/uploads\/2018\/08\/071.jpg\" width=\"1145\" height=\"1151\" srcset=\"https:\/\/www.moravecteam.cz\/wp-content\/uploads\/2018\/08\/071.jpg 1145w, https:\/\/www.moravecteam.cz\/wp-content\/uploads\/2018\/08\/071-25x25.jpg 25w, https:\/\/www.moravecteam.cz\/wp-content\/uploads\/2018\/08\/071-298x300.jpg 298w, https:\/\/www.moravecteam.cz\/wp-content\/uploads\/2018\/08\/071-1018x1024.jpg 1018w\" sizes=\"(max-width: 1145px) 100vw, 1145px\" \/><\/a><figcaption id=\"caption-attachment-12233\" class=\"wp-caption-text\">Franta Pad\u011bra nesta\u010dil pouze na o hodn\u011b mlad\u0161\u00edho Tom\u00e1\u0161e Cvrkala.<\/figcaption><\/figure>\n<ul>\n<li>\n<div style=\"text-align: justify;\">A &#8222;plackovou&#8220; definitivu jsme v\u0161emu dali v hlavn\u00edm z\u00e1vod\u011b, kde jsme nasadili jednoho dost &#8222;drav\u00e9ho kon\u011b&#8220;do startu veter\u00e1n\u016f na\u00a0trati 50km. A <strong><span style=\"color: #800000;\">Franti\u0161ek Pad\u011bra<\/span> <\/strong>dr\u017eel se sv\u00fdmi mlad\u0161\u00edmi &#8222;bratry a\u00a0 sestrami v triku&#8220; medailovou basu, kdy\u017e po hodnotn\u00e9m v\u00fdkonu vybojoval cenn\u00e9, t\u011b\u017ek\u00fdmi kapkami potu, kter\u00fd \u0161el mo\u017en\u00e1 i do litr\u016f &#8211; zkropen\u00e9 st\u0159\u00edbro! D\u00edky moc v\u0161em, za super v\u00fdkony v sobotn\u00ed\u00a0&#8222;valchovsk\u00e9 peci&#8220;, podp\u016frn\u00e9 rodinn\u00e9 t\u00fdmi nevyj\u00edmaje!\u00a0Byla to dobr\u00e1 pr\u016fprava na bl\u00ed\u017e\u00edc\u00ed se pokra\u010dov\u00e1n\u00ed MTB &#8222;Vrchoviny&#8220; v Bukov\u00e9&#8230; Bravo MORAVEC! Zde\u00a0jsou k okouknut\u00ed\u00a0dv\u011b\u00a0fotogalerie:<\/div>\n<\/li>\n<li><a href=\"https:\/\/moravecteam.rajce.idnes.cz\/2018.08.04_MTB_maraton_Valchovsky_Drtic\/\"><strong>fotogalerie \u010d.1 <\/strong><\/a>(d\u00edky Karle)<\/li>\n<li><strong><a href=\"https:\/\/jones1.rajce.idnes.cz\/Valchovsky_drtic_4.8.2018\/\">fotogalerie \u010d.2 <\/a><\/strong>(d\u00edky J\u00e1ro)<\/li>\n<\/ul>\n<figure id=\"attachment_12234\" aria-describedby=\"caption-attachment-12234\" style=\"width: 2000px\" class=\"wp-caption alignnone\"><a href=\"http:\/\/www.moravecteam.cz\/?attachment_id=12234\" rel=\"attachment wp-att-12234\"><img decoding=\"async\" loading=\"lazy\" class=\" wp-image-12234\" alt=\"08\" src=\"http:\/\/www.moravecteam.cz\/wp-content\/uploads\/2018\/08\/081.jpg\" width=\"2000\" height=\"1255\" srcset=\"https:\/\/www.moravecteam.cz\/wp-content\/uploads\/2018\/08\/081.jpg 2000w, https:\/\/www.moravecteam.cz\/wp-content\/uploads\/2018\/08\/081-300x188.jpg 300w, https:\/\/www.moravecteam.cz\/wp-content\/uploads\/2018\/08\/081-1024x642.jpg 1024w\" sizes=\"(max-width: 2000px) 100vw, 2000px\" \/><\/a><figcaption id=\"caption-attachment-12234\" class=\"wp-caption-text\">Opr\u00e1vn\u011bn\u00e1 spokojenost po \u00fasp\u011b\u0161n\u00e9 misi&#8230;<\/figcaption><\/figure>\n<p style=\"text-align: justify;\">\n","protected":false},"excerpt":{"rendered":"<p>Prvn\u00ed srpnovou sobotu\u00a0vyrazili bike\u0159i u\u017e poosm\u00e9 na trat\u011b ob\u00e1van\u00e9ho region\u00e1ln\u00edho MTB maratonu Valchovsk\u00fd &#8222;Drti\u010d&#8220;\u00a0a\u00a0samoz\u0159ejm\u011b, \u017ee ve startovn\u00edch listin\u00e1ch nechyb\u011bli borci a borky se z\u00e1pisem t\u00fdmov\u00e9 p\u0159\u00edslu\u0161nosti MORAVEC. Podle o\u010dek\u00e1v\u00e1n\u00ed se na\u0161i v\u00fdsledkov\u011b v\u00fdrazn\u011b prosadili a potvrdili tak, \u017ee po \u00fasp\u011b\u0161n\u00e9m bikov\u00e9m &#8222;mistr\u00e1ku&#8220; v Peci pod Sn\u011b\u017ekou \u017e\u00e1dn\u00fd z na\u0161ich \u00a0zdaleka na vav\u0159\u00ednech neusnul&#8230; Opak je &hellip; <a href=\"https:\/\/www.moravecteam.cz\/?p=12194\" class=\"more-link\">Pokra\u010dov\u00e1n\u00ed textu <span class=\"screen-reader-text\">Medaile z &#8222;Drti\u010de&#8220;!-2<\/span> <span class=\"meta-nav\">&rarr;<\/span><\/a><\/p>\n","protected":false},"author":3,"featured_media":12226,"comment_status":"open","ping_status":"closed","sticky":false,"template":"","format":"standard","meta":[],"categories":[1],"tags":[],"_links":{"self":[{"href":"https:\/\/www.moravecteam.cz\/index.php?rest_route=\/wp\/v2\/posts\/12194"}],"collection":[{"href":"https:\/\/www.moravecteam.cz\/index.php?rest_route=\/wp\/v2\/posts"}],"about":[{"href":"https:\/\/www.moravecteam.cz\/index.php?rest_route=\/wp\/v2\/types\/post"}],"author":[{"embeddable":true,"href":"https:\/\/www.moravecteam.cz\/index.php?rest_route=\/wp\/v2\/users\/3"}],"replies":[{"embeddable":true,"href":"https:\/\/www.moravecteam.cz\/index.php?rest_route=%2Fwp%2Fv2%2Fcomments&post=12194"}],"version-history":[{"count":12,"href":"https:\/\/www.moravecteam.cz\/index.php?rest_route=\/wp\/v2\/posts\/12194\/revisions"}],"predecessor-version":[{"id":12256,"href":"https:\/\/www.moravecteam.cz\/index.php?rest_route=\/wp\/v2\/posts\/12194\/revisions\/12256"}],"wp:featuredmedia":[{"embeddable":true,"href":"https:\/\/www.moravecteam.cz\/index.php?rest_route=\/wp\/v2\/media\/12226"}],"wp:attachment":[{"href":"https:\/\/www.moravecteam.cz\/index.php?rest_route=%2Fwp%2Fv2%2Fmedia&parent=12194"}],"wp:term":[{"taxonomy":"category","embeddable":true,"href":"https:\/\/www.moravecteam.cz\/index.php?rest_route=%2Fwp%2Fv2%2Fcategories&post=12194"},{"taxonomy":"post_tag","embeddable":true,"href":"https:\/\/www.moravecteam.cz\/index.php?rest_route=%2Fwp%2Fv2%2Ftags&post=12194"}],"curies":[{"name":"wp","href":"https:\/\/api.w.org\/{rel}","templated":true}]}}