{"id":12196,"date":"2018-08-07T12:50:37","date_gmt":"2018-08-07T10:50:37","guid":{"rendered":"http:\/\/www.moravecteam.cz\/?p=12196"},"modified":"2018-08-07T12:50:37","modified_gmt":"2018-08-07T10:50:37","slug":"orlicka-etapova-vyhen","status":"publish","type":"post","link":"https:\/\/www.moravecteam.cz\/?p=12196","title":{"rendered":"Orlick\u00e1 etapov\u00e1 v\u00fdhe\u0148&#8230;"},"content":{"rendered":"<p style=\"text-align: justify;\"><strong><span style=\"color: #800000;\">Tradi\u010dn\u00ed\u00a0 silni\u010dn\u00ed \u010dty\u0159etapov\u00fd z\u00e1vod junior\u016f a kadet\u016f regionem Orlicka &#8211; Lan\u0161kroun 2018 je od minul\u00e9 ned\u011ble minulost\u00ed. K rodn\u00e9mu kraji na\u0161eho patrona Vlastimila MORAVCE jsme zam\u00ed\u0159ili pozornost i letos neb ve startovn\u00edch listin\u00e1ch figurovali dva na\u0161i dva na\u0161i reprezentanti: junior Tom\u00e1\u0161 Dou\u0161ek a kadet Honza &#8222;D\u017eony&#8220; \u0160indel\u00e1\u0159\u00a0pos\u00edlili t\u00fdm Favoritu Brno a soupe\u0159ili zde v extr\u00e9mn\u00edch teplot\u00e1ch se vskutku silnou mezin\u00e1rodn\u00ed konkurenc\u00ed!<\/span><\/strong><\/p>\n<figure id=\"attachment_12246\" aria-describedby=\"caption-attachment-12246\" style=\"width: 1548px\" class=\"wp-caption alignnone\"><a href=\"http:\/\/www.moravecteam.cz\/?attachment_id=12246\" rel=\"attachment wp-att-12246\"><img decoding=\"async\" loading=\"lazy\" class=\" wp-image-12246\" alt=\"02\" src=\"http:\/\/www.moravecteam.cz\/wp-content\/uploads\/2018\/08\/022.jpg\" width=\"1548\" height=\"1358\" srcset=\"https:\/\/www.moravecteam.cz\/wp-content\/uploads\/2018\/08\/022.jpg 1548w, https:\/\/www.moravecteam.cz\/wp-content\/uploads\/2018\/08\/022-300x263.jpg 300w, https:\/\/www.moravecteam.cz\/wp-content\/uploads\/2018\/08\/022-1024x898.jpg 1024w\" sizes=\"(max-width: 1548px) 100vw, 1548px\" \/><\/a><figcaption id=\"caption-attachment-12246\" class=\"wp-caption-text\">Na p\u0159edstartovn\u00ed fotografii pozn\u00e1v\u00e1me v pop\u0159ed\u00ed Tom\u00e1\u0161e Tlamku &#8222;Contadora&#8220;, v pozad\u00ed druh\u00e9ho Tom\u00e1\u0161e &#8211; Dou\u0161ka.<\/figcaption><\/figure>\n<p style=\"text-align: justify;\">Proto\u017ee byl po celou dobu trv\u00e1n\u00ed &#8222;etap\u00e1ku&#8220; (od p\u00e1tku do ned\u011ble) s na\u0161imi dv\u011bma rajdry podp\u016frn\u00fd \u0160indel\u00e1\u0159ovic rodinn\u00fd t\u00fdm &#8211; p\u0159ed\u00e1v\u00e1m pomysln\u011b slovo Honzovi \u0160indel\u00e1\u0159ovi st., kter\u00fd z\u00e1polen\u00ed bezm\u00e1la 160 mlad\u00fdch cyklist\u016f &#8211; silni\u010d\u00e1\u0159\u016f na Orlicku vid\u011bl takto:<\/p>\n<p style=\"text-align: justify;\"><em>Zas\u00edl\u00e1m kr\u00e1tk\u00e9 info k v\u00fdprav\u011b do Orlick\u00e9ho pekla. V p\u00e1tek po ob\u011bd\u011b jsme vyrazili\u00a0 s klukama sm\u011br Lan\u0161kroun .Cestou panovala bojovn\u00e1 n\u00e1lada a Honza\u00a0 s Tomem byli nemotivovan\u00ed se s t\u00edmto z\u00e1vodem poprat. \u010c\u00edsla\u00a0a ubytovan\u00ed n\u00e1m ji\u017e zajistily kluci z Favoritu (v\u010detn\u011b zabezpe\u010den\u00ed servisu b\u011bhem z\u00e1vodu).<\/em><\/p>\n<figure id=\"attachment_12244\" aria-describedby=\"caption-attachment-12244\" style=\"width: 1461px\" class=\"wp-caption alignnone\"><a href=\"http:\/\/www.moravecteam.cz\/?attachment_id=12244\" rel=\"attachment wp-att-12244\"><img decoding=\"async\" loading=\"lazy\" class=\" wp-image-12244\" alt=\"00a\" src=\"http:\/\/www.moravecteam.cz\/wp-content\/uploads\/2018\/08\/00a.jpg\" width=\"1461\" height=\"735\" srcset=\"https:\/\/www.moravecteam.cz\/wp-content\/uploads\/2018\/08\/00a.jpg 1461w, https:\/\/www.moravecteam.cz\/wp-content\/uploads\/2018\/08\/00a-300x150.jpg 300w, https:\/\/www.moravecteam.cz\/wp-content\/uploads\/2018\/08\/00a-1024x515.jpg 1024w\" sizes=\"(max-width: 1461px) 100vw, 1461px\" \/><\/a><figcaption id=\"caption-attachment-12244\" class=\"wp-caption-text\">Celkem 154 junior\u016f a kadet\u016f zm\u011b\u0159ilo s\u00edly minul\u00fd v\u00edkend na Orlick\u00e9m &#8222;etap\u00e1ku&#8220;.<\/figcaption><\/figure>\n<p style=\"text-align: justify;\"><em>Start prvn\u00ed etapy byl za \u00famorn\u00e9ho tepla odstartov\u00e1n v 17 hodin\u00a0.Etapa m\u011bla\u00a077km jela se na \u00a07 kol\u00a0p\u0159es vrchol kde byly t\u0159i horsk\u00e9 pr\u00e9mie. Kr\u00e1tce po startu 154 z\u00e1vodn\u00edku do\u0161lo k hromadn\u00e9mu \u00a0p\u00e1du v kter\u00e9m se zamotal i Tom\u00e1\u0161 kter\u00fd si tak vybral nov\u00e1\u010dkovskou da\u0148. Bal\u00edk se tak nad\u011blil hned v po\u010d\u00e1tku a jelo se dost svi\u017en\u011b. Honza jel prvn\u00ed skupin\u011b a\u017e do \u0161est\u00e9ho kola kde ve stoup\u00e1n\u00ed na pr\u00e9mii se za\u010dal bal\u00edk d\u011blit. Sna\u017een\u00ed dostihnout \u010deln\u00ed skupinu zastavil a\u017e \u017eelezni\u010dn\u00ed\u00a0p\u0159ejezd v Lan\u0161kroun\u011b kde st\u00edhac\u00ed skupinku zastavila \u00a0m\u00edstn\u00ed lok\u00e1lka .Tom\u00e1\u0161, kter\u00fd\u00a0z\u016fstal ve skupin\u011b &#8222;odp\u00e1ran\u00e9&#8220; p\u00e1dem ,musel j\u00edt\u00a0do s\u00f3lov\u00e9 j\u00edzdy pot\u00e9 co nikdo necht\u011bl spolupracovat a hrozilo \u017ee nestihnou limit z\u00e1vodu.V\u00a0\u00famorn\u00e9m teple si s\u00e1hl na dno, v s\u00f3lo j\u00edzd\u011b to nebyl \u017e\u00e1dn\u00fd med, pr\u016fm\u011br z\u00e1vodu byl nad 42km\/h. Honz\u00edk dokon\u010dil 98\u00a0 \u00a0,Tom 138\u00a0.\u00a0Druh\u00e1 etapa sobota r\u00e1no, \u010dasovka na deset kilometru. Tom\u00e1\u0161 po probd\u011bl\u00e9 noci str\u00e1ven\u00e9 na z\u00e1chod\u011b (z\u0159ejm\u011b \u00fapal)\u00a0musel p\u016fsoben\u00ed v z\u00e1vod\u011b ukon\u010dit.<\/em><\/p>\n<figure id=\"attachment_12250\" aria-describedby=\"caption-attachment-12250\" style=\"width: 679px\" class=\"wp-caption alignnone\"><a href=\"http:\/\/www.moravecteam.cz\/?attachment_id=12250\" rel=\"attachment wp-att-12250\"><img decoding=\"async\" loading=\"lazy\" class=\" wp-image-12250\" alt=\"06\" src=\"http:\/\/www.moravecteam.cz\/wp-content\/uploads\/2018\/08\/062.jpg\" width=\"679\" height=\"481\" srcset=\"https:\/\/www.moravecteam.cz\/wp-content\/uploads\/2018\/08\/062.jpg 679w, https:\/\/www.moravecteam.cz\/wp-content\/uploads\/2018\/08\/062-300x212.jpg 300w\" sizes=\"(max-width: 679px) 100vw, 679px\" \/><\/a><figcaption id=\"caption-attachment-12250\" class=\"wp-caption-text\">Tom\u00e1\u0161e Dou\u0161ka postihla hned v prvn\u00ed etap\u011b sm\u016fla v podob\u011b p\u00e1du. Z\u00e1b\u011br zachycuje pravd\u011bpodobn\u011b jeho n\u00e1slednou st\u00edhac\u00ed j\u00edzdu.<\/figcaption><\/figure>\n<p style=\"text-align: justify;\"><em>Honza ve sv\u00e9 obl\u00edben\u00e9 discipl\u00edn\u011b zajel na n\u00e1ro\u010dn\u00e9 zvln\u011bn\u00e9 trati 70 m\u00edsto.\u00a0T\u0159et\u00ed etapa startoval v sobotu ve 15 hod.\u00a0Byla to\u00a0kr\u00e1lovsk\u00e1 etapa (p\u011bt vrcha\u0159sk\u00fdch pr\u00e9mi\u00ed) 90km dlouh\u00e1 se startem v Jablonn\u00e9m nad Orlic\u00ed a c\u00edlem v Lan\u0161kroun\u011b. Desetikilometrov\u00fd kopec hned od p\u00e1sky na \u010cervenovodsk\u00e9 sedlo byla dostate\u010dn\u00e1 prov\u011brka v\u00fdkonosti v\u0161ech z\u00e1vodn\u00edku, co z\u016fstali v z\u00e1vod\u011b. Honza si jel v pohod\u011b v \u010deln\u00ed skupince u\u017e do \u010dtvt\u00e9ho kopce kde prorazil p\u0159edn\u00ed kolo. Prvn\u00ed poskytl pomoc neutr\u00e1ln\u00ed vuz, kter\u00fd\u00a0v\u0161ak nem\u011bl kolo stejn\u00e9 \u0161\u00ed\u0159ky a po n\u011bkolika\u00a0 pokusech o nasazen\u00ed to vzdali a musel \u010dekat na mechani\u010d\u00e1k Favoritu kde mu kluci vezli na\u0161e n\u00e1hrady . Do c\u00edle dorazil\u00a0na \u00a0100.\u00a0pozici .Pr\u016fm\u011br na t\u00e9to vrcha\u0159sk\u00e9 etap\u011b byl 38.38km\/h&#8230;\u00a0<\/em><\/p>\n<figure id=\"attachment_12248\" aria-describedby=\"caption-attachment-12248\" style=\"width: 1005px\" class=\"wp-caption alignnone\"><a href=\"http:\/\/www.moravecteam.cz\/?attachment_id=12248\" rel=\"attachment wp-att-12248\"><img decoding=\"async\" loading=\"lazy\" class=\" wp-image-12248\" alt=\"04\" src=\"http:\/\/www.moravecteam.cz\/wp-content\/uploads\/2018\/08\/042.jpg\" width=\"1005\" height=\"697\" srcset=\"https:\/\/www.moravecteam.cz\/wp-content\/uploads\/2018\/08\/042.jpg 1005w, https:\/\/www.moravecteam.cz\/wp-content\/uploads\/2018\/08\/042-300x208.jpg 300w\" sizes=\"(max-width: 1005px) 100vw, 1005px\" \/><\/a><figcaption id=\"caption-attachment-12248\" class=\"wp-caption-text\">Honza &#8222;D\u017eony&#8220; \u0160indel\u00e1\u0159 v pln\u00e9 rychlosti na trati sobotn\u00ed dopoledn\u00ed \u010dasovky na 10 km.<\/figcaption><\/figure>\n<p style=\"text-align: justify;\"><em>Posledn\u00ed\u00a0 ned\u011bln\u00ed etapa startovala a kon\u010dila\u00a0v Lan\u0161kroun\u011b, m\u011b\u0159ila 97 km . Op\u011bt na borce \u010dekalo n\u011bkolik slu\u0161n\u00fdch stoup\u00e1n\u00ed a\u00a0 4 horsk\u00e9 pr\u00e9mie.\u00a0V t\u00e9to etap\u011b v\u0161e klaplo bez probl\u00e9mu, pole se za\u010dalo trhat ji\u017e od startu,\u00a0\u00fanava se ji\u017e projevovala\u00a0nap\u0159\u00ed\u010d cel\u00fdm startovn\u00edm polem. Honz\u00edk jel\u00a0v\u00a0prvn\u00ed skupince a a\u017e cca. na 80 km, \u00a0kde v\u00a0posledn\u00edm kopci kter\u00fd m\u011bl asi 4km,\u00a0neudr\u017eel tempo \u010dela\u00a0 a se ztr\u00e1tou\u00a0\u010dty\u0159 minut dokon\u010dil na 65. m\u00edst\u011b.\u00a0Pr\u016fm\u011br etapy op\u011bt p\u0159es\u00a0\u00a040 km\/h\u00a0.\u00a0Z\u00e1vod dokon\u010dil\u00a0celkov\u011b 82 m\u00edst\u011b, jako 11 kadet. Ahoj Honza.<\/em><\/p>\n<figure id=\"attachment_12245\" aria-describedby=\"caption-attachment-12245\" style=\"width: 1007px\" class=\"wp-caption alignnone\"><a href=\"http:\/\/www.moravecteam.cz\/?attachment_id=12245\" rel=\"attachment wp-att-12245\"><img decoding=\"async\" loading=\"lazy\" class=\" wp-image-12245\" alt=\"01\" src=\"http:\/\/www.moravecteam.cz\/wp-content\/uploads\/2018\/08\/012.jpg\" width=\"1007\" height=\"535\" srcset=\"https:\/\/www.moravecteam.cz\/wp-content\/uploads\/2018\/08\/012.jpg 1007w, https:\/\/www.moravecteam.cz\/wp-content\/uploads\/2018\/08\/012-300x159.jpg 300w\" sizes=\"(max-width: 1007px) 100vw, 1007px\" \/><\/a><figcaption id=\"caption-attachment-12245\" class=\"wp-caption-text\">Kopce, kopce, kopce&#8230; Uprost\u0159ed \u010dela pelotonu rozpozn\u00e1v\u00e1me Tom\u00e1\u0161e Tlamku &#8222;Contadora&#8220;.<\/figcaption><\/figure>\n<p style=\"text-align: justify;\">Co dodat? Ur\u010dit\u011b velk\u00e1 \u0161kola a kvalitn\u00ed tr\u00e9nink pro druhou polovinu bikov\u00e9 sez\u00f3ny i s v\u00fdhledem na p\u0159\u00edpadn\u00e9 cyklokrosy. Je s podivem, \u017ee za extr\u00e9mn\u00edch teplot zvl\u00e1dali mlad\u00edci jezdit v jednotliv\u00fdch etap\u00e1ch tak vysok\u00e9 rychlostn\u00ed pr\u016fm\u011bry. A je\u0161t\u011b dopln\u00edm, \u017ee na startu se s reprezenta\u010dn\u00edm t\u00fdmem objevil i n\u00e1\u0161 odchovanec Tom\u00e1\u0161 Tlamka &#8222;Contador&#8220; (Nutrend Specialized Raicng), kter\u00fd bral v kadetech celkov\u00e9 7. m\u00edsto. I jeho v\u00fdsledek mohl b\u00fdt lep\u0161\u00ed, ale ani jemu se nevyhnuly d\u00edl\u010d\u00ed technick\u00e9 probl\u00e9my&#8230; D\u00edky na\u0161im za bojovnost a vzorn\u00e9 repre odd\u00edlu, &#8222;special thanks&#8220; pak podp\u016frn\u00fdm rodinn\u00fdm t\u00fdm\u016fm, Honzovi \u0160indel\u00e1\u0159ovy st., pak za kvalitn\u00ed report\u00e1\u017e.\u00a0Zde si m\u016f\u017eete odkontrolovat <strong><a href=\"http:\/\/www.skpduha.cz\/\">detailn\u00ed v\u00fdsledkov\u00fd servis.<\/a><\/strong><\/p>\n","protected":false},"excerpt":{"rendered":"<p>Tradi\u010dn\u00ed\u00a0 silni\u010dn\u00ed \u010dty\u0159etapov\u00fd z\u00e1vod junior\u016f a kadet\u016f regionem Orlicka &#8211; Lan\u0161kroun 2018 je od minul\u00e9 ned\u011ble minulost\u00ed. K rodn\u00e9mu kraji na\u0161eho patrona Vlastimila MORAVCE jsme zam\u00ed\u0159ili pozornost i letos neb ve startovn\u00edch listin\u00e1ch figurovali dva na\u0161i dva na\u0161i reprezentanti: junior Tom\u00e1\u0161 Dou\u0161ek a kadet Honza &#8222;D\u017eony&#8220; \u0160indel\u00e1\u0159\u00a0pos\u00edlili t\u00fdm Favoritu Brno a soupe\u0159ili zde v extr\u00e9mn\u00edch &hellip; <a href=\"https:\/\/www.moravecteam.cz\/?p=12196\" class=\"more-link\">Pokra\u010dov\u00e1n\u00ed textu <span class=\"screen-reader-text\">Orlick\u00e1 etapov\u00e1 v\u00fdhe\u0148&#8230;<\/span> <span class=\"meta-nav\">&rarr;<\/span><\/a><\/p>\n","protected":false},"author":3,"featured_media":12243,"comment_status":"open","ping_status":"closed","sticky":false,"template":"","format":"standard","meta":[],"categories":[1],"tags":[],"_links":{"self":[{"href":"https:\/\/www.moravecteam.cz\/index.php?rest_route=\/wp\/v2\/posts\/12196"}],"collection":[{"href":"https:\/\/www.moravecteam.cz\/index.php?rest_route=\/wp\/v2\/posts"}],"about":[{"href":"https:\/\/www.moravecteam.cz\/index.php?rest_route=\/wp\/v2\/types\/post"}],"author":[{"embeddable":true,"href":"https:\/\/www.moravecteam.cz\/index.php?rest_route=\/wp\/v2\/users\/3"}],"replies":[{"embeddable":true,"href":"https:\/\/www.moravecteam.cz\/index.php?rest_route=%2Fwp%2Fv2%2Fcomments&post=12196"}],"version-history":[{"count":9,"href":"https:\/\/www.moravecteam.cz\/index.php?rest_route=\/wp\/v2\/posts\/12196\/revisions"}],"predecessor-version":[{"id":12252,"href":"https:\/\/www.moravecteam.cz\/index.php?rest_route=\/wp\/v2\/posts\/12196\/revisions\/12252"}],"wp:featuredmedia":[{"embeddable":true,"href":"https:\/\/www.moravecteam.cz\/index.php?rest_route=\/wp\/v2\/media\/12243"}],"wp:attachment":[{"href":"https:\/\/www.moravecteam.cz\/index.php?rest_route=%2Fwp%2Fv2%2Fmedia&parent=12196"}],"wp:term":[{"taxonomy":"category","embeddable":true,"href":"https:\/\/www.moravecteam.cz\/index.php?rest_route=%2Fwp%2Fv2%2Fcategories&post=12196"},{"taxonomy":"post_tag","embeddable":true,"href":"https:\/\/www.moravecteam.cz\/index.php?rest_route=%2Fwp%2Fv2%2Ftags&post=12196"}],"curies":[{"name":"wp","href":"https:\/\/api.w.org\/{rel}","templated":true}]}}