{"id":12199,"date":"2018-08-07T00:10:38","date_gmt":"2018-08-06T22:10:38","guid":{"rendered":"http:\/\/www.moravecteam.cz\/?p=12199"},"modified":"2018-08-07T00:10:59","modified_gmt":"2018-08-06T22:10:59","slug":"co-se-bude-dit-st32-4","status":"publish","type":"post","link":"https:\/\/www.moravecteam.cz\/?p=12199","title":{"rendered":"Co se bude d\u00edt? (ST32)"},"content":{"rendered":"<h5 style=\"text-align: justify;\"><strong><span style=\"color: #800000;\">T\u0159et\u00edm, posledn\u00edm t\u00fddnem fini\u0161uje regenera\u010dn\u00ed obdob\u00ed &#8211;\u00a0 bez organizovan\u00fdch \u00fatern\u00edch a st\u0159ede\u010dn\u00edch tr\u00e9nink\u016f. I v tomto \u010dase tr\u00e9nujte individu\u00e1ln\u011b, tak, abyste se udr\u017eeli v odpov\u00eddaj\u00edc\u00ed form\u011b na z\u00e1vody druh\u00e9 poloviny MTB &#8222;Vrchoviny&#8220;, kter\u00e1 bude pokra\u010dovat nejbli\u017e\u0161\u00edm z\u00e1vodem v sobotu 11. srpna v Bukov\u00e9 a\u00a0 jej\u00ed\u017e fin\u00e1le v p\u00e1tek 28. z\u00e1\u0159\u00ed ve Vyso\u010dina ar\u00e9n\u011b bude pro n\u00e1s druh\u00fdm vrcholem sez\u00f3ny.<\/span><\/strong><\/h5>\n<h5><strong><span style=\"color: #800000;\">P\u00e1tek 10.8. 2018<\/span><\/strong><\/h5>\n<p style=\"text-align: justify;\">Prohl\u00eddka trat\u00ed \u0161est\u00e9ho z\u00e1vodu MTB &#8222;Vrchoviny&#8220; v Bukov\u00e9. Zde m\u016f\u017eete mrknout u\u017e na neofici\u00e1ln\u00ed\u00a0<strong><a href=\"http:\/\/www.pohardrahanskevrchoviny.cz\/vrchovina-miri-bukove\/\">propozice<\/a>.<\/strong><\/p>\n<h5><span style=\"color: #800000;\"><strong>Sobota\u00a011.8. 2018<\/strong><\/span><\/h5>\n<p style=\"text-align: justify;\">\u0160est\u00fd z\u00e1vod MTB &#8222;Vrchoviny&#8220; v Bukov\u00e9. \u00da\u010dast a dopravu si ka\u017ed\u00fd zaji\u0161\u0165uje s\u00e1m. Zde jsou k prostudov\u00e1n\u00ed zat\u00edm neofici\u00e1ln\u00ed\u00a0<strong><a href=\"http:\/\/www.pohardrahanskevrchoviny.cz\/vrchovina-miri-bukove\/\">propozice<\/a><\/strong>.<\/p>\n<h5><strong><span style=\"color: #800000;\">AKCE T\u011aSN\u011a ZA HORIZONTEM<\/span><\/strong><\/h5>\n<p style=\"text-align: justify;\"><span style=\"text-align: justify;\">31.8. &#8211; 2.9. 2018 &#8211; soust\u0159ed\u011bn\u00ed\u00a0 na dolad\u011bn\u00ed formy p\u0159ed z\u00e1v\u011bre\u010dn\u00fdmi z\u00e1vody\u00a0MTB &#8222;Vrchoviny&#8220; ve Vyso\u010dina ar\u00e9n\u011b v Nov\u00e9m M\u011bst\u011b na Morav\u011b.. Podrobn\u011bj\u0161\u00ed informace V\u00e1m sd\u011bl\u00ed tren\u00e9r Milan Tlamka, odborn\u00fdm bikov\u00fdm lektorem na soust\u0159ed\u011bn\u00ed bude Milan Sp\u011b\u0161n\u00fd.<\/span><\/p>\n<h5><strong><span style=\"color: #800000;\">AKCE T\u011aSN\u011a ZA DV\u011aMA HORIZONTY<\/span><\/strong><\/h5>\n<p style=\"text-align: justify;\">10.2. \u2013 16.2. 2019\u00a0&#8211; zimn\u00ed soust\u0159ed\u011bn\u00ed MORAVEC Teamu, kdy se po roce vr\u00e1t\u00edme do Jesen\u00edk\u016f, na<a href=\"http:\/\/www.navrsi.eu\/\">\u00a0<strong>chatu N\u00e1vr\u0161\u00ed<\/strong><\/a><\/p>\n","protected":false},"excerpt":{"rendered":"<p>T\u0159et\u00edm, posledn\u00edm t\u00fddnem fini\u0161uje regenera\u010dn\u00ed obdob\u00ed &#8211;\u00a0 bez organizovan\u00fdch \u00fatern\u00edch a st\u0159ede\u010dn\u00edch tr\u00e9nink\u016f. I v tomto \u010dase tr\u00e9nujte individu\u00e1ln\u011b, tak, abyste se udr\u017eeli v odpov\u00eddaj\u00edc\u00ed form\u011b na z\u00e1vody druh\u00e9 poloviny MTB &#8222;Vrchoviny&#8220;, kter\u00e1 bude pokra\u010dovat nejbli\u017e\u0161\u00edm z\u00e1vodem v sobotu 11. srpna v Bukov\u00e9 a\u00a0 jej\u00ed\u017e fin\u00e1le v p\u00e1tek 28. z\u00e1\u0159\u00ed ve Vyso\u010dina ar\u00e9n\u011b bude pro &hellip; <a href=\"https:\/\/www.moravecteam.cz\/?p=12199\" class=\"more-link\">Pokra\u010dov\u00e1n\u00ed textu <span class=\"screen-reader-text\">Co se bude d\u00edt? (ST32)<\/span> <span class=\"meta-nav\">&rarr;<\/span><\/a><\/p>\n","protected":false},"author":3,"featured_media":12218,"comment_status":"open","ping_status":"closed","sticky":false,"template":"","format":"standard","meta":[],"categories":[11],"tags":[],"_links":{"self":[{"href":"https:\/\/www.moravecteam.cz\/index.php?rest_route=\/wp\/v2\/posts\/12199"}],"collection":[{"href":"https:\/\/www.moravecteam.cz\/index.php?rest_route=\/wp\/v2\/posts"}],"about":[{"href":"https:\/\/www.moravecteam.cz\/index.php?rest_route=\/wp\/v2\/types\/post"}],"author":[{"embeddable":true,"href":"https:\/\/www.moravecteam.cz\/index.php?rest_route=\/wp\/v2\/users\/3"}],"replies":[{"embeddable":true,"href":"https:\/\/www.moravecteam.cz\/index.php?rest_route=%2Fwp%2Fv2%2Fcomments&post=12199"}],"version-history":[{"count":3,"href":"https:\/\/www.moravecteam.cz\/index.php?rest_route=\/wp\/v2\/posts\/12199\/revisions"}],"predecessor-version":[{"id":12219,"href":"https:\/\/www.moravecteam.cz\/index.php?rest_route=\/wp\/v2\/posts\/12199\/revisions\/12219"}],"wp:featuredmedia":[{"embeddable":true,"href":"https:\/\/www.moravecteam.cz\/index.php?rest_route=\/wp\/v2\/media\/12218"}],"wp:attachment":[{"href":"https:\/\/www.moravecteam.cz\/index.php?rest_route=%2Fwp%2Fv2%2Fmedia&parent=12199"}],"wp:term":[{"taxonomy":"category","embeddable":true,"href":"https:\/\/www.moravecteam.cz\/index.php?rest_route=%2Fwp%2Fv2%2Fcategories&post=12199"},{"taxonomy":"post_tag","embeddable":true,"href":"https:\/\/www.moravecteam.cz\/index.php?rest_route=%2Fwp%2Fv2%2Ftags&post=12199"}],"curies":[{"name":"wp","href":"https:\/\/api.w.org\/{rel}","templated":true}]}}