{"id":12258,"date":"2018-08-14T08:46:43","date_gmt":"2018-08-14T06:46:43","guid":{"rendered":"http:\/\/www.moravecteam.cz\/?p=12258"},"modified":"2018-08-14T08:46:43","modified_gmt":"2018-08-14T06:46:43","slug":"co-se-bude-dit-st33-4","status":"publish","type":"post","link":"https:\/\/www.moravecteam.cz\/?p=12258","title":{"rendered":"Co se bude d\u00edt? (ST33)"},"content":{"rendered":"<h5><span style=\"color: #800000;\">\u00dater\u00fd 14.8. 2018<\/span><\/h5>\n<p style=\"text-align: justify;\">Tr\u00e9nink na silni\u010dn\u00edch kolech s <span style=\"color: #800000;\"><strong>Frantou Pad\u011brou <\/strong><\/span>a <strong><span style=\"color: #800000;\">Jirkou \u0160t\u011bpan\u00edkem st.<\/span><\/strong>\u00a0\u00a0Sraz bude\u00a0op\u011bt\u00a0\u00a0v 17.00 hodin\u00a0u budovy Z\u00e1kladn\u00ed \u0161koly v Bene\u0161ov\u011b. V p\u0159\u00edpad\u011b pot\u0159eby kontaktujte\u00a0Franti\u0161ka na\u00a0<strong><span style=\"color: #800000;\">605 838 404.<\/span><\/strong><\/p>\n<h5><span style=\"color: #800000;\">St\u0159eda 15.8. 2018<\/span><\/h5>\n<p style=\"text-align: justify;\">MTB tr\u00e9nink rajdr\u016f MORAVEC Teamu pod veden\u00edm\u00a0\u00a0<strong><span style=\"color: #800000;\">Milana Tlamky (776 108 046)<\/span>,<\/strong>\u00a0tentokr\u00e1t v Boskovic\u00edch. Sraz bude op\u011bt\u00a0\u00a0v\u00a017.00 hodin\u00a0ve Sportparku Doubravy.<\/p>\n<p style=\"text-align: justify;\"><span style=\"color: #800000;\"><strong>Sobota 18.8. 2018<\/strong><\/span><\/p>\n<p style=\"text-align: justify;\">MTB z\u00e1vody Ostarvsk\u00fd Chachar v Ostrav\u011b &#8211; Landeku. V sobotu je na programu d\u011btsk\u00e1 liga &#8211; z\u00e1vod d\u011bt\u00ed do 10-ti let. Mrkn\u011bte na <strong><a href=\"https:\/\/www.ostravskychachar.com\/moje-prace\/\">propozice<\/a><\/strong>,<strong> <\/strong>\u00fa\u010dast a dopravu si ka\u017ed\u00fd zji\u0161\u0165uje s\u00e1m.<\/p>\n<h5><span style=\"color: #800000;\"><strong>Ned\u011ble 19.8. 2018<\/strong><\/span><\/h5>\n<p style=\"text-align: justify;\">MTB z\u00e1vody Ostarvsk\u00fd Chachar v Ostrav\u011b &#8211; Landeku. V\u00a0ned\u011bli jsou na programu z\u00e1vody od kategori\u00ed mlad\u0161\u00edch \u017e\u00e1k\u016f a\u017e po kategorie veter\u00e1n\u016f. Mrkn\u011bte na <strong><a href=\"https:\/\/www.ostravskychachar.com\/moje-prace\/\">propozice<\/a>, <\/strong>\u00fa\u010dast a dopravu si ka\u017ed\u00fd zji\u0161\u0165uje s\u00e1m.<\/p>\n<h5><span style=\"color: #800000;\"><strong>AKCE T\u011aSN\u011a ZA HORIZONTEM<\/strong><\/span><\/h5>\n<p style=\"text-align: justify;\">31.8. &#8211; 2.9. 2018 &#8211; soust\u0159ed\u011bn\u00ed\u00a0 na dolad\u011bn\u00ed formy p\u0159ed z\u00e1v\u011bre\u010dn\u00fdmi z\u00e1vody\u00a0MTB &#8222;Vrchoviny&#8220; ve Vyso\u010dina ar\u00e9n\u011b v Nov\u00e9m M\u011bst\u011b na Morav\u011b.\u00a0Fin\u00e1ln\u00ed p\u0159ehlednou a srozumitelnou informaci jste ji\u017e obdr\u017eeli\u00a0e-mailem od tren\u00e9ra <strong><span style=\"color: #800000;\">Milana Tlamky<\/span><\/strong>, platby p\u0159evodem prove\u010fte pros\u00edm do p\u00e1tku, 17.8.2018.\u00a0Odborn\u00fdm bikov\u00fdm lektorem na soust\u0159ed\u011bn\u00ed bude &#8211; jak u\u017e jist\u011b v\u00edte, borec-biker &#8211; tren\u00e9r\u00a0&#8211;<strong><span style=\"color: #800000;\"> Milan Sp\u011b\u0161n\u00fd.<\/span><\/strong><\/p>\n<h5><span style=\"color: #800000;\"><strong>AKCE T\u011aSN\u011a ZA DV\u011aMA HORIZONTY<\/strong><\/span><\/h5>\n<p>10.2. \u2013 16.2. 2019\u00a0&#8211; zimn\u00ed soust\u0159ed\u011bn\u00ed MORAVEC Teamu, kdy se po roce vr\u00e1t\u00edme do Jesen\u00edk\u016f, na<a href=\"http:\/\/www.navrsi.eu\/\">\u00a0<strong>chatu N\u00e1vr\u0161\u00ed<\/strong><\/a>.<\/p>\n","protected":false},"excerpt":{"rendered":"<p>\u00dater\u00fd 14.8. 2018 Tr\u00e9nink na silni\u010dn\u00edch kolech s Frantou Pad\u011brou a Jirkou \u0160t\u011bpan\u00edkem st.\u00a0\u00a0Sraz bude\u00a0op\u011bt\u00a0\u00a0v 17.00 hodin\u00a0u budovy Z\u00e1kladn\u00ed \u0161koly v Bene\u0161ov\u011b. V p\u0159\u00edpad\u011b pot\u0159eby kontaktujte\u00a0Franti\u0161ka na\u00a0605 838 404. St\u0159eda 15.8. 2018 MTB tr\u00e9nink rajdr\u016f MORAVEC Teamu pod veden\u00edm\u00a0\u00a0Milana Tlamky (776 108 046),\u00a0tentokr\u00e1t v Boskovic\u00edch. Sraz bude op\u011bt\u00a0\u00a0v\u00a017.00 hodin\u00a0ve Sportparku Doubravy. Sobota 18.8. 2018 MTB &hellip; <a href=\"https:\/\/www.moravecteam.cz\/?p=12258\" class=\"more-link\">Pokra\u010dov\u00e1n\u00ed textu <span class=\"screen-reader-text\">Co se bude d\u00edt? (ST33)<\/span> <span class=\"meta-nav\">&rarr;<\/span><\/a><\/p>\n","protected":false},"author":3,"featured_media":12263,"comment_status":"open","ping_status":"closed","sticky":false,"template":"","format":"standard","meta":[],"categories":[11],"tags":[],"_links":{"self":[{"href":"https:\/\/www.moravecteam.cz\/index.php?rest_route=\/wp\/v2\/posts\/12258"}],"collection":[{"href":"https:\/\/www.moravecteam.cz\/index.php?rest_route=\/wp\/v2\/posts"}],"about":[{"href":"https:\/\/www.moravecteam.cz\/index.php?rest_route=\/wp\/v2\/types\/post"}],"author":[{"embeddable":true,"href":"https:\/\/www.moravecteam.cz\/index.php?rest_route=\/wp\/v2\/users\/3"}],"replies":[{"embeddable":true,"href":"https:\/\/www.moravecteam.cz\/index.php?rest_route=%2Fwp%2Fv2%2Fcomments&post=12258"}],"version-history":[{"count":5,"href":"https:\/\/www.moravecteam.cz\/index.php?rest_route=\/wp\/v2\/posts\/12258\/revisions"}],"predecessor-version":[{"id":12264,"href":"https:\/\/www.moravecteam.cz\/index.php?rest_route=\/wp\/v2\/posts\/12258\/revisions\/12264"}],"wp:featuredmedia":[{"embeddable":true,"href":"https:\/\/www.moravecteam.cz\/index.php?rest_route=\/wp\/v2\/media\/12263"}],"wp:attachment":[{"href":"https:\/\/www.moravecteam.cz\/index.php?rest_route=%2Fwp%2Fv2%2Fmedia&parent=12258"}],"wp:term":[{"taxonomy":"category","embeddable":true,"href":"https:\/\/www.moravecteam.cz\/index.php?rest_route=%2Fwp%2Fv2%2Fcategories&post=12258"},{"taxonomy":"post_tag","embeddable":true,"href":"https:\/\/www.moravecteam.cz\/index.php?rest_route=%2Fwp%2Fv2%2Ftags&post=12258"}],"curies":[{"name":"wp","href":"https:\/\/api.w.org\/{rel}","templated":true}]}}