{"id":12265,"date":"2018-08-15T23:28:20","date_gmt":"2018-08-15T21:28:20","guid":{"rendered":"http:\/\/www.moravecteam.cz\/?p=12265"},"modified":"2018-08-15T23:28:20","modified_gmt":"2018-08-15T21:28:20","slug":"opet-ostre-v-akci","status":"publish","type":"post","link":"https:\/\/www.moravecteam.cz\/?p=12265","title":{"rendered":"Op\u011bt ost\u0159e v akci!"},"content":{"rendered":"<p style=\"text-align: justify;\"><strong><span style=\"color: #800000;\">\u0160estou MTB &#8222;Vrchovinou&#8220;, kterou pohostila minulou sobotu bezvadn\u011b obec Bukov\u00e1, &#8222;nakrojil&#8220; MORAVEC Team druhou polovinu sez\u00f3nn\u00edho &#8222;kraj\u00edce&#8220;, jej\u00edm\u017e vrcholem bude pr\u00e1v\u011b fin\u00e1lov\u00fd z\u00e1vod t\u00e9to presti\u017en\u00ed s\u00e9rie, kter\u00fd se uskute\u010dn\u00ed na z\u00e1\u0159iov\u00fd sv\u00e1tek\u00a0Sv. V\u00e1clava ve Vyso\u010dina ar\u00e9n\u011b v Nov\u00e9m M\u011bst\u011b na Morav\u011b. V Bukov\u00e9 byli na\u0161i rajd\u0159i tedy ost\u0159e v akci po t\u0159\u00edt\u00fddenn\u00edm tr\u00e9ninkov\u00e9m &#8222;leh\u00e1ru&#8220;, tato skute\u010dnost se ale p\u0159\u00edli\u0161 neprojevila, \u010deho\u017e je d\u016fkazem 15 vybojovan\u00fdch medail\u00ed v OPEN po\u0159ad\u00ed!<\/span><\/strong><\/p>\n<figure id=\"attachment_12274\" aria-describedby=\"caption-attachment-12274\" style=\"width: 2634px\" class=\"wp-caption alignnone\"><a href=\"http:\/\/www.moravecteam.cz\/?attachment_id=12274\" rel=\"attachment wp-att-12274\"><img decoding=\"async\" loading=\"lazy\" class=\" wp-image-12274\" alt=\"DSCN0524\" src=\"http:\/\/www.moravecteam.cz\/wp-content\/uploads\/2018\/08\/DSCN0524.jpg\" width=\"2634\" height=\"2967\" srcset=\"https:\/\/www.moravecteam.cz\/wp-content\/uploads\/2018\/08\/DSCN0524.jpg 2634w, https:\/\/www.moravecteam.cz\/wp-content\/uploads\/2018\/08\/DSCN0524-266x300.jpg 266w, https:\/\/www.moravecteam.cz\/wp-content\/uploads\/2018\/08\/DSCN0524-909x1024.jpg 909w\" sizes=\"(max-width: 2634px) 100vw, 2634px\" \/><\/a><figcaption id=\"caption-attachment-12274\" class=\"wp-caption-text\">Vyda\u0159enou z\u00e1vodn\u00ed premi\u00e9ru za\u017eil v Bukov\u00e9 na odr\u00e1\u017eedle Erik \u017dern\u00ed\u010dek!<\/figcaption><\/figure>\n<p style=\"text-align: justify;\">A to je\u0161t\u011b mnoz\u00ed na\u0161i tradi\u010dn\u00ed &#8222;repro\u0161i&#8220;, jako nap\u0159\u00edklad: Maty\u00e1\u0161 Koudelka, Luk\u00e1\u0161 Sedl\u00e1k, Roman \u0160indel\u00e1\u0159, Tom\u00e1\u0161 Dou\u0161ek \u010di Petr \u0160ich, na startech sv\u00fdch kategori\u00ed chyb\u011bli. Jak u\u017e jsme si zvyknuli, hned prvn\u00ed dopoledn\u00ed starty kategori\u00ed odr\u00e1\u017eedel n\u00e1m p\u0159inesly medailovou radost, a i kdy\u017e ta tentokr\u00e1t nebyla &#8222;zlat\u00e1&#8220;, p\u0159esto n\u00e1s <strong><span style=\"color: #800000;\">Leonka Eclerov\u00e1<\/span><\/strong> s <strong><span style=\"color: #800000;\">Ton\u00edkem Han\u00e1kem<\/span><\/strong> \u00fasp\u011b\u0161n\u011b naladili do medailov\u00e9ho t\u00f3nu. Zlato n\u00e1m cinklo hned v\u00a0n\u00e1sledn\u00e9m startu d\u00edvek do 6-ti let d\u00edky rtu\u0165ovit\u00e9 Leonce Eclerov\u00e9 a medailov\u00fd t\u00f3n\u00a0 n\u00e1m zn\u011bl i po startech d\u011bt\u00ed 7-8 let, kdy nejd\u0159\u00edve vybojoval ve sv\u00e9m\u00a0z\u00e1vod\u011b st\u0159\u00edbro <span style=\"color: #800000;\"><strong>Filip Ecler<\/strong> <\/span>a kr\u00e1tce po n\u011bm &#8222;brala&#8220; bronz i <strong><span style=\"color: #800000;\">Lucie Gottwaldov\u00e1<\/span><\/strong> (a kdo v\u00ed, jak by to dopadlo, kdyby Lucku kr\u00e1tce po startu nepostihnul ne\u0161\u0165astn\u00fd p\u00e1d)&#8230;<\/p>\n<figure id=\"attachment_12275\" aria-describedby=\"caption-attachment-12275\" style=\"width: 1407px\" class=\"wp-caption alignnone\"><a href=\"http:\/\/www.moravecteam.cz\/?attachment_id=12275\" rel=\"attachment wp-att-12275\"><img decoding=\"async\" loading=\"lazy\" class=\" wp-image-12275\" alt=\"DSCN0565\" src=\"http:\/\/www.moravecteam.cz\/wp-content\/uploads\/2018\/08\/DSCN0565.jpg\" width=\"1407\" height=\"1249\" srcset=\"https:\/\/www.moravecteam.cz\/wp-content\/uploads\/2018\/08\/DSCN0565.jpg 1407w, https:\/\/www.moravecteam.cz\/wp-content\/uploads\/2018\/08\/DSCN0565-300x266.jpg 300w, https:\/\/www.moravecteam.cz\/wp-content\/uploads\/2018\/08\/DSCN0565-1024x909.jpg 1024w\" sizes=\"(max-width: 1407px) 100vw, 1407px\" \/><\/a><figcaption id=\"caption-attachment-12275\" class=\"wp-caption-text\">Leonka Eclerov\u00e1 vybojovala pro MORAVEC Team v Bukov\u00e9, jako jedna z m\u00e1la, hned dv\u011b medaile!<\/figcaption><\/figure>\n<p style=\"text-align: justify;\">Po prvn\u00edm slavnostn\u00edm ceremoni\u00e1lu, kter\u00fdm bylo vyhl\u00e1\u0161en\u00ed v\u00edt\u011bz\u016f prvn\u00edch \u0161esti dopoledn\u00edch start\u016f, pokra\u010dovala k na\u0161\u00ed velk\u00e9 radosti ve &#8222;zlat\u00e9 j\u00edzd\u011b&#8220; po leto\u0161n\u00ed &#8222;Vrchovin\u011b&#8220;\u00a0 desetilet\u00e1 <strong><span style=\"color: #800000;\">Lucie Koudelkov\u00e1<\/span><\/strong>. Pravda, s Ag\u00e1tkou Sl\u00e1mkovou z Krom\u011b\u0159\u00ed\u017ee se nad\u0159ela, ale v\u00edt\u011bzstv\u00ed nakonec brala zcela po z\u00e1sluze! Na\u0161e radost z tohoto startu byla t\u00edm v\u011bt\u0161\u00ed, kdy\u017e bronz vybojovala s minim\u00e1ln\u00edm odstupem <strong><span style=\"color: #800000;\">Just\u00fdnka Novotn\u00e1<\/span><\/strong>! Bravo MORAVEC! Pak p\u0159i\u0161lo dal\u0161\u00ed na\u0161e par\u00e1dn\u00ed, d\u00edv\u010d\u00ed p\u0159edstaven\u00ed. T\u0159i mlad\u0161\u00ed \u017e\u00e1kyn\u011b v dresech MORAVEC Teamu vybojovaly velmi cenn\u00fd hattrick, kdy\u017e se na &#8222;bedn\u011b&#8220; pozd\u011bji &#8222;poskl\u00e1dali&#8220; v po\u0159ad\u00ed: 1. <span style=\"color: #800000;\"><strong>Am\u00e1lka Gottwaldov\u00e1,<\/strong><\/span> 2. <strong><span style=\"color: #800000;\">Ani\u010dka Han\u00e1kov\u00e1<\/span><\/strong> a 3. <span style=\"color: #800000;\"><strong>Bar\u010da Tlamkov\u00e1!<\/strong><\/span> Bravo MORAVEC podruh\u00e9! A to je\u0161t\u011b se pom\u011brn\u011b dlouho pohybovala na medailov\u00fdch pozic\u00edch \u010dtvrt\u00e1 na\u0161e z\u00e1vodnice v tomto startu &#8211; Ad\u00e9lka Zav\u0159elov\u00e1! Zkr\u00e1tka: na na\u0161e mlad\u0161\u00ed holky (\u017e\u00e1kyn\u011b) \u00a0je letos spoleh..!<\/p>\n<figure id=\"attachment_12278\" aria-describedby=\"caption-attachment-12278\" style=\"width: 2001px\" class=\"wp-caption alignnone\"><a href=\"http:\/\/www.moravecteam.cz\/?attachment_id=12278\" rel=\"attachment wp-att-12278\"><img decoding=\"async\" loading=\"lazy\" class=\" wp-image-12278\" alt=\"DSCN0642\" src=\"http:\/\/www.moravecteam.cz\/wp-content\/uploads\/2018\/08\/DSCN0642.jpg\" width=\"2001\" height=\"1898\" srcset=\"https:\/\/www.moravecteam.cz\/wp-content\/uploads\/2018\/08\/DSCN0642.jpg 2001w, https:\/\/www.moravecteam.cz\/wp-content\/uploads\/2018\/08\/DSCN0642-25x25.jpg 25w, https:\/\/www.moravecteam.cz\/wp-content\/uploads\/2018\/08\/DSCN0642-300x284.jpg 300w, https:\/\/www.moravecteam.cz\/wp-content\/uploads\/2018\/08\/DSCN0642-1024x971.jpg 1024w\" sizes=\"(max-width: 2001px) 100vw, 2001px\" \/><\/a><figcaption id=\"caption-attachment-12278\" class=\"wp-caption-text\">Kdo letos na &#8222;Vrchovin\u011b&#8220; poraz\u00ed Lucii Koudelkovu? Zat\u00edm se takov\u00e1 z\u00e1vodnice v kategorii d\u00edvek 9-10 let nena\u0161la&#8230; Ani v Bukov\u00e9&#8230;<\/figcaption><\/figure>\n<p style=\"text-align: justify;\">Stejn\u011b, jako je spoleh na &#8222;star\u0161\u00ed holku&#8220; &#8211; \u017e\u00e1kyni, <strong><span style=\"color: #800000;\">Eli\u0161ku Han\u00e1kovou<\/span><\/strong>, kter\u00e1 s jistotou ovl\u00e1dla svoji kategorii a p\u0159idala je\u0161t\u011b &#8222;p\u0159ed ob\u011bdem&#8220; do odd\u00edlov\u00e9 kasi\u010dky dal\u0161\u00ed zlato! Nen\u00ed letos p\u0159\u00edli\u0161 zvykem, abychom se radovali se medailov\u00e9ho zisku po z\u00e1vod\u011b star\u0161\u00edch \u017e\u00e1k\u016f. Po Romanu \u0160indel\u00e1\u0159ovi, kter\u00fd vybojoval bronz ve Valchov\u011b se kov stejn\u00e9 barvy poda\u0159ilo z\u00edskat i <span style=\"color: #800000;\"><strong>V\u00ed\u0165ovi Lipensk\u00e9mu<\/strong><\/span>, kter\u00fd dok\u00e1zal k zisku t\u0159et\u00edho m\u00edsta vyu\u017e\u00edt technick\u00fdch pot\u00ed\u017e\u00ed Tom\u00e1\u0161e Kom\u00e1rka (ACT Lerak). To ale nikterak nesni\u017euje V\u00ed\u0165\u016fv poctiv\u00fd v\u00fdkon v Bukov\u00e9. Chyb\u00ed-li V\u00e1m v dosavadn\u00edm v\u00fd\u010dtu na\u0161ich medailov\u00fdch zisk\u016f t\u0159i z\u00e1znamy, tak po\u010d\u00edt\u00e1te spr\u00e1vn\u011b. O zbyl\u00e9 zlato a dva bronzy se postaraly na\u0161e &#8222;older pu\u0161ky&#8220; v posledn\u00edm bloku popoledn\u00edch start\u016f.<\/p>\n<figure id=\"attachment_12280\" aria-describedby=\"caption-attachment-12280\" style=\"width: 1964px\" class=\"wp-caption alignnone\"><a href=\"http:\/\/www.moravecteam.cz\/?attachment_id=12280\" rel=\"attachment wp-att-12280\"><img decoding=\"async\" loading=\"lazy\" class=\" wp-image-12280\" alt=\"DSCN0664\" src=\"http:\/\/www.moravecteam.cz\/wp-content\/uploads\/2018\/08\/DSCN0664.jpg\" width=\"1964\" height=\"1817\" srcset=\"https:\/\/www.moravecteam.cz\/wp-content\/uploads\/2018\/08\/DSCN0664.jpg 1964w, https:\/\/www.moravecteam.cz\/wp-content\/uploads\/2018\/08\/DSCN0664-300x277.jpg 300w, https:\/\/www.moravecteam.cz\/wp-content\/uploads\/2018\/08\/DSCN0664-1024x947.jpg 1024w\" sizes=\"(max-width: 1964px) 100vw, 1964px\" \/><\/a><figcaption id=\"caption-attachment-12280\" class=\"wp-caption-text\">Am\u00e1lka Gottwaldov\u00e1, \u00fa\u0159aduj\u00edc\u00ed vicemistryn\u011b \u010cR v kategorii mlad\u0161\u00edch \u017e\u00e1ky\u0148, nena\u0161la v Bukov\u00e9 p\u0159emo\u017eitelku&#8230;<\/figcaption><\/figure>\n<p style=\"text-align: justify;\">Ale nep\u0159edb\u00edhejme a zmi\u0148me se je\u0161t\u011b o nap\u00ednav\u00e9m z\u00e1vod\u011b des\u00edti t\u0159\u00ed\u010dlenn\u00fdch \u0161tafet, kter\u00fd byl zcela v re\u017eii tria <strong><span style=\"color: #800000;\">Am\u00e1lka Gottwaldov\u00e1<\/span><\/strong>, <span style=\"color: #800000;\"><strong>Eli\u0161ka Han\u00e1kov\u00e1<\/strong><\/span> a <span style=\"color: #800000;\"><strong>Martin Gottwalda<\/strong><\/span>. P\u0159edev\u0161\u00edm fini\u0161man Martin Gottwald potvrdil formu a i kdy\u017e p\u0159eb\u00edral \u0161tafetu zcela mimo medailov\u00e9 pozice, tu\u0161ili jsme, \u017ee na n\u011b ur\u010dit\u011b za\u00fato\u010d\u00ed! Co\u017e se taky stalo a naplnilo. Tak\u017ee dovolujeme si parafr\u00e1zovat n\u00e1zev liter\u00e1rn\u00ed klasiky Oskara Wilda: z &#8222;Jak je d\u016fle\u017eit\u00e9 m\u00edti Filipa&#8220; na &#8222;Jak je d\u016fle\u017eit\u00e9 m\u00edti Martina&#8220;..! Ze \u0161tafety dob\u0159e rozcvi\u010den\u00fd &#8222;Mar\u0165as&#8220; pak suver\u00e9nn\u011b obh\u00e1jil svoje lo\u0148sk\u00e9 prvenstv\u00ed v z\u00e1vod\u011b kategorie Masters II! Bravo MORAVEC do t\u0159etice..! V tomto startu ho na bednu doprovodil i <strong><span style=\"color: #800000;\">Honza &#8222;D\u017eony&#8220; \u0160indel\u00e1\u0159<\/span><\/strong> star\u0161\u00ed a na\u0161e &#8222;plackov\u00e9&#8220; profity uzav\u0159el bronzem v kategorii Masters III po zra\u0144\u011bn\u00ed se na &#8222;Vrchovinov\u00e9&#8220; trat\u011b navr\u00e1tiv\u0161\u00ed &#8211; <span style=\"color: #800000;\"><strong>Vlast\u00edk Odehnal<\/strong><\/span>! D\u00edky v\u0161em na\u0161im reprezentant\u016fm za vzorn\u00e9 repre MORAVCE v Bukov\u00e9, samoz\u0159ejm\u011b \u017ee i t\u011bm, pro kter\u00e9 &#8222;visely placky&#8220; p\u0159\u00edli\u0161 vysoko&#8230; P\u0159\u00ed\u0161t\u011b to ur\u010do vyjde! D\u00edky i sv\u011bdomit\u00fdm rodinn\u00fdm podp\u016frn\u00fdm t\u00fdm\u016fm! Zde mrkn\u011bte na<strong> <a href=\"http:\/\/www.pohardrahanskevrchoviny.cz\/hvezdna-bukova\/\">komplet v\u00fdsledkov\u00fd servis<\/a><\/strong>&#8230;.<\/p>\n<figure id=\"attachment_12281\" aria-describedby=\"caption-attachment-12281\" style=\"width: 3007px\" class=\"wp-caption alignnone\"><a href=\"http:\/\/www.moravecteam.cz\/?attachment_id=12281\" rel=\"attachment wp-att-12281\"><img decoding=\"async\" loading=\"lazy\" class=\" wp-image-12281\" alt=\"DSCN0676\" src=\"http:\/\/www.moravecteam.cz\/wp-content\/uploads\/2018\/08\/DSCN0676.jpg\" width=\"3007\" height=\"1858\" srcset=\"https:\/\/www.moravecteam.cz\/wp-content\/uploads\/2018\/08\/DSCN0676.jpg 3007w, https:\/\/www.moravecteam.cz\/wp-content\/uploads\/2018\/08\/DSCN0676-300x185.jpg 300w, https:\/\/www.moravecteam.cz\/wp-content\/uploads\/2018\/08\/DSCN0676-1024x632.jpg 1024w\" sizes=\"(max-width: 3007px) 100vw, 3007px\" \/><\/a><figcaption id=\"caption-attachment-12281\" class=\"wp-caption-text\">Star\u0161\u00ed \u017e\u00e1k V\u00edtek Lipensk\u00fd vyr\u00e1\u017e\u00ed vst\u0159\u00edc zaslou\u017een\u00e9mu bronzu!<\/figcaption><\/figure>\n<p><strong><span style=\"color: #800000;\">Rekapitulace na\u0161ich medailist\u016f z Bukov\u00e9 v po\u0159ad\u00ed OPEN je zde:<\/span><\/strong><\/p>\n<ul>\n<li style=\"text-align: justify;\">Zlata vybojovali:\u00a0<strong><span style=\"color: #ff0000;\">Leona Eclerov\u00e1<\/span><\/strong>\u00a0(do 6 let) ,\u00a0<strong><span style=\"color: #ff0000;\">Lucie Koudelkov\u00e1<\/span><\/strong>\u00a0(9-10 let),\u00a0<strong><span style=\"color: #ff0000;\">Am\u00e1lie Gottwaldov\u00e1<\/span><\/strong>\u00a0(11-12 let), <strong><span style=\"color: #ff0000;\">Eli\u0161ka Han\u00e1kov\u00e1<\/span><\/strong>\u00a0(13-14 let),\u00a0<strong><span style=\"color: #ff0000;\">Martin Gottwald<\/span><\/strong> (Masters II) a \u0161tafeta &#8222;Mist\u0159i&#8220; v sestav\u011b: <strong><span style=\"color: #ff0000;\">Am\u00e1lie Gottwaldov\u00e1<\/span><\/strong>, <span style=\"color: #ff0000;\"><strong>Eli\u0161ka Han\u00e1kov\u00e1<\/strong> <\/span>a <span style=\"color: #ff0000;\"><strong>Martin Gottwald<\/strong><\/span>.<\/li>\n<li style=\"text-align: justify;\">St\u0159\u00edbra vybojovali:\u00a0<strong><span style=\"color: #808080;\">Leona Eclerov\u00e1<\/span><\/strong>\u00a0(dr\u00e1\u017eedla), <strong><span style=\"color: #808080;\">Anton\u00edn Han\u00e1k<\/span><\/strong> (odr\u00e1\u017eedla), <strong><span style=\"color: #808080;\">Filip Ecler<\/span><\/strong> (7-8 let), a\u00a0<span style=\"color: #808080;\"><strong>Anna Han\u00e1kov\u00e1<\/strong><\/span>\u00a0 (11-12 let)<\/li>\n<li style=\"text-align: justify;\">Bronzy vybojovali:\u00a0<strong><span style=\"color: #993300;\">Lucie Gottwaldov\u00e1<\/span><\/strong> (7-8 let), J<strong><span style=\"color: #993300;\">ust\u00fdna Novotn\u00e1<\/span><\/strong> (9-10 let),\u00a0 <strong><span style=\"color: #993300;\">Barbora Tlamkov\u00e1<\/span><\/strong>\u00a0(11-12 let), <strong><span style=\"color: #993300;\">V\u00edt Lipensk\u00fd<\/span><\/strong> (13-14 let), <strong><span style=\"color: #993300;\">Honza \u0160indel\u00e1\u0159<\/span><\/strong> (Masters II) a\u00a0<span style=\"color: #993300;\"><strong>Vlastimil Odehnal<\/strong> <\/span>(Masters III)<\/li>\n<\/ul>\n<figure id=\"attachment_12282\" aria-describedby=\"caption-attachment-12282\" style=\"width: 1864px\" class=\"wp-caption alignnone\"><a href=\"http:\/\/www.moravecteam.cz\/?attachment_id=12282\" rel=\"attachment wp-att-12282\"><img decoding=\"async\" loading=\"lazy\" class=\" wp-image-12282\" alt=\"DSCN0678\" src=\"http:\/\/www.moravecteam.cz\/wp-content\/uploads\/2018\/08\/DSCN0678.jpg\" width=\"1864\" height=\"1729\" srcset=\"https:\/\/www.moravecteam.cz\/wp-content\/uploads\/2018\/08\/DSCN0678.jpg 1864w, https:\/\/www.moravecteam.cz\/wp-content\/uploads\/2018\/08\/DSCN0678-300x278.jpg 300w, https:\/\/www.moravecteam.cz\/wp-content\/uploads\/2018\/08\/DSCN0678-1024x949.jpg 1024w\" sizes=\"(max-width: 1864px) 100vw, 1864px\" \/><\/a><figcaption id=\"caption-attachment-12282\" class=\"wp-caption-text\">Mezi star\u0161\u00edmi \u017e\u00e1kyn\u011bmi byla jasn\u011b nejlep\u0161\u00ed Eli\u0161ka Han\u00e1kov\u00e1!<\/figcaption><\/figure>\n<div>\n<dl id=\"attachment_12116\">\n<dt><\/dt>\n<dd><strong><span style=\"color: #800000;\">Rekapitulace medailist\u016f MORAVEC Teamu &#8211;\u00a0OBCE<\/span><\/strong><\/dd>\n<\/dl>\n<\/div>\n<ul>\n<li>\n<div style=\"text-align: justify;\">Prvn\u00ed m\u00edsta:\u00a0 <strong><span style=\"color: #ff0000;\">Dominik Pt\u00e1\u010dn\u00edk<\/span><\/strong> (9-10 let), <span style=\"color: #ff0000;\"><strong>Lucie Koudelkov\u00e1<\/strong><\/span>\u00a0(9-10 let),\u00a0<strong><span style=\"color: #ff0000;\">Anna Han\u00e1kov\u00e1<\/span><\/strong>\u00a0(11-12 let) a\u00a0<span style=\"color: #ff0000;\"><strong>Eli\u0161ka\u00a0Han\u00e1kov\u00e1<\/strong><\/span>\u00a0(13-14 let).<\/div>\n<\/li>\n<li style=\"text-align: justify;\">Druh\u00e1 m\u00edsta:\u00a0 <strong><span style=\"color: #808080;\">Anton\u00edn Han\u00e1k<\/span><\/strong>\u00a0(odr\u00e1\u017eedla),\u00a0\u00a0<strong><span style=\"color: #808080;\">Zita \u017dern\u00ed\u010dkov\u00e1<\/span><\/strong>\u00a0(7-8 let),\u00a0<span style=\"color: #808080;\"><strong>Just\u00fdna Novotn\u00e1<\/strong><\/span>\u00a0(9-10 let),\u00a0<strong><span style=\"color: #808080;\">\u00a0Barbora Tlamkov\u00e1<\/span><\/strong>\u00a0(11-12 let),\u00a0 a<span style=\"color: #808080;\"><strong> Veronika Pt\u00e1\u010dn\u00edkov\u00e1<\/strong><\/span> (13-14 let).<\/li>\n<li style=\"text-align: justify;\">T\u0159et\u00ed pozice:\u00a0<strong><span style=\"color: #993300;\">Barbora Janovsk\u00e1<\/span><\/strong>\u00a0(9-10 let)<\/li>\n<\/ul>\n<div>\n<dl id=\"attachment_12126\">\n<dt><\/dt>\n<dd>Tu\u0165 u\u017e mrkn\u011bte na\u00a0 kvalitn\u00ed fotogalerie:<\/dd>\n<\/dl>\n<\/div>\n<ul>\n<li><strong><a href=\"https:\/\/moravecteam.rajce.idnes.cz\/2018.08.11._MTB_PDV_Bukova\/\">Fotogalerie \u010d.1<\/a><\/strong><\/li>\n<li><strong><a href=\"https:\/\/moravecteam.rajce.idnes.cz\/2018.08.11_MTB_PDV_Bukova_-_2\/\">Fotogalerie \u010d.2<\/a><\/strong><\/li>\n<li><strong><a href=\"https:\/\/moravecteam.rajce.idnes.cz\/2018.08.11_MTB_PDV_Bukkova_-3\/\">Fotogalerie \u010d.3<\/a><\/strong><\/li>\n<li><strong><a href=\"https:\/\/moravecteam.rajce.idnes.cz\/2018.08.11_MTB_PDV_Bukova_-_4\/\">Fotogalerie \u010d.4<\/a><\/strong><\/li>\n<li><strong><a href=\"https:\/\/jones1.rajce.idnes.cz\/PDV_Bukova_11.8.2018\/\">Fotogalerie \u010d.5<\/a><\/strong><\/li>\n<\/ul>\n<figure id=\"attachment_12276\" aria-describedby=\"caption-attachment-12276\" style=\"width: 2529px\" class=\"wp-caption alignnone\"><a href=\"http:\/\/www.moravecteam.cz\/?attachment_id=12276\" rel=\"attachment wp-att-12276\"><img decoding=\"async\" loading=\"lazy\" class=\" wp-image-12276\" alt=\"DSCN0618\" src=\"http:\/\/www.moravecteam.cz\/wp-content\/uploads\/2018\/08\/DSCN0618.jpg\" width=\"2529\" height=\"3012\" srcset=\"https:\/\/www.moravecteam.cz\/wp-content\/uploads\/2018\/08\/DSCN0618.jpg 2529w, https:\/\/www.moravecteam.cz\/wp-content\/uploads\/2018\/08\/DSCN0618-251x300.jpg 251w, https:\/\/www.moravecteam.cz\/wp-content\/uploads\/2018\/08\/DSCN0618-859x1024.jpg 859w\" sizes=\"(max-width: 2529px) 100vw, 2529px\" \/><\/a><figcaption id=\"caption-attachment-12276\" class=\"wp-caption-text\">Filip Ecler po v\u00fdborn\u00e9m startu myslel na zlato, nakonec ale v c\u00edli fini\u0161oval pro cenn\u00e9 st\u0159\u00edbro!<\/figcaption><\/figure>\n","protected":false},"excerpt":{"rendered":"<p>\u0160estou MTB &#8222;Vrchovinou&#8220;, kterou pohostila minulou sobotu bezvadn\u011b obec Bukov\u00e1, &#8222;nakrojil&#8220; MORAVEC Team druhou polovinu sez\u00f3nn\u00edho &#8222;kraj\u00edce&#8220;, jej\u00edm\u017e vrcholem bude pr\u00e1v\u011b fin\u00e1lov\u00fd z\u00e1vod t\u00e9to presti\u017en\u00ed s\u00e9rie, kter\u00fd se uskute\u010dn\u00ed na z\u00e1\u0159iov\u00fd sv\u00e1tek\u00a0Sv. V\u00e1clava ve Vyso\u010dina ar\u00e9n\u011b v Nov\u00e9m M\u011bst\u011b na Morav\u011b. V Bukov\u00e9 byli na\u0161i rajd\u0159i tedy ost\u0159e v akci po t\u0159\u00edt\u00fddenn\u00edm tr\u00e9ninkov\u00e9m &#8222;leh\u00e1ru&#8220;, tato &hellip; <a href=\"https:\/\/www.moravecteam.cz\/?p=12265\" class=\"more-link\">Pokra\u010dov\u00e1n\u00ed textu <span class=\"screen-reader-text\">Op\u011bt ost\u0159e v akci!<\/span> <span class=\"meta-nav\">&rarr;<\/span><\/a><\/p>\n","protected":false},"author":3,"featured_media":12277,"comment_status":"open","ping_status":"closed","sticky":false,"template":"","format":"standard","meta":[],"categories":[1],"tags":[],"_links":{"self":[{"href":"https:\/\/www.moravecteam.cz\/index.php?rest_route=\/wp\/v2\/posts\/12265"}],"collection":[{"href":"https:\/\/www.moravecteam.cz\/index.php?rest_route=\/wp\/v2\/posts"}],"about":[{"href":"https:\/\/www.moravecteam.cz\/index.php?rest_route=\/wp\/v2\/types\/post"}],"author":[{"embeddable":true,"href":"https:\/\/www.moravecteam.cz\/index.php?rest_route=\/wp\/v2\/users\/3"}],"replies":[{"embeddable":true,"href":"https:\/\/www.moravecteam.cz\/index.php?rest_route=%2Fwp%2Fv2%2Fcomments&post=12265"}],"version-history":[{"count":7,"href":"https:\/\/www.moravecteam.cz\/index.php?rest_route=\/wp\/v2\/posts\/12265\/revisions"}],"predecessor-version":[{"id":12283,"href":"https:\/\/www.moravecteam.cz\/index.php?rest_route=\/wp\/v2\/posts\/12265\/revisions\/12283"}],"wp:featuredmedia":[{"embeddable":true,"href":"https:\/\/www.moravecteam.cz\/index.php?rest_route=\/wp\/v2\/media\/12277"}],"wp:attachment":[{"href":"https:\/\/www.moravecteam.cz\/index.php?rest_route=%2Fwp%2Fv2%2Fmedia&parent=12265"}],"wp:term":[{"taxonomy":"category","embeddable":true,"href":"https:\/\/www.moravecteam.cz\/index.php?rest_route=%2Fwp%2Fv2%2Fcategories&post=12265"},{"taxonomy":"post_tag","embeddable":true,"href":"https:\/\/www.moravecteam.cz\/index.php?rest_route=%2Fwp%2Fv2%2Ftags&post=12265"}],"curies":[{"name":"wp","href":"https:\/\/api.w.org\/{rel}","templated":true}]}}