{"id":12284,"date":"2018-08-20T22:42:45","date_gmt":"2018-08-20T20:42:45","guid":{"rendered":"http:\/\/www.moravecteam.cz\/?p=12284"},"modified":"2018-08-23T07:45:10","modified_gmt":"2018-08-23T05:45:10","slug":"co-se-bud-dit-st34","status":"publish","type":"post","link":"https:\/\/www.moravecteam.cz\/?p=12284","title":{"rendered":"Co se bude d\u00edt? (ST34)-3"},"content":{"rendered":"<h5><span style=\"color: #800000;\">\u00dater\u00fd 21.8. 2018<\/span><\/h5>\n<p style=\"text-align: justify;\">Tr\u00e9nink na silni\u010dn\u00edch kolech s\u00a0<strong><span style=\"color: #800000;\">Frantou Pad\u011brou<\/span><\/strong>\u00a0a\u00a0<strong><span style=\"color: #800000;\">Jirkou \u0160t\u011bpan\u00edkem st.<\/span><\/strong>\u00a0\u00a0Sraz bude\u00a0op\u011bt\u00a0\u00a0v 17.00 hodin\u00a0u budovy Z\u00e1kladn\u00ed \u0161koly v Bene\u0161ov\u011b. V p\u0159\u00edpad\u011b pot\u0159eby kontaktujte\u00a0Franti\u0161ka na\u00a0<strong><span style=\"color: #800000;\">605 838 404.<\/span><\/strong><\/p>\n<h5><span style=\"color: #800000;\">St\u0159eda 22.8. 2018<\/span><\/h5>\n<ul>\n<li style=\"text-align: justify;\">P\u0159\u00edprava trat\u00ed velk\u00e9 ceny Boskovic. Sraz dobrovoln\u00edk\u016f (nejen) z \u0159ad MORAVEC Teamu bude ve Sportparku Doubravy ve dvou \u010dasov\u00fdch vln\u00e1ch: 1. vlna se sejde na &#8222;ml\u00edkovac\u00ed&#8220; pr\u00e1ce v 16.00 hodin, 2. vlna v 17.30 hodin (v tomto \u010dase po\u010d\u00edt\u00e1m s aktivn\u00ed \u00fa\u010dast\u00ed t\u011bch rodi\u010d\u016f, kte\u0159\u00ed vylo\u017e\u00ed svoje d\u011bti v 17.00 na tr\u00e9ninku ve Valchov\u011b a budou m\u00edt \u010das na pomoc p\u0159i &#8222;ml\u00edkova\u010dce&#8220;). Nezapome\u0148te si pros\u00edm s sebou vz\u00edt pot\u0159ebn\u00fd &#8222;vercajk&#8220;&#8230;<\/li>\n<li style=\"text-align: justify;\">MTB tr\u00e9nink rajdr\u016f MORAVEC Teamu pod veden\u00edm\u00a0\u00a0Milanem Tlamkou ur\u010den\u00fdm z\u00e1stupcem,\u00a0tentokr\u00e1t <span style=\"color: #800000;\"><strong>ve Valchov\u011b<\/strong><\/span>. Sraz bude op\u011bt\u00a0<strong><span style=\"color: #800000;\">\u00a0v\u00a017.00 hodin<\/span><\/strong>\u00a0na m\u00edstn\u00edm fotbalov\u00e9m h\u0159i\u0161ti.<\/li>\n<\/ul>\n<h5><span style=\"color: #800000;\"><strong>P\u00e1tek 24.8. 2018<\/strong><\/span><\/h5>\n<p style=\"text-align: justify;\">Ofici\u00e1ln\u00ed tr\u00e9nink na sedm\u00fd z\u00e1vod MTB &#8222;&#8220;Vrchoviny&#8220; v Boskovic\u00edch. Od 17.00 ve Sportparku Doubravy. \u00da\u010dast a dopravu si ka\u017ed\u00fd zaji\u0161\u0165uje s\u00e1m, zde mrkn\u011bte na <a href=\"http:\/\/www.pohardrahanskevrchoviny.cz\/boskovicemi-nekonci\/\"><strong>propozice<\/strong>.<\/a><\/p>\n<h5><span style=\"color: #800000;\">Sobota 25.8. 2018<\/span><\/h5>\n<p style=\"text-align: justify;\">Sedm\u00fd z\u00e1vod MTB Superior-COLORprofi Poh\u00e1ru Drahansk\u00e9 vrchoviny v Boskovic\u00edch, ve Sportparku Doubravy. \u00da\u010dast a dopravu si ka\u017ed\u00fd zaji\u0161\u0165uje s\u00e1m, zde studute <strong><a href=\"http:\/\/www.pohardrahanskevrchoviny.cz\/boskovicemi-nekonci\/\">propozice<\/a>.<\/strong><\/p>\n<h5><span style=\"color: #800000;\">AKCE T\u011aSN\u011a ZA HORIZONTEM<\/span><\/h5>\n<p style=\"text-align: justify;\">31.8. &#8211; 2.9. 2018 &#8211; soust\u0159ed\u011bn\u00ed\u00a0 na dolad\u011bn\u00ed formy p\u0159ed z\u00e1v\u011bre\u010dn\u00fdmi z\u00e1vody\u00a0MTB &#8222;Vrchoviny&#8220; ve Vyso\u010dina ar\u00e9n\u011b v Nov\u00e9m M\u011bst\u011b na Morav\u011b.\u00a0Fin\u00e1ln\u00ed p\u0159ehlednou a srozumitelnou informaci jste ji\u017e obdr\u017eeli\u00a0e-mailem od tren\u00e9ra\u00a0Milana Tlamky. Platby p\u0159evodem, kter\u00e9 m\u011bly b\u00fdt p\u0159evedeny na \u016f\u010det MORAVEC Teamu\u00a0 do 17.8.2018 dosud neprovedli tito p\u0159ihl\u00e1\u0161en\u00ed: Novotn\u00e1 Just\u00fdna, Novotn\u00e1 Irena,\u00a0\u00a0 \u017dern\u00ed\u010dkov\u00e1 Petra, \u017dern\u00ed\u010dek Jirka a \u017dern\u00ed\u010dkov\u00e1 Zita. Pros\u00edm o \u00fahradu co nejd\u0159\u00edve!\u00a0 Odborn\u00fdm bikov\u00fdm lektorem na soust\u0159ed\u011bn\u00ed bude &#8211; jak u\u017e jist\u011b v\u00edte, borec-biker &#8211; tren\u00e9r\u00a0&#8211;\u00a0<span style=\"color: #008000;\"><a href=\"http:\/\/msbike.cz\/about\/98-milan.html\"><span style=\"color: #008000;\"><strong><span style=\"color: #800000;\">Milan Sp\u011b\u0161n\u00fd.<\/span><\/strong><\/span><\/a><\/span><\/p>\n<h5><span style=\"color: #800000;\">AKCE T\u011aSN\u011a ZA DV\u011aMA HORIZONTY<\/span><\/h5>\n<p>10.2. \u2013 16.2. 2019\u00a0&#8211; zimn\u00ed soust\u0159ed\u011bn\u00ed MORAVEC Teamu, kdy se po roce vr\u00e1t\u00edme do Jesen\u00edk\u016f, na<a href=\"http:\/\/www.navrsi.eu\/\">\u00a0<strong>chatu N\u00e1vr\u0161\u00ed<\/strong><\/a><strong>.<\/strong><\/p>\n","protected":false},"excerpt":{"rendered":"<p>\u00dater\u00fd 21.8. 2018 Tr\u00e9nink na silni\u010dn\u00edch kolech s\u00a0Frantou Pad\u011brou\u00a0a\u00a0Jirkou \u0160t\u011bpan\u00edkem st.\u00a0\u00a0Sraz bude\u00a0op\u011bt\u00a0\u00a0v 17.00 hodin\u00a0u budovy Z\u00e1kladn\u00ed \u0161koly v Bene\u0161ov\u011b. V p\u0159\u00edpad\u011b pot\u0159eby kontaktujte\u00a0Franti\u0161ka na\u00a0605 838 404. St\u0159eda 22.8. 2018 P\u0159\u00edprava trat\u00ed velk\u00e9 ceny Boskovic. Sraz dobrovoln\u00edk\u016f (nejen) z \u0159ad MORAVEC Teamu bude ve Sportparku Doubravy ve dvou \u010dasov\u00fdch vln\u00e1ch: 1. vlna se sejde na &#8222;ml\u00edkovac\u00ed&#8220; &hellip; <a href=\"https:\/\/www.moravecteam.cz\/?p=12284\" class=\"more-link\">Pokra\u010dov\u00e1n\u00ed textu <span class=\"screen-reader-text\">Co se bude d\u00edt? (ST34)-3<\/span> <span class=\"meta-nav\">&rarr;<\/span><\/a><\/p>\n","protected":false},"author":3,"featured_media":12293,"comment_status":"open","ping_status":"closed","sticky":false,"template":"","format":"standard","meta":[],"categories":[11],"tags":[],"_links":{"self":[{"href":"https:\/\/www.moravecteam.cz\/index.php?rest_route=\/wp\/v2\/posts\/12284"}],"collection":[{"href":"https:\/\/www.moravecteam.cz\/index.php?rest_route=\/wp\/v2\/posts"}],"about":[{"href":"https:\/\/www.moravecteam.cz\/index.php?rest_route=\/wp\/v2\/types\/post"}],"author":[{"embeddable":true,"href":"https:\/\/www.moravecteam.cz\/index.php?rest_route=\/wp\/v2\/users\/3"}],"replies":[{"embeddable":true,"href":"https:\/\/www.moravecteam.cz\/index.php?rest_route=%2Fwp%2Fv2%2Fcomments&post=12284"}],"version-history":[{"count":12,"href":"https:\/\/www.moravecteam.cz\/index.php?rest_route=\/wp\/v2\/posts\/12284\/revisions"}],"predecessor-version":[{"id":12298,"href":"https:\/\/www.moravecteam.cz\/index.php?rest_route=\/wp\/v2\/posts\/12284\/revisions\/12298"}],"wp:featuredmedia":[{"embeddable":true,"href":"https:\/\/www.moravecteam.cz\/index.php?rest_route=\/wp\/v2\/media\/12293"}],"wp:attachment":[{"href":"https:\/\/www.moravecteam.cz\/index.php?rest_route=%2Fwp%2Fv2%2Fmedia&parent=12284"}],"wp:term":[{"taxonomy":"category","embeddable":true,"href":"https:\/\/www.moravecteam.cz\/index.php?rest_route=%2Fwp%2Fv2%2Fcategories&post=12284"},{"taxonomy":"post_tag","embeddable":true,"href":"https:\/\/www.moravecteam.cz\/index.php?rest_route=%2Fwp%2Fv2%2Ftags&post=12284"}],"curies":[{"name":"wp","href":"https:\/\/api.w.org\/{rel}","templated":true}]}}