{"id":12300,"date":"2018-08-28T00:30:24","date_gmt":"2018-08-27T22:30:24","guid":{"rendered":"http:\/\/www.moravecteam.cz\/?p=12300"},"modified":"2018-08-28T06:52:35","modified_gmt":"2018-08-28T04:52:35","slug":"zlata-zila-v-doubravach","status":"publish","type":"post","link":"https:\/\/www.moravecteam.cz\/?p=12300","title":{"rendered":"Zlat\u00e1 \u017e\u00edla v Doubrav\u00e1ch!"},"content":{"rendered":"<p style=\"text-align: justify;\"><strong><span style=\"color: #800000;\">Za\u00a0hodn\u011b vyda\u0159en\u00fd z\u00e1vod m\u016f\u017ee MORAVEC Team pova\u017eovat Velkou cenu Boskovic, kter\u00e1 se minulou sobotu odjela jako v po\u0159ad\u00ed u\u017e sedm\u00fd z\u00e1vod MTB Superior &#8211; Colorprofi Poh\u00e1ru Drahansk\u00e9 vrchoviny 2018.\u00a0Jakoby na\u0161i rajd\u0159i narazili v lokalit\u011b, kter\u00e1\u00a0je\u00a0u\u017e po l\u00e9ta d\u00edky m\u00edstn\u00edmu Westernov\u00e9mu m\u011bste\u010dku \u00a0nas\u00e1kl\u00e1 atmosf\u00e9rou Divok\u00e9ho z\u00e1padu, na tu\u010dnou zlatou \u017e\u00edlu, \u010demu\u017e zisk hned sedmi medail\u00ed z tohoto nejcenn\u011bj\u0161\u00edho kovu odpov\u00edd\u00e1! A nez\u016fstalo zdaleka jen u zlat\u00fdch &#8222;placek&#8220;&#8230; Sympaticky n\u00e1m to cinkalo minulou\u00a0 sobotu v Boskovic\u00edch i ve st\u0159\u00edbrn\u00e9m\u00a0 a bronzov\u00e9m t\u00f3nu!<\/span><\/strong><\/p>\n<figure id=\"attachment_12317\" aria-describedby=\"caption-attachment-12317\" style=\"width: 2848px\" class=\"wp-caption alignnone\"><a href=\"http:\/\/www.moravecteam.cz\/?attachment_id=12317\" rel=\"attachment wp-att-12317\"><img decoding=\"async\" loading=\"lazy\" class=\" wp-image-12317\" alt=\"01\" src=\"http:\/\/www.moravecteam.cz\/wp-content\/uploads\/2018\/08\/013.jpg\" width=\"2848\" height=\"2728\" srcset=\"https:\/\/www.moravecteam.cz\/wp-content\/uploads\/2018\/08\/013.jpg 2848w, https:\/\/www.moravecteam.cz\/wp-content\/uploads\/2018\/08\/013-25x25.jpg 25w, https:\/\/www.moravecteam.cz\/wp-content\/uploads\/2018\/08\/013-300x287.jpg 300w, https:\/\/www.moravecteam.cz\/wp-content\/uploads\/2018\/08\/013-1024x980.jpg 1024w\" sizes=\"(max-width: 2848px) 100vw, 2848px\" \/><\/a><figcaption id=\"caption-attachment-12317\" class=\"wp-caption-text\">Tonda Han\u00e1k svedl o st\u0159\u00edbro v\u00edt\u011bznou bitvu!<\/figcaption><\/figure>\n<p style=\"text-align: justify;\">Medailov\u011b n\u00e1s v sobotu po r\u00e1nu &#8222;nahodil&#8220; v chlapeck\u00e9m z\u00e1vod\u011b\u00a0 odr\u00e1\u017eedel <span style=\"color: #800000;\"><strong>Tonda Han\u00e1k<\/strong><\/span>, kter\u00fd ve sv\u00e9m startu obh\u00e1jil st\u0159\u00edbro z Bukov\u00e9. Ve stejn\u00e9 discipl\u00edn\u011b d\u00edvek to pro n\u00e1s je\u0161t\u011b vylep\u0161ila <strong><span style=\"color: #800000;\">Leonka Elerov\u00e1,<\/span><\/strong>\u00a0kter\u00e1 s p\u0159ehledem zv\u00edt\u011bzila! \u00a0A \u017ee m\u011bla v Boskovic\u00edch v\u00edt\u011bzn\u00fd den, potvrdila i n\u00e1sledn\u00fdm triumfem v z\u00e1vod\u011b do 6 let, kter\u00fd tak\u00e9 vyhr\u00e1la, samoz\u0159ejm\u011b u\u017e na &#8222;velk\u00e9m&#8220; kole!<\/p>\n<figure id=\"attachment_12318\" aria-describedby=\"caption-attachment-12318\" style=\"width: 3554px\" class=\"wp-caption alignnone\"><a href=\"http:\/\/www.moravecteam.cz\/?attachment_id=12318\" rel=\"attachment wp-att-12318\"><img decoding=\"async\" loading=\"lazy\" class=\" wp-image-12318\" alt=\"02\" src=\"http:\/\/www.moravecteam.cz\/wp-content\/uploads\/2018\/08\/023.jpg\" width=\"3554\" height=\"2781\" srcset=\"https:\/\/www.moravecteam.cz\/wp-content\/uploads\/2018\/08\/023.jpg 3554w, https:\/\/www.moravecteam.cz\/wp-content\/uploads\/2018\/08\/023-300x234.jpg 300w, https:\/\/www.moravecteam.cz\/wp-content\/uploads\/2018\/08\/023-1024x801.jpg 1024w\" sizes=\"(max-width: 3554px) 100vw, 3554px\" \/><\/a><figcaption id=\"caption-attachment-12318\" class=\"wp-caption-text\">Spolehliv\u00e9 opory MORAVEC Teamu, Leonka a Filip Eclerovic.<\/figcaption><\/figure>\n<p style=\"text-align: justify;\">Na\u0161e dopoledn\u00ed radost z\u016fstala nep\u0159eru\u0161ena i po z\u00e1vod\u011b d\u011bv\u010dat kategorie 7-8 let, ve kter\u00e9m sice <strong><span style=\"color: #800000;\">Lucka Gottwaldov\u00e1<\/span><\/strong> se <strong><span style=\"color: #800000;\">Zitou \u017dern\u00ed\u010dkovou<\/span><\/strong> na v\u00edt\u011bznou S\u00e1ru \u0160kubalovou (TUFO Cykloz\u00e1kladna Otrokovice) sice nesta\u010dily, ale i st\u0159\u00edbrn\u00e1 a bronzov\u00e1 medaile na krku ob\u011bma na\u0161im holk\u00e1m moc slu\u0161ela! St\u0159\u00edbro bral ve stejn\u00e9 v\u011bkov\u00e9 kategorii po z\u00e1sluze i <strong><span style=\"color: #800000;\">Filip Ecler, <\/span><\/strong><span style=\"color: #800000;\"><span style=\"color: #000000;\">kter\u00fd tak<\/span><\/span>\u00a0uzav\u0159el\u00a0 na\u0161e &#8222;bednov\u00e9&#8220; zisky v prvn\u00edm dopoledn\u00edm bloku start\u016f.<\/p>\n<figure id=\"attachment_12319\" aria-describedby=\"caption-attachment-12319\" style=\"width: 4240px\" class=\"wp-caption alignnone\"><a href=\"http:\/\/www.moravecteam.cz\/?attachment_id=12319\" rel=\"attachment wp-att-12319\"><img decoding=\"async\" loading=\"lazy\" class=\" wp-image-12319\" alt=\"03\" src=\"http:\/\/www.moravecteam.cz\/wp-content\/uploads\/2018\/08\/033.jpg\" width=\"4240\" height=\"2597\" srcset=\"https:\/\/www.moravecteam.cz\/wp-content\/uploads\/2018\/08\/033.jpg 4240w, https:\/\/www.moravecteam.cz\/wp-content\/uploads\/2018\/08\/033-300x183.jpg 300w, https:\/\/www.moravecteam.cz\/wp-content\/uploads\/2018\/08\/033-1024x627.jpg 1024w\" sizes=\"(max-width: 4240px) 100vw, 4240px\" \/><\/a><figcaption id=\"caption-attachment-12319\" class=\"wp-caption-text\">Zita \u017dern\u00ed\u010dkov\u00e1 \u00fato\u010d\u00ed na medailovou pozici!<\/figcaption><\/figure>\n<p style=\"text-align: justify;\">N\u00e1sledn\u011b jsme byli napnut\u00ed, zda v z\u00e1vod\u011b d\u00edvek 9-10 udr\u017e\u00ed svoji leto\u0161n\u00ed &#8222;Vrchovinovou&#8220; neporazitelnost na\u0161e <strong><span style=\"color: #800000;\">Lucie Koudelkov\u00e1<\/span><\/strong>. Udr\u017eela! I kdy\u017e, podobn\u011b jako v Bukov\u00e9, m\u011bla v Ag\u00e1t\u011b Sl\u00e1mkov\u00e9 zdatnou soupe\u0159ku, nevelk\u00fd n\u00e1skok p\u0159ed n\u00ed udr\u017eovala s jistotou v pr\u016fb\u011bhu cel\u00e9ho z\u00e1vodu. Od celkov\u00e9ho prvenstv\u00ed d\u011bl\u00ed Lucinku pouh\u00e9 jedno v\u00edt\u011bzstv\u00ed a vzhledem k tomu, \u017ee se pojedou je\u0161t\u011b \u010dty\u0159i z\u00e1vody, je na zisk presti\u017en\u00ed ceny skute\u010dn\u011b hork\u00fdm kandid\u00e1tem! Lucku pak doprovodila na &#8222;bednu&#8220; v c\u00edli t\u0159et\u00ed, \u0161ikovn\u00e1 dom\u00e1c\u00ed z\u00e1vodnice a dal\u0161\u00ed z na\u0161ich spolehliv\u00fdch reprezentantek &#8211; \u00a0<strong><span style=\"color: #800000;\">Just\u00fdnka Novotn\u00e1.<\/span><\/strong><\/p>\n<figure id=\"attachment_12321\" aria-describedby=\"caption-attachment-12321\" style=\"width: 2835px\" class=\"wp-caption alignnone\"><a href=\"http:\/\/www.moravecteam.cz\/?attachment_id=12321\" rel=\"attachment wp-att-12321\"><img decoding=\"async\" loading=\"lazy\" class=\" wp-image-12321\" alt=\"05\" src=\"http:\/\/www.moravecteam.cz\/wp-content\/uploads\/2018\/08\/053.jpg\" width=\"2835\" height=\"2768\" srcset=\"https:\/\/www.moravecteam.cz\/wp-content\/uploads\/2018\/08\/053.jpg 2835w, https:\/\/www.moravecteam.cz\/wp-content\/uploads\/2018\/08\/053-25x25.jpg 25w, https:\/\/www.moravecteam.cz\/wp-content\/uploads\/2018\/08\/053-300x292.jpg 300w, https:\/\/www.moravecteam.cz\/wp-content\/uploads\/2018\/08\/053-1024x999.jpg 1024w\" sizes=\"(max-width: 2835px) 100vw, 2835px\" \/><\/a><figcaption id=\"caption-attachment-12321\" class=\"wp-caption-text\">Lucie Koudelkov\u00e1 a jeji leto\u0161n\u00ed &#8222;Vrchovinov\u00fd st\u00edn&#8220;, Ag\u00e1ta Sl\u00e1mkov\u00e1.<\/figcaption><\/figure>\n<p style=\"text-align: justify;\">Forma nikterak nekles\u00e1 ani &#8222;vice\u0161mpionce&#8220; z ned\u00e1vn\u00e9ho M\u010cR\u00a0v Peci pod Sn\u011b\u017ekou, <strong><span style=\"color: #800000;\">Am\u00e1lce Gottwaldov\u00e9<\/span><\/strong>, v Doubrav\u00e1ch v sobotu nejlep\u0161\u00ed mlad\u0161\u00ed \u017e\u00e1kyni. Hattrick v t\u00e9to kategorii n\u00e1m &#8222;pokazila&#8220; sice v c\u00edli druh\u00e1 Anna Hude\u010dkov\u00e1 (TUFO Cykloz\u00e1kladna Otrokovice),\u00a0pak u\u017e ale dal\u0161\u00ed dv\u011b m\u00edsta braly na\u0161e holky, kdy\u017e o bronz svedly div\u00e1cky n\u00e1dhern\u00fd souboj <strong><span style=\"color: #800000;\">Ani\u010dka Han\u00e1kov\u00e1<\/span><\/strong> s Barborkou Tlamkovou. P\u00e1t\u00e9 zlato p\u0159ed &#8222;ob\u011bdem&#8220; pro MORAVEC Team vybojovala zku\u0161en\u011b <strong><span style=\"color: #800000;\">Eli\u0161ka Han\u00e1kov\u00e1<\/span><\/strong>, suver\u00e9nka kategorie d\u00edvek &#8211; star\u0161\u00edch \u017e\u00e1ky\u0148.<\/p>\n<figure id=\"attachment_12320\" aria-describedby=\"caption-attachment-12320\" style=\"width: 4437px\" class=\"wp-caption alignnone\"><a href=\"http:\/\/www.moravecteam.cz\/?attachment_id=12320\" rel=\"attachment wp-att-12320\"><img decoding=\"async\" loading=\"lazy\" class=\" wp-image-12320\" alt=\"04\" src=\"http:\/\/www.moravecteam.cz\/wp-content\/uploads\/2018\/08\/043.jpg\" width=\"4437\" height=\"2985\" srcset=\"https:\/\/www.moravecteam.cz\/wp-content\/uploads\/2018\/08\/043.jpg 4437w, https:\/\/www.moravecteam.cz\/wp-content\/uploads\/2018\/08\/043-300x201.jpg 300w, https:\/\/www.moravecteam.cz\/wp-content\/uploads\/2018\/08\/043-1024x688.jpg 1024w\" sizes=\"(max-width: 4437px) 100vw, 4437px\" \/><\/a><figcaption id=\"caption-attachment-12320\" class=\"wp-caption-text\">P\u0159i tra\u0165ov\u00e9m tr\u00e9ninku zleva Eli\u0161ka Han\u00e1kov\u00e1, Ani\u010dka Han\u00e1kov\u00e1 a Barborka Tlamkov\u00e1. V\u0161echny t\u0159i vybojovaly v Doubrav\u00e1ch medaile, Bar\u010da tu nejm\u00ed\u0148 popul\u00e1rn\u00ed&#8230;.<\/figcaption><\/figure>\n<p style=\"text-align: justify;\">V odpoledn\u00edm bloku start\u016f byly v c\u00edli prvn\u00ed juniorky \/ kadetky a k na\u0161\u00ed velk\u00e9 radosti\u00a0z nich\u00a0byla nejrychlej\u0161\u00ed <strong><span style=\"color: #800000;\">Kl\u00e1ra Odehnalov\u00e1<\/span><\/strong>, kter\u00e1 jednak potvrdila soustavn\u00fd v\u00fdkonnostn\u00ed r\u016fst, jednak na 100% z\u00faro\u010dila dokonalou znalost dom\u00e1c\u00ed trat\u011b. Ve stejn\u00e9 kategorii chlapc\u016f bral st\u0159\u00edbro <strong><span style=\"color: #800000;\">Honza &#8222;D\u017eony&#8220; \u0160indel\u00e1\u0159<\/span><\/strong>, kter\u00fd nesta\u010dil pouze na v\u00fdborn\u00e9ho Vojtu Neradila (TUFO Cykloz\u00e1kladna Otrokovice). Oba jsou i l\u00eddry pr\u016fb\u011b\u017en\u00e9ho po\u0159ad\u00ed a v\u0161e nasv\u011bd\u010duje tomu, \u017ee mezi nimi se rozhodne o celkov\u00e9m v\u00edt\u011bzi t\u00e9to presti\u017en\u00ed kategorie.<\/p>\n<figure id=\"attachment_12322\" aria-describedby=\"caption-attachment-12322\" style=\"width: 3171px\" class=\"wp-caption alignnone\"><a href=\"http:\/\/www.moravecteam.cz\/?attachment_id=12322\" rel=\"attachment wp-att-12322\"><img decoding=\"async\" loading=\"lazy\" class=\" wp-image-12322\" alt=\"06\" src=\"http:\/\/www.moravecteam.cz\/wp-content\/uploads\/2018\/08\/063.jpg\" width=\"3171\" height=\"2788\" srcset=\"https:\/\/www.moravecteam.cz\/wp-content\/uploads\/2018\/08\/063.jpg 3171w, https:\/\/www.moravecteam.cz\/wp-content\/uploads\/2018\/08\/063-300x263.jpg 300w, https:\/\/www.moravecteam.cz\/wp-content\/uploads\/2018\/08\/063-1024x900.jpg 1024w\" sizes=\"(max-width: 3171px) 100vw, 3171px\" \/><\/a><figcaption id=\"caption-attachment-12322\" class=\"wp-caption-text\">Am\u00e1lka Gottwaldov\u00e1 se i nad\u00e1le veze na v\u00edt\u011bzn\u00e9 vln\u011b!<\/figcaption><\/figure>\n<p style=\"text-align: justify;\">Hodn\u011b p\u0159\u00edjemn\u011b n\u00e1s rozeh\u0159\u00e1li na\u0161i borci v kategorii Masters II. V\u017edy\u0165 v pr\u016fb\u011bhu prvn\u00edho kola ovl\u00e1dali v po\u0159ad\u00ed \u0160indel\u00e1\u0159 st., Gottwald a Pad\u011bra prvn\u00ed t\u0159i pozice. V c\u00edli to bylo nakonec trochu jinak, ale zlato n\u00e1m d\u00edky <strong><span style=\"color: #800000;\">Martinu Gottwaldovi<\/span><\/strong> neuniklo a bronz si zku\u0161en\u011b ohl\u00eddal &#8222;Velk\u00fd D\u017eon&#8220; <strong><span style=\"color: #800000;\">Honza \u0160indel\u00e1\u0159<\/span><\/strong>. A na\u0161e \u00fasp\u011b\u0161n\u00e9 vystoupen\u00ed v Boskovic\u00edch zavr\u0161il ziskem bronzu v kategorii Masters III &#8211; <strong><span style=\"color: #800000;\">Milan \u0160af\u00e1\u0159<\/span><\/strong>! Skute\u010dn\u011b trvale vysokou v\u00fdkonnostn\u00ed &#8222;faz\u00f3nu&#8220; dr\u017e\u00ed MORAVCI\u00a0\u00a0i ve druh\u00e9 polovin\u011b sez\u00f3ny! <span style=\"color: #800000;\"><strong>Zde je souhrn na\u0161ich medailist\u016f s \u010d\u00edselnou informaci o pr\u016fb\u011b\u017en\u00e9m celkov\u00e9m po\u0159ad\u00ed v bodov\u00e1n\u00ed OPEN:<\/strong><\/span><\/p>\n<ul>\n<li>Zlata vybojovali:\u00a0<strong><span style=\"color: #ff6600;\">Leona Eclerov\u00e1<\/span> <\/strong>(odr\u00e1\u017eedla) &#8211; 1., <strong><span style=\"color: #ff6600;\">Leona Eclerov\u00e1<\/span><\/strong>\u00a0(do 6 let) &#8211; 2.\u00a0,\u00a0<span style=\"color: #ff6600;\"><strong>Lucie Koudelkov\u00e1<\/strong>\u00a0<\/span>(9-10 let) &#8211; 1.,\u00a0<span style=\"color: #ff6600;\"><strong>Am\u00e1lie Gottwaldov\u00e1<\/strong>\u00a0<\/span>(11-12 let) &#8211; 2., <span style=\"color: #ff6600;\"><strong>Eli\u0161ka Han\u00e1kov\u00e1<\/strong>\u00a0<\/span>(13-14 let) &#8211; 1.,\u00a0<span style=\"color: #ff6600;\"><strong>Martin Gottwald<\/strong> <\/span>(Masters II) &#8211; 1.\u00a0a <strong><span style=\"color: #ff6600;\">Kl\u00e1ra Odehnalov\u00e1<\/span><\/strong> (juniorky \/ kadetky) -. 1.<\/li>\n<li>St\u0159\u00edbra vybojovali:\u00a0 <span style=\"color: #808080;\"><strong>Anton\u00edn Han\u00e1k<\/strong> <\/span>(odr\u00e1\u017eedla) &#8211; 3., <span style=\"color: #808080;\"><strong>Filip Ecler<\/strong> <\/span>(7-8 let) &#8211; 1., a\u00a0<span style=\"color: #808080;\"><strong>Lucie Gottwaldov\u00e1 <\/strong><\/span>(7-8 let) &#8211; 3. a <strong><span style=\"color: #808080;\">Honza &#8222;D\u017eony&#8220; \u0160indel\u00e1\u0159<\/span> <\/strong>(junio\u0159i \/ kadeti) &#8211; 2.<\/li>\n<li>Bronzy vybojovali:<strong>\u00a0<span style=\"color: #993300;\">Zita \u017dern\u00ed\u010dkov\u00e1<\/span><\/strong> (7-8 let) &#8211; 2., <strong><span style=\"color: #993300;\">Just\u00fdna Novotn\u00e1 <\/span><\/strong>(9-10 let) &#8211; 3.,\u00a0\u00a0<span style=\"color: #993300;\"><strong>Anna Han\u00e1kov\u00e1<\/strong>\u00a0<\/span>(11-12 let) &#8211; 1.,\u00a0 <strong><span style=\"color: #993300;\">Honza \u0160indel\u00e1\u0159 <\/span><\/strong>(Masters II) &#8211; 2. a\u00a0<span style=\"color: #993300;\"><strong>Milan \u0160af\u00e1\u0159 <\/strong><\/span>(Masters III) &#8211; 5.<\/li>\n<\/ul>\n<figure id=\"attachment_12325\" aria-describedby=\"caption-attachment-12325\" style=\"width: 4378px\" class=\"wp-caption alignnone\"><a href=\"http:\/\/www.moravecteam.cz\/?attachment_id=12325\" rel=\"attachment wp-att-12325\"><img decoding=\"async\" loading=\"lazy\" class=\" wp-image-12325\" alt=\"09\" src=\"http:\/\/www.moravecteam.cz\/wp-content\/uploads\/2018\/08\/091.jpg\" width=\"4378\" height=\"3236\" srcset=\"https:\/\/www.moravecteam.cz\/wp-content\/uploads\/2018\/08\/091.jpg 4378w, https:\/\/www.moravecteam.cz\/wp-content\/uploads\/2018\/08\/091-300x221.jpg 300w, https:\/\/www.moravecteam.cz\/wp-content\/uploads\/2018\/08\/091-1024x756.jpg 1024w\" sizes=\"(max-width: 4378px) 100vw, 4378px\" \/><\/a><figcaption id=\"caption-attachment-12325\" class=\"wp-caption-text\">&#8222;Mast\u0159i dvojka\u0159i&#8220; n\u00e1m v Boskovic\u00edch ud\u011blali velkou radost!<\/figcaption><\/figure>\n<p><span style=\"color: #800000; font-weight: bold;\">Rekapitulace medailist\u016f MORAVEC Teamu &#8211;\u00a0po\u0159ad\u00ed OBCE<\/span><\/p>\n<ul>\n<li>\n<div style=\"text-align: justify;\">Prvn\u00ed m\u00edsta vybojovali :\u00a0 <span style=\"color: #ff6600;\"><strong>Lucie Koudelkov\u00e1<\/strong>\u00a0<\/span>(9-10 let),\u00a0<span style=\"color: #ff6600;\"><strong>Anna Han\u00e1kov\u00e1<\/strong><\/span>\u00a0(11-12 let), <span style=\"color: #ff6600;\"><strong>Luk\u00e1\u0161 Sedl\u00e1k<\/strong> <\/span>(13-14 let)\u00a0a\u00a0<span style=\"color: #ff6600;\"><strong>Eli\u0161ka\u00a0Han\u00e1kov\u00e1\u00a0<\/strong><\/span>(13-14 let).<\/div>\n<\/li>\n<li style=\"text-align: justify;\">Druh\u00e1 m\u00edsta:\u00a0 <span style=\"color: #808080;\"><strong>Anton\u00edn Han\u00e1k<\/strong>\u00a0<\/span>(odr\u00e1\u017eedla),\u00a0\u00a0<strong><span style=\"color: #808080;\">Kl\u00e1ra V\u011brn\u00e1<\/span> <\/strong>(odr\u00e1\u017eedla), <span style=\"color: #808080;\"><strong>Zita \u017dern\u00ed\u010dkov\u00e1\u00a0<\/strong><\/span>(7-8 let),\u00a0<strong><span style=\"color: #808080;\">Dominik Pt\u00e1\u010dn\u00edk<\/span> <\/strong>(9-10 let), <span style=\"color: #808080;\"><strong>Just\u00fdna Novotn\u00e1\u00a0<\/strong><\/span>(9-10 let),\u00a0<strong>\u00a0<\/strong><span style=\"color: #808080;\">Maty\u00e1\u0161 Koudelka <\/span>(11-12 let)<span style=\"color: #808080;\"><strong>Barbora Tlamkov\u00e1\u00a0<\/strong><\/span>(11-12 let),\u00a0 a<strong><span style=\"color: #808080;\"> Veronika Pt\u00e1\u010dn\u00edkov\u00e1 <\/span><\/strong>(13-14 let).<\/li>\n<li>T\u0159et\u00ed pozice:\u00a0<span style=\"color: #993300;\"><strong>Barbora Janovsk\u00e1<\/strong>\u00a0<\/span>(9-10 let)<\/li>\n<\/ul>\n<figure id=\"attachment_12324\" aria-describedby=\"caption-attachment-12324\" style=\"width: 5216px\" class=\"wp-caption alignnone\"><a href=\"http:\/\/www.moravecteam.cz\/?attachment_id=12324\" rel=\"attachment wp-att-12324\"><img decoding=\"async\" loading=\"lazy\" class=\" wp-image-12324\" alt=\"08\" src=\"http:\/\/www.moravecteam.cz\/wp-content\/uploads\/2018\/08\/082.jpg\" width=\"5216\" height=\"3816\" srcset=\"https:\/\/www.moravecteam.cz\/wp-content\/uploads\/2018\/08\/082.jpg 5216w, https:\/\/www.moravecteam.cz\/wp-content\/uploads\/2018\/08\/082-300x219.jpg 300w, https:\/\/www.moravecteam.cz\/wp-content\/uploads\/2018\/08\/082-1024x749.jpg 1024w\" sizes=\"(max-width: 5216px) 100vw, 5216px\" \/><\/a><figcaption id=\"caption-attachment-12324\" class=\"wp-caption-text\">Milan \u0160af\u00e1\u0159 nesta\u010dil pouze na dva v\u00fdborn\u00e9 &#8222;severomoravaky&#8220;&#8230;<\/figcaption><\/figure>\n<p style=\"text-align: justify;\">V\u00fdsledky mohly b\u00fdt mo\u017en\u00e1 je\u0161t\u011b lep\u0161\u00ed, vezmeme-li v \u00favahu, \u017ee chyb\u011bly n\u011bkter\u00e9 opory MORAVEC Teamu, jako nap\u0159\u00edklad Maru\u0161ka Barto\u0161ov\u00e1, Petr \u0160ich \u010di Tom\u00e1\u0161 Dou\u0161ek. V Boskovic\u00edch n\u00e1s pot\u011b\u0161il n\u00e1vrat na trat\u011b V\u00edti Such\u00e1nka, kter\u00e9ho v posledn\u00edch m\u011bs\u00edc\u00edch pron\u00e1sledovaly zdravotn\u00ed probl\u00e9my, na startu se op\u011bt po \u010dase objevil i Karel Vinick\u00fd. Zd\u00e1 se tedy, \u017ee p\u0159ed z\u00e1v\u011bre\u010dn\u00fdmi \u010dty\u0159mi z\u00e1vody MTB &#8222;Vrchoviny&#8220; bude na\u0161e \u00fato\u010dn\u00e1 vozba v pln\u00e9 s\u00edle! D\u00edky v\u0161em rajdr\u016fm za vzorn\u00e9 repre odd\u00edlu, podp\u016frn\u00e9 rodinn\u00e9 t\u00fdmy nevyj\u00edmaje.<\/p>\n<figure id=\"attachment_12323\" aria-describedby=\"caption-attachment-12323\" style=\"width: 4556px\" class=\"wp-caption alignnone\"><a href=\"http:\/\/www.moravecteam.cz\/?attachment_id=12323\" rel=\"attachment wp-att-12323\"><img decoding=\"async\" loading=\"lazy\" class=\" wp-image-12323\" alt=\"07\" src=\"http:\/\/www.moravecteam.cz\/wp-content\/uploads\/2018\/08\/072.jpg\" width=\"4556\" height=\"3090\" srcset=\"https:\/\/www.moravecteam.cz\/wp-content\/uploads\/2018\/08\/072.jpg 4556w, https:\/\/www.moravecteam.cz\/wp-content\/uploads\/2018\/08\/072-300x203.jpg 300w, https:\/\/www.moravecteam.cz\/wp-content\/uploads\/2018\/08\/072-1024x694.jpg 1024w\" sizes=\"(max-width: 4556px) 100vw, 4556px\" \/><\/a><figcaption id=\"caption-attachment-12323\" class=\"wp-caption-text\">Po \u010dase op\u011bt na startu MTB &#8222;Vrchoviny&#8220; &#8211; V\u00ed\u0165a Such\u00e1nek s Karlem Vinick\u00fdm.<\/figcaption><\/figure>\n<p style=\"text-align: justify;\">Speci\u00e1ln\u00ed pod\u011bkov\u00e1n\u00ed za poctivou, mraven\u010d\u00ed rachotu ur\u010dit\u011b pat\u0159\u00ed &#8222;tra\u0165ov\u00e9mu&#8220; &#8211; <strong><span style=\"color: #800000;\">Vlast\u00edku Odehnalovi\u00a0<\/span><\/strong>a jeho &#8222;prav\u00e9 a lev\u00e9 ruce&#8220; <strong><span style=\"color: #800000;\">Milanu \u0160af\u00e1\u0159ovi<\/span><\/strong> a <strong><span style=\"color: #800000;\">Frantovi Pad\u011brovi<\/span><\/strong>. \u00a0D\u00edk m\u00ed\u0159\u00ed i\u00a0jejich pomocn\u00edk\u016fm &#8211; tra\u0165ov\u00fdm &#8222;mar\u0161\u00e1l\u016fm&#8220;, kter\u00e9 zku\u0161en\u011b &#8222;podirigoval&#8220; v den &#8222;D&#8220; <strong><span style=\"color: #800000;\">Vl\u00e1\u010fa Janovsk\u00fd.<\/span><\/strong> \u00dalohu &#8222;odm\u011bnov\u00fdch referentek (pro v\u00edt\u011bze)&#8220; pak bezva zvl\u00e1dly <strong><span style=\"color: #800000;\">Irena Novotn\u00e1<\/span><\/strong> s <strong><span style=\"color: #800000;\">Hankou \u0160indel\u00e1\u0159ovou<\/span><\/strong>. Boskovicemi se n\u00e1m\u00a0tak\u00a0 u\u017e\u00a0vytvo\u0159ila &#8222;kostra&#8220; po\u0159adatelsk\u00e9ho t\u00fdmu pro fin\u00e1lov\u00fd z\u00e1vod v Nov\u00e9m M\u011bst\u011b na Morav\u011b, kter\u00fd se nezadr\u017eiteln\u011b p\u0159ibli\u017euje a pro jeho\u017e zd\u00e1rn\u00fd pr\u016fb\u011bh u\u017e mus\u00edme pomalu za\u010d\u00edt &#8222;kout pikle&#8220;&#8230; Zde studujte <strong><a href=\"http:\/\/vysledky.pohardrahanskevrchoviny.cz\/2018\/?page=vysledky\">kompletn\u00ed v\u00fdsledkov\u00fd servis<\/a>\u00a0<\/strong>z Boskovic, zde jsou u\u017e i fotogalerie&#8230;<\/p>\n<ul>\n<li>\n<div style=\"text-align: justify;\"><strong><a href=\"https:\/\/www.zonerama.com\/petrtvarog\/Album\/4576613\">Fotogalerie \u010d.1 (d\u00edky Pet\u0159e)<\/a><\/strong><\/div>\n<\/li>\n<li><strong><a href=\"https:\/\/moravecteam.rajce.idnes.cz\/2018.08.25_MTB_PDV_Boskovice\/\">Fotogalerie \u010d.2 (d\u00edky L\u00eddo)<\/a><\/strong><\/li>\n<li><strong><a href=\"https:\/\/moravecteam.rajce.idnes.cz\/2018.08.25_MTB_PDV_Boskovice_-_2\/\">Fotogalerie \u010d.3 (d\u00edky Karle)<\/a><\/strong><\/li>\n<li><strong><a href=\"https:\/\/moravecteam.rajce.idnes.cz\/2018.08.25_MTB_PDV_Boskovice_-_3\/\">Fotogalerie \u010d.4 (d\u00edky Karle)<\/a><\/strong><\/li>\n<li><strong><a href=\"https:\/\/moravecteam.rajce.idnes.cz\/2018.08.25_MTB_PDV_Boskovice_-_4\/\">Fotogalerie \u010d.5 (d\u00edky Karle)<\/a><\/strong><\/li>\n<\/ul>\n<p>&nbsp;<\/p>\n","protected":false},"excerpt":{"rendered":"<p>Za\u00a0hodn\u011b vyda\u0159en\u00fd z\u00e1vod m\u016f\u017ee MORAVEC Team pova\u017eovat Velkou cenu Boskovic, kter\u00e1 se minulou sobotu odjela jako v po\u0159ad\u00ed u\u017e sedm\u00fd z\u00e1vod MTB Superior &#8211; Colorprofi Poh\u00e1ru Drahansk\u00e9 vrchoviny 2018.\u00a0Jakoby na\u0161i rajd\u0159i narazili v lokalit\u011b, kter\u00e1\u00a0je\u00a0u\u017e po l\u00e9ta d\u00edky m\u00edstn\u00edmu Westernov\u00e9mu m\u011bste\u010dku \u00a0nas\u00e1kl\u00e1 atmosf\u00e9rou Divok\u00e9ho z\u00e1padu, na tu\u010dnou zlatou \u017e\u00edlu, \u010demu\u017e zisk hned sedmi medail\u00ed z &hellip; <a href=\"https:\/\/www.moravecteam.cz\/?p=12300\" class=\"more-link\">Pokra\u010dov\u00e1n\u00ed textu <span class=\"screen-reader-text\">Zlat\u00e1 \u017e\u00edla v Doubrav\u00e1ch!<\/span> <span class=\"meta-nav\">&rarr;<\/span><\/a><\/p>\n","protected":false},"author":3,"featured_media":12326,"comment_status":"open","ping_status":"closed","sticky":false,"template":"","format":"standard","meta":[],"categories":[1],"tags":[],"_links":{"self":[{"href":"https:\/\/www.moravecteam.cz\/index.php?rest_route=\/wp\/v2\/posts\/12300"}],"collection":[{"href":"https:\/\/www.moravecteam.cz\/index.php?rest_route=\/wp\/v2\/posts"}],"about":[{"href":"https:\/\/www.moravecteam.cz\/index.php?rest_route=\/wp\/v2\/types\/post"}],"author":[{"embeddable":true,"href":"https:\/\/www.moravecteam.cz\/index.php?rest_route=\/wp\/v2\/users\/3"}],"replies":[{"embeddable":true,"href":"https:\/\/www.moravecteam.cz\/index.php?rest_route=%2Fwp%2Fv2%2Fcomments&post=12300"}],"version-history":[{"count":13,"href":"https:\/\/www.moravecteam.cz\/index.php?rest_route=\/wp\/v2\/posts\/12300\/revisions"}],"predecessor-version":[{"id":12331,"href":"https:\/\/www.moravecteam.cz\/index.php?rest_route=\/wp\/v2\/posts\/12300\/revisions\/12331"}],"wp:featuredmedia":[{"embeddable":true,"href":"https:\/\/www.moravecteam.cz\/index.php?rest_route=\/wp\/v2\/media\/12326"}],"wp:attachment":[{"href":"https:\/\/www.moravecteam.cz\/index.php?rest_route=%2Fwp%2Fv2%2Fmedia&parent=12300"}],"wp:term":[{"taxonomy":"category","embeddable":true,"href":"https:\/\/www.moravecteam.cz\/index.php?rest_route=%2Fwp%2Fv2%2Fcategories&post=12300"},{"taxonomy":"post_tag","embeddable":true,"href":"https:\/\/www.moravecteam.cz\/index.php?rest_route=%2Fwp%2Fv2%2Ftags&post=12300"}],"curies":[{"name":"wp","href":"https:\/\/api.w.org\/{rel}","templated":true}]}}