{"id":12309,"date":"2018-08-28T00:56:15","date_gmt":"2018-08-27T22:56:15","guid":{"rendered":"http:\/\/www.moravecteam.cz\/?p=12309"},"modified":"2018-08-28T00:56:15","modified_gmt":"2018-08-27T22:56:15","slug":"co-se-bude-dit-st35-4","status":"publish","type":"post","link":"https:\/\/www.moravecteam.cz\/?p=12309","title":{"rendered":"Co se bude d\u00edt? (ST35)"},"content":{"rendered":"<h5>\u00a0<strong><span style=\"color: #800000;\">\u00dater\u00fd 28.8. 2018<\/span><\/strong><\/h5>\n<ul>\n<li>\n<div style=\"text-align: justify;\">Tr\u00e9nink na silni\u010dn\u00edch kolech s\u00a0<span style=\"color: #800000;\"><strong>Frantou Pad\u011brou<\/strong><\/span>\u00a0a\u00a0<strong><span style=\"color: #800000;\">Jirkou \u0160t\u011bpan\u00edkem st.<\/span><\/strong>\u00a0\u00a0Sraz bude\u00a0op\u011bt\u00a0\u00a0v 17.00 hodin\u00a0u budovy Z\u00e1kladn\u00ed \u0161koly v Bene\u0161ov\u011b. V p\u0159\u00edpad\u011b pot\u0159eby kontaktujte\u00a0Franti\u0161ka na\u00a0<span style=\"color: #800000;\"><strong>605 838 404.<\/strong><\/span><\/div>\n<\/li>\n<li style=\"text-align: justify;\">&#8222;Demont\u00e1\u017e&#8220; &#8211; \u00faklid \u00a0lesn\u00edch pas\u00e1\u017e\u00ed trat\u011b\u00a0po sobotn\u00edm z\u00e1vod\u011b MTB &#8222;Vrchoviny&#8220; \u00a0v Boskovic\u00edch. Sraz dobrovoln\u00edk\u016f\u00a0ve Sportparku Doubravy v 15.30 hodin.<\/li>\n<\/ul>\n<h5><span style=\"color: #800000;\">St\u0159eda 29.8. 2018<\/span><\/h5>\n<p style=\"text-align: justify;\">MTB tr\u00e9nink rajdr\u016f MORAVEC Teamu pod veden\u00edm\u00a0\u00a0Milana Tlamky ,\u00a0tentokr\u00e1t <strong><span style=\"color: #800000;\">na Okrouhl\u00e9<\/span><\/strong>. Sraz bude op\u011bt\u00a0<strong>\u00a0<\/strong>v\u00a0<strong><span style=\"color: #800000;\">17.00 hodin<\/span>\u00a0<\/strong>u Tlamk\u016f \u010d.117.<\/p>\n<h5><span style=\"color: #800000;\">P\u00e1tek 31.8.\u00a0a\u017e ned\u011ble 2.9. 2018<\/span><\/h5>\n<p style=\"text-align: justify;\">Soust\u0159ed\u011bn\u00ed MORAVEC Teamu v Nov\u00e9m m\u011bst\u011b na Morav\u011b. T\u00fdk\u00e1 se to t\u011bch, kte\u0159\u00ed se p\u0159ihl\u00e1sili a uhradili\u00a0stanovenou platbu. Lektorem p\u0159\u00edpravy bude\u00a0 vynikaj\u00edc\u00ed \u010desk\u00fd biker z minul\u00fdch let, <span style=\"color: #993300;\"><strong><span style=\"color: #800000;\">Milan Sp\u011b\u0161n\u00fd<\/span><\/strong><\/span>, z na\u0161eho t\u00fdmu mu budou pom\u00e1hat <span style=\"color: #800000;\"><strong>Milan Tlamka<\/strong> <\/span>a <span style=\"color: #993300;\"><strong><span style=\"color: #800000;\">Libor Barto\u0161<\/span>.<\/strong><\/span> Sraz v p\u00e1tek ve Vyso\u010dina ar\u00e9n\u011b v 9.30 hod., podrobn\u00e9 instrukce V\u00e1m byly ji\u017e d\u0159\u00edve zasl\u00e1ny tren\u00e9rem Tlamkou.<\/p>\n<p><strong><span style=\"color: #800000;\">AKCE\u00a0ZA HORIZONTEM<\/span><\/strong><\/p>\n<p>10.2. \u2013 16.2. 2019\u00a0&#8211; zimn\u00ed soust\u0159ed\u011bn\u00ed MORAVEC Teamu, kdy se po roce vr\u00e1t\u00edme op\u011bt do Jesen\u00edk\u016f, na<a href=\"http:\/\/www.navrsi.eu\/\">\u00a0<strong>chatu N\u00e1vr\u0161\u00ed<\/strong><\/a><strong>.<\/strong><\/p>\n","protected":false},"excerpt":{"rendered":"<p>\u00a0\u00dater\u00fd 28.8. 2018 Tr\u00e9nink na silni\u010dn\u00edch kolech s\u00a0Frantou Pad\u011brou\u00a0a\u00a0Jirkou \u0160t\u011bpan\u00edkem st.\u00a0\u00a0Sraz bude\u00a0op\u011bt\u00a0\u00a0v 17.00 hodin\u00a0u budovy Z\u00e1kladn\u00ed \u0161koly v Bene\u0161ov\u011b. V p\u0159\u00edpad\u011b pot\u0159eby kontaktujte\u00a0Franti\u0161ka na\u00a0605 838 404. &#8222;Demont\u00e1\u017e&#8220; &#8211; \u00faklid \u00a0lesn\u00edch pas\u00e1\u017e\u00ed trat\u011b\u00a0po sobotn\u00edm z\u00e1vod\u011b MTB &#8222;Vrchoviny&#8220; \u00a0v Boskovic\u00edch. Sraz dobrovoln\u00edk\u016f\u00a0ve Sportparku Doubravy v 15.30 hodin. St\u0159eda 29.8. 2018 MTB tr\u00e9nink rajdr\u016f MORAVEC Teamu pod veden\u00edm\u00a0\u00a0Milana &hellip; <a href=\"https:\/\/www.moravecteam.cz\/?p=12309\" class=\"more-link\">Pokra\u010dov\u00e1n\u00ed textu <span class=\"screen-reader-text\">Co se bude d\u00edt? (ST35)<\/span> <span class=\"meta-nav\">&rarr;<\/span><\/a><\/p>\n","protected":false},"author":3,"featured_media":12329,"comment_status":"open","ping_status":"closed","sticky":false,"template":"","format":"standard","meta":[],"categories":[11],"tags":[],"_links":{"self":[{"href":"https:\/\/www.moravecteam.cz\/index.php?rest_route=\/wp\/v2\/posts\/12309"}],"collection":[{"href":"https:\/\/www.moravecteam.cz\/index.php?rest_route=\/wp\/v2\/posts"}],"about":[{"href":"https:\/\/www.moravecteam.cz\/index.php?rest_route=\/wp\/v2\/types\/post"}],"author":[{"embeddable":true,"href":"https:\/\/www.moravecteam.cz\/index.php?rest_route=\/wp\/v2\/users\/3"}],"replies":[{"embeddable":true,"href":"https:\/\/www.moravecteam.cz\/index.php?rest_route=%2Fwp%2Fv2%2Fcomments&post=12309"}],"version-history":[{"count":6,"href":"https:\/\/www.moravecteam.cz\/index.php?rest_route=\/wp\/v2\/posts\/12309\/revisions"}],"predecessor-version":[{"id":12315,"href":"https:\/\/www.moravecteam.cz\/index.php?rest_route=\/wp\/v2\/posts\/12309\/revisions\/12315"}],"wp:featuredmedia":[{"embeddable":true,"href":"https:\/\/www.moravecteam.cz\/index.php?rest_route=\/wp\/v2\/media\/12329"}],"wp:attachment":[{"href":"https:\/\/www.moravecteam.cz\/index.php?rest_route=%2Fwp%2Fv2%2Fmedia&parent=12309"}],"wp:term":[{"taxonomy":"category","embeddable":true,"href":"https:\/\/www.moravecteam.cz\/index.php?rest_route=%2Fwp%2Fv2%2Fcategories&post=12309"},{"taxonomy":"post_tag","embeddable":true,"href":"https:\/\/www.moravecteam.cz\/index.php?rest_route=%2Fwp%2Fv2%2Ftags&post=12309"}],"curies":[{"name":"wp","href":"https:\/\/api.w.org\/{rel}","templated":true}]}}