{"id":12332,"date":"2018-09-02T21:43:02","date_gmt":"2018-09-02T19:43:02","guid":{"rendered":"http:\/\/www.moravecteam.cz\/?p=12332"},"modified":"2018-09-02T21:46:02","modified_gmt":"2018-09-02T19:46:02","slug":"co-se-bude-dit-st36-4","status":"publish","type":"post","link":"https:\/\/www.moravecteam.cz\/?p=12332","title":{"rendered":"Co se bude d\u00edt? (ST36)"},"content":{"rendered":"<h5><span style=\"color: #800000;\">\u00dater\u00fd 4.9. 2018<\/span><\/h5>\n<p style=\"text-align: justify;\">Tr\u00e9nink na silni\u010dn\u00edch kolech s\u00a0<strong><span style=\"color: #800000;\">Frantou Pad\u011brou<\/span><\/strong>\u00a0a\u00a0<strong><span style=\"color: #800000;\">Jirkou \u0160t\u011bpan\u00edkem st.<\/span><\/strong>\u00a0\u00a0Sraz bude\u00a0op\u011bt\u00a0\u00a0v 17.00 hodin\u00a0u budovy Z\u00e1kladn\u00ed \u0161koly v Bene\u0161ov\u011b. V p\u0159\u00edpad\u011b pot\u0159eby kontaktujte\u00a0Franti\u0161ka na\u00a0<strong><span style=\"color: #800000;\">605 838 404.<\/span><\/strong><\/p>\n<h5><strong><span style=\"color: #800000;\">St\u0159eda 5.9. 2018<\/span><\/strong><\/h5>\n<p style=\"text-align: justify;\"><strong><\/strong>MTB tr\u00e9nink rajdr\u016f MORAVEC Teamu pod veden\u00edm\u00a0\u00a0<strong><span style=\"color: #800000;\">Milana Tlamky (776 108 046)<\/span><\/strong>,\u00a0tentokr\u00e1t\u00a0v Boskovic\u00edch. Sraz bude op\u011bt\u00a0\u00a0v\u00a017.00 hodin\u00a0ve Sportparku Doubravy.<\/p>\n<h5 style=\"text-align: justify;\"><span style=\"color: #800000;\">P\u00e1tek 7.9. 2018<\/span><\/h5>\n<p style=\"text-align: justify;\">Ofici\u00e1ln\u00ed tr\u00e9nink na osm\u00fd z\u00e1vod MTB &#8222;Vrchoviny&#8220; ve Velenov\u011b. Prohl\u00eddky trat\u00ed budou prob\u00edhat od 17.00 \u00fa\u010dast a dopravu si ka\u017ed\u00fd zaji\u0161\u0165uje s\u00e1m, zde mrkn\u011bte na\u00a0<span style=\"color: #000000;\"><a href=\"http:\/\/www.pohardrahanskevrchoviny.cz\/boskovicemi-nekonci\/\"><span style=\"color: #000000;\">p<\/span><\/a><\/span>ropozice.<\/p>\n<h5><span style=\"color: #800000;\">Sobota 8.9. 2018<\/span><\/h5>\n<ul>\n<li style=\"text-align: justify;\">Osm\u00fd z\u00e1vod MTB Superior-COLORprofi Poh\u00e1ru Drahansk\u00e9 vrchoviny ve Velenov\u011b, \u00fa\u010dast a dopravu si ka\u017ed\u00fd zaji\u0161\u0165uje s\u00e1m, zde studute propozice.<\/li>\n<li style=\"text-align: justify;\">MTB maraton<strong><a href=\"https:\/\/www.mtbgolem.cz\/\"> Blanensk\u00fd Golem<\/a><\/strong>. Z hlediska \u00fa\u010dasti je pro n\u00e1s samoz\u0159ejm\u011b prioritou &#8222;Vrchovina&#8220; ve Velenov\u011b&#8230;.<\/li>\n<\/ul>\n<h5><span style=\"color: #800000;\">AKCE T\u011aSN\u011a ZA DV\u011aMA HORIZONTY<\/span><\/h5>\n<p style=\"text-align: justify;\">10.2. \u2013 16.2. 2019\u00a0&#8211; zimn\u00ed soust\u0159ed\u011bn\u00ed MORAVEC Teamu, kdy se po roce vr\u00e1t\u00edme do Jesen\u00edk\u016f, na<a href=\"http:\/\/www.navrsi.eu\/\">\u00a0<strong>chatu N\u00e1vr\u0161\u00ed<\/strong><\/a><strong>.<\/strong><\/p>\n","protected":false},"excerpt":{"rendered":"<p>\u00dater\u00fd 4.9. 2018 Tr\u00e9nink na silni\u010dn\u00edch kolech s\u00a0Frantou Pad\u011brou\u00a0a\u00a0Jirkou \u0160t\u011bpan\u00edkem st.\u00a0\u00a0Sraz bude\u00a0op\u011bt\u00a0\u00a0v 17.00 hodin\u00a0u budovy Z\u00e1kladn\u00ed \u0161koly v Bene\u0161ov\u011b. V p\u0159\u00edpad\u011b pot\u0159eby kontaktujte\u00a0Franti\u0161ka na\u00a0605 838 404. St\u0159eda 5.9. 2018 MTB tr\u00e9nink rajdr\u016f MORAVEC Teamu pod veden\u00edm\u00a0\u00a0Milana Tlamky (776 108 046),\u00a0tentokr\u00e1t\u00a0v Boskovic\u00edch. Sraz bude op\u011bt\u00a0\u00a0v\u00a017.00 hodin\u00a0ve Sportparku Doubravy. P\u00e1tek 7.9. 2018 Ofici\u00e1ln\u00ed tr\u00e9nink na osm\u00fd z\u00e1vod &hellip; <a href=\"https:\/\/www.moravecteam.cz\/?p=12332\" class=\"more-link\">Pokra\u010dov\u00e1n\u00ed textu <span class=\"screen-reader-text\">Co se bude d\u00edt? (ST36)<\/span> <span class=\"meta-nav\">&rarr;<\/span><\/a><\/p>\n","protected":false},"author":3,"featured_media":12336,"comment_status":"open","ping_status":"closed","sticky":false,"template":"","format":"standard","meta":[],"categories":[11],"tags":[],"_links":{"self":[{"href":"https:\/\/www.moravecteam.cz\/index.php?rest_route=\/wp\/v2\/posts\/12332"}],"collection":[{"href":"https:\/\/www.moravecteam.cz\/index.php?rest_route=\/wp\/v2\/posts"}],"about":[{"href":"https:\/\/www.moravecteam.cz\/index.php?rest_route=\/wp\/v2\/types\/post"}],"author":[{"embeddable":true,"href":"https:\/\/www.moravecteam.cz\/index.php?rest_route=\/wp\/v2\/users\/3"}],"replies":[{"embeddable":true,"href":"https:\/\/www.moravecteam.cz\/index.php?rest_route=%2Fwp%2Fv2%2Fcomments&post=12332"}],"version-history":[{"count":7,"href":"https:\/\/www.moravecteam.cz\/index.php?rest_route=\/wp\/v2\/posts\/12332\/revisions"}],"predecessor-version":[{"id":12340,"href":"https:\/\/www.moravecteam.cz\/index.php?rest_route=\/wp\/v2\/posts\/12332\/revisions\/12340"}],"wp:featuredmedia":[{"embeddable":true,"href":"https:\/\/www.moravecteam.cz\/index.php?rest_route=\/wp\/v2\/media\/12336"}],"wp:attachment":[{"href":"https:\/\/www.moravecteam.cz\/index.php?rest_route=%2Fwp%2Fv2%2Fmedia&parent=12332"}],"wp:term":[{"taxonomy":"category","embeddable":true,"href":"https:\/\/www.moravecteam.cz\/index.php?rest_route=%2Fwp%2Fv2%2Fcategories&post=12332"},{"taxonomy":"post_tag","embeddable":true,"href":"https:\/\/www.moravecteam.cz\/index.php?rest_route=%2Fwp%2Fv2%2Ftags&post=12332"}],"curies":[{"name":"wp","href":"https:\/\/api.w.org\/{rel}","templated":true}]}}