{"id":12342,"date":"2018-09-10T22:15:56","date_gmt":"2018-09-10T20:15:56","guid":{"rendered":"http:\/\/www.moravecteam.cz\/?p=12342"},"modified":"2018-09-12T20:36:38","modified_gmt":"2018-09-12T18:36:38","slug":"lucie-vitezna","status":"publish","type":"post","link":"https:\/\/www.moravecteam.cz\/?p=12342","title":{"rendered":"Lucie v\u00edt\u011bzn\u00e1!"},"content":{"rendered":"<p style=\"text-align: justify;\"><span style=\"color: #800000;\"><strong>V\u011b\u0159\u00edc\u00ed K\u0159es\u0165an\u00e9 si jist\u011b p\u0159i \u010dten\u00ed nadpisu t\u00e9to aktuality vzpomenou na kultovn\u00ed\u00a0 p\u00edse\u0148, oslavuj\u00edc\u00ed Svatou d\u00edvku &#8211; Matku Marii&#8230; Ani\u017e bychom cht\u011bli jakkoli &#8211;\u00a0 nedej Bo\u017ee &#8211; tuto poutn\u00ed p\u00edse\u0148 parafr\u00e1zovat, jedno je po sobotn\u00ed osm\u00e9 MTB &#8222;Vrchovin\u011b&#8220; jist\u00e9: na\u0161e Lucie Koudelkov\u00e1 (kategorie d\u00edvky 9-10 let) je letos prvn\u00ed celkovou v\u00edt\u011bzkou 17. ro\u010dn\u00edku MTB Superior-Colorprofi Poh\u00e1ru Drahansk\u00e9 vrchoviny! Bravo MORAVEC! Blahop\u0159ejeme! Krom\u011b jej\u00ed velenovsk\u00e9 zlat\u00e9 medaile jsme se mohli je\u0161t\u011b v po\u0159ad\u00ed OPEN radovat z dal\u0161\u00edch t\u0159in\u00e1cti medail\u00ed! Bylo na\u0161l\u00e1pnuto na medailov\u00fd\u00a0 rekord, ten ale nepadnul, neb n\u00e1\u0161 \u00fadern\u00fd z\u00e1vodn\u00ed Team nebyl ani ve Velenov\u011b zdaleka kompletn\u00ed&#8230;<\/strong><\/span><\/p>\n<p style=\"text-align: justify;\">\u017de forma na\u0161ich rajdr\u016f nad\u00e1le osciluje i v t\u00e9to pokro\u010dil\u00e9 \u010d\u00e1sti sez\u00f3ny v hodn\u011b vysok\u00e9 amlitud\u011b, potvrdily u\u017e prvn\u00ed rann\u00ed z\u00e1vody odr\u00e1\u017eedel. Dva starty a d\u00edky <strong><span style=\"color: #800000;\">Tondovi Han\u00e1kovi<\/span><\/strong> a <strong><span style=\"color: #800000;\">Leonce Eclerov\u00e9<\/span><\/strong> &#8211; dv\u011b zlata! Radost byla ur\u010do p\u0159edev\u0161\u00edm asi i Han\u00e1k\u016f ve \u017d\u010f\u00e1rn\u00e9, v\u017edy\u0165 \u0161ikovn\u00fd Ton\u00edk se k zaslou\u017een\u00e9mu zlatu proodr\u00e1\u017eel letos premi\u00e9rov\u011b! No a v\u011bci znal\u00e1 celebrita na z\u00e1vod\u011b p\u0159\u00edtomn\u00e1, fenomen\u00e1ln\u00ed \u010desk\u00fd silni\u010d\u00e1\u0159 minul\u00fdch let a n\u00e1\u0161 kamar\u00e1d &#8211; <strong><a href=\"http:\/\/www.svorada.cz\/\">J\u00e1n Svorada <\/a><\/strong>&#8211; m\u011b hned po Tondov\u011b v\u00edt\u011bzstv\u00ed\u00a0 sezn\u00e1mil se sv\u00fdm tipem: t\u0159i zlata dnes pro rajdry z han\u00e1kovic biov\u00e9ho klanu! Jak se pozd\u011bji uk\u00e1zalo, nebyl nakonec\u00a0 tento cyklistick\u00fd odborn\u00edk na slovo vzat\u00fd, daleko od pravdy&#8230;<\/p>\n<p style=\"text-align: justify;\">Na zlato si brousila zcela legitimn\u011b zuby i dvojka na\u0161ich \u0161ikovn\u00fdch d\u011bv\u010dat, reprezentuj\u00edc\u00edch MORAVEC Team v kategorii 7-8 let. I kdy\u017e po \u010dtvrt\u00e9 v \u0159ad\u011b byla v c\u00edli v\u00edt\u011bzn\u00e1 S\u00e1ra \u0160kubalov\u00e1 (TUFO Cykloz\u00e1kladna Otrokovice) nakonec nad jejich s\u00edly,<strong><span style=\"color: #800000;\"> Zita \u017dern\u00ed\u010dkov\u00e1<\/span> <\/strong>i <strong><span style=\"color: #800000;\">Lucie Gottwaldov\u00e1<\/span><\/strong> splnily v z\u00e1vod\u011b \u00falohu &#8222;hon\u00edc\u00edch ps\u016f&#8220; do punt\u00edku a S\u00e1\u0159e v z\u00e1vod\u011b nedarovaly ani milimetr trat\u011b (v c\u00edli od sebe d\u011blily v\u0161echna t\u0159i d\u011bv\u010data pouh\u00e9 t\u0159i vte\u0159iny&#8230;). V kategorii stejn\u011b mlad\u00fdch chlapc\u016f vybojoval bronz pro MORAVEC <strong><span style=\"color: #800000;\">Filip Ecler<\/span><\/strong> a i po Velenov\u011b udr\u017eel post celkov\u00e9ho l\u00eddra v t\u00e9to kategorii. V\u00edt\u011bzn\u00fd Sam Mucha (SK Ji\u0159\u00ed Team) bude ale ve zb\u00fdvaj\u00edc\u00edch t\u0159ech z\u00e1vodech v boji o celkov\u00e9 prvenstv\u00ed pro na\u0161eho &#8222;Fildu&#8220; hodn\u011b zdatn\u00fdm\u00a0 soupe\u0159em..! O &#8222;fl\u00ed\u010dek&#8220; lep\u0161\u00edho um\u00edst\u011bn\u00ed pak dos\u00e1hla ve sv\u00e9m druh\u00e9m startu dne v kategorii d\u00edvek do 6 let Filipova mlad\u0161\u00ed sestra <span style=\"color: #800000;\"><strong>Leona Eclerov\u00e1<\/strong><\/span> a zkompletovala tak rodinnou medaiilovou velenovskou sb\u00edrku&#8230;<\/p>\n<p style=\"text-align: justify;\">Hned t\u0159i borci svedli zaj\u00edmav\u00fd souboj o st\u0159\u00edbrnou a bronzovou medaili v z\u00e1vod\u011b chlapc\u016f kategorie 9-10 let. A k na\u0161\u00ed velk\u00e9 radosti byl mezi nimi i n\u00e1\u0161 &#8211; v c\u00edli nakonec bronzov\u00fd &#8211; <strong><span style=\"color: #800000;\">Matou\u0161 Lipensk\u00fd<\/span><\/strong>! Na suver\u00e9nn\u00edho v\u00edt\u011bze Kubu Tesa\u0159\u00edka (Cyklotem Kol\u00e1rna) a st\u0159\u00edbrn\u00e9ho Pep\u00edka Kucha\u0159e (ACT Lerak Blansko) sice nesta\u010dil, ale o medaili svedl ve fini\u0161i v\u00edt\u011bzn\u00fd souboj s P\u00e9\u0165ou Doud\u011brou (Jaroslav Kulhav\u00fd Cycling Team), jeho\u017e skalp Matou\u0161e asi docela t\u011b\u0161\u00ed! V kategorii stejn\u011b mlad\u00fdch d\u011bv\u010dat jsme u\u017e v\u00edt\u011bznou <strong><span style=\"color: #800000;\">Lucii Koudelkovou<\/span><\/strong> pochv\u00e1lili, bronz brala nav\u00edc <strong><span style=\"color: #800000;\">Just\u00fdna Novotn\u00e1<\/span><\/strong>, zisk hattricku n\u00e1m p\u0159ekazila letos v\u00fdborn\u011b &#8222;Vrchovinu&#8220; jezd\u00edci Ag\u00e1ta Sl\u00e1mkov\u00e1 (Cykloch Team), kter\u00e1 brala ve Velenov\u011b st\u0159\u00edbro a d\u00edky tomu z\u00fastala dal\u0161\u00ed na\u0161e zdatn\u00e1 borka, Bar\u010da Janovsk\u00e1 , nekonec &#8222;bramborov\u00e1&#8220; a t\u011bsn\u011b pod &#8222;bednou&#8220;&#8230;<\/p>\n<p style=\"text-align: justify;\">Na na\u0161e mlad\u0161\u00ed \u017e\u00e1kyn\u011b je medailov\u00fd spoleh! To se potvrdilo i minulou sobotu. V souboji s Annou Hude\u010dkovou (TUFO Cyakloz\u00e1kladny Otrokovice) nep\u0159ipustila leto\u0161n\u00ed vicemistryn\u011b republiky <strong><span style=\"color: #800000;\">Am\u00e1lka Gottwaldov\u00e1<\/span><\/strong> \u017e\u00e1dnou z\u00e1pletku a s p\u0159ehledem si dojela pro prvenstv\u00ed! Bronz v tomto z\u00e1vod\u011b vyjela pro MORAVEC <strong><span style=\"color: #800000;\">Anna Han\u00e1kov\u00e1<\/span> <\/strong>a &#8222;pokazila&#8220; tak rann\u00ed odhad &#8222;Jan\u010d\u00edho&#8220; Svorady o t\u0159ech zlatech pro rodinu Han\u00e1kovic&#8230; Honza se ale o mnoho nespletl&#8230; <strong><span style=\"color: #800000;\">Eli\u0161ka Han\u00e1kov\u00e1<\/span><\/strong> zvl\u00e1dla na jedni\u010dku a sp\u0159ehledem v\u00edt\u011bzn\u011b zt\u00e1vod star\u0161\u00edch \u017e\u00e1ky\u0148, tak\u017ee ke zlatu Ton\u00edka a bronzu Ani\u010dky p\u0159idala do rodinn\u00e9 velenovsk\u00e9 pokladni\u010dky druhou zlatou! Blahop\u0159ejeme! Fin\u00e1ln\u011b uzav\u0159el druh\u00fd blok start\u016f ve Velenov\u011b z\u00e1vod \u0161tafet a ani zde se, v konkurenci deseti (!) Team\u016f MORAVEC neztratil&#8230; Za siln\u00fdmi sestavami TUFA a &#8222;Academik\u016f&#8220; fini\u0161ovali na\u0161i v sestav\u011b <span style=\"color: #800000;\"><strong>Barbora Tlamkov\u00e1<\/strong>, <strong>Anna Han\u00e1kov\u00e1<\/strong> a <strong>Franta Pad\u011bra <\/strong><\/span>jako bronzov\u00ed! Bravo MORAVEC!<\/p>\n<p style=\"text-align: justify;\">I v posledn\u00edch popoledn\u00edch, po\u010detn\u011b hodn\u011b pro\u0159\u00eddl\u00fdch startech (zde se soub\u011bh\u00a0 &#8222;Vrchoviny&#8220;\u00a0 s <strong><a href=\"https:\/\/www.mtbgolem.cz\/\">Blanensk\u00fdm Golemem <\/a><\/strong>p\u0159ece jen projevil), se MORAVEC mohl znovu\u00a0 radovat ze zisku dal\u0161\u00edch\u00a0 dvou &#8222;placek&#8220;&#8230;. Nejd\u0159\u00edve jsme potleskem p\u0159iv\u00edtali v c\u00edli bronzovou juniorku \/ kadetku &#8211;\u00a0 <strong><span style=\"color: #800000;\">Kl\u00e1ru Odehnalovou<\/span><\/strong>, aby se pak letos poprv\u00e9 z &#8222;Vrchovinov\u00e9&#8220; bedny radoval n\u00e1\u0161 zku\u0161en\u00fd a osv\u011bd\u010den\u00fd &#8222;repro\u0161&#8220; &#8211; <strong><span style=\"color: #800000;\">Franta Pad\u011bra<\/span><\/strong>! I v t\u011bchto startech mohlo b\u00fdt pro n\u00e1s l\u00edp, ale defekty zma\u0159ili \u00fasil\u00ed a mo\u017enost lep\u0161\u00edho v\u00fdsledku p\u0159edev\u0161\u00edm na\u0161im junior\u016fm &#8211; Tomovi Dou\u0161kovi a V\u00ed\u0165ovi Such\u00e1nkovi&#8230; Mrkn\u011bte na okulib\u00fd medailov\u00fd souhrn z po\u0159ad\u00ed OPEN:<\/p>\n<ul>\n<li style=\"text-align: justify;\"><strong><span style=\"color: #ff6600;\">Zlata<\/span><\/strong> vybojovali: <strong><span style=\"color: #ff6600;\">Anton\u00edn Han\u00e1k<\/span><\/strong> (odr\u00e1\u017eedla) &#8211; 2.,\u00a0<strong><span style=\"color: #ff6600;\">Leona Eclerov\u00e1<\/span><\/strong>\u00a0(odr\u00e1\u017eedla) &#8211; 1.\u00a0,\u00a0<strong><span style=\"color: #ff6600;\">Lucie Koudelkov\u00e1<\/span><\/strong>\u00a0(9-10 let) &#8211; 1.,\u00a0<span style=\"color: #ff6600;\"><strong>Am\u00e1lie Gottwaldov\u00e1<\/strong><\/span>\u00a0(11-12 let) &#8211; 2.,<strong><span style=\"color: #ff6600;\">\u00a0Eli\u0161ka Han\u00e1kov\u00e1<\/span><\/strong>\u00a0(13-14 let) &#8211; 1.<\/li>\n<li style=\"text-align: justify;\"><strong><span style=\"color: #808080;\">St\u0159\u00edbra<\/span><\/strong> vybojovali:\u00a0<strong><span style=\"color: #808080;\">Leona Eclerov\u00e1<\/span><\/strong> (do 6 let)\u00a0 &#8211; 2.,\u00a0<strong><span style=\"color: #808080;\">Zita \u017dern\u00ed\u010dkov\u00e1<\/span><\/strong> (7-8 let) &#8211; 2., a <strong><span style=\"color: #808080;\">Franti\u0161ek Pad\u011bra<\/span><\/strong> (Masters II) &#8211; 3.<\/li>\n<li style=\"text-align: justify;\"><strong><span style=\"color: #993300;\">Bronzy<\/span><\/strong> vybojovali: <strong><span style=\"color: #993300;\">Filip Ecler<\/span><\/strong> (7-8 let) &#8211; 1., <strong><span style=\"color: #993300;\">Lucie Gottwaldov\u00e1<\/span><\/strong> (7-8 let) &#8211; 3., <strong><span style=\"color: #993300;\">Matou\u0161 Lipensk\u00fd<\/span><\/strong> (9-10 let) &#8211; 4., <strong><span style=\"color: #993300;\">Just\u00fdna Novotn\u00e1\u00a0<\/span><\/strong>(9-10 let) &#8211; 3.,\u00a0\u00a0<strong><span style=\"color: #993300;\">Anna Han\u00e1kov\u00e1<\/span><\/strong>\u00a0(11-12 let) &#8211; 1.,\u00a0\u00a0<strong><span style=\"color: #993300;\">Kl\u00e1ra Odehnalov\u00e1<\/span><\/strong> (juniorky\/ kadetky) &#8211; 1., \u0161tafeta &#8222;Baf\u00edci\u00b4&#8220; ve slo\u017een\u00ed <strong><span style=\"color: #993300;\">Barbora Tlamkov\u00e1, Anna Han\u00e1kov\u00e1 a Franti\u0161ek Pad\u011bra<\/span><\/strong>.<\/li>\n<\/ul>\n<p style=\"text-align: justify;\">Zde studujte <strong><a href=\"http:\/\/vysledky.pohardrahanskevrchoviny.cz\/2018\/?page=vysledky\">kompletn\u00ed v\u00fdsledkov\u00fd servis <\/a><\/strong>\u00a0a j\u00e1 je\u0161t\u011b &#8222;vyseknu&#8220; poklonu v\u0161em na\u0161im z\u00fa\u010dastn\u011bn\u00fdm rajdr\u016fm za jejich v\u00fdkony &#8222;na doraz&#8220;! Pod\u011bkov\u00e1n\u00ed pat\u0159\u00ed, samo-\u017ee, t\u00e9\u017e sv\u011bdomit\u00fdm rodinn\u00fdm t\u00fdm\u016fm! A je\u0161t\u011b se poj\u010fte mrknout na na\u0161e medailisty v po\u0159ad\u00ed OBCE:<\/p>\n<ul>\n<li>\n<div style=\"text-align: justify;\"><strong><span style=\"color: #ff6600;\">Prvn\u00ed m\u00edsta<\/span><\/strong> vybojovali :\u00a0 <strong><span style=\"color: #ff6600;\">Anton\u00edn Han\u00e1k<\/span><\/strong> (odr\u00e1\u017eedla), <strong><span style=\"color: #ff6600;\">Zita \u017dern\u00ed\u010dkov\u00e1<\/span><\/strong> (7-8 let), <strong><span style=\"color: #ff6600;\">Dominik Pt\u00e1\u010dn\u00edk<\/span><\/strong> (9-10 let), <strong><span style=\"color: #ff6600;\">Lucie Koudelkov\u00e1<\/span><\/strong>\u00a0(9-10 let),\u00a0<strong><span style=\"color: #ff6600;\">Anna Han\u00e1kov\u00e1<\/span><\/strong>\u00a0(11-12 let),\u00a0<strong><span style=\"color: #ff6600;\">Luk\u00e1\u0161 Sedl\u00e1k<\/span><\/strong>\u00a0(13-14 let)\u00a0a\u00a0<strong><span style=\"color: #ff6600;\">Eli\u0161ka\u00a0Han\u00e1kov\u00e1<\/span><\/strong>\u00a0(13-14 let).<\/div>\n<\/li>\n<li style=\"text-align: justify;\"><strong><span style=\"color: #808080;\">Druh\u00e1 m\u00edsta<\/span><\/strong>:\u00a0<strong><span style=\"color: #808080;\"> Kl\u00e1ra V\u011brn\u00e1<\/span><\/strong> (odr\u00e1\u017eedla),\u00a0\u00a0<strong><span style=\"color: #808080;\">Ad\u00e9la V\u011brn\u00e1<\/span><\/strong>\u00a0 (7-8 let),\u00a0 <span style=\"color: #808080;\"><strong>Just\u00fdna Novotn\u00e1<\/strong><\/span>\u00a0(9-10 let),\u00a0\u00a0<strong><span style=\"color: #808080;\">Barbora Tlamkov\u00e1<\/span><\/strong> (11-12 let)\u00a0 a\u00a0<strong><span style=\"color: #808080;\">Veronika Pt\u00e1\u010dn\u00edkov\u00e1<\/span><\/strong>\u00a0(13-14 let).<\/li>\n<li style=\"text-align: justify;\">T\u0159et\u00ed pozice: <strong><span style=\"color: #993300;\">Jon\u00e1\u0161 Janovsk\u00fd<\/span> <\/strong>(do 6 let) a <strong><span style=\"color: #993300;\">Barbora Janovsk\u00e1<\/span><\/strong>\u00a0(9-10 let)<\/li>\n<\/ul>\n<p style=\"text-align: justify;\">V souvislosti s celkov\u00fdm po\u0159ad\u00edm OBCE je na m\u00edst\u011b sd\u011blit d\u016fle\u017eitou &#8222;\u010derstvou&#8220; informaci: i nejlep\u0161\u00ed z\u00e1vodn\u00edci v tomto po\u0159ad\u00ed budou odm\u011bn\u011bn\u00ed v r\u00e1mci z\u00e1v\u011bre\u010dn\u00e9ho z\u00e1vodu leto\u0161n\u00ed MTB &#8222;Vrchoviny&#8220;, 28.9. 2018 v Nov\u00e9m M\u011bst\u011b na Morav\u011b. <strong><a href=\"https:\/\/moravecteam.rajce.idnes.cz\/2018.09.08_MTB_PDV_Velenov\/\">Fotogalerie z Velenova<\/a><\/strong>\u00a0 od Karla je ji\u017e\u00a0 ke zhl\u00e9dnut\u00ed&#8230;<\/p>\n","protected":false},"excerpt":{"rendered":"<p>V\u011b\u0159\u00edc\u00ed K\u0159es\u0165an\u00e9 si jist\u011b p\u0159i \u010dten\u00ed nadpisu t\u00e9to aktuality vzpomenou na kultovn\u00ed\u00a0 p\u00edse\u0148, oslavuj\u00edc\u00ed Svatou d\u00edvku &#8211; Matku Marii&#8230; Ani\u017e bychom cht\u011bli jakkoli &#8211;\u00a0 nedej Bo\u017ee &#8211; tuto poutn\u00ed p\u00edse\u0148 parafr\u00e1zovat, jedno je po sobotn\u00ed osm\u00e9 MTB &#8222;Vrchovin\u011b&#8220; jist\u00e9: na\u0161e Lucie Koudelkov\u00e1 (kategorie d\u00edvky 9-10 let) je letos prvn\u00ed celkovou v\u00edt\u011bzkou 17. ro\u010dn\u00edku MTB Superior-Colorprofi &hellip; <a href=\"https:\/\/www.moravecteam.cz\/?p=12342\" class=\"more-link\">Pokra\u010dov\u00e1n\u00ed textu <span class=\"screen-reader-text\">Lucie v\u00edt\u011bzn\u00e1!<\/span> <span class=\"meta-nav\">&rarr;<\/span><\/a><\/p>\n","protected":false},"author":3,"featured_media":12359,"comment_status":"open","ping_status":"closed","sticky":false,"template":"","format":"standard","meta":[],"categories":[1],"tags":[],"_links":{"self":[{"href":"https:\/\/www.moravecteam.cz\/index.php?rest_route=\/wp\/v2\/posts\/12342"}],"collection":[{"href":"https:\/\/www.moravecteam.cz\/index.php?rest_route=\/wp\/v2\/posts"}],"about":[{"href":"https:\/\/www.moravecteam.cz\/index.php?rest_route=\/wp\/v2\/types\/post"}],"author":[{"embeddable":true,"href":"https:\/\/www.moravecteam.cz\/index.php?rest_route=\/wp\/v2\/users\/3"}],"replies":[{"embeddable":true,"href":"https:\/\/www.moravecteam.cz\/index.php?rest_route=%2Fwp%2Fv2%2Fcomments&post=12342"}],"version-history":[{"count":22,"href":"https:\/\/www.moravecteam.cz\/index.php?rest_route=\/wp\/v2\/posts\/12342\/revisions"}],"predecessor-version":[{"id":12376,"href":"https:\/\/www.moravecteam.cz\/index.php?rest_route=\/wp\/v2\/posts\/12342\/revisions\/12376"}],"wp:featuredmedia":[{"embeddable":true,"href":"https:\/\/www.moravecteam.cz\/index.php?rest_route=\/wp\/v2\/media\/12359"}],"wp:attachment":[{"href":"https:\/\/www.moravecteam.cz\/index.php?rest_route=%2Fwp%2Fv2%2Fmedia&parent=12342"}],"wp:term":[{"taxonomy":"category","embeddable":true,"href":"https:\/\/www.moravecteam.cz\/index.php?rest_route=%2Fwp%2Fv2%2Fcategories&post=12342"},{"taxonomy":"post_tag","embeddable":true,"href":"https:\/\/www.moravecteam.cz\/index.php?rest_route=%2Fwp%2Fv2%2Ftags&post=12342"}],"curies":[{"name":"wp","href":"https:\/\/api.w.org\/{rel}","templated":true}]}}