{"id":12362,"date":"2018-09-10T23:15:38","date_gmt":"2018-09-10T21:15:38","guid":{"rendered":"http:\/\/www.moravecteam.cz\/?p=12362"},"modified":"2018-09-10T23:26:13","modified_gmt":"2018-09-10T21:26:13","slug":"co-se-bude-dit-st37-4","status":"publish","type":"post","link":"https:\/\/www.moravecteam.cz\/?p=12362","title":{"rendered":"Co se bude d\u00edt? (ST37)"},"content":{"rendered":"<h5><strong><span style=\"color: #993300;\">\u00dater\u00fd 11.9. 2018<\/span><\/strong><\/h5>\n<p style=\"text-align: justify;\">Tr\u00e9nink na silni\u010dn\u00edch kolech s\u00a0<strong><span style=\"color: #993300;\">Frantou Pad\u011brou<\/span><\/strong>\u00a0a\u00a0<strong><span style=\"color: #993300;\">Jirkou \u0160t\u011bpan\u00edkem st.\u00a0<\/span><\/strong>\u00a0Sraz bude &#8211; <strong><span style=\"color: #ff0000;\">POZOR!<\/span><\/strong> &#8211; <strong><span style=\"color: #ff0000;\">d\u0159\u00edv &#8211;\u00a0 v 16.30 hodin<\/span><\/strong>\u00a0u budovy Z\u00e1kladn\u00ed \u0161koly v Bene\u0161ov\u011b. V p\u0159\u00edpad\u011b pot\u0159eby kontaktujte\u00a0Franti\u0161ka na\u00a0<strong><span style=\"color: #993300;\">605 838 404.<\/span><\/strong><\/p>\n<h5 style=\"text-align: justify;\"><strong><span style=\"color: #800000;\">St\u0159eda 12.9. 2018<\/span><\/strong><\/h5>\n<p style=\"text-align: justify;\">MTB tr\u00e9nink rajdr\u016f MORAVEC Teamu pod veden\u00edm\u00a0\u00a0<strong><span style=\"color: #800000;\">Milana Tlamky (776 108 046)<\/span><\/strong>,\u00a0tentokr\u00e1t\u00a0ve Valchov\u011b. Sraz bude <strong><span style=\"color: #ff0000;\">POZOR!\u00a0&#8211; d\u0159\u00edve \u00a0v\u00a016.30 hodin<\/span><\/strong>\u00a0na m\u00edstn\u00edm fotbalov\u00e9m h\u0159i\u0161ti.<\/p>\n<h5><span style=\"color: #800000;\">P\u00e1tek 14.9. 2018<\/span><\/h5>\n<p style=\"text-align: justify;\">Ofici\u00e1ln\u00ed tr\u00e9nink na dev\u00e1t\u00fd z\u00e1vod MTB &#8222;Vrchoviny&#8220; v Kn\u00ednc\u00edch u Boskovic. Prohl\u00eddky trat\u00ed budou prob\u00edhat od 17.00 \u00fa\u010dast a dopravu si ka\u017ed\u00fd zaji\u0161\u0165uje s\u00e1m, zde mrkn\u011bte na\u00a0<a href=\"http:\/\/www.pohardrahanskevrchoviny.cz\/boskovicemi-nekonci\/\">p<\/a>ropozice\u00a0<strong><a href=\"http:\/\/www.moravecteam.cz\/?attachment_id=12365\" rel=\"attachment wp-att-12365\">09.-PDV-2018_kninice_propozice<\/a><\/strong><\/p>\n<h5 style=\"text-align: justify;\"><strong><span style=\"color: #800000;\">Sobota 15.9. 2018<\/span><\/strong><\/h5>\n<p style=\"text-align: justify;\"><strong><\/strong>Dev\u00e1t\u00fd z\u00e1vod MTB Superior-COLORprofi Poh\u00e1ru Drahansk\u00e9 vrchoviny v Kn\u00ednic\u00edch u Boskovic, \u00fa\u010dast a dopravu si ka\u017ed\u00fd zaji\u0161\u0165uje s\u00e1m, zde studujte propozice\u00a0<strong><a href=\"http:\/\/www.moravecteam.cz\/?attachment_id=12365\" rel=\"attachment wp-att-12365\">09.-PDV-2018_kninice_propozice<\/a><\/strong><\/p>\n<p style=\"text-align: justify;\"><strong><span style=\"color: #800000;\">AKCE T\u011aSN\u011a ZA HORIZONTEM<\/span><\/strong><\/p>\n<ul>\n<li style=\"text-align: justify;\">25. 9. 2018 &#8211; kdo m\u00e1 z\u00e1jem pro sv\u00e9 d\u011bti zakoupit kolo Superior 27,5&#8243;,\u00a0 &#8211; pro MORAVEC Team &#8211; za exkluzivn\u00ed cenu, je t\u0159eba d\u00e1t v\u011bd\u011bt nejpozd\u011bji do uveden\u00e9ho data na tren\u00e9rovo <span style=\"color: #800000;\"><strong>776 108 046<\/strong><\/span>&#8230; Aktu\u00e1ln\u011b jsou pro n\u00e1s v nab\u00eddce od na\u0161ich p\u0159\u00e1tel 2 kusy.<\/li>\n<li style=\"text-align: justify;\">20.10. 2018 &#8211; zakon\u010den\u00ed cyklistick\u00e9 sez\u00f3ny hv\u011bzdicovou j\u00edzdou na kopec Mal\u00fd Chlum.<\/li>\n<li style=\"text-align: justify;\">4.11. 2018 &#8211; Draki\u00e1da Drakec MORAVEC &#8211; na obvykl\u00e9m m\u00edst\u011b a v obvykl\u00e9m \u010dase &#8211; u Pavlovsk\u00e9 kaple v Bene\u0161ov\u011b u Boskovic. Draky a dobrou n\u00e1ladu &#8211; si vezm\u011bte, samo, \u017ee s sebou&#8230;<\/li>\n<li style=\"text-align: justify;\">16.12. 2018 &#8211; Tradi\u010dn\u00ed n\u00e1v\u0161t\u011bva hrobu Vlastimila MORAVCE na \u00dast\u0159edn\u00edm h\u0159bitov\u011b v Brn\u011b a z\u00e1rove\u0148 n\u00e1v\u0161t\u011bva m\u00edsta jeho tragick\u00e9ho skonu v Brn\u011b &#8211; Kohoutovoc\u00edch&#8230;<\/li>\n<\/ul>\n<h5><span style=\"color: #800000;\">AKCE T\u011aSN\u011a ZA DV\u011aMA HORIZONTY<\/span><\/h5>\n<p>10.2. \u2013 16.2. 2019\u00a0&#8211; zimn\u00ed soust\u0159ed\u011bn\u00ed MORAVEC Teamu, kdy se po roce vr\u00e1t\u00edme do Jesen\u00edk\u016f, na<a href=\"http:\/\/www.navrsi.eu\/\">\u00a0chatu N\u00e1vr\u0161\u00ed<\/a>.<\/p>\n","protected":false},"excerpt":{"rendered":"<p>\u00dater\u00fd 11.9. 2018 Tr\u00e9nink na silni\u010dn\u00edch kolech s\u00a0Frantou Pad\u011brou\u00a0a\u00a0Jirkou \u0160t\u011bpan\u00edkem st.\u00a0\u00a0Sraz bude &#8211; POZOR! &#8211; d\u0159\u00edv &#8211;\u00a0 v 16.30 hodin\u00a0u budovy Z\u00e1kladn\u00ed \u0161koly v Bene\u0161ov\u011b. V p\u0159\u00edpad\u011b pot\u0159eby kontaktujte\u00a0Franti\u0161ka na\u00a0605 838 404. St\u0159eda 12.9. 2018 MTB tr\u00e9nink rajdr\u016f MORAVEC Teamu pod veden\u00edm\u00a0\u00a0Milana Tlamky (776 108 046),\u00a0tentokr\u00e1t\u00a0ve Valchov\u011b. Sraz bude POZOR!\u00a0&#8211; d\u0159\u00edve \u00a0v\u00a016.30 hodin\u00a0na m\u00edstn\u00edm fotbalov\u00e9m &hellip; <a href=\"https:\/\/www.moravecteam.cz\/?p=12362\" class=\"more-link\">Pokra\u010dov\u00e1n\u00ed textu <span class=\"screen-reader-text\">Co se bude d\u00edt? (ST37)<\/span> <span class=\"meta-nav\">&rarr;<\/span><\/a><\/p>\n","protected":false},"author":3,"featured_media":12368,"comment_status":"open","ping_status":"closed","sticky":false,"template":"","format":"standard","meta":[],"categories":[11],"tags":[],"_links":{"self":[{"href":"https:\/\/www.moravecteam.cz\/index.php?rest_route=\/wp\/v2\/posts\/12362"}],"collection":[{"href":"https:\/\/www.moravecteam.cz\/index.php?rest_route=\/wp\/v2\/posts"}],"about":[{"href":"https:\/\/www.moravecteam.cz\/index.php?rest_route=\/wp\/v2\/types\/post"}],"author":[{"embeddable":true,"href":"https:\/\/www.moravecteam.cz\/index.php?rest_route=\/wp\/v2\/users\/3"}],"replies":[{"embeddable":true,"href":"https:\/\/www.moravecteam.cz\/index.php?rest_route=%2Fwp%2Fv2%2Fcomments&post=12362"}],"version-history":[{"count":6,"href":"https:\/\/www.moravecteam.cz\/index.php?rest_route=\/wp\/v2\/posts\/12362\/revisions"}],"predecessor-version":[{"id":12373,"href":"https:\/\/www.moravecteam.cz\/index.php?rest_route=\/wp\/v2\/posts\/12362\/revisions\/12373"}],"wp:featuredmedia":[{"embeddable":true,"href":"https:\/\/www.moravecteam.cz\/index.php?rest_route=\/wp\/v2\/media\/12368"}],"wp:attachment":[{"href":"https:\/\/www.moravecteam.cz\/index.php?rest_route=%2Fwp%2Fv2%2Fmedia&parent=12362"}],"wp:term":[{"taxonomy":"category","embeddable":true,"href":"https:\/\/www.moravecteam.cz\/index.php?rest_route=%2Fwp%2Fv2%2Fcategories&post=12362"},{"taxonomy":"post_tag","embeddable":true,"href":"https:\/\/www.moravecteam.cz\/index.php?rest_route=%2Fwp%2Fv2%2Ftags&post=12362"}],"curies":[{"name":"wp","href":"https:\/\/api.w.org\/{rel}","templated":true}]}}