{"id":12377,"date":"2018-09-16T23:49:45","date_gmt":"2018-09-16T21:49:45","guid":{"rendered":"http:\/\/www.moravecteam.cz\/?p=12377"},"modified":"2018-09-16T23:49:45","modified_gmt":"2018-09-16T21:49:45","slug":"co-se-bude-dit-st38-3","status":"publish","type":"post","link":"https:\/\/www.moravecteam.cz\/?p=12377","title":{"rendered":"Co se bude d\u00edt? (ST38)"},"content":{"rendered":"<h5><strong><span style=\"color: #800000;\">\u00dater\u00fd 18.9. 2018<\/span><\/strong><\/h5>\n<p style=\"text-align: justify;\">Tr\u00e9nink na silni\u010dn\u00edch kolech s\u00a0<strong><span style=\"color: #800000;\">Frantou Pad\u011brou<\/span><\/strong>\u00a0a\u00a0<strong><span style=\"color: #800000;\">Jirkou \u0160t\u011bpan\u00edkem st.<\/span><\/strong>\u00a0\u00a0Sraz\u00a0 v 16.30 hodin\u00a0u budovy Z\u00e1kladn\u00ed \u0161koly v Bene\u0161ov\u011b. V p\u0159\u00edpad\u011b pot\u0159eby kontaktujte\u00a0Franti\u0161ka na\u00a0<strong><span style=\"color: #800000;\">605 838 404.<\/span><\/strong><\/p>\n<h5><span style=\"color: #800000;\">St\u0159eda 19.9. 2018<\/span><\/h5>\n<ul>\n<li style=\"text-align: justify;\">MTB tr\u00e9nink t\u011bchto rajdr\u016f MORAVEC Teamu &#8211; <strong><span style=\"color: #800000;\">Eli\u0161ky Han\u00e1kov\u00e9, Anny Han\u00e1kov\u00e9, Barbory Tlamkov\u00e9, Am\u00e1lie Gottwaldov\u00e9, V\u00edtka Lipensk\u00e9ho, Romana \u0160indel\u00e1\u0159e a Luk\u00e1\u0161e Sedl\u00e1ka<\/span><\/strong> &#8211; pod veden\u00edm <strong><span style=\"color: #800000;\">Ji\u0159\u00edho Va\u0161\u00ed\u010dka<\/span><\/strong>. Sraz v 16.30 ve Sportparku Doubravy v Boskovic\u00edch.<\/li>\n<li style=\"text-align: justify;\">MTB tr\u00e9nink rajdr\u016f MORAVEC Teamu pod veden\u00edm\u00a0\u00a0<strong><span style=\"color: #800000;\">Milana Tlamky (776 108 046),<\/span><\/strong>\u00a0tentokr\u00e1t\u00a0na Okrouhl\u00e9. Sraz na obvykl\u00e9m m\u00edst\u011b\u00a0 v\u00a016.30 hodin. <span style=\"text-decoration: underline;\"><strong><span style=\"color: #ff0000; text-decoration: underline;\">POZOR! Rodi\u010de, kte\u0159\u00ed svoje d\u011bti na tr\u00e9nik p\u0159ivezete, oble\u010dte se pracovn\u011b: soub\u011b\u017en\u011b s tr\u00e9ninkem pom\u016f\u017eete tren\u00e9rovi Milanu Tlamkovi s &#8222;ml\u00edkov\u00e1n\u00edm&#8220; trat\u00ed na sobotn\u00ed &#8222;Vrchovinu&#8220; v Okrouhl\u00e9.<\/span><\/strong><\/span><\/li>\n<\/ul>\n<h5 style=\"text-align: justify;\"><strong><span style=\"color: #800000;\">P\u00e1tek 21.9. 2018<\/span><\/strong><\/h5>\n<p style=\"text-align: justify;\">Ofici\u00e1ln\u00ed tr\u00e9nink na des\u00e1t\u00fd z\u00e1vod MTB &#8222;Vrchoviny&#8220; v Okrouhl\u00e9. Prohl\u00eddky trat\u00ed budou prob\u00edhat od 17.00 \u00fa\u010dast a dopravu si ka\u017ed\u00fd zaji\u0161\u0165uje s\u00e1m, zde mrkn\u011bte na\u00a0<strong><a href=\"http:\/\/www.pohardrahanskevrchoviny.cz\/monza\/\">propozice<\/a><\/strong>\u00a0<a href=\"http:\/\/www.moravecteam.cz\/?attachment_id=12365\" rel=\"attachment wp-att-12365\"><br \/>\n<\/a><\/p>\n<h5><strong><span style=\"color: #800000;\">Sobota 22.9. 2018<\/span><\/strong><\/h5>\n<p style=\"text-align: justify;\">Des\u00e1t\u00fd z\u00e1vod MTB Superior-COLORprofi Poh\u00e1ru Drahansk\u00e9 vrchoviny v Okrouhl\u00e9, \u00fa\u010dast a dopravu si ka\u017ed\u00fd zaji\u0161\u0165uje s\u00e1m, zde studujte <strong><a href=\"http:\/\/www.pohardrahanskevrchoviny.cz\/monza\/\">propozice<\/a>.\u00a0<\/strong><a href=\"http:\/\/www.moravecteam.cz\/?attachment_id=12365\" rel=\"attachment wp-att-12365\"><br \/>\n<\/a><\/p>\n<h5><strong><span style=\"color: #800000;\">AKCE T\u011aSN\u011a ZA HORIZONTEM<\/span><\/strong><\/h5>\n<ul>\n<li style=\"text-align: justify;\">25. 9. 2018 &#8211; kdo m\u00e1 z\u00e1jem pro sv\u00e9 d\u011bti zakoupit kolo Superior 27,5&#8243;,\u00a0 &#8211; pro MORAVEC Team &#8211; za exkluzivn\u00ed cenu, je t\u0159eba d\u00e1t v\u011bd\u011bt nejpozd\u011bji do uveden\u00e9ho data na tren\u00e9rovo\u00a0776 108 046&#8230; Aktu\u00e1ln\u011b jsou pro n\u00e1s v nab\u00eddce od na\u0161ich p\u0159\u00e1tel 2 kusy.<\/li>\n<li style=\"text-align: justify;\">20.10. 2018 &#8211; zakon\u010den\u00ed cyklistick\u00e9 sez\u00f3ny hv\u011bzdicovou j\u00edzdou na kopec Mal\u00fd Chlum.<\/li>\n<li style=\"text-align: justify;\">4.11. 2018 &#8211; Draki\u00e1da Drakec MORAVEC &#8211; na obvykl\u00e9m m\u00edst\u011b a v obvykl\u00e9m \u010dase &#8211; u Pavlovsk\u00e9 kaple v Bene\u0161ov\u011b u Boskovic. Draky a dobrou n\u00e1ladu &#8211; si vezm\u011bte, samo, \u017ee s sebou&#8230;<\/li>\n<li style=\"text-align: justify;\">16.12. 2018 &#8211; Tradi\u010dn\u00ed n\u00e1v\u0161t\u011bva hrobu Vlastimila MORAVCE na \u00dast\u0159edn\u00edm h\u0159bitov\u011b v Brn\u011b a z\u00e1rove\u0148 n\u00e1v\u0161t\u011bva m\u00edsta jeho tragick\u00e9ho skonu v Brn\u011b &#8211; Kohoutovoc\u00edch&#8230;<\/li>\n<\/ul>\n<h5><strong><span style=\"color: #800000;\">AKCE T\u011aSN\u011a ZA DV\u011aMA HORIZONTY<\/span><\/strong><\/h5>\n<p>10.2. \u2013 16.2. 2019\u00a0&#8211; zimn\u00ed soust\u0159ed\u011bn\u00ed MORAVEC Teamu, kdy se po roce vr\u00e1t\u00edme do Jesen\u00edk\u016f, na<a href=\"http:\/\/www.navrsi.eu\/\">\u00a0<strong>chatu N\u00e1vr\u0161\u00ed<\/strong><\/a><strong>.<\/strong><\/p>\n","protected":false},"excerpt":{"rendered":"<p>\u00dater\u00fd 18.9. 2018 Tr\u00e9nink na silni\u010dn\u00edch kolech s\u00a0Frantou Pad\u011brou\u00a0a\u00a0Jirkou \u0160t\u011bpan\u00edkem st.\u00a0\u00a0Sraz\u00a0 v 16.30 hodin\u00a0u budovy Z\u00e1kladn\u00ed \u0161koly v Bene\u0161ov\u011b. V p\u0159\u00edpad\u011b pot\u0159eby kontaktujte\u00a0Franti\u0161ka na\u00a0605 838 404. St\u0159eda 19.9. 2018 MTB tr\u00e9nink t\u011bchto rajdr\u016f MORAVEC Teamu &#8211; Eli\u0161ky Han\u00e1kov\u00e9, Anny Han\u00e1kov\u00e9, Barbory Tlamkov\u00e9, Am\u00e1lie Gottwaldov\u00e9, V\u00edtka Lipensk\u00e9ho, Romana \u0160indel\u00e1\u0159e a Luk\u00e1\u0161e Sedl\u00e1ka &#8211; pod veden\u00edm Ji\u0159\u00edho &hellip; <a href=\"https:\/\/www.moravecteam.cz\/?p=12377\" class=\"more-link\">Pokra\u010dov\u00e1n\u00ed textu <span class=\"screen-reader-text\">Co se bude d\u00edt? (ST38)<\/span> <span class=\"meta-nav\">&rarr;<\/span><\/a><\/p>\n","protected":false},"author":3,"featured_media":12379,"comment_status":"open","ping_status":"closed","sticky":false,"template":"","format":"standard","meta":[],"categories":[11],"tags":[],"_links":{"self":[{"href":"https:\/\/www.moravecteam.cz\/index.php?rest_route=\/wp\/v2\/posts\/12377"}],"collection":[{"href":"https:\/\/www.moravecteam.cz\/index.php?rest_route=\/wp\/v2\/posts"}],"about":[{"href":"https:\/\/www.moravecteam.cz\/index.php?rest_route=\/wp\/v2\/types\/post"}],"author":[{"embeddable":true,"href":"https:\/\/www.moravecteam.cz\/index.php?rest_route=\/wp\/v2\/users\/3"}],"replies":[{"embeddable":true,"href":"https:\/\/www.moravecteam.cz\/index.php?rest_route=%2Fwp%2Fv2%2Fcomments&post=12377"}],"version-history":[{"count":3,"href":"https:\/\/www.moravecteam.cz\/index.php?rest_route=\/wp\/v2\/posts\/12377\/revisions"}],"predecessor-version":[{"id":12381,"href":"https:\/\/www.moravecteam.cz\/index.php?rest_route=\/wp\/v2\/posts\/12377\/revisions\/12381"}],"wp:featuredmedia":[{"embeddable":true,"href":"https:\/\/www.moravecteam.cz\/index.php?rest_route=\/wp\/v2\/media\/12379"}],"wp:attachment":[{"href":"https:\/\/www.moravecteam.cz\/index.php?rest_route=%2Fwp%2Fv2%2Fmedia&parent=12377"}],"wp:term":[{"taxonomy":"category","embeddable":true,"href":"https:\/\/www.moravecteam.cz\/index.php?rest_route=%2Fwp%2Fv2%2Fcategories&post=12377"},{"taxonomy":"post_tag","embeddable":true,"href":"https:\/\/www.moravecteam.cz\/index.php?rest_route=%2Fwp%2Fv2%2Ftags&post=12377"}],"curies":[{"name":"wp","href":"https:\/\/api.w.org\/{rel}","templated":true}]}}