{"id":12382,"date":"2018-09-15T23:36:52","date_gmt":"2018-09-15T21:36:52","guid":{"rendered":"http:\/\/www.moravecteam.cz\/?p=12382"},"modified":"2018-09-17T23:44:20","modified_gmt":"2018-09-17T21:44:20","slug":"fiftyn-z-kninic","status":"publish","type":"post","link":"https:\/\/www.moravecteam.cz\/?p=12382","title":{"rendered":"&#8222;Fift\u00fdn&#8220; z Kn\u00ednic!"},"content":{"rendered":"<p style=\"text-align: justify;\"><strong><span style=\"color: #800000;\">Rovn\u00fdch patn\u00e1ct medail\u00ed vybojovali z\u00e1vodn\u00edci MORAVEC Teamu na dev\u00e1t\u00e9 MTB &#8222;Vrchovin\u011b&#8220; minulou sobotu v Kn\u00ednic\u00edch.\u00a0Tento &#8222;fift\u00fdn&#8220; je cenn\u00fdm v\u00fdsledkem, vezmeme-li v \u00favahu, \u017ee seri\u00e1l b\u011bhem n\u00e1sleduj\u00edc\u00edch \u010dtrn\u00e1cti dn\u016f vyvrchol\u00ed zb\u00fdvaj\u00edc\u00edmi dv\u011bma z\u00e1vody (Okrouhl\u00e1 a Nov\u00e9 M\u011bsto na Morav\u011b) a tud\u00ed\u017e je tento v\u00fdsledek dobr\u00fdm sign\u00e1lem, \u017ee forma\u00a0v\u011bt\u0161iny na\u0161ich rajdr\u016f je na\u010dasovan\u00e1 \u00a0spr\u00e1vn\u011b a &#8222;dr\u017e\u00ed&#8220; v prav\u00fd \u010das! K u\u017e jist\u00e9 v\u00edt\u011bzce leto\u0161n\u00ed &#8222;Vrchoviny&#8220; v kategorii d\u00edvek 9-10 let, Lucii Koudelkov\u00e9,\u00a0p\u0159ibyli po sobot\u011b\u00a0z na\u0161eho Teamu dal\u0161\u00ed dv\u011b: Leona Eclerov\u00e1 a Eli\u0161ka Han\u00e1kov\u00e1. Blahop\u0159ejeme, bravo MORAVEC!<\/span><\/strong><\/p>\n<figure id=\"attachment_12387\" aria-describedby=\"caption-attachment-12387\" style=\"width: 3448px\" class=\"wp-caption alignnone\"><a href=\"http:\/\/www.moravecteam.cz\/?attachment_id=12387\" rel=\"attachment wp-att-12387\"><img decoding=\"async\" loading=\"lazy\" class=\" wp-image-12387\" alt=\"01\" src=\"http:\/\/www.moravecteam.cz\/wp-content\/uploads\/2018\/09\/01.jpg\" width=\"3448\" height=\"2978\" srcset=\"https:\/\/www.moravecteam.cz\/wp-content\/uploads\/2018\/09\/01.jpg 3448w, https:\/\/www.moravecteam.cz\/wp-content\/uploads\/2018\/09\/01-300x259.jpg 300w, https:\/\/www.moravecteam.cz\/wp-content\/uploads\/2018\/09\/01-1024x884.jpg 1024w\" sizes=\"(max-width: 3448px) 100vw, 3448px\" \/><\/a><figcaption id=\"caption-attachment-12387\" class=\"wp-caption-text\">Z fotky je zcela patrn\u00e9, kter\u00e1 z d\u00edvek je letos na &#8222;Vrchovin\u011b&#8220; na odr\u00e1\u017eedlech nejrychlej\u0161\u00ed..!<\/figcaption><\/figure>\n<p style=\"text-align: justify;\">K\u00a0celkov\u00e9mu prvenstv\u00ed v\u00a0kategorii odr\u00e1\u017eedel \u2013 d\u011bv\u010dat se razantn\u011b proodr\u00e1\u017eela v\u00edt\u011bzstv\u00edm v\u00a0Kn\u00ednic\u00edch (letos ji\u017e sedm\u00e1 v\u00fdhra) <strong><span style=\"color: #800000;\">Leonka Eclerov\u00e1<\/span><\/strong>, kter\u00e1 nav\u00edc \u2013 co by jeden z\u00a0m\u00e1la \u201eoboj\u017eiveln\u00edk\u016f\u201c mezi d\u011btmi (startuje mimo odr\u00e1\u017eedlo i v\u00a0kategorii do 6 let na \u201evelk\u00e9m\u201c kole) \u2013 brala \u201est\u0159\u00edbro\u201c v\u00a0n\u00e1sledn\u00e9m startu d\u00edvek do 6-ti let. A i zde ji celkov\u00e1 \u201ebedna\u201c s\u00a0nejv\u011bt\u0161\u00ed pravd\u011bpodobnost\u00ed nemine! Ta ur\u010do nemine ani st\u0159\u00edbrn\u00e9ho z\u00a0Kn\u00ednic ve stejn\u00e9 kategorii odr\u00e1\u017eedel chlapc\u016f \u2013 dal\u0161\u00edho na\u0161eho \u0161ikovn\u00e9ho el\u00e9va <strong><span style=\"color: #800000;\">Ton\u00edka Han\u00e1ka<\/span><\/strong>, a ani v\u00a0sobotu \u010dtvrt\u00e9ho v\u00a0kategorii chlapc\u016f 7-8 let, Filipa Eclera. V\u00a0prvn\u00edm bloku start\u016f se medailov\u011b bl\u00fdskly je\u0161t\u011b dal\u0161\u00ed dv\u011b na\u0161e spolehliv\u00e9 reprezentantky v\u00a0kategorii 7-8 let, <strong><span style=\"color: #800000;\">Zita \u017dern\u00ed\u010dkov\u00e1<\/span> <\/strong>(st\u0159\u00edbrn\u00e1) a <span style=\"color: #800000;\"><strong>Lucka Gottwaldov\u00e1<\/strong><\/span> (bronzov\u00e1). Ob\u011b letos hodn\u011b rychl\u00e1 d\u011bv\u010data\u00a0\u00a0 doprovod\u00ed v\u00a0celkov\u00e9m po\u0159ad\u00ed OPEN v\u00a0NMnM na stup\u00ednek nejvy\u0161\u0161\u00ed dal\u0161\u00ed ji\u017e jistou celkovou v\u00edt\u011bzku \u2013 S\u00e1ru \u0160kubalovou (TUFO Cykloz\u00e1kladna Otrokovice).<\/p>\n<figure id=\"attachment_12388\" aria-describedby=\"caption-attachment-12388\" style=\"width: 6000px\" class=\"wp-caption alignnone\"><a href=\"http:\/\/www.moravecteam.cz\/?attachment_id=12388\" rel=\"attachment wp-att-12388\"><img decoding=\"async\" loading=\"lazy\" class=\" wp-image-12388\" alt=\"02\" src=\"http:\/\/www.moravecteam.cz\/wp-content\/uploads\/2018\/09\/02.jpg\" width=\"6000\" height=\"4000\" srcset=\"https:\/\/www.moravecteam.cz\/wp-content\/uploads\/2018\/09\/02.jpg 6000w, https:\/\/www.moravecteam.cz\/wp-content\/uploads\/2018\/09\/02-300x200.jpg 300w, https:\/\/www.moravecteam.cz\/wp-content\/uploads\/2018\/09\/02-1024x682.jpg 1024w\" sizes=\"(max-width: 6000px) 100vw, 6000px\" \/><\/a><figcaption id=\"caption-attachment-12388\" class=\"wp-caption-text\">Lucie Koudelkov\u00e1 vyhr\u00e1la v Kn\u00ednic\u00edch na &#8222;Vrchovin\u011b&#8220; po dev\u00e1t\u00e9 za sebou!<\/figcaption><\/figure>\n<p style=\"text-align: justify;\">Druh\u00fd blok start\u016f sobotn\u00ed, slun\u00ed\u010dkem proz\u00e1\u0159en\u00e9 kn\u00ednick\u00e9 \u201erace\u201c n\u00e1m p\u0159inesl hned sedm um\u00edst\u011bn\u00ed na stupn\u00edch v\u00edt\u011bz\u016f! Bravurn\u00edm medailov\u00fdm \u201ehattrickem\u201c to odstartovala d\u011bv\u010data ml\u00e1d\u00ed 9-10 let, kdy za ji\u017e zm\u00edn\u011bnou, letos\u00a0neporazitelnou <strong><span style=\"color: #800000;\">Luci\u00ed Koudelkovou<\/span> <\/strong>se na st\u0159\u00edbrn\u00fd stupe\u0148 prosadila <span style=\"color: #800000;\"><strong>Just\u00fdnka Novotn\u00e1<\/strong> <\/span>a na ten bronzov\u00fd pak zcela zaslou\u017een\u011b dom\u00e1c\u00ed borka, <strong><span style=\"color: #800000;\">Barbora Janovsk\u00e1<\/span><\/strong>! Op\u011bt bravo MORAVEC! Nem\u011blo by u\u017e nic st\u00e1t v\u00a0cest\u011b na\u0161im mlad\u00fdm sle\u010dn\u00e1m, aby si v\u00a0t\u00e9to sestav\u011b \u00a0vy\u0161l\u00e1pli na \u201ebednu\u201c i p\u0159i vyhla\u0161ov\u00e1n\u00ed celkov\u00fdch v\u00edt\u011bzek posledn\u00ed z\u00e1\u0159ijov\u00fd p\u00e1tek v\u00a0Nov\u00e9m M\u011bst\u011b na Morav\u011b\u2026 V\u00a0z\u00e1vod\u011b chlapc\u016f t\u00e9to v\u011bkov\u00e9 kategorie, kter\u00fd byl poznamen\u00e1n zkracov\u00e1n\u00edm trat\u011b n\u011bkter\u00fdch borc\u016f v\u00a0prvn\u00edm ze dvou kol, spurtoval do c\u00edle na druh\u00e9m m\u00edst\u011b <strong><span style=\"color: #800000;\">Matou\u0161 Lipensk\u00fd<\/span> <\/strong>a i on je\u0161t\u011b m\u016f\u017ee teoreticky pom\u00fd\u0161let na poh\u00e1r z\u00a0NMnM.<\/p>\n<figure id=\"attachment_12389\" aria-describedby=\"caption-attachment-12389\" style=\"width: 2917px\" class=\"wp-caption alignnone\"><a href=\"http:\/\/www.moravecteam.cz\/?attachment_id=12389\" rel=\"attachment wp-att-12389\"><img decoding=\"async\" loading=\"lazy\" class=\" wp-image-12389\" alt=\"03\" src=\"http:\/\/www.moravecteam.cz\/wp-content\/uploads\/2018\/09\/03.jpg\" width=\"2917\" height=\"2845\" srcset=\"https:\/\/www.moravecteam.cz\/wp-content\/uploads\/2018\/09\/03.jpg 2917w, https:\/\/www.moravecteam.cz\/wp-content\/uploads\/2018\/09\/03-25x25.jpg 25w, https:\/\/www.moravecteam.cz\/wp-content\/uploads\/2018\/09\/03-300x292.jpg 300w, https:\/\/www.moravecteam.cz\/wp-content\/uploads\/2018\/09\/03-1024x998.jpg 1024w\" sizes=\"(max-width: 2917px) 100vw, 2917px\" \/><\/a><figcaption id=\"caption-attachment-12389\" class=\"wp-caption-text\">Druh\u00e1 nejlep\u0161\u00ed mlad\u0161\u00ed \u017e\u00e1kyn\u011b v \u010cR, Am\u00e1lka Gotwaldov\u00e1 m\u00e1 na\u0161l\u00e1pnuto i ke zisku presti\u017en\u00ed MTB &#8222;Vrchoviny&#8220;!<\/figcaption><\/figure>\n<p style=\"text-align: justify;\">Poh\u00e1rov\u00fd hattrick za\u017eijeme v\u00a0NMnM mo\u017en\u00e1 i v\u00a0na\u0161\u00ed par\u00e1dn\u00ed kategorii mlad\u0161\u00edch \u017e\u00e1ky\u0148. V\u00a0Kn\u00ednic\u00edch op\u011bt suver\u00e9nn\u011b d\u011bv\u010dat\u016fm kralovala na\u0161e vicemistryn\u011b \u010cR, <strong><span style=\"color: #800000;\">Am\u00e1lka Gottwaldov\u00e1<\/span><\/strong>, kdy\u017e &#8211; co by bronzov\u00e1 v\u00a0z\u00e1vod\u011b &#8211; ji na stupn\u011b v\u00edt\u011bz\u016f doprovodila <strong><span style=\"color: #800000;\">Anna Han\u00e1kov\u00e1.<\/span><\/strong> V\u00fdborn\u011b tuto kategorii jezd\u00ed i celkov\u011b aktu\u00e1ln\u011b t\u0159et\u00ed na\u0161e \u201eGr\u00e1cie\u201c \u2013 Bar\u010da Tlamkov\u00e1. V\u00e1\u017en\u011b ve h\u0159e o poh\u00e1r je ale v\u00a0Kn\u00ednic\u00edch st\u0159\u00edbrn\u00e1 Anna Hude\u010dkov\u00e1 (TUFO Cykloz\u00e1kladna Otorkovice). Tak\u017ee uvid\u00edme, jak to ve zb\u00fdvaj\u00edc\u00edch dvou z\u00e1vodech nakonec dopadne\u2026 K\u00a0na\u0161\u00ed velk\u00e9 radosti je t\u0159et\u00edm jist\u00fdm celkov\u00fdm v\u00edt\u011bzem z\u00a0MORVEC Teamu star\u0161\u00ed \u017e\u00e1kyn\u011b <span style=\"color: #800000;\"><strong>Eli\u0161ka Han\u00e1kov\u00e1<\/strong><\/span>. Tuto skute\u010dnost potvrdila suver\u00e9nn\u00edm v\u00edt\u011bzstv\u00edm v\u00a0sobotu a p\u00e1t\u00e1 nejlep\u0161\u00ed star\u0161\u00ed \u017e\u00e1kyn\u011b v\u00a0\u010cR tak potvrdila, \u017ee za\u017e\u00edv\u00e1 ve sv\u00e9 bikov\u00e9 kari\u00e9\u0159e zat\u00edm TOP sez\u00f3nu! Kter\u00e1 pro ni ale je\u0161t\u011b zdaleka nekon\u010d\u00ed\u2026 Za Eli\u0161ku bude muset v\u00a0NMnM p\u0159evz\u00edt trofej n\u011bkter\u00e1 z\u00a0jejich t\u00fdmov\u00fdch kolegy\u0148 (\u010di koleg\u016f), proto\u017ee ve stejn\u00fd den n\u00e1s u\u017e bude reprezentovat na prvn\u00ed z\u00e1vod\u011b cyklokrosov\u00e9ho <strong><a href=\"http:\/\/www.cyklokros.cz\/cz\/toi-toi-cup\/toi-toi-cup-2018\">\u010cP v\u00a0Uni\u010dov\u011b.<\/a><\/strong><\/p>\n<figure id=\"attachment_12390\" aria-describedby=\"caption-attachment-12390\" style=\"width: 3897px\" class=\"wp-caption alignnone\"><a href=\"http:\/\/www.moravecteam.cz\/?attachment_id=12390\" rel=\"attachment wp-att-12390\"><img decoding=\"async\" loading=\"lazy\" class=\" wp-image-12390\" alt=\"04\" src=\"http:\/\/www.moravecteam.cz\/wp-content\/uploads\/2018\/09\/04.jpg\" width=\"3897\" height=\"4000\" srcset=\"https:\/\/www.moravecteam.cz\/wp-content\/uploads\/2018\/09\/04.jpg 3897w, https:\/\/www.moravecteam.cz\/wp-content\/uploads\/2018\/09\/04-25x25.jpg 25w, https:\/\/www.moravecteam.cz\/wp-content\/uploads\/2018\/09\/04-292x300.jpg 292w, https:\/\/www.moravecteam.cz\/wp-content\/uploads\/2018\/09\/04-997x1024.jpg 997w\" sizes=\"(max-width: 3897px) 100vw, 3897px\" \/><\/a><figcaption id=\"caption-attachment-12390\" class=\"wp-caption-text\">Star\u0161\u00ed \u017e\u00e1kyn\u011b Eli\u0161ka Han\u00e1kov\u00e1 si v\u00edt\u011bzstv\u00edm v Kn\u00ednic\u00edch ji\u017e s p\u0159edstihem zajistila celkov\u00e9 prvenstv\u00ed!<\/figcaption><\/figure>\n<p style=\"text-align: justify;\">Ani ve t\u0159et\u00edm bloku start\u016f jsme v\u00a0sobotu ve \u201eVal di Sole\u201c \u2013 jak jinak? &#8211; \u00a0nevy\u0161li na pr\u00e1zdno..! I kdy\u017e n\u00e1s trochu potr\u00e1pila sm\u016fla (z medailov\u011b rozjet\u00e9ho z\u00e1vodu musel pro defekt odstoupit v\u00a0z\u00e1vod\u011b Masters II Honza \u0160indel\u00e1\u0159), bral v\u00a0t\u00e9to kategorii zaslou\u017een\u00e9 zlato <strong><span style=\"color: #800000;\">Martin Gottwald<\/span> <\/strong>a za \u201eVelk\u00e9ho D\u017eona\u201c \u201ezasko\u010dil\u201c operativn\u011b na bedn\u011b\u00a0v t\u011bchto t\u00fddnech\u00a0na medailov\u00e9 vln\u011b se vezouc\u00ed <strong><span style=\"color: #800000;\">Franta Pad\u011bra<\/span><\/strong>! No a n\u00e1\u0161 medailov\u00fd \u201efift\u00fdn\u201c zavr\u0161il bronzem mezi Mastry \u201etrojka\u0159i\u201c <strong><span style=\"color: #800000;\">Vlast\u00edk Odehnal<\/span> <\/strong>, kter\u00e9mu ur\u010dit\u011b dost \u201echutnal\u201c skalp v\u00fdborn\u00e9ho Jirky Sedl\u00e1\u010dka (SK Ji\u0159\u00ed Team \u2013 dojel za Vlast\u00edkem na 4. m\u00edst\u011b), a kter\u00fd se na \u201ebedn\u011b\u201c spolu s\u00a0v\u00fdborn\u00fdmi \u2013 zlat\u00fdm \u00a0Ivo\u0161em Kova\u0159\u00edkem (SK Ji\u0159\u00ed Team) a st\u0159\u00edbrn\u00fdm Du\u0161nem Olejn\u00ed\u010dkem (GT Opportunity) ur\u010dit\u011b nec\u00edtil v\u016fbec \u0161patn\u011b..! Rekapitulace na\u0161ich &#8222;placka\u0159\u016f&#8220; z Kn\u00ednic je zde i s uveden\u00edm aktu\u00e1ln\u00edho celkov\u00e9ho um\u00edst\u011bn\u00ed po dev\u00edti odjet\u00fdch z\u00e1vodech:<\/p>\n<ul>\n<li>\n<div style=\"text-align: justify;\"><span style=\"color: #ff6600;\"><strong>Zlata<\/strong><\/span> vybojovali:\u00a0\u00a0<span style=\"color: #ff6600;\"><strong>Leona Eclerov\u00e1<\/strong>\u00a0<\/span>(odr\u00e1\u017eedla) &#8211; <span style=\"color: #ff6600;\"><strong>1.\u00a0&#8211; jist\u00e1 celkov\u00e1 v\u00edt\u011bzka<\/strong><\/span>,\u00a0<span style=\"color: #ff6600;\"><strong>Lucie Koudelkov\u00e1<\/strong>\u00a0<\/span>(9-10 let) &#8211; <strong><span style=\"color: #ff6600;\">1. &#8211; jist\u00e1 celkov\u00e1 v\u00edt\u011bzka<\/span><\/strong>,\u00a0<span style=\"color: #ff6600;\"><strong>Am\u00e1lie<\/strong> <strong>Gottwaldov\u00e1<\/strong>\u00a0<\/span>(11-12 let) &#8211; 2.,<strong>\u00a0<span style=\"color: #ff6600;\">Eli\u0161ka Han\u00e1kov\u00e1\u00a0<\/span><\/strong>(13-14 let) &#8211; <strong><span style=\"color: #ff6600;\">1. &#8211; jist\u00e1 celkov\u00e1 v\u00edt\u011bzka<\/span><\/strong>\u00a0a <strong><span style=\"color: #ff6600;\">Martin Gottwald<\/span> <\/strong>(Masters II) &#8211; 1.<\/div>\n<\/li>\n<li style=\"text-align: justify;\"><span style=\"color: #808080;\"><strong>St\u0159\u00edbrn\u00e9 medaile<\/strong><\/span>:\u00a0<strong><span style=\"color: #808080;\">Anton\u00edn Han\u00e1k<\/span> <\/strong>(odr\u00e1\u017eedla) &#8211; 2., <span style=\"color: #808080;\"><strong>Leona Eclerov\u00e1<\/strong><\/span> (do 6 let)\u00a0 &#8211; 2.,\u00a0<span style=\"color: #808080;\"><strong>Zita \u017dern\u00ed\u010dkov\u00e1<\/strong> <\/span>(7-8 let) &#8211; 2., <strong><span style=\"color: #808080;\">Just\u00fdna Novotn\u00e1<\/span><\/strong> (9-10 let) &#8211; 3. a\u00a0<strong><span style=\"color: #808080;\">Matou\u0161 Lipensk\u00fd\u00a0<\/span><\/strong>(9-10 let) &#8211; 4.<\/li>\n<li style=\"text-align: justify;\"><span style=\"color: #993300;\"><strong>Bronzy<\/strong><\/span>:\u00a0 <span style=\"color: #993300;\"><strong>Lucie Gottwaldov\u00e1<\/strong> <\/span>(7-8 let) &#8211; 3., <strong>Barbora Janovsk\u00e1 <\/strong>(9-10 let) &#8211; 2.,\u00a0\u00a0\u00a0<span style=\"color: #993300;\"><strong>Anna Han\u00e1kov\u00e1<\/strong>\u00a0<\/span>(11-12 let) &#8211; 2.,\u00a0\u00a0<span style=\"color: #993300;\"><strong>Franti\u0161ek Pad\u011bra<\/strong><\/span>\u00a0(Masters II) &#8211; 3.,\u00a0 a <span style=\"color: #993300;\"><strong>Vlastimil Odehnal\u00a0<\/strong><\/span>(Masters III) &#8211; 8.<\/li>\n<\/ul>\n<figure id=\"attachment_12392\" aria-describedby=\"caption-attachment-12392\" style=\"width: 2078px\" class=\"wp-caption alignnone\"><a href=\"http:\/\/www.moravecteam.cz\/?attachment_id=12392\" rel=\"attachment wp-att-12392\"><img decoding=\"async\" loading=\"lazy\" class=\" wp-image-12392\" alt=\"06\" src=\"http:\/\/www.moravecteam.cz\/wp-content\/uploads\/2018\/09\/06.jpg\" width=\"2078\" height=\"2611\" srcset=\"https:\/\/www.moravecteam.cz\/wp-content\/uploads\/2018\/09\/06.jpg 2078w, https:\/\/www.moravecteam.cz\/wp-content\/uploads\/2018\/09\/06-238x300.jpg 238w, https:\/\/www.moravecteam.cz\/wp-content\/uploads\/2018\/09\/06-814x1024.jpg 814w\" sizes=\"(max-width: 2078px) 100vw, 2078px\" \/><\/a><figcaption id=\"caption-attachment-12392\" class=\"wp-caption-text\">V\u00edt\u011bzstv\u00edm v Kn\u00ednic\u00edch se Martin Gottwald nasm\u011b\u0159oval k obhajobe lo\u0148sk\u00e9ho celkov\u00e9ho prvenstv\u00ed v kategorii Masters II.<\/figcaption><\/figure>\n<p style=\"text-align: justify;\">Zde studujte <strong><a href=\"http:\/\/vysledky.pohardrahanskevrchoviny.cz\/2018\/?page=vysledky\">kompletn\u00ed v\u00fdsledkov\u00fd servis <\/a><\/strong>\u00a0a j\u00e1 je\u0161t\u011b &#8222;vyseknu&#8220; poklonu v\u0161em na\u0161im z\u00fa\u010dastn\u011bn\u00fdm rajdr\u016fm za jejich v\u00fdkony &#8222;na doraz&#8220;! Pod\u011bkov\u00e1n\u00ed pat\u0159\u00ed, samo-\u017ee, t\u00e9\u017e sv\u011bdomit\u00fdm rodinn\u00fdm t\u00fdm\u016fm! A\u00a0pro \u00faplnost se poj\u010fte mrknout i na na\u0161e medailisty v po\u0159ad\u00ed OBCE:<\/p>\n<ul>\n<li>\n<div style=\"text-align: justify;\"><strong><span style=\"color: #ff6600;\">Prvn\u00ed m\u00edsta <\/span><\/strong>vybojovali :\u00a0\u00a0<span style=\"color: #ff6600;\"> <strong>Zita \u017dern\u00ed\u010dkov\u00e1<\/strong> <\/span>(7-8 let) &#8211; 1.,\u00a0 <strong><span style=\"color: #ff6600;\">Lucie Koudelkov\u00e1<\/span><\/strong>\u00a0(9-10 let) &#8211; 1.,\u00a0<span style=\"color: #ff6600;\"><strong>Anna Han\u00e1kov\u00e1<\/strong>\u00a0<\/span>(11-12 let) &#8211; 1.,\u00a0<span style=\"color: #ff6600;\"><strong>Luk\u00e1\u0161 Sedl\u00e1k<\/strong>\u00a0<\/span>(13-14 let) &#8211; 1.\u00a0a\u00a0<span style=\"color: #ff6600;\"><strong>Eli\u0161ka\u00a0Han\u00e1kov\u00e1<\/strong>\u00a0<\/span>(13-14 let) &#8211; 1.<\/div>\n<\/li>\n<li style=\"text-align: justify;\"><span style=\"color: #808080;\"><strong>Druh\u00e1 m\u00edsta<\/strong><\/span>:\u00a0<span style=\"color: #808080;\"><strong> Anton\u00edn Han\u00e1k<\/strong><\/span> <span style=\"color: #000000;\">(odr\u00e1\u017eedla) &#8211; 1., <\/span><span style=\"color: #808080;\"><strong>Kl\u00e1ra V\u011brn\u00e1<\/strong> <\/span>(odr\u00e1\u017eedla) &#8211; 2.,\u00a0\u00a0<span style=\"color: #808080;\"><strong>Just\u00fdna Novotn\u00e1<\/strong>\u00a0<\/span>(9-10 let) &#8211; 3.,\u00a0\u00a0Dominik Pt\u00e1\u010dn\u00edk (9-10) &#8211; 1., <span style=\"color: #808080;\"><strong>Barbora Tlamkov\u00e1<\/strong> <\/span>(11-12 let)\u00a0&#8211; 2., <span style=\"color: #808080;\"><strong>Maty\u00e1\u0161 Koudelka<\/strong><\/span> (11-12) &#8211; 2.\u00a0a\u00a0<span style=\"color: #808080;\"><strong>Veronika Pt\u00e1\u010dn\u00edkov\u00e1<\/strong>\u00a0<\/span>(13-14 let) &#8211; 2.<\/li>\n<li style=\"text-align: justify;\"><strong><span style=\"color: #993300;\">T\u0159et\u00ed pozice:<\/span><\/strong> <span style=\"color: #993300;\"><strong>Jon\u00e1\u0161 Janovsk\u00fd <\/strong><\/span>(do 6 let) &#8211; 2.\u00a0a <span style=\"color: #993300;\"><strong>Barbora Janovsk\u00e1<\/strong><\/span>\u00a0(9-10 let) &#8211; 2.<\/li>\n<\/ul>\n<p style=\"text-align: justify;\">D\u00edky v\u0161e rajdr\u016fm za poctiv\u00e9 v\u00fdkony ve &#8222;Val di Sole&#8220;, v\u010detn\u011b jejich podp\u016frn\u00fdch rodinn\u00fdch t\u00fdm\u016f! Zde studujte kompletn\u00ed v\u00fdsledkov\u00fd servis a n\u00ed\u017ee p\u011bt kvalitn\u00edch fotogaleri\u00ed&#8230;<\/p>\n<ul>\n<li><strong><a href=\"https:\/\/cefra.rajce.idnes.cz\/PDV_Kninice_9_-_Pohar_Drahanske_Vrchoviny_15._9._2018\/\">Fotogalerie \u010d.1<\/a><\/strong><\/li>\n<li><strong><a href=\"https:\/\/moravecteam.rajce.idnes.cz\/2018.09.15_MTB_PDV_Kninice\/\">Fotogalerie \u010d.2<\/a><\/strong><\/li>\n<li><strong><a href=\"https:\/\/moravecteam.rajce.idnes.cz\/2018.09.15_MTB_PDV_Kninice_-_2\/\">Fotogalerie \u010d.3<\/a><\/strong><\/li>\n<li><strong><a href=\"https:\/\/moravecteam.rajce.idnes.cz\/2018.09.15_MTB_PDV_Kninice_-_3\/\">Fotogalerie \u010d.4<\/a><\/strong><\/li>\n<li><strong><a href=\"https:\/\/moravecteam.rajce.idnes.cz\/2018.09.15_MTB_PDV_Kninice_-_4\/\">Fotogalerie \u010d.5<\/a><\/strong><\/li>\n<\/ul>\n","protected":false},"excerpt":{"rendered":"<p>Rovn\u00fdch patn\u00e1ct medail\u00ed vybojovali z\u00e1vodn\u00edci MORAVEC Teamu na dev\u00e1t\u00e9 MTB &#8222;Vrchovin\u011b&#8220; minulou sobotu v Kn\u00ednic\u00edch.\u00a0Tento &#8222;fift\u00fdn&#8220; je cenn\u00fdm v\u00fdsledkem, vezmeme-li v \u00favahu, \u017ee seri\u00e1l b\u011bhem n\u00e1sleduj\u00edc\u00edch \u010dtrn\u00e1cti dn\u016f vyvrchol\u00ed zb\u00fdvaj\u00edc\u00edmi dv\u011bma z\u00e1vody (Okrouhl\u00e1 a Nov\u00e9 M\u011bsto na Morav\u011b) a tud\u00ed\u017e je tento v\u00fdsledek dobr\u00fdm sign\u00e1lem, \u017ee forma\u00a0v\u011bt\u0161iny na\u0161ich rajdr\u016f je na\u010dasovan\u00e1 \u00a0spr\u00e1vn\u011b a &#8222;dr\u017e\u00ed&#8220; v &hellip; <a href=\"https:\/\/www.moravecteam.cz\/?p=12382\" class=\"more-link\">Pokra\u010dov\u00e1n\u00ed textu <span class=\"screen-reader-text\">&#8222;Fift\u00fdn&#8220; z Kn\u00ednic!<\/span> <span class=\"meta-nav\">&rarr;<\/span><\/a><\/p>\n","protected":false},"author":3,"featured_media":12393,"comment_status":"open","ping_status":"closed","sticky":false,"template":"","format":"standard","meta":[],"categories":[1],"tags":[],"_links":{"self":[{"href":"https:\/\/www.moravecteam.cz\/index.php?rest_route=\/wp\/v2\/posts\/12382"}],"collection":[{"href":"https:\/\/www.moravecteam.cz\/index.php?rest_route=\/wp\/v2\/posts"}],"about":[{"href":"https:\/\/www.moravecteam.cz\/index.php?rest_route=\/wp\/v2\/types\/post"}],"author":[{"embeddable":true,"href":"https:\/\/www.moravecteam.cz\/index.php?rest_route=\/wp\/v2\/users\/3"}],"replies":[{"embeddable":true,"href":"https:\/\/www.moravecteam.cz\/index.php?rest_route=%2Fwp%2Fv2%2Fcomments&post=12382"}],"version-history":[{"count":7,"href":"https:\/\/www.moravecteam.cz\/index.php?rest_route=\/wp\/v2\/posts\/12382\/revisions"}],"predecessor-version":[{"id":12396,"href":"https:\/\/www.moravecteam.cz\/index.php?rest_route=\/wp\/v2\/posts\/12382\/revisions\/12396"}],"wp:featuredmedia":[{"embeddable":true,"href":"https:\/\/www.moravecteam.cz\/index.php?rest_route=\/wp\/v2\/media\/12393"}],"wp:attachment":[{"href":"https:\/\/www.moravecteam.cz\/index.php?rest_route=%2Fwp%2Fv2%2Fmedia&parent=12382"}],"wp:term":[{"taxonomy":"category","embeddable":true,"href":"https:\/\/www.moravecteam.cz\/index.php?rest_route=%2Fwp%2Fv2%2Fcategories&post=12382"},{"taxonomy":"post_tag","embeddable":true,"href":"https:\/\/www.moravecteam.cz\/index.php?rest_route=%2Fwp%2Fv2%2Ftags&post=12382"}],"curies":[{"name":"wp","href":"https:\/\/api.w.org\/{rel}","templated":true}]}}