{"id":12398,"date":"2018-09-24T06:05:51","date_gmt":"2018-09-24T04:05:51","guid":{"rendered":"http:\/\/www.moravecteam.cz\/?p=12398"},"modified":"2018-09-24T06:37:53","modified_gmt":"2018-09-24T04:37:53","slug":"co-se-bude-dit-st39-4","status":"publish","type":"post","link":"https:\/\/www.moravecteam.cz\/?p=12398","title":{"rendered":"Co se bude d\u00edt? (ST39)"},"content":{"rendered":"<h5><span style=\"color: #800000;\">Pond\u011bl\u00ed 24.9. 2018<\/span><\/h5>\n<p style=\"text-align: justify;\">Tr\u00e9nink na silni\u010dn\u00edch kolech s\u00a0<strong><span style=\"color: #800000;\">Frantou Pad\u011brou<\/span><\/strong>\u00a0a\u00a0<span style=\"color: #800000;\"><strong>Jirkou \u0160t\u011bpan\u00edkem\u00a0<\/strong> <strong>st.<\/strong>\u00a0<\/span>\u00a0Sraz\u00a0 v 16.30 hodin\u00a0u budovy Z\u00e1kladn\u00ed \u0161koly v Bene\u0161ov\u011b. V p\u0159\u00edpad\u011b pot\u0159eby kontaktujte\u00a0Franti\u0161ka na\u00a0<strong><span style=\"color: #800000;\">605 838 404.<\/span><\/strong><\/p>\n<h5><strong><span style=\"color: #800000;\">\u00dater\u00fd 25.9. 2018<\/span><\/strong><\/h5>\n<p style=\"text-align: justify;\">MTB tr\u00e9nink rajdr\u016f MORAVEC Teamu pod veden\u00edm\u00a0\u00a0<strong>Milana Tlamky<\/strong> (776 108 046),\u00a0tentokr\u00e1t\u00a0v Boskovic\u00edch. Sraz na obvykl\u00e9m m\u00edst\u011b (Sportpark Doubravy)\u00a0 v\u00a016.30 hodin.<\/p>\n<h5><span style=\"color: #800000;\">St\u0159eda 26.9. 2018<\/span><\/h5>\n<p style=\"text-align: justify;\">&#8222;Ml\u00edkov\u00e1n\u00ed&#8220; trat\u00ed v Nov\u00e9m M\u011bst\u011b na Morav\u011b. Sraz dobrovoln\u00edk\u016f ve Vyso\u010dina Ar\u00e9n\u011b v 16.00 hodin.<\/p>\n<h5 style=\"text-align: justify;\"><span style=\"color: #800000;\">\u010ctvrtek 27.9.2018<\/span><\/h5>\n<ul>\n<li style=\"text-align: justify;\">Dokon\u010den\u00ed &#8222;Ml\u00edkov\u00e1n\u00ed&#8220; trat\u00ed v Nov\u00e9m M\u011bst\u011b na Morav\u011b. Sraz dobrovoln\u00edk\u016f ve Vyso\u010dina Ar\u00e9n\u011b ve dvou \u010dasov\u00fdch intervalech v r\u00e1mci Va\u0161ich \u010dasov\u00fdch mo\u017enost\u00ed: skupina na\u0161ich &#8222;arm\u00e1d st\u0159ed&#8220; bude v m\u00edst\u011b operovat od 9.00 hodin, nebudete-li moci na 9.00 je Va\u0161e p\u0159ipojen\u00ed se k n\u00e1m mo\u017en\u00e9\u00a0\u00a0kdykloli v pr\u016fb\u011bhu dne.<\/li>\n<li style=\"text-align: justify;\">\n<p style=\"display: inline !important;\">Ofici\u00e1ln\u00ed tr\u00e9nink na fin\u00e1lov\u00fd z\u00e1vod MTB &#8222;Vrchoviny&#8220; v Nov\u00e9m M\u011bst\u011b na Morav\u011b. Prohl\u00eddky trat\u00ed budou prob\u00edhat od 17.00 \u00fa\u010dast a dopravu si ka\u017ed\u00fd zaji\u0161\u0165uje s\u00e1m, zde mrkn\u011bte na zat\u00edm neofici\u00e1ln\u00ed a &#8222;neposv\u011bcen\u00e9&#8220; propozice.<\/p>\n<\/li>\n<\/ul>\n<p><span style=\"font-size: 18px; font-weight: bold; color: #800000;\">P\u00e1tek 28.9. 2018<\/span><\/p>\n<ul>\n<li style=\"text-align: justify;\">Fin\u00e1lov\u00fd z\u00e1vod MTB Superior-COLORprofi Poh\u00e1ru Drahansk\u00e9 vrchoviny v Nov\u00e9m M\u011bst\u011b na Morav\u011b, \u00fa\u010dast a dopravu si ka\u017ed\u00fd zaji\u0161\u0165uje s\u00e1m, zde studujte zat\u00edm neofici\u00e1ln\u00ed propozice.<\/li>\n<li style=\"text-align: justify;\">Prvn\u00ed z\u00e1vod \u010cesk\u00e9ho poh\u00e1ru v cyklokrosu v Uni\u010dov\u011b. Zde studujte <strong><a href=\"http:\/\/www.cyklokros.cz\/data\/web\/toitoicup\/2018\/unicov_propozice_2018.pdf\">propozice<\/a>.<\/strong><\/li>\n<\/ul>\n<h5><span style=\"color: #800000;\">AKCE T\u011aSN\u011a ZA HORIZONTEM<\/span><\/h5>\n<ul>\n<li style=\"text-align: justify;\">4.10. 2018 &#8211; sch\u016fzlka veden\u00ed odd\u00edlu a tren\u00e9r\u016f s rodi\u010di. Sejdeme se v 17.00 hodin v prav\u00e9m k\u0159\u00eddle restaurace MORAVA Bene\u0161ov.<\/li>\n<li style=\"text-align: justify;\">20.10. 2018 &#8211; zakon\u010den\u00ed cyklistick\u00e9 sez\u00f3ny hv\u011bzdicovou j\u00edzdou na kopec Mal\u00fd Chlum.<\/li>\n<li style=\"text-align: justify;\">4.11. 2018 &#8211; Draki\u00e1da Drakec MORAVEC &#8211; na obvykl\u00e9m m\u00edst\u011b a v obvykl\u00e9m \u010dase &#8211; u Pavlovsk\u00e9 kaple v Bene\u0161ov\u011b u Boskovic. Draky a dobrou n\u00e1ladu &#8211; si vezm\u011bte, samo, \u017ee s sebou&#8230;<\/li>\n<li style=\"text-align: justify;\">16.12. 2018 &#8211; Tradi\u010dn\u00ed n\u00e1v\u0161t\u011bva hrobu Vlastimila MORAVCE na \u00dast\u0159edn\u00edm h\u0159bitov\u011b v Brn\u011b a z\u00e1rove\u0148 n\u00e1v\u0161t\u011bva m\u00edsta jeho tragick\u00e9ho skonu v Brn\u011b &#8211; Kohoutovoc\u00edch&#8230;<\/li>\n<\/ul>\n<h5 style=\"text-align: justify;\"><span style=\"color: #800000;\">AKCE T\u011aSN\u011a ZA DV\u011aMA HORIZONTY<\/span><\/h5>\n<p>10.2. \u2013 16.2. 2019\u00a0&#8211; zimn\u00ed soust\u0159ed\u011bn\u00ed MORAVEC Teamu, kdy se po roce vr\u00e1t\u00edme do Jesen\u00edk\u016f, na<a href=\"http:\/\/www.navrsi.eu\/\">\u00a0<strong>chatu N\u00e1vr\u0161\u00ed<\/strong><\/a><strong>.<\/strong><\/p>\n","protected":false},"excerpt":{"rendered":"<p>Pond\u011bl\u00ed 24.9. 2018 Tr\u00e9nink na silni\u010dn\u00edch kolech s\u00a0Frantou Pad\u011brou\u00a0a\u00a0Jirkou \u0160t\u011bpan\u00edkem\u00a0 st.\u00a0\u00a0Sraz\u00a0 v 16.30 hodin\u00a0u budovy Z\u00e1kladn\u00ed \u0161koly v Bene\u0161ov\u011b. V p\u0159\u00edpad\u011b pot\u0159eby kontaktujte\u00a0Franti\u0161ka na\u00a0605 838 404. \u00dater\u00fd 25.9. 2018 MTB tr\u00e9nink rajdr\u016f MORAVEC Teamu pod veden\u00edm\u00a0\u00a0Milana Tlamky (776 108 046),\u00a0tentokr\u00e1t\u00a0v Boskovic\u00edch. Sraz na obvykl\u00e9m m\u00edst\u011b (Sportpark Doubravy)\u00a0 v\u00a016.30 hodin. St\u0159eda 26.9. 2018 &#8222;Ml\u00edkov\u00e1n\u00ed&#8220; trat\u00ed v &hellip; <a href=\"https:\/\/www.moravecteam.cz\/?p=12398\" class=\"more-link\">Pokra\u010dov\u00e1n\u00ed textu <span class=\"screen-reader-text\">Co se bude d\u00edt? (ST39)<\/span> <span class=\"meta-nav\">&rarr;<\/span><\/a><\/p>\n","protected":false},"author":3,"featured_media":12402,"comment_status":"open","ping_status":"closed","sticky":false,"template":"","format":"standard","meta":[],"categories":[11],"tags":[],"_links":{"self":[{"href":"https:\/\/www.moravecteam.cz\/index.php?rest_route=\/wp\/v2\/posts\/12398"}],"collection":[{"href":"https:\/\/www.moravecteam.cz\/index.php?rest_route=\/wp\/v2\/posts"}],"about":[{"href":"https:\/\/www.moravecteam.cz\/index.php?rest_route=\/wp\/v2\/types\/post"}],"author":[{"embeddable":true,"href":"https:\/\/www.moravecteam.cz\/index.php?rest_route=\/wp\/v2\/users\/3"}],"replies":[{"embeddable":true,"href":"https:\/\/www.moravecteam.cz\/index.php?rest_route=%2Fwp%2Fv2%2Fcomments&post=12398"}],"version-history":[{"count":4,"href":"https:\/\/www.moravecteam.cz\/index.php?rest_route=\/wp\/v2\/posts\/12398\/revisions"}],"predecessor-version":[{"id":12404,"href":"https:\/\/www.moravecteam.cz\/index.php?rest_route=\/wp\/v2\/posts\/12398\/revisions\/12404"}],"wp:featuredmedia":[{"embeddable":true,"href":"https:\/\/www.moravecteam.cz\/index.php?rest_route=\/wp\/v2\/media\/12402"}],"wp:attachment":[{"href":"https:\/\/www.moravecteam.cz\/index.php?rest_route=%2Fwp%2Fv2%2Fmedia&parent=12398"}],"wp:term":[{"taxonomy":"category","embeddable":true,"href":"https:\/\/www.moravecteam.cz\/index.php?rest_route=%2Fwp%2Fv2%2Fcategories&post=12398"},{"taxonomy":"post_tag","embeddable":true,"href":"https:\/\/www.moravecteam.cz\/index.php?rest_route=%2Fwp%2Fv2%2Ftags&post=12398"}],"curies":[{"name":"wp","href":"https:\/\/api.w.org\/{rel}","templated":true}]}}