{"id":12406,"date":"2018-09-23T23:39:52","date_gmt":"2018-09-23T21:39:52","guid":{"rendered":"http:\/\/www.moravecteam.cz\/?p=12406"},"modified":"2018-09-24T06:47:18","modified_gmt":"2018-09-24T04:47:18","slug":"dalsi-tri-pohary","status":"publish","type":"post","link":"https:\/\/www.moravecteam.cz\/?p=12406","title":{"rendered":"Dal\u0161\u00ed t\u0159i poh\u00e1ry!"},"content":{"rendered":"<p style=\"text-align: justify;\"><span style=\"color: #800000;\"><strong>Po p\u0159edposledn\u00ed MTB &#8222;Vrchovin\u011b&#8220;, kterou pohostila o t\u0159et\u00ed z\u00e1\u0159iov\u00e9 sobot\u011b Okrouhl\u00e1, p\u0159ibyli z \u0159ad MORAVEC Teamu dal\u0161\u00ed t\u0159i jist\u00ed celkov\u00ed v\u00edt\u011bzov\u00e9! K Leonce Eclerov\u00e9, Lucii Koudelkov\u00e9 a Eli\u0161ce Han\u00e1kov\u00e9 se po z\u00e1vod\u011b v &#8222;Monze&#8220; p\u0159ipojila mlad\u0161\u00ed \u017e\u00e1kyn\u011b Am\u00e1lka Gottwaldov\u00e1, kadetka Kl\u00e1ra Odehnalov\u00e1 a mlad\u0161\u00ed veter\u00e1n Martin Gottwald! Bravo MORAVEC! Je tedy v\u00edce ne\u017e jasn\u00e9, \u017ee na\u0161e absolutn\u00ed &#8222;novm\u011bstsk\u00e1&#8220; radost bude p\u0159\u00ed\u0161t\u00ed p\u00e1tek ve Vyso\u010dina Ar\u00e9n\u011b minim\u00e1ln\u011b \u0161estin\u00e1sobn\u00e1 a MORAVEC Team ovl\u00e1dne v po\u0159ad\u00ed OPEN minim\u00e1ln\u011b rovnou t\u0159etinu z 18-ti vypsan\u00fdch kategori\u00ed!<\/strong><\/span><\/p>\n<figure id=\"attachment_12411\" aria-describedby=\"caption-attachment-12411\" style=\"width: 3264px\" class=\"wp-caption alignnone\"><a href=\"http:\/\/www.moravecteam.cz\/?attachment_id=12411\" rel=\"attachment wp-att-12411\"><img decoding=\"async\" loading=\"lazy\" class=\" wp-image-12411\" alt=\"DSC_0048\" src=\"http:\/\/www.moravecteam.cz\/wp-content\/uploads\/2018\/09\/DSC_0048.jpg\" width=\"3264\" height=\"3433\" srcset=\"https:\/\/www.moravecteam.cz\/wp-content\/uploads\/2018\/09\/DSC_0048.jpg 3264w, https:\/\/www.moravecteam.cz\/wp-content\/uploads\/2018\/09\/DSC_0048-25x25.jpg 25w, https:\/\/www.moravecteam.cz\/wp-content\/uploads\/2018\/09\/DSC_0048-285x300.jpg 285w, https:\/\/www.moravecteam.cz\/wp-content\/uploads\/2018\/09\/DSC_0048-973x1024.jpg 973w\" sizes=\"(max-width: 3264px) 100vw, 3264px\" \/><\/a><figcaption id=\"caption-attachment-12411\" class=\"wp-caption-text\">Tonda Dosko\u010dil na Okrouhl\u00e9 zajel v\u00fdborn\u011b a odm\u011bnou mu byla v c\u00edli bronzov\u00e1 medaile!<\/figcaption><\/figure>\n<p style=\"text-align: justify;\">Nebylo to na Okrouhl\u00e9 lehk\u00e9. N\u011bkter\u00e9 na\u0161e opory daly p\u0159ednost z\u00e1vod\u016fm ve Vysok\u00e9m M\u00fdt\u011b &#8222;Hled\u00e1 se v\u00edt\u011bz&#8220; (Eclerovi a Koudelkovi), tak\u017ee se na\u0161e \u010dak\u00e1n\u00ed na medaili &#8222;U Pazderny&#8220; dost prot\u00e1hlo. T\u00edm v\u00edc, kdy\u017e Ton\u00edk Han\u00e1k prohr\u00e1l o vte\u0159inku boj o bronz v z\u00e1vod\u011b odr\u00e1\u017eedel a nepoda\u0159ilo se mu tak nav\u00e1zat medailovou nit z Bukov\u00e9, Boskovic, Velenova a Kn\u00ednic. V p\u0159edposledn\u00edm startu prvn\u00edho z\u00e1vodn\u00edho bloku dne n\u00e1s v\u0161ak mile p\u0159ekvapil <strong><span style=\"color: #800000;\">Tonda Dosko\u010dil<\/span><\/strong> (kategorie 7-8 let), kter\u00fd po drav\u00e9m v\u00fdkonu vybojoval pro MORAVEC ne\u010dekan\u00fd cenn\u00fd bronz a prvn\u00ed &#8222;placka&#8220; pro n\u00e1s ten den &#8222;byla na sv\u011bt\u011b&#8220;! Vz\u00e1p\u011bt\u00ed na Tonika medailov\u011b nav\u00e1zala dv\u011b na\u0161e \u0161ikovn\u00e1, stejn\u011b mlad\u00e1 d\u011bv\u010data. <strong><span style=\"color: #800000;\">Zita \u017dern\u00ed\u010dkov\u00e1<\/span><\/strong> s <strong><span style=\"color: #800000;\">Luci\u00ed Gottwaldovou<\/span><\/strong> sice op\u011bt marn\u011b &#8222;nah\u00e1n\u011bli&#8220; v\u00fdbornou otrokovickou S\u00e1ru \u0160kubalovou, ale skute\u010dnost, \u017ee v\u0161echny t\u0159i d\u00edvky fini\u0161ovali do c\u00edle v rozmez\u00ed sedmi vte\u0159in, sv\u011bd\u010d\u00ed o vyrovnanosti z\u00e1vodu a o skute\u010dnosti \u017ee na\u0161e borky nedaly S\u00e1\u0159e zadarmo ani metr trat\u011b&#8230;<\/p>\n<figure id=\"attachment_12415\" aria-describedby=\"caption-attachment-12415\" style=\"width: 3317px\" class=\"wp-caption alignnone\"><a href=\"http:\/\/www.moravecteam.cz\/?attachment_id=12415\" rel=\"attachment wp-att-12415\"><img decoding=\"async\" loading=\"lazy\" class=\" wp-image-12415\" alt=\"DSC_0096\" src=\"http:\/\/www.moravecteam.cz\/wp-content\/uploads\/2018\/09\/DSC_0096.jpg\" width=\"3317\" height=\"3902\" srcset=\"https:\/\/www.moravecteam.cz\/wp-content\/uploads\/2018\/09\/DSC_0096.jpg 3317w, https:\/\/www.moravecteam.cz\/wp-content\/uploads\/2018\/09\/DSC_0096-255x300.jpg 255w, https:\/\/www.moravecteam.cz\/wp-content\/uploads\/2018\/09\/DSC_0096-870x1024.jpg 870w\" sizes=\"(max-width: 3317px) 100vw, 3317px\" \/><\/a><figcaption id=\"caption-attachment-12415\" class=\"wp-caption-text\">I Matou\u0161 Lipensk\u00fd potvrdil i v z\u00e1v\u011bru sez\u00f3ny vysokou v\u00fdkonnost!<\/figcaption><\/figure>\n<p style=\"text-align: justify;\">Ve druh\u00e9m bloku start\u016f n\u00e1m u\u017e &#8222;placky&#8220; cinkaly \u010dast\u011bji. P\u0159i ne\u00fa\u010dasti Lucie Koudelkov\u00e9 jsme byli p\u0159i startu d\u00edvek 9-10 let v nap\u011bt\u00ed, zda <strong><span style=\"color: #800000;\">Just\u00fdna Novotn\u00e1<\/span><\/strong> \u010di <span style=\"color: #800000;\"><strong>Bar\u010da Janovsk\u00e1<\/strong><\/span> dok\u00e1\u017eou svoji t\u00fdmovou par\u0165a\u010dku a ji\u017e jistou celkovou v\u00edt\u011bzku t\u00e9to kategorie, na zlat\u00e9m stup\u00ednku zastoupit. Holky to sice nedok\u00e1zaly (proti byla v Okrouhl\u00e9 v\u00fdborn\u00e1 Ag\u00e1ta Sl\u00e1mkov\u00e1 &#8211; Cykloch Team), ale i st\u0159\u00edbrn\u00e1 a bronzov\u00e1 medaile na\u0161im mlad\u00fdm sle\u010dn\u00e1m slu\u0161ely! Stejn\u011b jako slu\u0161elo st\u0159\u00edbro i <span style=\"color: #800000;\"><strong>Matou\u0161i Lipensk\u00e9mu<\/strong><\/span> ve stejn\u00e9 kategorii chlapc\u016f, kter\u00fd na v\u00edt\u011bzn\u00e9ho Kubu Tesa\u0159\u00edka (Cykloteam Kol\u00e1rna) ztr\u00e1cel v c\u00edli pouh\u00fdch 13 vte\u0159inek&#8230;<\/p>\n<figure id=\"attachment_12424\" aria-describedby=\"caption-attachment-12424\" style=\"width: 1473px\" class=\"wp-caption alignnone\"><a href=\"http:\/\/www.moravecteam.cz\/?attachment_id=12424\" rel=\"attachment wp-att-12424\"><img decoding=\"async\" loading=\"lazy\" class=\" wp-image-12424\" alt=\"DSC_9480\" src=\"http:\/\/www.moravecteam.cz\/wp-content\/uploads\/2018\/09\/DSC_9480.jpg\" width=\"1473\" height=\"1329\" srcset=\"https:\/\/www.moravecteam.cz\/wp-content\/uploads\/2018\/09\/DSC_9480.jpg 1473w, https:\/\/www.moravecteam.cz\/wp-content\/uploads\/2018\/09\/DSC_9480-300x270.jpg 300w, https:\/\/www.moravecteam.cz\/wp-content\/uploads\/2018\/09\/DSC_9480-1024x923.jpg 1024w\" sizes=\"(max-width: 1473px) 100vw, 1473px\" \/><\/a><figcaption id=\"caption-attachment-12424\" class=\"wp-caption-text\">El\u00e9v Jirka Va\u0161\u00ed\u010dek v pln\u00e9 rychlosti na trati z\u00e1vodu chlapc\u016f do 6-ti let.<\/figcaption><\/figure>\n<p style=\"text-align: justify;\">Zlato n\u00e1m kone\u010dn\u011b cinklo kr\u00e1tce p\u0159ed polednem po jist\u00e9m v\u00edt\u011bzstv\u00ed mlad\u0161\u00ed \u017e\u00e1kyn\u011b <strong><span style=\"color: #800000;\">Am\u00e1lky Gotwaldov\u00e9<\/span><\/strong>, kter\u00e1 si t\u00edmto v\u00fdsledkem jako \u010dtvrt\u00e1 z MORAVC\u016e zajistila i celkov\u00e9 leto\u0161n\u00ed prvenstv\u00ed! Blahop\u0159ejeme! Na &#8222;bednu&#8220; ji nav\u00edc doprovodila v c\u00edli t\u0159et\u00ed <strong><span style=\"color: #800000;\">Ani\u010dka Han\u00e1kov\u00e1.<\/span><\/strong>\u00a0Ta ve druh\u00e9 polovin\u011b z\u00e1vodu zrychlovala a zd\u00e1lo se, \u017ee poraz\u00ed v boji o st\u0159\u00edbro svoji jmenovkyni, Ani\u010dku Hude\u010dkovou (TUFO Cykloz\u00e1kladna Otrokovice). Drobn\u00e1 kolize na trati nakonec zp\u016fsobila rozhoduj\u00edc\u00ed \u010dasovou ztr\u00e1tu a o\u010dek\u00e1van\u00fd souboj t\u011bchto dvou d\u011bv\u010dat o st\u0159\u00edbro se bohu\u017eel nakonec nekonal.<\/p>\n<figure id=\"attachment_12425\" aria-describedby=\"caption-attachment-12425\" style=\"width: 6000px\" class=\"wp-caption alignnone\"><a href=\"http:\/\/www.moravecteam.cz\/?attachment_id=12425\" rel=\"attachment wp-att-12425\"><img decoding=\"async\" loading=\"lazy\" class=\" wp-image-12425\" alt=\"DSC_0193\" src=\"http:\/\/www.moravecteam.cz\/wp-content\/uploads\/2018\/09\/DSC_0193.jpg\" width=\"6000\" height=\"3189\" srcset=\"https:\/\/www.moravecteam.cz\/wp-content\/uploads\/2018\/09\/DSC_0193.jpg 6000w, https:\/\/www.moravecteam.cz\/wp-content\/uploads\/2018\/09\/DSC_0193-300x159.jpg 300w, https:\/\/www.moravecteam.cz\/wp-content\/uploads\/2018\/09\/DSC_0193-1024x544.jpg 1024w\" sizes=\"(max-width: 6000px) 100vw, 6000px\" \/><\/a><figcaption id=\"caption-attachment-12425\" class=\"wp-caption-text\">Ag\u00e1ta Sl\u00e1mkov\u00e1 byla nad s\u00edly na\u0161ich d\u011bv\u010dat v kategorii 9-10 let.<\/figcaption><\/figure>\n<p style=\"text-align: justify;\">Zlatou &#8222;druhou t\u0159etinu&#8220; start\u016f bikov\u00e9ho dne v Okrouhl\u00e9 podtrhla suver\u00e9nn\u00edm v\u00ed\u011bzstv\u00edm star\u0161\u00ed \u017e\u00e1kyn\u011b <strong><span style=\"color: #800000;\">Eli\u0161ka Han\u00e1kov\u00e1<\/span><\/strong> a v \u00fapln\u00e9m z\u00e1v\u011bru tohoto bloku start\u016f i \u0161atfeta <strong><span style=\"color: #800000;\">&#8222;MORAVEC 1&#8220;<\/span><\/strong> ve slo\u017een\u00ed <strong><span style=\"color: #800000;\">Am\u00e1lka Gottwaldov\u00e1, Eli\u0161ka Han\u00e1kov\u00e1<\/span><\/strong> s fini\u0161menem <strong><span style=\"color: #800000;\">Martinem Gottwaldem.<\/span><\/strong> V nap\u00ednav\u00e9m z\u00e1vod\u011b \u0161esti t\u0159\u00ed\u010dlenn\u00fdch dru\u017estev se vedle na\u0161\u00ed prvn\u00ed \u0161tafety prosadilo na bronzov\u00fd stup\u00ednek dal\u0161\u00ed na\u0161e trio v sestav\u011b <strong><span style=\"color: #800000;\">Bar\u010da Tlamkov\u00e1, Anna Han\u00e1kov\u00e1<\/span><\/strong> a <span style=\"color: #800000;\"><strong>Franta Pad\u011bra<\/strong><\/span>! Bravo MORAVEC! Ani\u010dka Han\u00e1kov\u00e1 si tedy nakonec st\u0159\u00edbro z Okrouhl\u00e9 p\u0159ece jen odvezla a zlat\u00e1 radost v p\u0159\u00edpad\u011b Am\u00e1lky, Eli\u0161ky a Martina byla ten den dokonce &#8222;tuplovan\u00e1&#8220;!<\/p>\n<figure id=\"attachment_12422\" aria-describedby=\"caption-attachment-12422\" style=\"width: 6000px\" class=\"wp-caption alignnone\"><a href=\"http:\/\/www.moravecteam.cz\/?attachment_id=12422\" rel=\"attachment wp-att-12422\"><img decoding=\"async\" loading=\"lazy\" class=\" wp-image-12422\" alt=\"DSC_0209\" src=\"http:\/\/www.moravecteam.cz\/wp-content\/uploads\/2018\/09\/DSC_0209.jpg\" width=\"6000\" height=\"3131\" srcset=\"https:\/\/www.moravecteam.cz\/wp-content\/uploads\/2018\/09\/DSC_0209.jpg 6000w, https:\/\/www.moravecteam.cz\/wp-content\/uploads\/2018\/09\/DSC_0209-300x156.jpg 300w, https:\/\/www.moravecteam.cz\/wp-content\/uploads\/2018\/09\/DSC_0209-1024x534.jpg 1024w\" sizes=\"(max-width: 6000px) 100vw, 6000px\" \/><\/a><figcaption id=\"caption-attachment-12422\" class=\"wp-caption-text\">Mezi na\u0161e uskupen\u00ed se dok\u00e1zala vkl\u00ednit jen v\u00fdborn\u00e1 \u0161tafeta TUFO Cykloz\u00e1kladny Otrokovice.<\/figcaption><\/figure>\n<p style=\"text-align: justify;\">Proto\u017ee <strong><span style=\"color: #800000;\">Martin Gottwald<\/span><\/strong> porazil ve vyrovnan\u00e9m z\u00e1vod\u011b Masters II svoje soupe\u0159e letos u\u017e po \u010dtvrt\u00e9, sobotn\u00edm v\u00edt\u011bzstv\u00edm si ji\u017e zajistil jako p\u00e1t\u00fd v po\u0159ad\u00ed z MORAVC\u016e i celkov\u00e9 prvenstv\u00ed! Blahop\u0159ejeme! D\u00edky druh\u00e9mu m\u00edstu <strong><span style=\"color: #800000;\">Honzy \u0160indel\u00e1\u0159e<\/span><\/strong> jsme se mohli radovat na Okrouhl\u00e9 i z dvojit\u00e9ho v\u00edt\u011bzstv\u00ed a k Hozovu st\u0159\u00edbru se p\u0159ipojila v z\u00e1vod\u011b juniorek \/ kadetek i <strong><span style=\"color: #800000;\">Kl\u00e1ra Odehnalov\u00e1<\/span><\/strong>. Ta m\u011bla z\u00e1vod rozjet\u00fd na v\u00edt\u011bzstv\u00ed, ale technick\u00e9 probl\u00e9my zp\u016fsobyly zdr\u017een\u00ed, kter\u00e9 se ji\u017e Kl\u00e1rce nepoda\u0159ilo dohnat. I tak j\u00ed druh\u00e9 m\u00edsto z &#8222;Monzy&#8220;\u00a0 ji\u017e zajistilo p\u0159ed fin\u00e1lov\u00fdm z\u00e1vodem v NMnM palmu celkov\u00e9 v\u00edt\u011bzky t\u00e9to kategorie! I Kl\u00e1\u0159e samo, \u017ee, taky\u00a0 blahop\u0159ejeme!<\/p>\n<figure id=\"attachment_12426\" aria-describedby=\"caption-attachment-12426\" style=\"width: 1333px\" class=\"wp-caption alignnone\"><a href=\"http:\/\/www.moravecteam.cz\/?attachment_id=12426\" rel=\"attachment wp-att-12426\"><img decoding=\"async\" loading=\"lazy\" class=\" wp-image-12426\" alt=\"DSC_0058\" src=\"http:\/\/www.moravecteam.cz\/wp-content\/uploads\/2018\/09\/DSC_0058.jpg\" width=\"1333\" height=\"2000\" srcset=\"https:\/\/www.moravecteam.cz\/wp-content\/uploads\/2018\/09\/DSC_0058.jpg 1333w, https:\/\/www.moravecteam.cz\/wp-content\/uploads\/2018\/09\/DSC_0058-199x300.jpg 199w, https:\/\/www.moravecteam.cz\/wp-content\/uploads\/2018\/09\/DSC_0058-682x1024.jpg 682w\" sizes=\"(max-width: 1333px) 100vw, 1333px\" \/><\/a><figcaption id=\"caption-attachment-12426\" class=\"wp-caption-text\">Kl\u00e1ra Odehnalov\u00e1 m\u00e1 po sobotn\u00edm 2. m\u00edst\u011b ji\u017e jist\u00e9\u00a0celkov\u00e9 prvenstv\u00ed!<\/figcaption><\/figure>\n<p style=\"text-align: justify;\">Po \u010dase se na spole\u010dn\u00e9m startu juniorek \/ kadetek objevila i na\u0161e zku\u0161en\u00e1 reprezentantka <strong><span style=\"color: #800000;\">Monika Kone\u010dn\u00e1<\/span> <\/strong>a jednalo se o medailov\u00fd &#8211; bronzov\u00fd &#8222;come back&#8220;! V\u00fdborn\u00fdmi v\u00fdsledky, by\u0165 ne &#8222;bednov\u00fdmi&#8220; , se bl\u00fdskli na zdej\u0161\u00edch n\u00e1ro\u010dn\u00fdch mistrovsk\u00fdch trat\u00edch ale i dal\u0161\u00ed na\u0161i&#8230; V po\u010detn\u011b &#8222;na\u0159\u00edzl\u00e9m&#8220; startu chlapc\u016f 9-10 let (z\u00e1vodilo 18 borc\u016f) ztratil v c\u00edli p\u00e1t\u00fd Jirka Zav\u0159el na v\u00edt\u011bze n\u011bco m\u00e1lo p\u0159es minutu. T\u011bsn\u011b pod &#8222;bednou&#8220; (4. m\u00edsto) skon\u010dila ve vyrovnan\u00e9m z\u00e1vod\u011b mlad\u011b\u00edch \u017e\u00e1ky\u0148 dom\u00e1c\u00ed Bar\u010da Tlamkov\u00e1 (bronz j\u00ed ale nekonec neuniknul: brala ho co by \u010dlenka t\u00fdmu <span style=\"color: #800000;\"><strong>BaAnFa<\/strong><\/span> v z\u00e1vod\u011b \u0161tafet), pot\u011b\u0161ilo i p\u00e1t\u00e9 m\u00edsto Petra \u0160icha v hodnotn\u00e9m z\u00e1vod\u011b mu\u017e\u016f ELITE (ztr\u00e1ta na v\u00edt\u011bze M\u00ed\u0161u Kozla 2:24). Ale hlavn\u011b: pot\u011b\u0161il start dvou el\u00e9v\u016f z Boskovic &#8211; Hr\u00e1dkova, souroznc\u016f Barbory a Ji\u0159\u00edho Va\u0161\u00ed\u010dkov\u00fdch. Bar\u010da jela z\u00e1vod odr\u00e1\u017eedel a Jirka si to rozdal &#8222;na f\u00e9rovku&#8220; s 18-to soupe\u0159i v z\u00e1vod\u011b chlapc\u016f do 6-ti let. A oba si vedli v na\u0161em dresu na poprv\u00e9 v\u00edc, ne\u017e zdatn\u011b! A je\u0161t\u011b jedna glosa: v posledn\u00edm bloku start\u016f jsme nemohli nezatleskat na\u0161emu odchovanci, dom\u00e1c\u00edmu\u00a0Tom\u00e1\u0161i Tlamkovi &#8222;Contadorovi&#8220;, kter\u00fd jist\u011b vyhr\u00e1l z\u00e1vod junior\u016f \/ kadet\u016f a nav\u00edc byl na trati v\u00edc ne\u017e d\u016fstojn\u00fdm soupe\u0159em v\u011bt\u0161in\u011b &#8222;eli\u0165\u00e1k\u016f&#8220;&#8230;<\/p>\n<figure id=\"attachment_12416\" aria-describedby=\"caption-attachment-12416\" style=\"width: 1333px\" class=\"wp-caption alignnone\"><a href=\"http:\/\/www.moravecteam.cz\/?attachment_id=12416\" rel=\"attachment wp-att-12416\"><img decoding=\"async\" loading=\"lazy\" class=\" wp-image-12416\" alt=\"DSC_0008\" src=\"http:\/\/www.moravecteam.cz\/wp-content\/uploads\/2018\/09\/DSC_0008.jpg\" width=\"1333\" height=\"1527\" srcset=\"https:\/\/www.moravecteam.cz\/wp-content\/uploads\/2018\/09\/DSC_0008.jpg 1333w, https:\/\/www.moravecteam.cz\/wp-content\/uploads\/2018\/09\/DSC_0008-261x300.jpg 261w, https:\/\/www.moravecteam.cz\/wp-content\/uploads\/2018\/09\/DSC_0008-893x1024.jpg 893w\" sizes=\"(max-width: 1333px) 100vw, 1333px\" \/><\/a><figcaption id=\"caption-attachment-12416\" class=\"wp-caption-text\">Monika Kone\u010dn\u00e1 z\u00faro\u010dila v z\u00e1vod\u011b znalost dom\u00e1c\u00ed trat\u011b.<\/figcaption><\/figure>\n<p style=\"text-align: justify;\">Medailov\u00fd souhrn MORAVEC Teamu v po\u0159ad\u00ed OPEN je z Okrouhl\u00e9 v t\u00e9to podob\u011b:<\/p>\n<ul>\n<li>\n<div style=\"text-align: justify;\"><strong><span style=\"color: #ff6600;\">Zlata<\/span><\/strong>\u00a0vybojovali:\u00a0 \u00a0<strong><span style=\"color: #ff6600;\">Am\u00e1lie\u00a0Gottwaldov\u00e1<\/span><\/strong>\u00a0(11-12 let) 1. &#8211; <strong><span style=\"color: #ff6600;\">jist\u00e1 celkov\u00e1 v\u00edt\u011bzka<\/span><\/strong> &#8211; 2.,\u00a0<strong><span style=\"color: #ff6600;\">Eli\u0161ka Han\u00e1kov\u00e1<\/span><\/strong>\u00a0(13-14 let) &#8211;\u00a01. &#8211; <strong><span style=\"color: #ff6600;\">jist\u00e1 celkov\u00e1 v\u00edt\u011bzka\u00a0<\/span><\/strong>a\u00a0<strong><span style=\"color: #ff6600;\">Martin Gottwald<\/span><\/strong>\u00a0(Masters II) &#8211; 1. &#8211; <strong><span style=\"color: #ff6600;\">jist\u00fd celkov\u00fd v\u00edt\u011bz <\/span><\/strong><span style=\"color: #ff6600;\"><span style=\"color: #000000;\">a \u0161tafeta<\/span><\/span><strong><span style=\"color: #ff6600;\"> MORAVEC 1 (Am\u00e1lie Gottwaldov\u00e1, Eli\u0161ka Han\u00e1kov\u00e1 a Martin Gottwald).<\/span><\/strong><\/div>\n<\/li>\n<li style=\"text-align: justify;\"><strong><span style=\"color: #808080;\">St\u0159\u00edbrn\u00e9<\/span><\/strong> medaile:\u00a0 <strong><span style=\"color: #808080;\">Zita \u017dern\u00ed\u010dkov\u00e1<\/span><\/strong>\u00a0(7-8 let),\u00a0 <strong><span style=\"color: #808080;\">Just\u00fdna Novotn\u00e1<\/span><\/strong>\u00a0(9-10 let), <span style=\"color: #808080;\"><strong>Matou\u0161 Lipensk\u00fd\u00a0<\/strong><\/span>(9-10 let) , <strong><span style=\"color: #808080;\">Kl\u00e1ra Odehalov\u00e1<\/span> <\/strong>(juniorky \/ kadetky) a<strong><span style=\"color: #808080;\"> Honza \u0160indel\u00e1\u0159<\/span><\/strong> (Masters II)<\/li>\n<li style=\"text-align: justify;\"><span style=\"color: #993300;\"><strong>Bronzy <\/strong><span style=\"color: #000000;\">brali<\/span><\/span><span style=\"color: #000000;\">:<\/span>\u00a0 <strong><span style=\"color: #800000;\">Anton\u00edn Dosko\u010dil<\/span><\/strong> (7-8 let), <strong><span style=\"color: #800000;\">Lucie Gottwaldov\u00e1\u00a0<\/span><\/strong>(7-8 let),\u00a0<strong><span style=\"color: #800000;\">Barbora Janovsk\u00e1<\/span><\/strong>\u00a0(9-10 let),\u00a0\u00a0<strong><span style=\"color: #800000;\">\u00a0Anna Han\u00e1kov\u00e1\u00a0<\/span><\/strong>(11-12 let),\u00a0 <strong><span style=\"color: #800000;\">Monika Kone\u010dn\u00e1<\/span><\/strong> (juniorky \/ kadetky) a \u0161tafeta <strong><span style=\"color: #800000;\">BaAnFa<\/span><\/strong> (<span style=\"color: #800000;\"><strong>Barbora Tlamkov\u00e1<\/strong><\/span>, <strong><span style=\"color: #800000;\">Anna Han\u00e1kov\u00e1<\/span><\/strong> a <strong><span style=\"color: #800000;\">Franti\u0161ek Pad\u011bra<\/span><\/strong>).<\/li>\n<\/ul>\n<figure id=\"attachment_12419\" aria-describedby=\"caption-attachment-12419\" style=\"width: 1333px\" class=\"wp-caption alignnone\"><a href=\"http:\/\/www.moravecteam.cz\/?attachment_id=12419\" rel=\"attachment wp-att-12419\"><img decoding=\"async\" loading=\"lazy\" class=\" wp-image-12419\" alt=\"DSC_9968\" src=\"http:\/\/www.moravecteam.cz\/wp-content\/uploads\/2018\/09\/DSC_9968.jpg\" width=\"1333\" height=\"2000\" srcset=\"https:\/\/www.moravecteam.cz\/wp-content\/uploads\/2018\/09\/DSC_9968.jpg 1333w, https:\/\/www.moravecteam.cz\/wp-content\/uploads\/2018\/09\/DSC_9968-199x300.jpg 199w, https:\/\/www.moravecteam.cz\/wp-content\/uploads\/2018\/09\/DSC_9968-682x1024.jpg 682w\" sizes=\"(max-width: 1333px) 100vw, 1333px\" \/><\/a><figcaption id=\"caption-attachment-12419\" class=\"wp-caption-text\">Petr \u0160ich dr\u017eel v z\u00e1vod\u011b mu\u017e\u016f ELITE krok s nejlep\u0161\u00edmi!<\/figcaption><\/figure>\n<p style=\"text-align: justify;\">&#8222;Fift\u00fdn&#8220; z Kn\u00ednic jsme tedy na &#8222;hard&#8220; Okrouhl\u00e9 obh\u00e1jili a to je p\u0159ed fin\u00e1le v Nov\u00e9m M\u011bst\u011b velmi nad\u011bjn\u00e9! V po\u0159ad\u00ed OBCE jsme samoz\u0159ejm\u011b dopadli je\u0161t\u011b l\u00e9pe..:<\/p>\n<ul>\n<li>\n<div style=\"text-align: justify;\"><strong><span style=\"color: #ff6600;\">Prvn\u00ed m\u00edsta<\/span><\/strong>\u00a0vybojovali :\u00a0\u00a0\u00a0<strong><span style=\"color: #ff6600;\">Zita \u017dern\u00ed\u010dkov\u00e1<\/span><\/strong>\u00a0(7-8 let), <strong><span style=\"color: #ff6600;\">Just\u00fdna Novotn\u00e1<\/span><\/strong> (9-10), <strong><span style=\"color: #ff6600;\">Dominik Pt\u00e1\u010dn\u00edk<\/span><\/strong> (9-10),\u00a0 <strong><span style=\"color: #ff6600;\">Anna Han\u00e1kov\u00e1<\/span><\/strong>\u00a0(11-12 let),<strong><span style=\"color: #ff6600;\">\u00a0Luk\u00e1\u0161 Sedl\u00e1k<\/span><\/strong>\u00a0(13-14 let),\u00a0 a\u00a0<span style=\"color: #ff6600;\"><strong>Eli\u0161ka\u00a0Han\u00e1kov\u00e1<\/strong><\/span>\u00a0(13-14 let)<\/div>\n<\/li>\n<li style=\"text-align: justify;\"><strong><span style=\"color: #808080;\">Druh\u00e1 m\u00edsta<\/span><\/strong>:\u00a0\u00a0<strong><span style=\"color: #808080;\">Anton\u00edn Han\u00e1k<\/span><\/strong>\u00a0(odr\u00e1\u017eedla), <strong><span style=\"color: #808080;\">Barbora Tlamkov\u00e1\u00a0<\/span><\/strong>(11-12 let),\u00a0<strong><span style=\"color: #808080;\">Barbora Tlamkov\u00e1<\/span><\/strong> (11-12).\u00a0a\u00a0<strong><span style=\"color: #808080;\">Veronika Pt\u00e1\u010dn\u00edkov\u00e1<\/span><\/strong>\u00a0(13-14 let)<\/li>\n<li style=\"text-align: justify;\"><strong><span style=\"color: #993300;\">T\u0159et\u00ed pozice<\/span><\/strong>:\u00a0<strong><span style=\"color: #993300;\">Ji\u0159\u00ed Va\u0161\u00ed\u010dek<\/span><\/strong> (do 6 let)<\/li>\n<\/ul>\n<figure id=\"attachment_12420\" aria-describedby=\"caption-attachment-12420\" style=\"width: 1333px\" class=\"wp-caption alignnone\"><a href=\"http:\/\/www.moravecteam.cz\/?attachment_id=12420\" rel=\"attachment wp-att-12420\"><img decoding=\"async\" loading=\"lazy\" class=\" wp-image-12420\" alt=\"DSC_9983\" src=\"http:\/\/www.moravecteam.cz\/wp-content\/uploads\/2018\/09\/DSC_9983.jpg\" width=\"1333\" height=\"1587\" srcset=\"https:\/\/www.moravecteam.cz\/wp-content\/uploads\/2018\/09\/DSC_9983.jpg 1333w, https:\/\/www.moravecteam.cz\/wp-content\/uploads\/2018\/09\/DSC_9983-251x300.jpg 251w, https:\/\/www.moravecteam.cz\/wp-content\/uploads\/2018\/09\/DSC_9983-860x1024.jpg 860w\" sizes=\"(max-width: 1333px) 100vw, 1333px\" \/><\/a><figcaption id=\"caption-attachment-12420\" class=\"wp-caption-text\">Honza \u0160indel\u00e1\u0159 si po sm\u016fle v Kn\u00ednic\u00edch spravil na Okrouhl\u00e9 medailovou chu\u0165&#8230;<\/figcaption><\/figure>\n<p style=\"text-align: justify;\">D\u00edky v\u0161e rajdr\u016fm za poctiv\u00e9 v\u00fdkony na &#8222;Monze&#8220;, v\u010detn\u011b jejich podp\u016frn\u00fdch rodinn\u00fdch t\u00fdm\u016f! Zde studujte <strong><a href=\"http:\/\/vysledky.pohardrahanskevrchoviny.cz\/2018\/?page=vysledky\">kompletn\u00ed v\u00fdsledkov\u00fd servis<\/a><\/strong> a n\u00ed\u017ee \u010dty\u0159i kvalitn\u00ed fotogalerie&#8230;<\/p>\n<ul>\n<li><strong><a href=\"https:\/\/moravecteam.rajce.idnes.cz\/2018.09.22_MTB_PDV_Okrouhla\/\">Fotogalerie \u010d.1<\/a><\/strong><\/li>\n<li><strong><a href=\"https:\/\/moravecteam.rajce.idnes.cz\/2018.09.22_MTB_PDV_Okrouhla_-_2\/\">Fotogalerie \u010d.2<\/a><\/strong><\/li>\n<li><strong><a href=\"https:\/\/moravecteam.rajce.idnes.cz\/2018.09.22_MTB_PDV_Okrouhla_-_3\/\">Fotogalerie \u010d.3<\/a><\/strong><\/li>\n<li><strong><a href=\"https:\/\/jones1.rajce.idnes.cz\/PDV_Okrouhla_-_22.9.2018\/\">Fotogalerie \u010d.4<\/a><\/strong><\/li>\n<\/ul>\n<figure id=\"attachment_12428\" aria-describedby=\"caption-attachment-12428\" style=\"width: 5353px\" class=\"wp-caption alignnone\"><a href=\"http:\/\/www.moravecteam.cz\/?attachment_id=12428\" rel=\"attachment wp-att-12428\"><img decoding=\"async\" loading=\"lazy\" class=\" wp-image-12428\" alt=\"DSC_0085\" src=\"http:\/\/www.moravecteam.cz\/wp-content\/uploads\/2018\/09\/DSC_0085.jpg\" width=\"5353\" height=\"3519\" srcset=\"https:\/\/www.moravecteam.cz\/wp-content\/uploads\/2018\/09\/DSC_0085.jpg 5353w, https:\/\/www.moravecteam.cz\/wp-content\/uploads\/2018\/09\/DSC_0085-300x197.jpg 300w, https:\/\/www.moravecteam.cz\/wp-content\/uploads\/2018\/09\/DSC_0085-1024x673.jpg 1024w\" sizes=\"(max-width: 5353px) 100vw, 5353px\" \/><\/a><figcaption id=\"caption-attachment-12428\" class=\"wp-caption-text\">(Nejen) nejlep\u0161\u00edm d\u00edvk\u00e1m 7-8 let zatleskala i sen\u00e1torka Mirka V\u00edtkov\u00e1!<\/figcaption><\/figure>\n<p><span style=\"color: #24890d;\">\u00a0<\/span><\/p>\n","protected":false},"excerpt":{"rendered":"<p>Po p\u0159edposledn\u00ed MTB &#8222;Vrchovin\u011b&#8220;, kterou pohostila o t\u0159et\u00ed z\u00e1\u0159iov\u00e9 sobot\u011b Okrouhl\u00e1, p\u0159ibyli z \u0159ad MORAVEC Teamu dal\u0161\u00ed t\u0159i jist\u00ed celkov\u00ed v\u00edt\u011bzov\u00e9! K Leonce Eclerov\u00e9, Lucii Koudelkov\u00e9 a Eli\u0161ce Han\u00e1kov\u00e9 se po z\u00e1vod\u011b v &#8222;Monze&#8220; p\u0159ipojila mlad\u0161\u00ed \u017e\u00e1kyn\u011b Am\u00e1lka Gottwaldov\u00e1, kadetka Kl\u00e1ra Odehnalov\u00e1 a mlad\u0161\u00ed veter\u00e1n Martin Gottwald! Bravo MORAVEC! Je tedy v\u00edce ne\u017e jasn\u00e9, \u017ee &hellip; <a href=\"https:\/\/www.moravecteam.cz\/?p=12406\" class=\"more-link\">Pokra\u010dov\u00e1n\u00ed textu <span class=\"screen-reader-text\">Dal\u0161\u00ed t\u0159i poh\u00e1ry!<\/span> <span class=\"meta-nav\">&rarr;<\/span><\/a><\/p>\n","protected":false},"author":3,"featured_media":12417,"comment_status":"open","ping_status":"closed","sticky":false,"template":"","format":"standard","meta":[],"categories":[1],"tags":[],"_links":{"self":[{"href":"https:\/\/www.moravecteam.cz\/index.php?rest_route=\/wp\/v2\/posts\/12406"}],"collection":[{"href":"https:\/\/www.moravecteam.cz\/index.php?rest_route=\/wp\/v2\/posts"}],"about":[{"href":"https:\/\/www.moravecteam.cz\/index.php?rest_route=\/wp\/v2\/types\/post"}],"author":[{"embeddable":true,"href":"https:\/\/www.moravecteam.cz\/index.php?rest_route=\/wp\/v2\/users\/3"}],"replies":[{"embeddable":true,"href":"https:\/\/www.moravecteam.cz\/index.php?rest_route=%2Fwp%2Fv2%2Fcomments&post=12406"}],"version-history":[{"count":10,"href":"https:\/\/www.moravecteam.cz\/index.php?rest_route=\/wp\/v2\/posts\/12406\/revisions"}],"predecessor-version":[{"id":12431,"href":"https:\/\/www.moravecteam.cz\/index.php?rest_route=\/wp\/v2\/posts\/12406\/revisions\/12431"}],"wp:featuredmedia":[{"embeddable":true,"href":"https:\/\/www.moravecteam.cz\/index.php?rest_route=\/wp\/v2\/media\/12417"}],"wp:attachment":[{"href":"https:\/\/www.moravecteam.cz\/index.php?rest_route=%2Fwp%2Fv2%2Fmedia&parent=12406"}],"wp:term":[{"taxonomy":"category","embeddable":true,"href":"https:\/\/www.moravecteam.cz\/index.php?rest_route=%2Fwp%2Fv2%2Fcategories&post=12406"},{"taxonomy":"post_tag","embeddable":true,"href":"https:\/\/www.moravecteam.cz\/index.php?rest_route=%2Fwp%2Fv2%2Ftags&post=12406"}],"curies":[{"name":"wp","href":"https:\/\/api.w.org\/{rel}","templated":true}]}}