{"id":12433,"date":"2018-10-02T00:22:51","date_gmt":"2018-10-01T22:22:51","guid":{"rendered":"http:\/\/www.moravecteam.cz\/?p=12433"},"modified":"2018-10-02T00:42:54","modified_gmt":"2018-10-01T22:42:54","slug":"zarilo-nejen-slunicko","status":"publish","type":"post","link":"https:\/\/www.moravecteam.cz\/?p=12433","title":{"rendered":"Z\u00e1\u0159ilo nejen slun\u00ed\u010dko&#8230;"},"content":{"rendered":"<p style=\"text-align: justify;\"><strong><span style=\"color: #800000;\">\u2026v\u00a0p\u00e1tek nad sv\u00e1te\u010dn\u00ed Vyso\u010dina Ar\u00e9nou, ale i rajd\u0159i MORAVEC Teamu! I druh\u00fd vrchol leto\u0161n\u00ed sez\u00f3ny, kter\u00fdm bylo fin\u00e1le MTB Poh\u00e1ru Drahansk\u00e9 vrchoviny v\u00a0novom\u011bstsk\u00e9 Vyso\u010dina Ar\u00e9n\u011b, se drtiv\u00e9 v\u011bt\u0161in\u011b na\u0161ich borc\u016f a borek\u00a0 vyda\u0159il. Na n\u00e1ro\u010dn\u00fdch sv\u011btov\u00fdch trat\u00edch zabojovali na &#8211; a i \u010dasto za &#8211; hranic\u00ed sv\u00fdch mo\u017enost\u00ed a odm\u011bnou jim byly nejen v\u00fdborn\u00e9 v\u00fdsledky, ale p\u0159edev\u0161\u00edm pocit z\u00a0dob\u0159e odveden\u00e9 pr\u00e1ce a dob\u0159e z\u00faro\u010den\u00e9 poctiv\u00e9 celoro\u010dn\u00ed p\u0159\u00edpravy. Potvrzuje to zisk celkem \u0161estn\u00e1cti poh\u00e1r\u016f za celkov\u00e9 um\u00edst\u011bn\u00ed ve sledovan\u00e9m po\u0159ad\u00ed OPEN, kdy\u017e \u0161est jich je zlat\u00fdch, sedm st\u0159\u00edbrn\u00fdch a t\u0159i bronzov\u00e9! Plus dal\u0161\u00edch \u0161est celkov\u00fdch \u201ep\u00f3diov\u00fdch\u201c um\u00edst\u011bn\u00ed\u00a0 &#8211; za \u010dty\u0159i\u00a0 \u010dtvrt\u00e1 a dv\u011b p\u00e1t\u00e1 m\u00edsta! Bravo MORAVEC!!!<\/span><\/strong><\/p>\n<figure id=\"attachment_12437\" aria-describedby=\"caption-attachment-12437\" style=\"width: 605px\" class=\"wp-caption alignnone\"><a href=\"http:\/\/www.moravecteam.cz\/?attachment_id=12437\" rel=\"attachment wp-att-12437\"><img decoding=\"async\" loading=\"lazy\" class=\" wp-image-12437\" alt=\"DSC_2531\" src=\"http:\/\/www.moravecteam.cz\/wp-content\/uploads\/2018\/10\/DSC_2531.jpg\" width=\"605\" height=\"692\" srcset=\"https:\/\/www.moravecteam.cz\/wp-content\/uploads\/2018\/10\/DSC_2531.jpg 605w, https:\/\/www.moravecteam.cz\/wp-content\/uploads\/2018\/10\/DSC_2531-262x300.jpg 262w\" sizes=\"(max-width: 605px) 100vw, 605px\" \/><\/a><figcaption id=\"caption-attachment-12437\" class=\"wp-caption-text\">Tonda Han\u00e1k se v NMnM dok\u00e1zal prosadit na prvn\u00ed &#8222;bednu&#8220; tv\u00e1\u0159\u00ed v tv\u00e1\u0159 nejt\u011b\u017e\u0161\u00ed konkurenci!<\/figcaption><\/figure>\n<p style=\"text-align: justify;\">Od r\u00e1na proslun\u011bn\u00e1, div\u00e1ky i podp\u016frn\u00fdmi t\u00fdmy hojn\u011b nav\u0161t\u00edven\u00e1 bikov\u00e1 ar\u00e9na, vid\u011bla na posledn\u00ed z\u00e1\u0159iov\u00fd p\u00e1tek z\u00e1vod hoden velk\u00e9ho fin\u00e1le presti\u017en\u00ed MTB s\u00e9rie! N\u00e1s medailov\u011b navnadil hned v\u00a0prvn\u00edm startu dne (odr\u00e1\u017eedla \u2013 chlapci) \u0161ikovn\u00fd <strong><span style=\"color: #800000;\">Ton\u00edk Han\u00e1k<\/span><\/strong>. Letos po druh\u00e9 (po Velenov\u011b) dok\u00e1zal zv\u00edt\u011bzit, kdy\u017e tentokr\u00e1t porazil v\u00a0p\u0159\u00edm\u00e9m souboji svoje dva nejv\u011bt\u0161\u00ed soupe\u0159e \u2013 Kubu S\u00e1\u0148ku z\u00a0Olomu\u010dan a boskovick\u00e9ho\u00a0 Martina Hrudu \u2013 p\u0159ed startem ji\u017e jist\u00e9ho celkov\u00e9ho v\u00edt\u011bze. A pr\u00e1v\u011b na st\u0159\u00edbrn\u00e9m stup\u00ednku doprovodil v\u00a0celkov\u00e9m po\u0159ad\u00ed na \u201ebednu\u201c Martina Hrudu n\u00e1\u0161 Tonda Han\u00e1k! \u017de stejn\u00e9 kategorii d\u00edvek letos suver\u00e9nn\u011b kralovala <strong><span style=\"color: #800000;\">Leonka Eclerov\u00e1,<\/span><\/strong> povrdila i jist\u00fdm v\u00edt\u011bzstv\u00edm ve Vyso\u010dina ar\u00e9n\u011b, p\u0159i\u010dem\u017e v\u00a0n\u00e1sledn\u00e9m startu d\u011bv\u010dat do 6-ti let vybojovala na\u0161e \u201eoboj\u017eivelnice\u201c nav\u00edc cenn\u00fd bronz. Rtu\u0165ovitou a usm\u011bvavou Leonku neminuly samoz\u0159ejm\u011b dva cenn\u00e9 poh\u00e1ry za celkov\u00e9 um\u00edst\u011bn\u00ed (zlat\u00fd z\u00a0odr\u00e1\u017eedel a st\u0159\u00edbrn\u00fd za kat. do 6 let) v\u00a0po\u0159ad\u00ed OPEN!<\/p>\n<figure id=\"attachment_12438\" aria-describedby=\"caption-attachment-12438\" style=\"width: 681px\" class=\"wp-caption alignnone\"><a href=\"http:\/\/www.moravecteam.cz\/?attachment_id=12438\" rel=\"attachment wp-att-12438\"><img decoding=\"async\" loading=\"lazy\" class=\" wp-image-12438\" alt=\"DSC_2542\" src=\"http:\/\/www.moravecteam.cz\/wp-content\/uploads\/2018\/10\/DSC_2542.jpg\" width=\"681\" height=\"685\" srcset=\"https:\/\/www.moravecteam.cz\/wp-content\/uploads\/2018\/10\/DSC_2542.jpg 681w, https:\/\/www.moravecteam.cz\/wp-content\/uploads\/2018\/10\/DSC_2542-25x25.jpg 25w, https:\/\/www.moravecteam.cz\/wp-content\/uploads\/2018\/10\/DSC_2542-298x300.jpg 298w\" sizes=\"(max-width: 681px) 100vw, 681px\" \/><\/a><figcaption id=\"caption-attachment-12438\" class=\"wp-caption-text\">Leonka Eclerov\u00e1 uh\u00e1n\u00ed za v\u00edt\u011bzstv\u00edm i na trati v Nov\u00e9m M\u011bst\u011b na Morav\u011b!<\/figcaption><\/figure>\n<p style=\"text-align: justify;\">V\u00a0z\u00e1vod\u011b d\u011bv\u010dat 7-8 let jsme tleskali <strong><span style=\"color: #800000;\">Zit\u011b \u017dern\u00ed\u010dkov\u00e9<\/span><\/strong> s\u00a0<strong><span style=\"color: #800000;\">Luci\u00ed Gottwaldovou.<\/span><\/strong> V\u00a0p\u00e1tek snad jako nikdy p\u0159ed t\u00edm, potr\u00e1pila Zita \u017dern\u00ed\u010dkov\u00e1\u00a0 suver\u00e9nku t\u00e9to kategorie a objev leto\u0161n\u00ed \u201eMTB Vrchoviny\u201c S\u00e1ru \u0160kubalovou (TUFO Cykloz\u00e1kladna Otrokovice). Byla to Zita, kter\u00e1 \u201eud\u011blala\u201c z\u00e1vod, kdy\u017e t\u00e9m\u011b\u0159 do jeho poloviny dr\u017eela svoji nejv\u011bt\u0161\u00ed soupe\u0159ku \u201ev \u0161achu\u201c a by\u0165 j\u00ed nakonec podlehla, sklidila stejn\u00e9 ovace po\u010detn\u00fdch div\u00e1k\u016f, jako v\u00edt\u011bzka! A aplaus neminul ani t\u0159et\u00ed v\u00a0c\u00edli, dal\u0161\u00ed na\u0161i \u0161ikovnou bikerku, Lucii Gottwaldovou, kter\u00e1 se k\u00a0bronzu \u201eprost\u0159\u00edlela\u201c v\u00fdbornou j\u00edzdou ze zadn\u00edch pozic! Nemus\u00edm p\u0159ipom\u00ednat, \u017ee poh\u00e1ry za celkov\u00e9 po\u0159ad\u00ed z\u00edskala v\u0161echna t\u0159i \u0161ikovn\u00e1 d\u011bv\u010data.<\/p>\n<figure id=\"attachment_12439\" aria-describedby=\"caption-attachment-12439\" style=\"width: 1532px\" class=\"wp-caption alignnone\"><a href=\"http:\/\/www.moravecteam.cz\/?attachment_id=12439\" rel=\"attachment wp-att-12439\"><img decoding=\"async\" loading=\"lazy\" class=\" wp-image-12439\" alt=\"DSC_2932\" src=\"http:\/\/www.moravecteam.cz\/wp-content\/uploads\/2018\/10\/DSC_2932.jpg\" width=\"1532\" height=\"1152\" srcset=\"https:\/\/www.moravecteam.cz\/wp-content\/uploads\/2018\/10\/DSC_2932.jpg 1532w, https:\/\/www.moravecteam.cz\/wp-content\/uploads\/2018\/10\/DSC_2932-300x225.jpg 300w, https:\/\/www.moravecteam.cz\/wp-content\/uploads\/2018\/10\/DSC_2932-1024x770.jpg 1024w\" sizes=\"(max-width: 1532px) 100vw, 1532px\" \/><\/a><figcaption id=\"caption-attachment-12439\" class=\"wp-caption-text\">Matou\u0161 Lipensk\u00fd byl v &#8222;novom\u011bstsk\u00e9m&#8220; lese jako (zlat\u00e1) ryba ve vod\u011b!<\/figcaption><\/figure>\n<p style=\"text-align: justify;\">I prvn\u00ed z\u00e1vod druh\u00e9ho bloku start\u016f n\u00e1m p\u0159inesl zlatou radost. Po Valchov\u011b si druh\u00e9 leto\u0161n\u00ed prvenstv\u00ed p\u0159ipsal v\u00a0kategorii chlapc\u016f 9-10 let <strong><span style=\"color: #800000;\">Matou\u0161 Lipensk\u00fd.<\/span><\/strong> Nutno objektivn\u011b dodat, \u017ee na startu chyb\u011bl leto\u0161n\u00ed suver\u00e9n t\u00e9to kategorie \u2013 Jakub Tesa\u0159\u00edk (Cykloteam Kol\u00e1rna), zlato ze z\u00e1vodu na sv\u011btov\u00e9 trati a st\u0159\u00edbrn\u00fd poh\u00e1r za celkov\u00e9 po\u0159ad\u00ed v\u0161ak Matou\u0161i Lipensk\u00e9mu moc slu\u0161\u00ed! Stejn\u011b mlad\u00e1 na\u0161e d\u011bv\u010data startovala ve Vyso\u010dina Ar\u00e9n\u011b op\u011bt v\u00a0siln\u00e9m kompletn\u00edm slo\u017een\u00ed (<strong><span style=\"color: #800000;\">Just\u00fdna Novotn\u00e1<\/span><\/strong>, <strong><span style=\"color: #800000;\">Barbora Janovsk\u00e1<\/span><\/strong> a Lucie Koudelkov\u00e1), p\u0159esto se v\u00fdsledkov\u011b opakoval z\u00e1vod\u00a0 z\u00a0Okrouhl\u00e9. I v\u00a0NMnM byla nad s\u00edly na\u0161ich d\u011bv\u010dat Ag\u00e1ta Sl\u00e1mkov\u00e1 (Cykloch Team), kdy\u017e na\u0161e d\u00edvky se za n\u00ed v\u00a0po\u0159ad\u00ed \u201eposkl\u00e1dly\u201c, jak je uvedeno v\u00fd\u0161e v\u00a0z\u00e1vorce. A i kdy\u017e Lucie Koudelkov\u00e1 t\u00edmto p\u0159i\u0161la o leto\u0161n\u00ed neporazitelnost, zlat\u00fd poh\u00e1r za celkov\u00e9 prvenstv\u00ed j\u00ed u\u017e uniknout nemohl!<\/p>\n<figure id=\"attachment_12440\" aria-describedby=\"caption-attachment-12440\" style=\"width: 918px\" class=\"wp-caption alignnone\"><a href=\"http:\/\/www.moravecteam.cz\/?attachment_id=12440\" rel=\"attachment wp-att-12440\"><img decoding=\"async\" loading=\"lazy\" class=\" wp-image-12440\" alt=\"DSC_3025\" src=\"http:\/\/www.moravecteam.cz\/wp-content\/uploads\/2018\/10\/DSC_3025.jpg\" width=\"918\" height=\"812\" srcset=\"https:\/\/www.moravecteam.cz\/wp-content\/uploads\/2018\/10\/DSC_3025.jpg 918w, https:\/\/www.moravecteam.cz\/wp-content\/uploads\/2018\/10\/DSC_3025-300x265.jpg 300w\" sizes=\"(max-width: 918px) 100vw, 918px\" \/><\/a><figcaption id=\"caption-attachment-12440\" class=\"wp-caption-text\">Anna Han\u00e1kov\u00e1 potvrdila na sv\u011btov\u00fdch trat\u00edch svoji excelentn\u00ed techniku a p\u0159ipsala si v z\u00e1vodech PDV dal\u0161\u00ed zaslou\u017een\u00e9 prvenstv\u00ed!<\/figcaption><\/figure>\n<p style=\"text-align: justify;\">Z\u00e1vod o\u00a0 stupe\u0148 vy\u0161\u0161\u00edho v\u011bkov\u00e9ho d\u00edv\u010d\u00edho \u201elevelu\u201c n\u00e1m ud\u011blal dal\u0161\u00ed radost o p\u00e1r des\u00edtek minut pozd\u011bji. Osv\u011bd\u010den\u00e9 a spolehliv\u00e9 reprezentantky <strong><span style=\"color: #800000;\">Anna Han\u00e1kov\u00e1<\/span><\/strong>, <strong><span style=\"color: #800000;\">Am\u00e1lka Gottwaldov\u00e1<\/span><\/strong> a <strong><span style=\"color: #800000;\">Bar\u010da Tlamkov\u00e1<\/span><\/strong> nedaly na trati soupe\u0159k\u00e1m \u0161anci a vybojovaly pro MORAVEC cenn\u00fd hattrick! O vyrovnanosti jejich souboje, ve kter\u00e9m byla letos \u2013 podobn\u011b jako v\u00a0Protivanov\u011b \u2013 nejrychlej\u0161\u00ed Anna Han\u00e1kov\u00e1, sv\u011bd\u010d\u00ed skute\u010dnost, \u017ee d\u00edvky dospurtovaly do c\u00edle v\u00a0rozmez\u00ed\u00a0 pouh\u00fdch sedmi vte\u0159in. Skute\u010dnou s\u00edlu m\u00e1me v\u00a0d\u00edvk\u00e1ch ve v\u011bkov\u00e9m rozmez\u00ed od 7 do 12 let! Zdrav\u00e1 konkurence a hlavn\u011b t\u00fdmov\u00e1 soudr\u017enost m\u016f\u017ee v\u00a0budoucnu tato d\u011bv\u010data posunout hodn\u011b, hodn\u011b vysoko..!<\/p>\n<figure id=\"attachment_12441\" aria-describedby=\"caption-attachment-12441\" style=\"width: 1537px\" class=\"wp-caption alignnone\"><a href=\"http:\/\/www.moravecteam.cz\/?attachment_id=12441\" rel=\"attachment wp-att-12441\"><img decoding=\"async\" loading=\"lazy\" class=\" wp-image-12441\" alt=\"DSC_3866\" src=\"http:\/\/www.moravecteam.cz\/wp-content\/uploads\/2018\/10\/DSC_3866.jpg\" width=\"1537\" height=\"1428\" srcset=\"https:\/\/www.moravecteam.cz\/wp-content\/uploads\/2018\/10\/DSC_3866.jpg 1537w, https:\/\/www.moravecteam.cz\/wp-content\/uploads\/2018\/10\/DSC_3866-300x278.jpg 300w, https:\/\/www.moravecteam.cz\/wp-content\/uploads\/2018\/10\/DSC_3866-1024x951.jpg 1024w\" sizes=\"(max-width: 1537px) 100vw, 1537px\" \/><\/a><figcaption id=\"caption-attachment-12441\" class=\"wp-caption-text\">&#8222;Mar\u0165as&#8220; Martin Gottwald se v z\u00e1vod\u011b Masters II p\u0159i cest\u011b za v\u00edt\u011bzstv\u00edm docela zapotil.<\/figcaption><\/figure>\n<p style=\"text-align: justify;\">Starty star\u0161\u00edch \u017e\u00e1ky\u0148 a \u017e\u00e1k\u016f n\u00e1m u\u017e medailovou radost nep\u0159inesly. Ji\u017e jist\u00e1 celkov\u00e1 v\u00edt\u011bzka, Eli\u0161ka Han\u00e1kov\u00e1, startovala na \u00favodn\u00edm z\u00e1vod\u011b \u010cesk\u00e9ho poh\u00e1ru v\u00a0cyklokrosu a t\u0159i na\u0161i star\u0161\u00ed \u017e\u00e1ci po medailov\u00fdch pozic\u00edch pokukovali z\u00a0povzd\u00e1l\u00ed i v\u00a0Nov\u00e9m M\u011bst\u011b na Morav\u011b,\u00a0 v\u00a0nejlep\u0161\u00edm p\u0159\u00edpad\u011b ze \u201evzd\u00e1lenosti\u201c\u00a0 \u00a0necel\u00e9 minuty (7. m\u00edsto Roman \u0160indel\u00e1\u0159). V odpoledn\u00edch startech junior\u016f a kadet\u016f s\u00a0dosp\u011bl\u00fdch to bylo ale jinak. Zlato v \u201emastrech dvojka\u0159\u00edch\u201c zku\u0161en\u011b obh\u00e1jil z\u00a0Okrouhl\u00e9 <strong><span style=\"color: #800000;\">Martin Gottwald,<\/span> <\/strong>kdy\u017e v\u00a0c\u00edli st\u0159\u00edbrn\u00fd, dal\u0161\u00ed n\u00e1\u0161 spolehliv\u00fd reprezentant \u00a0<strong><span style=\"color: #800000;\">Honza \u0160indel\u00e1\u0159<\/span><\/strong> mu byl hodn\u011b dlouho vyrovnan\u00fdm soupe\u0159em. Aby se u \u0160indel\u00e1\u0159\u016f ve Svat\u00e9 Kate\u0159in\u011b po z\u00e1vod\u011b neh\u00e1dli, st\u0159\u00edbro po v\u00fdborn\u00e9m v\u00fdkonu vybojoval i kadet a syn na\u0161eho veter\u00e1na <strong><span style=\"color: #800000;\">Honza \u201eD\u017eony\u201c \u0160indel\u00e1\u0159<\/span><\/strong>, kter\u00fd nesta\u010dil pouze na v\u00fdborn\u011b p\u0159ipraven\u00e9ho dom\u00e1c\u00edho borce Filipa Kone\u010dn\u00e9ho (BATT Nov\u00e9 M\u011bsto na Morav\u011b). A z\u00e1v\u011bre\u010dn\u00fd medailov\u00fd sb\u011br MORAVEC Teamu na leto\u0161n\u00ed MTB \u201eVrchovin\u011b\u201c podtrhnul t\u0159et\u00edm m\u00edstem v\u00a0kategorii Masters III <strong><span style=\"color: #800000;\">Vlast\u00edk Odehnal.<\/span> <\/strong>Pro n\u011bho je v\u00fdsledek o to cenn\u011bj\u0161\u00ed, vezmeme-li v\u00a0\u00favahu, \u017ee u\u017e od st\u0159edy pe\u010dliv\u011b nejen \u201etvaroval\u201c m\u00edstn\u00ed trat\u011b, ale byl v\u00a0neust\u00e1l\u00e9 permanenci, co by kl\u00ed\u010dov\u00e1 osobnost po\u0159adatelsk\u00e9ho t\u00fdmu i v\u00a0den z\u00e1vodu. Stejn\u011b tak p\u0159ed sv\u00fdm sobotn\u00edm startem po\u0159adatelsky \u201ekmital\u201c i Honza \u0160indel\u00e1\u0159 st. O to jsou jejich fin\u00e1ln\u00ed medailov\u00e9\u00a0 v\u00fdsledky cenn\u011bj\u0161\u00ed\u2026<\/p>\n<figure id=\"attachment_12442\" aria-describedby=\"caption-attachment-12442\" style=\"width: 1323px\" class=\"wp-caption alignnone\"><a href=\"http:\/\/www.moravecteam.cz\/?attachment_id=12442\" rel=\"attachment wp-att-12442\"><img decoding=\"async\" loading=\"lazy\" class=\" wp-image-12442\" alt=\"DSC_3454\" src=\"http:\/\/www.moravecteam.cz\/wp-content\/uploads\/2018\/10\/DSC_3454.jpg\" width=\"1323\" height=\"1366\" srcset=\"https:\/\/www.moravecteam.cz\/wp-content\/uploads\/2018\/10\/DSC_3454.jpg 1323w, https:\/\/www.moravecteam.cz\/wp-content\/uploads\/2018\/10\/DSC_3454-25x25.jpg 25w, https:\/\/www.moravecteam.cz\/wp-content\/uploads\/2018\/10\/DSC_3454-290x300.jpg 290w, https:\/\/www.moravecteam.cz\/wp-content\/uploads\/2018\/10\/DSC_3454-991x1024.jpg 991w\" sizes=\"(max-width: 1323px) 100vw, 1323px\" \/><\/a><figcaption id=\"caption-attachment-12442\" class=\"wp-caption-text\">V tomto okam\u017eiku je l\u00eddrem z\u00e1vodu kategorie Masters II je\u0161t\u011b Honza \u0160indel\u00e1\u0159 st. Jeho nejv\u011bt\u0161\u00ed soupe\u0159, Martin Gottwald, je v\u0161ak na dohled&#8230;<\/figcaption><\/figure>\n<p style=\"text-align: justify;\">Po hattricku mlad\u0161\u00edch \u017e\u00e1ky\u0148 se tedy o \u201edouble\u201c na z\u00e1v\u011br postarali i na\u0161i \u201eMast\u0159i dvojka\u0159i\u201c. I tato skute\u010dnost hovo\u0159\u00ed\u00a0 o \u0161irok\u00e9m v\u011bkov\u00e9m z\u00e1b\u011bru na\u0161eho agyln\u00edho z\u00e1vodn\u00edho \u0161iku. V\u00a0souvislosti s\u00a0posledn\u00edm blokem start\u016f je\u0161t\u011b p\u0159ipomenu, \u017ee v\u00fdborn\u011b m\u011bla rozjet\u00fd z\u00e1vod kadetka Kl\u00e1ra Odehnalov\u00e1, ale p\u00e1d v\u00a0sekci Rock\u00b4n\u00b4roll bohu\u017eel v\u0161e zhatil&#8230; S p\u00e1t\u00fdm m\u00edstem byl ale asi v\u00a0c\u00edli spokojen\u00fd v\u00a0sobotu dob\u0159e jedouc\u00ed junior Tom\u00e1\u0161 Dou\u0161ek. Zde\u00a0 si odkontrolujte <strong><a href=\"http:\/\/vysledky.pohardrahanskevrchoviny.cz\/2018\/?page=vysledky\">definitivn\u00ed v\u00fdsledkov\u00e9 resum\u00e9<\/a><\/strong>\u2026 Poj\u010fme si ale\u00a0 i\u00a0 zrekapitulovat na\u0161e novom\u011bstsk\u00e9 medailov\u00e9 zisky v\u00a0po\u0159ad\u00ed OPEN:<\/p>\n<ul>\n<li>\n<div style=\"text-align: justify;\"><strong><span style=\"color: #ff6600;\">Zlata<\/span><\/strong>\u00a0vybojovali:\u00a0 <strong><span style=\"color: #ff6600;\">Anton\u00edn Han\u00e1k<\/span><\/strong> (odr\u00e1\u017eedla),\u00a0<span style=\"color: #ff6600;\"><strong>Leona Eclerov\u00e1<\/strong><\/span> (dr\u00e1\u017eedla), <strong><span style=\"color: #ff6600;\">Matou\u0161 Lipensk\u00fd<\/span><\/strong> (9-10), <strong><span style=\"color: #ff6600;\">Anna Han\u00e1kov\u00e1<\/span> <\/strong>(11-12) a\u00a0 <strong><span style=\"color: #ff6600;\">Martin Gottwald<\/span><\/strong> (Masters II)<\/div>\n<\/li>\n<li style=\"text-align: justify;\"><strong><span style=\"color: #808080;\">St\u0159\u00edbrn\u00e9<\/span><\/strong>\u00a0medaile:\u00a0\u00a0<strong><span style=\"color: #808080;\">Zita \u017dern\u00ed\u010dkov\u00e1<\/span><\/strong>\u00a0(7-8 let),\u00a0<strong><span style=\"color: #808080;\">\u00a0Just\u00fdna Novotn\u00e1<\/span><\/strong>\u00a0(9-10 let), <strong><span style=\"color: #808080;\">Am\u00e1lie Gottwaldov\u00e1<\/span><\/strong> (11-120 let) ,\u00a0<strong><span style=\"color: #808080;\">Honza &#8222;D\u017eony&#8220; \u0160indel\u00e1\u0159<\/span><\/strong> (junio\u0159i \/ kadeti) a\u00a0<strong><span style=\"color: #808080;\">Honza \u0160indel\u00e1\u0159 st.<\/span> <\/strong>(Masters II)<\/li>\n<li style=\"text-align: justify;\">Bronzy\u00a0brali:\u00a0\u00a0<strong><span style=\"color: #993300;\">Leona Eclerov\u00e1<\/span><\/strong> ( do 6let),\u00a0<strong><span style=\"color: #993300;\">Lucie Gottwaldov\u00e1<\/span><\/strong>\u00a0(7-8 let),\u00a0<strong><span style=\"color: #993300;\">Barbora Janovsk\u00e1<\/span><\/strong>\u00a0(9-10 let),\u00a0\u00a0<strong><span style=\"color: #993300;\">Barbora Tlamkov\u00e1<\/span><\/strong> (11-12 let) a <strong><span style=\"color: #993300;\">Vlastimil Odehnal<\/span> <\/strong>(Masters III)<\/li>\n<\/ul>\n<p style=\"text-align: justify;\">V\u00a0po\u0159ad\u00ed OBCE je n\u00e1\u0161 medailov\u00fd sum\u00e1\u0159 tento:<\/p>\n<ul>\n<li>\n<div style=\"text-align: justify;\"><strong><span style=\"color: #ff6600;\">Prvn\u00ed m\u00edsta\u00a0<\/span><\/strong>vybojovali :\u00a0\u00a0<strong><span style=\"color: #ff6600;\">Anton\u00edn Han\u00e1k<\/span><\/strong>\u00a0(odr\u00e1\u017eedla),\u00a0<strong><span style=\"color: #ff6600;\">Zita \u017dern\u00ed\u010dkov\u00e1\u00a0<\/span><\/strong>(7-8 let),\u00a0<strong><span style=\"color: #ff6600;\">Just\u00fdna Novotn\u00e1<\/span><\/strong>\u00a0(9-10 let),\u00a0<strong><span style=\"color: #ff6600;\">Dominik Pt\u00e1\u010dn\u00edk<\/span><\/strong>\u00a0(9-10),\u00a0\u00a0<span style=\"color: #ff6600;\"><strong>Anna Han\u00e1kov\u00e1<\/strong><\/span>\u00a0(11-12 let), a\u00a0<strong><span style=\"color: #ff6600;\">Luk\u00e1\u0161 Sedl\u00e1k<\/span><\/strong>\u00a0(13-14 let) a <strong><span style=\"color: #ff6600;\">Veronika Pt\u00e1\u010dn\u00edkov\u00e1<\/span><\/strong> (13-14 let)<\/div>\n<\/li>\n<li style=\"text-align: justify;\"><strong><span style=\"color: #808080;\">Druh\u00e1 m\u00edsta <\/span><\/strong><span style=\"color: #000000;\">pro<\/span>:\u00a0\u00a0<strong><span style=\"color: #808080;\">Kl\u00e1ra V\u011brn\u00e1<\/span><\/strong> (odr\u00e1\u017eedla), <strong><span style=\"color: #808080;\">Jon\u00e1\u0161 Janovsk\u00fd<\/span> <\/strong>(odr\u00e1\u017eedla), <strong><span style=\"color: #808080;\">Barbora Janovsk\u00e1<\/span><\/strong> (10 &#8211; 11 let),\u00a0<span style=\"color: #808080;\"><strong>Maty\u00e1\u0161 Koudelka<\/strong> <\/span>(11-12) a\u00a0<span style=\"color: #808080;\"><strong>Barbora Tlamkov\u00e1<\/strong><\/span> (11-12)<\/li>\n<li style=\"text-align: justify;\"><strong><span style=\"color: #993300;\">T\u0159et\u00ed pozice <\/span><\/strong><span style=\"color: #000000;\">pat\u0159\u00ed<\/span>:<strong><span style=\"color: #993300;\">\u00a0Lucii Koudelkov\u00e1<\/span><\/strong>\u00a0 (9-10 let)<\/li>\n<\/ul>\n<p style=\"text-align: justify;\">V\u00a0celkov\u00e9m po\u0159ad\u00ed OPEN \u2013 kompletn\u00ed p\u00f3dium \u2013 m\u00e1me t\u011bchto 22(!) \u00fasp\u011b\u0161n\u00fdch:<\/p>\n<ul>\n<li style=\"text-align: justify;\"><strong><span style=\"color: #ff6600;\">Zlat\u00e9 poh\u00e1ry<\/span><\/strong> vybojovali:\u00a0<strong><span style=\"color: #ff6600;\">Leona Eclerov\u00e1<\/span><\/strong>\u00a0(dr\u00e1\u017eedla), <strong><span style=\"color: #ff6600;\">Lucie Koudelkov\u00e1<\/span><\/strong> (9-10 let), <strong><span style=\"color: #ff6600;\">Am\u00e1lie Gottwaldov\u00e1<\/span><\/strong> (11-12 let), <strong><span style=\"color: #ff6600;\">Eli\u0161ka Han\u00e1kov\u00e1<\/span> <\/strong>(13-14 let), <strong><span style=\"color: #ff6600;\">Kl\u00e1ra Odehnalov\u00e1<\/span> <\/strong>(juniorky \/ kadetky) a <strong><span style=\"color: #ff6600;\">Martin Gottwald<\/span><\/strong> (Masters II)<\/li>\n<li style=\"text-align: justify;\"><strong><span style=\"color: #808080;\">St\u0159\u00edbrn\u00e9 poh\u00e1ry<\/span><\/strong> vybojovali: <strong><span style=\"color: #808080;\">Anton\u00edn Han\u00e1k<\/span><\/strong> (odr\u00e1\u017eedla), <strong><span style=\"color: #808080;\">Leona Eclerov\u00e1<\/span><\/strong> (do 6 let), <strong><span style=\"color: #808080;\">Filip Ecler<\/span><\/strong> (7-8 let), <strong><span style=\"color: #808080;\">Lucie Gottwaldov\u00e1<\/span><\/strong> (7-8 let), <strong><span style=\"color: #808080;\">Matou\u0161 Lipensk\u00fd<\/span><\/strong> (9-10 let), <strong><span style=\"color: #808080;\">Anna Han\u00e1kov\u00e1<\/span> <\/strong>(11-12 let), <strong><span style=\"color: #808080;\">Honza \u0160indel\u00e1\u0159 st.<\/span><\/strong> (Masters II)<\/li>\n<li style=\"text-align: justify;\"><strong><span style=\"color: #993300;\">Bronzov\u00e9 poh\u00e1ry<\/span><\/strong> vybojovali:<strong><span style=\"color: #993300;\"> Zita \u017dern\u00ed\u010dkov\u00e1<\/span><\/strong> (7-8 let), <strong><span style=\"color: #993300;\">Just\u00fdna Novotn\u00e1<\/span><\/strong> (9-10 let) a\u00a0<strong><span style=\"color: #993300;\">Barbora Tlamkov\u00e1<\/span><\/strong> (11-12 let)<\/li>\n<li style=\"text-align: justify;\"><strong><span style=\"color: #333399;\">&#8222;Bramborov\u00e9&#8220; poh\u00e1ry<\/span><\/strong> pat\u0159\u00ed: <strong><span style=\"color: #333399;\">Barbora Janovsk\u00e1<\/span><\/strong> (9-10 let), <strong><span style=\"color: #333399;\">Honza &#8222;D\u017eony&#8220; \u0160indel\u00e1\u0159<\/span><\/strong> (junio\u0159i \/ kadeti), <strong><span style=\"color: #333399;\">Monika Kone\u010dn\u00e1<\/span><\/strong> (juniorky \/ kadetky) a <strong><span style=\"color: #333399;\">Franti\u0161ek Pad\u011bra<\/span> <\/strong>(Masters II)<\/li>\n<li style=\"text-align: justify;\">P\u00e1t\u00e1 m\u00edsta pro: <strong><span style=\"color: #008000;\">Anton\u00edn Dosko\u010dil<\/span><\/strong> (7-8 let) a <strong><span style=\"color: #008000;\">Roman \u0160indel\u00e1\u0159<\/span> <\/strong>(13-14 let)<\/li>\n<\/ul>\n<p style=\"text-align: justify;\">V\u00a0celkov\u00e9m po\u0159ad\u00ed OBCE se pak m\u016f\u017eeme py\u0161nit celkem patn\u00e1cti poh\u00e1ry!<\/p>\n<ul>\n<li style=\"text-align: justify;\"><strong><span style=\"color: #ff6600;\">Zlat\u00e9 poh\u00e1ry<\/span><\/strong>\u00a0vybojovali:\u00a0<strong><span style=\"color: #ff6600;\">Zita \u017dern\u00ed\u010dkov\u00e1<\/span><\/strong>\u00a0 (7-8 let),\u00a0<strong><span style=\"color: #ff6600;\">Dominik Pt\u00e1\u010dn\u00edk<\/span><\/strong> (9-10 let),\u00a0<strong><span style=\"color: #ff6600;\">Lucie Koudelkov\u00e1<\/span><\/strong> (9-10 let), <strong><span style=\"color: #ff6600;\">Anna Han\u00e1kov\u00e1<\/span><\/strong> (11-12let), <strong><span style=\"color: #ff6600;\">Luk\u00e1\u0161 Sedl\u00e1k<\/span><\/strong> (13-14 let) a <strong><span style=\"color: #ff6600;\">Eli\u0161ka Han\u00e1kov\u00e1<\/span><\/strong>\u00a0(13-14 let)<\/li>\n<li style=\"text-align: justify;\"><strong><span style=\"color: #808080;\">St\u0159\u00edbrn\u00e9 poh\u00e1ry<\/span><\/strong>\u00a0vybojovali:\u00a0<strong><span style=\"color: #808080;\">Anton\u00edn Han\u00e1k\u00a0<\/span><\/strong>(odr\u00e1\u017eedla),\u00a0<strong><span style=\"color: #808080;\">Kl\u00e1ra V\u011brn\u00e1<\/span><\/strong>\u00a0 (odr\u00e1\u017eedla), <strong><span style=\"color: #808080;\">Jon\u00e1\u0161 Janovsk\u00fd<\/span><\/strong> (do 6 let), <strong><span style=\"color: #808080;\">Just\u00fdna Novotn\u00e1<\/span> <\/strong>(910 let), <strong><span style=\"color: #808080;\">Maty\u00e1\u0161 Koudelka<\/span> <\/strong>(11-12 let), <strong><span style=\"color: #808080;\">Barbora Tlamkov\u00e1 (<\/span><\/strong>11-12 let) a <strong><span style=\"color: #808080;\">Veronikka Pt\u00e1\u010dn\u00edkov\u00e1<\/span><\/strong> (13-14 let)<\/li>\n<li style=\"text-align: justify;\">Bronzov\u00e9 poh\u00e1ry\u00a0vybojovali:\u00a0<strong><span style=\"color: #800000;\">Ad\u00e9la V\u011brn\u00e1\u00a0<\/span><\/strong> (7-8 let) a\u00a0<strong><span style=\"color: #800000;\">Barbora Tlamkov\u00e1<\/span><\/strong>\u00a0(11-12 let)<\/li>\n<\/ul>\n<p style=\"text-align: justify;\">Sedmn\u00e1ct\u00e1 MTB \u201eVrchovina\u201c napsala tedy fin\u00e1lov\u00fdm z\u00e1vodem ve Vyso\u010dina ar\u00e9n\u011b svoji leto\u0161n\u00ed posledn\u00ed kapitolu. K\u00a0na\u0161\u00ed velk\u00e9 radosti byly i letos vid\u011bt dresy MORAVEC Temu hodn\u011b v\u00a0pop\u0159ed\u00ed, co\u017e sv\u011bd\u010d\u00ed nejen o kvalit\u011b na\u0161ich rejdr\u016f, ale isv\u011bdomit\u00e9 a pe\u010dliv\u00e9\u00a0 pr\u00e1ci na\u0161ich tren\u00e9r\u016f. Skute\u010dnost, \u017ee je MORAVEC na &#8222;Vrchovin\u011b&#8220; jedn\u00edm z l\u00eddr\u016f je t\u00edm pot\u011b\u0161uj\u00edc\u00ed, vezmeme-li v\u00a0\u00favahu objektivn\u00ed fakt, \u017ee konkurence se rok od roku zvy\u0161uje. K\u00a0z\u00a0minulosti ji\u017e pravideln\u00fdm \u00fa\u010dastn\u00edk\u016fm, jako jsou region\u00e1ln\u00ed t\u00fdmy ACT Lerak \u010di Drahansk\u00fd Sportteam \u010di p\u0159espoln\u00ed Cyklot\u00fdm MXM Hul\u00edn s\u00a0TUFO Cykloz\u00e1kladna Otrokovice, p\u0159ibyly letos dal\u0161\u00ed kvalitn\u00ed \u201eman\u010dafty\u201c (Cyklotem Kol\u00e1rna, BATT Nov\u00e9 M\u011bsto, Short Bike Academy Opletal \u010di Cykloch Team\u2026) s\u00a0je\u0161t\u011b kvalitn\u011bj\u0161\u00edm z\u00e1vodnick\u00fdm \u201emateri\u00e1lem\u201c. A jist\u011b mi d\u00e1te za pravdu, \u017ee pro dal\u0161\u00ed v\u00fdkonnostn\u00ed r\u016fst na\u0161ich \u00a0rajdr\u016f je zdrav\u00e1, kvalitn\u00ed a po\u010detn\u00e1 konkurence t\u00edm nejlep\u0161\u00edm, co je na cest\u011b k\u00a0cyklistick\u00fdm \u00fasp\u011bch\u016fm, m\u016f\u017ee v\u00fdznam\u011b \u201epopostr\u010dit\u201c!<\/p>\n<figure id=\"attachment_12443\" aria-describedby=\"caption-attachment-12443\" style=\"width: 1333px\" class=\"wp-caption alignnone\"><a href=\"http:\/\/www.moravecteam.cz\/?attachment_id=12443\" rel=\"attachment wp-att-12443\"><img decoding=\"async\" loading=\"lazy\" class=\" wp-image-12443\" alt=\"DSC_3523\" src=\"http:\/\/www.moravecteam.cz\/wp-content\/uploads\/2018\/10\/DSC_3523.jpg\" width=\"1333\" height=\"2000\" srcset=\"https:\/\/www.moravecteam.cz\/wp-content\/uploads\/2018\/10\/DSC_3523.jpg 1333w, https:\/\/www.moravecteam.cz\/wp-content\/uploads\/2018\/10\/DSC_3523-199x300.jpg 199w, https:\/\/www.moravecteam.cz\/wp-content\/uploads\/2018\/10\/DSC_3523-682x1024.jpg 682w\" sizes=\"(max-width: 1333px) 100vw, 1333px\" \/><\/a><figcaption id=\"caption-attachment-12443\" class=\"wp-caption-text\">Kl\u00e1ra Odehnalov\u00e1 jela z po\u010d\u00e1tku z\u00e1vodu na \u010dele spole\u010dn\u00e9 kategorie juniorek a kadetek. P\u00e1d v technick\u00e9 sekci v\u0161ak jej\u00ed \u0161ance na v\u00edt\u011bzstv\u00ed zma\u0159il&#8230;<\/figcaption><\/figure>\n<p style=\"text-align: justify;\">D\u00edky v\u0161em na\u0161im z\u00fa\u010dastn\u011bn\u00fdm Novom\u011bstsk\u00fdm rajdr\u016fm za poctiv\u00e9 v\u00fdkony na doraz na t\u011b\u017ek\u00fdch sv\u011btov\u00fdch trat\u00edch! D\u00edky t\u00e9\u017e v\u0161em podp\u016frn\u00fdm rodinn\u00fdm t\u00fdm\u016fm, kter\u00e9 to m\u011bli tentokr\u00e1t na z\u00e1vodi\u0161t\u011b o pozn\u00e1n\u00ed d\u00e1l, ne\u017e jindy\u2026 Snad toho nelitovaly\u2026 \u00a0A v\u00a0neposledn\u00ed \u0159ad\u011b i d\u00edky v\u0161em, kte\u0159\u00ed \u00a0se (p\u0159es\u00a0 pot\u00ed\u017ee, kter\u00e9 jsme byli nuceni p\u0159i organizace akce v\u00a0sobotu \u0159e\u0161it) zaslou\u017eili o zd\u00e1rn\u00fd pr\u016fb\u011bh fin\u00e1le! A jsem\u00a0 mile p\u0159ekvapen veskrze pozitivn\u00edmi odezvami na fin\u00e1lov\u00fd z\u00e1vod, kter\u00e9 ke mn\u011b\u00a0 dosud dorazily! <strong><span style=\"color: #800000;\">Bravo MORAVEC!!!\u00a0<\/span><\/strong><span style=\"color: #000000;\">Zde jsou pr\u016fkazn\u00e9 fotogalerie:<\/span><\/p>\n<ul>\n<li><strong><a href=\"https:\/\/moravecteam.rajce.idnes.cz\/2018.09.28_MTB_PDV_Nove_Mesto_na_Morave\/\">Fotogalerie \u010d.1\u00a0<\/a><\/strong><\/li>\n<li><strong><a href=\"https:\/\/moravecteam.rajce.idnes.cz\/2018.09.28_MTB_PDV_Nove_Mesto_na_Morave_-_2\/\">Fotogalerie \u010d.2<\/a><\/strong><\/li>\n<li><strong><a href=\"https:\/\/moravecteam.rajce.idnes.cz\/2018.09.28_MTB_PDV_Nove_Mesto_na_Morave_-_3\/\">Fotogalerie \u010d.3<\/a><\/strong><\/li>\n<li><strong><a href=\"https:\/\/moravecteam.rajce.idnes.cz\/2018.09.28_MTB_PDV_Nove_Mesto_na_Morave_-_4\/\">Fotogalerie \u010d.4<\/a><\/strong><\/li>\n<li><strong><a href=\"https:\/\/moravecteam.rajce.idnes.cz\/2018.09.28_MTB_PDV_Nove_Mesto_na_Morave_-_5\/\">Fotogalerie \u010d.5<\/a><\/strong><\/li>\n<li><strong><a href=\"https:\/\/jones1.rajce.idnes.cz\/PDV_Nove_Mesto_na_Morave_28.9.2018_mladez\/\">Fotogalerie \u010d.6<\/a><\/strong><\/li>\n<li><strong><a href=\"https:\/\/jones1.rajce.idnes.cz\/PDV_Nove_Mesto_na_Morave_28.9.2018_hlavni_zavod\/\">Fotogalerie \u010d.7<\/a><\/strong><\/li>\n<li><strong><a href=\"https:\/\/cefra.rajce.idnes.cz\/PDV_Nove_Mesto_na_Morave_11_-_Pohar_Drahanske_Vrchoviny_28._9._2018\/\">Fotogalerie \u010d.8<\/a><\/strong><\/li>\n<li><strong><a href=\"https:\/\/zahoranskaklika.rajce.idnes.cz\/Drahanske_vrchoviny_-_NMNM_9_-_14_let\/\">Fotogalerie \u010d.9<\/a><\/strong><\/li>\n<\/ul>\n<p style=\"text-align: justify;\">\n<dl class=\"wp-caption alignnone\" id=\"attachment_12446\" style=\"width: 4283px;\">\n<dt class=\"wp-caption-dt\" style=\"display: inline !important;\"><a href=\"http:\/\/www.moravecteam.cz\/?attachment_id=12446\" rel=\"attachment wp-att-12446\"><img decoding=\"async\" loading=\"lazy\" class=\" wp-image-12446\" alt=\"DSC_0417\" src=\"http:\/\/www.moravecteam.cz\/wp-content\/uploads\/2018\/10\/DSC_0417.jpg\" width=\"4273\" height=\"3886\" srcset=\"https:\/\/www.moravecteam.cz\/wp-content\/uploads\/2018\/10\/DSC_0417.jpg 4273w, https:\/\/www.moravecteam.cz\/wp-content\/uploads\/2018\/10\/DSC_0417-300x272.jpg 300w, https:\/\/www.moravecteam.cz\/wp-content\/uploads\/2018\/10\/DSC_0417-1024x931.jpg 1024w\" sizes=\"(max-width: 4273px) 100vw, 4273px\" \/><\/a><\/dt>\n<\/dl>\n<dl class=\"wp-caption alignnone\" id=\"attachment_12446\" style=\"width: 4283px;\">\n<dd class=\"wp-caption-dd\">Kvalitn\u00edm byl spole\u010dn\u00fd z\u00e1vod junior\u016f a kadet\u016f. Jedny z &#8222;prvn\u00edch housl\u00ed&#8220; v n\u011bm zahr\u00e1l i n\u00e1\u0161 Honza &#8222;D\u017eony&#8220; \u0160indel\u00e1\u0159!<\/dd>\n<\/dl>\n<p style=\"text-align: justify;\">\n","protected":false},"excerpt":{"rendered":"<p>\u2026v\u00a0p\u00e1tek nad sv\u00e1te\u010dn\u00ed Vyso\u010dina Ar\u00e9nou, ale i rajd\u0159i MORAVEC Teamu! I druh\u00fd vrchol leto\u0161n\u00ed sez\u00f3ny, kter\u00fdm bylo fin\u00e1le MTB Poh\u00e1ru Drahansk\u00e9 vrchoviny v\u00a0novom\u011bstsk\u00e9 Vyso\u010dina Ar\u00e9n\u011b, se drtiv\u00e9 v\u011bt\u0161in\u011b na\u0161ich borc\u016f a borek\u00a0 vyda\u0159il. Na n\u00e1ro\u010dn\u00fdch sv\u011btov\u00fdch trat\u00edch zabojovali na &#8211; a i \u010dasto za &#8211; hranic\u00ed sv\u00fdch mo\u017enost\u00ed a odm\u011bnou jim byly nejen v\u00fdborn\u00e9 v\u00fdsledky, &hellip; <a href=\"https:\/\/www.moravecteam.cz\/?p=12433\" class=\"more-link\">Pokra\u010dov\u00e1n\u00ed textu <span class=\"screen-reader-text\">Z\u00e1\u0159ilo nejen slun\u00ed\u010dko&#8230;<\/span> <span class=\"meta-nav\">&rarr;<\/span><\/a><\/p>\n","protected":false},"author":3,"featured_media":12435,"comment_status":"open","ping_status":"closed","sticky":false,"template":"","format":"standard","meta":[],"categories":[1],"tags":[],"_links":{"self":[{"href":"https:\/\/www.moravecteam.cz\/index.php?rest_route=\/wp\/v2\/posts\/12433"}],"collection":[{"href":"https:\/\/www.moravecteam.cz\/index.php?rest_route=\/wp\/v2\/posts"}],"about":[{"href":"https:\/\/www.moravecteam.cz\/index.php?rest_route=\/wp\/v2\/types\/post"}],"author":[{"embeddable":true,"href":"https:\/\/www.moravecteam.cz\/index.php?rest_route=\/wp\/v2\/users\/3"}],"replies":[{"embeddable":true,"href":"https:\/\/www.moravecteam.cz\/index.php?rest_route=%2Fwp%2Fv2%2Fcomments&post=12433"}],"version-history":[{"count":8,"href":"https:\/\/www.moravecteam.cz\/index.php?rest_route=\/wp\/v2\/posts\/12433\/revisions"}],"predecessor-version":[{"id":12451,"href":"https:\/\/www.moravecteam.cz\/index.php?rest_route=\/wp\/v2\/posts\/12433\/revisions\/12451"}],"wp:featuredmedia":[{"embeddable":true,"href":"https:\/\/www.moravecteam.cz\/index.php?rest_route=\/wp\/v2\/media\/12435"}],"wp:attachment":[{"href":"https:\/\/www.moravecteam.cz\/index.php?rest_route=%2Fwp%2Fv2%2Fmedia&parent=12433"}],"wp:term":[{"taxonomy":"category","embeddable":true,"href":"https:\/\/www.moravecteam.cz\/index.php?rest_route=%2Fwp%2Fv2%2Fcategories&post=12433"},{"taxonomy":"post_tag","embeddable":true,"href":"https:\/\/www.moravecteam.cz\/index.php?rest_route=%2Fwp%2Fv2%2Ftags&post=12433"}],"curies":[{"name":"wp","href":"https:\/\/api.w.org\/{rel}","templated":true}]}}