{"id":12457,"date":"2018-10-05T21:01:18","date_gmt":"2018-10-05T19:01:18","guid":{"rendered":"http:\/\/www.moravecteam.cz\/?p=12457"},"modified":"2018-10-08T13:09:15","modified_gmt":"2018-10-08T11:09:15","slug":"cyklokros-supr-start","status":"publish","type":"post","link":"https:\/\/www.moravecteam.cz\/?p=12457","title":{"rendered":"Cyklokros: supr start!"},"content":{"rendered":"<p style=\"text-align: justify;\"><strong><span style=\"color: #800000;\">D\u00edky star\u0161\u00ed \u017e\u00e1kyni Eli\u0161ce Han\u00e1kov\u00e9 nebude ani letos chyb\u011bt dres MORAVEC Teamu\u00a0 v\u00a0z\u00e1vodech presti\u017en\u00edho \u010cesk\u00e9ho poh\u00e1ru v\u00a0cyklokrosu. Tato s\u00e9rie\u00a0 \u010d\u00edt\u00e1 \u00a0op\u011bt rovn\u00fd tucet z\u00e1vod\u016f a u\u017e minul\u00fd v\u00edkend odkrojily z\u00a0t\u00e9to tu\u010dn\u00e9 porce sv\u016fj d\u00edl prvn\u00ed dva z\u00e1vody, kter\u00e9 se odjely na trat\u00edch v\u00a0 Uni\u010dov\u011b\u00a0 a Ostrav\u011b. Eli\u0161ka Han\u00e1kov\u00e1, by\u0165 v\u011bkem je\u0161t\u011b star\u0161\u00ed\u00a0 \u017e\u00e1kyn\u011b, z\u00e1vod\u00edc\u00ed ve spole\u010dn\u00e9 kategorii s\u00a0kadetkami , za\u010dala cyklokrosovou sez\u00f3nu dv\u011bma v\u00fdborn\u00fdmi um\u00edst\u011bn\u00edmi t\u011bsn\u011b za hranic\u00ed elitn\u00ed des\u00edtky!<\/span><\/strong><\/p>\n<figure id=\"attachment_12464\" aria-describedby=\"caption-attachment-12464\" style=\"width: 514px\" class=\"wp-caption alignnone\"><a href=\"http:\/\/www.moravecteam.cz\/?attachment_id=12464\" rel=\"attachment wp-att-12464\"><img decoding=\"async\" loading=\"lazy\" class=\" wp-image-12464\" alt=\"IMG_2596\" src=\"http:\/\/www.moravecteam.cz\/wp-content\/uploads\/2018\/10\/IMG_2596.jpg\" width=\"514\" height=\"416\" srcset=\"https:\/\/www.moravecteam.cz\/wp-content\/uploads\/2018\/10\/IMG_2596.jpg 514w, https:\/\/www.moravecteam.cz\/wp-content\/uploads\/2018\/10\/IMG_2596-300x242.jpg 300w\" sizes=\"(max-width: 514px) 100vw, 514px\" \/><\/a><figcaption id=\"caption-attachment-12464\" class=\"wp-caption-text\">Kadetky kr\u00e1tce p\u0159ed startem premi\u00e9rov\u00e9ho z\u00e1vodu v Uni\u010dov\u011b.<\/figcaption><\/figure>\n<p style=\"text-align: justify;\">V\u00a0Uni\u010dov\u011b i Ostrav\u011b dokon\u010dila z\u00e1vod na 12. m\u00edst\u011b v\u00a0obou p\u0159\u00edpadech se ztr\u00e1tou cca p\u016fldruh\u00e9 minuty na v\u00edt\u011bzku (v obou z\u00e1vodech to byla Aneta Novotn\u00e1 &#8211; ADASTRA Sokol Velt\u011b\u017e) a r\u00e1zem se tak za\u0159adila do \u0161ir\u0161\u00ed cyklokrosov\u00e9 \u0161pi\u010dky \u010desk\u00fdch d\u011bv\u010dat tohoto v\u011bku. P\u0159edev\u0161\u00edm v\u00a0Ostrav\u011b se zd\u00e1lo, \u017ee j\u00ed TOP 10 neunikne. P\u00e1d na trati v\u00a0pr\u016fb\u011bhu z\u00e1vodu v\u0161ak zp\u016fsobil \u010dasovou ztr\u00e1tu, kter\u00e1 ji prozat\u00edm odsunula t\u011bsn\u011b za 10 nejlep\u0161\u00edch borek. Dovol\u00edm si ale odhadovat, \u017ee je jen ot\u00e1zkou \u010dasu, kdy se t\u00e9to mety Eli\u0161ce poda\u0159\u00ed \u00a0dos\u00e1hnout. Mo\u017en\u00e1 u\u017e o tomto v\u00edkendu, kdy v\u00a0rychl\u00e9m sledu pokra\u010duje \u010cP z\u00e1vody v\u00a0Hlinsku (sobota) a v\u00a0R\u00fdma\u0159ov\u011b (ned\u011ble). Budeme, samo-\u017ee, dr\u017eet palce!<\/p>\n<figure id=\"attachment_12467\" aria-describedby=\"caption-attachment-12467\" style=\"width: 386px\" class=\"wp-caption aligncenter\"><a href=\"http:\/\/www.moravecteam.cz\/?attachment_id=12467\" rel=\"attachment wp-att-12467\"><img decoding=\"async\" loading=\"lazy\" class=\"size-full wp-image-12467 \" alt=\"IMG_2631\" src=\"http:\/\/www.moravecteam.cz\/wp-content\/uploads\/2018\/10\/IMG_2631.jpg\" width=\"386\" height=\"374\" srcset=\"https:\/\/www.moravecteam.cz\/wp-content\/uploads\/2018\/10\/IMG_2631.jpg 386w, https:\/\/www.moravecteam.cz\/wp-content\/uploads\/2018\/10\/IMG_2631-25x25.jpg 25w, https:\/\/www.moravecteam.cz\/wp-content\/uploads\/2018\/10\/IMG_2631-300x290.jpg 300w\" sizes=\"(max-width: 386px) 100vw, 386px\" \/><\/a><figcaption id=\"caption-attachment-12467\" class=\"wp-caption-text\">Ob\u00e1van\u00e9 uni\u010dovsk\u00e9 schody v pod\u00e1n\u00ed Toma Tlamky &#8222;Contadora&#8220;.<\/figcaption><\/figure>\n<p style=\"text-align: justify;\">Cyklisti\u010dt\u00ed odborn\u00edci si ur\u010dit\u011b v\u0161imli, \u017ee krom\u011b <strong><span style=\"color: #800000;\">Eli\u0161ky Han\u00e1kov\u00e9<\/span> <\/strong>se v ml\u00e1de\u017enick\u00fdch startovn\u00edch listin\u00e1ch\u00a0 objevuj\u00ed i\u00a0 dal\u0161\u00ed jm\u00e9na, n\u00e1m dob\u0159e zn\u00e1m\u00e1 z\u00a0leto\u0161n\u00ed, pr\u00e1v\u011b skon\u010den\u00e9, MTB \u201eVrchoviny\u201c. V\u00a0juniorech nap\u0159\u00edklad za\u010dal v\u00fdborn\u011b cyklokrosovou sez\u00f3nu t\u0159et\u00ed borec z \u010dervencov\u00e9ho bikov\u00e9ho z\u00e1vodu ve \u017d\u010f\u00e1rn\u00e9, Tom\u00e1\u0161 Je\u017eek (IVAR), kter\u00fd bral v\u00a0Ostrav\u011b i Uni\u010dov\u011b \u201ebednu\u201c za druh\u00e1 m\u00edsta! Tuto kategorii jede u\u017e letos i v\u00edt\u011bz t\u0159\u00ed z\u00e1vod\u016f \u201eVrchoviny\u201c \u00a0(Protivanov, \u017d\u010f\u00e1rn\u00e1, Okrouhl\u00e1) a n\u00e1\u0161 odchovanec Tom\u00e1\u0161 Tlamka \u201eContador\u201c (Nutrend Specialized Rcing &#8211; v Uni\u010dov\u011b 12. m\u00edsto, v\u00a0Ostrav\u011b 7.).\u00a0 A cyklokrosov\u00e9 publikum zatleskalo za bronzov\u00e9 um\u00edst\u011bn\u00ed v\u00a0Uni\u010dov\u011b v\u00a0kategorii junior\u016f i dal\u0161\u00edmu v\u00edt\u011bzi z\u00e1vodu PDV z\u00a0Bukov\u00e9 \u2013 Honzovi \u201eZatl\u00edkovi\u201c Zatloukalovi (Nutrend Specialized Racing).<\/p>\n<figure id=\"attachment_12465\" aria-describedby=\"caption-attachment-12465\" style=\"width: 407px\" class=\"wp-caption aligncenter\"><a href=\"http:\/\/www.moravecteam.cz\/?attachment_id=12465\" rel=\"attachment wp-att-12465\"><img decoding=\"async\" loading=\"lazy\" class=\"size-full wp-image-12465 \" alt=\"IMG_2612\" src=\"http:\/\/www.moravecteam.cz\/wp-content\/uploads\/2018\/10\/IMG_2612.jpg\" width=\"407\" height=\"360\" srcset=\"https:\/\/www.moravecteam.cz\/wp-content\/uploads\/2018\/10\/IMG_2612.jpg 407w, https:\/\/www.moravecteam.cz\/wp-content\/uploads\/2018\/10\/IMG_2612-300x265.jpg 300w\" sizes=\"(max-width: 407px) 100vw, 407px\" \/><\/a><figcaption id=\"caption-attachment-12465\" class=\"wp-caption-text\">Eli\u0161ka Han\u00e1kov\u00e1 zdol\u00e1v\u00e1 jeden z n\u00e1ro\u010dn\u00fdch v\u00fdjezd\u016f v Uni\u010dov\u011b.<\/figcaption><\/figure>\n<p style=\"text-align: justify;\">Na cyklokrosov\u00e9m bitevn\u00edm poli m\u016f\u017eeme monitorovat ale i dal\u0161\u00ed \u00fasp\u011b\u0161n\u00e9 \u201eveter\u00e1ny\u201c z\u00a0leto\u0161n\u00ed \u201eVrchoviny\u201c\u2026 Silnou ml\u00e1de\u017enickou skupinu nasazuje do boj\u016f t\u00fdm Short Bike Acdemy Opletal jej\u00edm\u017e l\u00eddrem je kadet a v\u00edt\u011bzn\u00fd hrdina z\u00a0leto\u0161n\u00edch Kn\u00ednic, Jakub Zemene, kter\u00e9mu zdatn\u011b sekunduj\u00ed n\u00e1m dal\u0161\u00ed zn\u00e1m\u00e9 tv\u00e1\u0159e &#8211; kadetka Denisa Bravencov\u00e1 a \u017e\u00e1ci \u2013 brat\u0159i Tom\u00e1\u0161 a Luk\u00e1\u0161 Ra\u0161kov\u00e9. V\u00a0\u017e\u00e1kovsk\u00e9 kategorii si vede velmi dob\u0159e \u00a0i celkov\u00fd v\u00edt\u011bz PDV mezi chlapci 9-10 let \u2013 Jakub Tesa\u0159\u00edk (Cykloteam Kol\u00e1rna). A mohli bychom jmenovat dal\u0161\u00ed, kter\u00fdm leto\u0161n\u00ed \u201eVrchovina\u201c podle v\u0161eho docela dob\u0159e poslou\u017eila na zvl\u00e1dnut\u00ed i cyklokrosov\u00e9 \u201eprodlou\u017een\u00e9\u201c\u2026<\/p>\n<figure id=\"attachment_12469\" aria-describedby=\"caption-attachment-12469\" style=\"width: 378px\" class=\"wp-caption aligncenter\"><a href=\"http:\/\/www.moravecteam.cz\/?attachment_id=12469\" rel=\"attachment wp-att-12469\"><img decoding=\"async\" loading=\"lazy\" class=\"size-full wp-image-12469 \" alt=\"IMG_2680\" src=\"http:\/\/www.moravecteam.cz\/wp-content\/uploads\/2018\/10\/IMG_2680.jpg\" width=\"378\" height=\"369\" srcset=\"https:\/\/www.moravecteam.cz\/wp-content\/uploads\/2018\/10\/IMG_2680.jpg 378w, https:\/\/www.moravecteam.cz\/wp-content\/uploads\/2018\/10\/IMG_2680-25x25.jpg 25w, https:\/\/www.moravecteam.cz\/wp-content\/uploads\/2018\/10\/IMG_2680-300x292.jpg 300w\" sizes=\"(max-width: 378px) 100vw, 378px\" \/><\/a><figcaption id=\"caption-attachment-12469\" class=\"wp-caption-text\">I dobr\u00fd b\u011b\u017eec mus\u00ed b\u00fdt cyklokrosa\u0159&#8230;<\/figcaption><\/figure>\n<p style=\"text-align: justify;\">A je\u0161t\u011b jedna pozn\u00e1mka, \u010di n\u00e1m\u011bt, sm\u011b\u0159uj\u00edc\u00ed na \u010cesk\u00fd svaz cyklistiky a jej\u00ed cyklokrosa\u0159skou komisi: vzhledem k\u00a0rostouc\u00edmu po\u010dtu d\u011bv\u010dat v\u00a0ofici\u00e1ln\u00ed kategorii kadetek (v obou p\u0159\u00edpadech jich startovalo 55) , kdy v\u00a0re\u00e1lu tato jedna kategorie vlastn\u011b sdru\u017euje hned kategorie \u00a0t\u0159i (mlad\u0161\u00ed \u017e\u00e1kyn\u011b, star\u0161\u00ed \u017e\u00e1kyn\u011b, kadetky) by mo\u017en\u00e1 st\u00e1lo z\u00a0zv\u00e1\u017een\u00ed rozd\u011blen\u00ed t\u00e9to na dv\u011b: prvn\u00ed by byla spole\u010dnou mlad\u0161\u00edch mlad\u0161\u00ed a star\u0161\u00edch \u017e\u00e1ky\u0148, druhou by pak tvo\u0159ila kategorie kadetek. Zde studujte <strong><a href=\"http:\/\/www.cyklokros.cz\/cz\/toi-toi-cup\/toi-toi-cup-2018\/ostrava\/vysledky\">kompletn\u00ed v\u00fdsledkov\u00fd servis <\/a><\/strong>z\u00a0Ostravy, zde jsou <a href=\"http:\/\/www.cyklokros.cz\/cz\/toi-toi-cup\/toi-toi-cup-2018\/unicov\/vysledky\"><strong>v\u00fdsledky z Uni\u010dova<\/strong><\/a>. Je k okouknut\u00ed i mal\u00e1 <strong><a href=\"https:\/\/moravecteam.rajce.idnes.cz\/CP_cyklokros_Unicov%2C_Ostrava\/\">fotogalerie<\/a><\/strong>&#8230;<\/p>\n","protected":false},"excerpt":{"rendered":"<p>D\u00edky star\u0161\u00ed \u017e\u00e1kyni Eli\u0161ce Han\u00e1kov\u00e9 nebude ani letos chyb\u011bt dres MORAVEC Teamu\u00a0 v\u00a0z\u00e1vodech presti\u017en\u00edho \u010cesk\u00e9ho poh\u00e1ru v\u00a0cyklokrosu. Tato s\u00e9rie\u00a0 \u010d\u00edt\u00e1 \u00a0op\u011bt rovn\u00fd tucet z\u00e1vod\u016f a u\u017e minul\u00fd v\u00edkend odkrojily z\u00a0t\u00e9to tu\u010dn\u00e9 porce sv\u016fj d\u00edl prvn\u00ed dva z\u00e1vody, kter\u00e9 se odjely na trat\u00edch v\u00a0 Uni\u010dov\u011b\u00a0 a Ostrav\u011b. Eli\u0161ka Han\u00e1kov\u00e1, by\u0165 v\u011bkem je\u0161t\u011b star\u0161\u00ed\u00a0 \u017e\u00e1kyn\u011b, z\u00e1vod\u00edc\u00ed ve &hellip; <a href=\"https:\/\/www.moravecteam.cz\/?p=12457\" class=\"more-link\">Pokra\u010dov\u00e1n\u00ed textu <span class=\"screen-reader-text\">Cyklokros: supr start!<\/span> <span class=\"meta-nav\">&rarr;<\/span><\/a><\/p>\n","protected":false},"author":3,"featured_media":12468,"comment_status":"open","ping_status":"closed","sticky":false,"template":"","format":"standard","meta":[],"categories":[1],"tags":[],"_links":{"self":[{"href":"https:\/\/www.moravecteam.cz\/index.php?rest_route=\/wp\/v2\/posts\/12457"}],"collection":[{"href":"https:\/\/www.moravecteam.cz\/index.php?rest_route=\/wp\/v2\/posts"}],"about":[{"href":"https:\/\/www.moravecteam.cz\/index.php?rest_route=\/wp\/v2\/types\/post"}],"author":[{"embeddable":true,"href":"https:\/\/www.moravecteam.cz\/index.php?rest_route=\/wp\/v2\/users\/3"}],"replies":[{"embeddable":true,"href":"https:\/\/www.moravecteam.cz\/index.php?rest_route=%2Fwp%2Fv2%2Fcomments&post=12457"}],"version-history":[{"count":11,"href":"https:\/\/www.moravecteam.cz\/index.php?rest_route=\/wp\/v2\/posts\/12457\/revisions"}],"predecessor-version":[{"id":12480,"href":"https:\/\/www.moravecteam.cz\/index.php?rest_route=\/wp\/v2\/posts\/12457\/revisions\/12480"}],"wp:featuredmedia":[{"embeddable":true,"href":"https:\/\/www.moravecteam.cz\/index.php?rest_route=\/wp\/v2\/media\/12468"}],"wp:attachment":[{"href":"https:\/\/www.moravecteam.cz\/index.php?rest_route=%2Fwp%2Fv2%2Fmedia&parent=12457"}],"wp:term":[{"taxonomy":"category","embeddable":true,"href":"https:\/\/www.moravecteam.cz\/index.php?rest_route=%2Fwp%2Fv2%2Fcategories&post=12457"},{"taxonomy":"post_tag","embeddable":true,"href":"https:\/\/www.moravecteam.cz\/index.php?rest_route=%2Fwp%2Fv2%2Ftags&post=12457"}],"curies":[{"name":"wp","href":"https:\/\/api.w.org\/{rel}","templated":true}]}}