{"id":12473,"date":"2018-10-08T10:37:50","date_gmt":"2018-10-08T08:37:50","guid":{"rendered":"http:\/\/www.moravecteam.cz\/?p=12473"},"modified":"2018-10-08T10:41:11","modified_gmt":"2018-10-08T08:41:11","slug":"co-se-bude-dit-st41-4","status":"publish","type":"post","link":"https:\/\/www.moravecteam.cz\/?p=12473","title":{"rendered":"Co se bude d\u00edt? (ST41)"},"content":{"rendered":"<p style=\"text-align: justify;\"><strong><span style=\"color: #800000;\">Tak jo! Jdeme op\u011bt na v\u011bc! P\u0159\u00edprava na sez\u00f3nu 2019 startuje! D\u00edky p\u0159ev\u00e1\u017en\u00e9 v\u011bt\u0161in\u011b z V\u00e1s za aktivn\u00ed p\u0159\u00edstup p\u0159i konfigurov\u00e1n\u00ed tr\u00e9ninkov\u00fdch blok\u016f, v tomto t\u00fddnu zat\u00edm prob\u011bhne &#8222;jen&#8220; ch\u016fze a b\u011bh, od p\u0159\u00ed\u0161t\u00edho t\u00fddne by se m\u011bl plynule p\u0159i\u0159adit i tr\u00e9nink na kolech v hale a plav\u00e1n\u00ed v l\u00e1zn\u00edch. Ve st\u0159edu 7.11. a v p\u00e1tek 9.11. 2018 se\u00a0 za\u010dlen\u00ed do p\u0159\u00edpravy i cvi\u010den\u00ed v t\u011blocvi\u010dn\u011b. P\u0159eji n\u00e1m v\u0161em, a\u0165 se p\u0159\u00edprava vyda\u0159\u00ed a a\u0165 n\u00e1m to p\u0159\u00ed\u0161t\u00ed rok &#8222;l\u00edt\u00e1&#8220; minim\u00e1ln\u011b tak, jako v tom leto\u0161n\u00edm!<\/span><\/strong><\/p>\n<h5><strong><span style=\"color: #800000;\">\u00dater\u00fd\u00a0 9.10. 2018<\/span><\/strong><\/h5>\n<p>Tr\u00e9nink z\u00e1kladn\u00ed vytrvalosti, kondi\u010dn\u00ed ch\u016fze s holemi. Sraz v 17.00 hodin u budovy Z\u0160 Bene\u0161ov.<\/p>\n<h5><span style=\"color: #800000;\"><strong>St\u0159eda 10.10. 2018<\/strong><\/span><\/h5>\n<p>Tr\u00e9nink formou kondi\u010dn\u00edho b\u011bh\u00e1n\u00ed. Sraz v 17.00 hodin u budovy Z\u0160 Bene\u0161ov.<\/p>\n<h5><strong><span style=\"color: #800000;\">Sobota 13.10. 2018<\/span><\/strong><\/h5>\n<p>P\u00e1t\u00fd z\u00e1vod \u010cesk\u00e9ho poh\u00e1ru v cyklokrosu v Ji\u010d\u00edn\u011b. Zde studujte <strong><a href=\"http:\/\/www.cyklokros.cz\/data\/web\/toitoicup\/2018\/jicin_propozice_2018.pdf\">propozice.<\/a><\/strong><\/p>\n<h5><span style=\"color: #800000;\">Ned\u011ble\u00a0 14.10. 2018<\/span><\/h5>\n<p>Tradi\u010dn\u00ed sez\u00f3nn\u00ed z\u00e1vodn\u00ed &#8222;zav\u00edr\u00e1k&#8220; &#8211; Sob\u011b\u0161ick\u00e1 mulda a muldi\u010dka. <strong><a href=\"http:\/\/www.czex.cz\/mulda\/start\">Zde se dozv\u00edte v\u0161e pot\u0159ebn\u00e9&#8230;<\/a><\/strong><\/p>\n<h5><span style=\"color: #800000;\">AKCE T\u011aSN\u011a ZA HORIZONTEM<\/span><\/h5>\n<ul>\n<li style=\"text-align: justify;\">20.10. 2018 &#8211; zakon\u010den\u00ed cyklistick\u00e9 sez\u00f3ny <span style=\"color: #800000;\"><strong>hv\u011bzdicovou j\u00edzdou na kopec Mal\u00fd Chlum.<\/strong><\/span><\/li>\n<li style=\"text-align: justify;\">4.11. 2018 &#8211; <span style=\"color: #800000;\"><strong>Draki\u00e1da Drakec MORAVEC<\/strong> <\/span>&#8211; na obvykl\u00e9m m\u00edst\u011b a v obvykl\u00e9m \u010dase &#8211; u Pavlovsk\u00e9 kaple v Bene\u0161ov\u011b u Boskovic. Draky a dobrou n\u00e1ladu &#8211; si vezm\u011bte, samo, \u017ee s sebou&#8230;<\/li>\n<li style=\"text-align: justify;\">16.12. 2018 &#8211; Tradi\u010dn\u00ed <span style=\"color: #800000;\"><strong>n\u00e1v\u0161t\u011bva hrobu Vlastimila MORAVCE<\/strong> <\/span>na \u00dast\u0159edn\u00edm h\u0159bitov\u011b v Brn\u011b a z\u00e1rove\u0148 n\u00e1v\u0161t\u011bva m\u00edsta jeho tragick\u00e9ho skonu v Brn\u011b &#8211; Kohoutovoc\u00edch&#8230;<\/li>\n<\/ul>\n<h5><span style=\"color: #800000;\">AKCE T\u011aSN\u011a ZA DV\u011aMA HORIZONTY<\/span><\/h5>\n<p>10.2. \u2013 16.2. 2019\u00a0&#8211; <strong><span style=\"color: #800000;\">zimn\u00ed soust\u0159ed\u011bn\u00ed MORAVEC Teamu<\/span><\/strong>, kdy se po roce vr\u00e1t\u00edme do Jesen\u00edk\u016f, na<a href=\"http:\/\/www.navrsi.eu\/\">\u00a0<strong>chatu N\u00e1vr\u0161\u00ed<\/strong><\/a><strong>.<\/strong><\/p>\n","protected":false},"excerpt":{"rendered":"<p>Tak jo! Jdeme op\u011bt na v\u011bc! P\u0159\u00edprava na sez\u00f3nu 2019 startuje! D\u00edky p\u0159ev\u00e1\u017en\u00e9 v\u011bt\u0161in\u011b z V\u00e1s za aktivn\u00ed p\u0159\u00edstup p\u0159i konfigurov\u00e1n\u00ed tr\u00e9ninkov\u00fdch blok\u016f, v tomto t\u00fddnu zat\u00edm prob\u011bhne &#8222;jen&#8220; ch\u016fze a b\u011bh, od p\u0159\u00ed\u0161t\u00edho t\u00fddne by se m\u011bl plynule p\u0159i\u0159adit i tr\u00e9nink na kolech v hale a plav\u00e1n\u00ed v l\u00e1zn\u00edch. Ve st\u0159edu 7.11. a v &hellip; <a href=\"https:\/\/www.moravecteam.cz\/?p=12473\" class=\"more-link\">Pokra\u010dov\u00e1n\u00ed textu <span class=\"screen-reader-text\">Co se bude d\u00edt? (ST41)<\/span> <span class=\"meta-nav\">&rarr;<\/span><\/a><\/p>\n","protected":false},"author":3,"featured_media":12476,"comment_status":"open","ping_status":"closed","sticky":false,"template":"","format":"standard","meta":[],"categories":[11],"tags":[],"_links":{"self":[{"href":"https:\/\/www.moravecteam.cz\/index.php?rest_route=\/wp\/v2\/posts\/12473"}],"collection":[{"href":"https:\/\/www.moravecteam.cz\/index.php?rest_route=\/wp\/v2\/posts"}],"about":[{"href":"https:\/\/www.moravecteam.cz\/index.php?rest_route=\/wp\/v2\/types\/post"}],"author":[{"embeddable":true,"href":"https:\/\/www.moravecteam.cz\/index.php?rest_route=\/wp\/v2\/users\/3"}],"replies":[{"embeddable":true,"href":"https:\/\/www.moravecteam.cz\/index.php?rest_route=%2Fwp%2Fv2%2Fcomments&post=12473"}],"version-history":[{"count":4,"href":"https:\/\/www.moravecteam.cz\/index.php?rest_route=\/wp\/v2\/posts\/12473\/revisions"}],"predecessor-version":[{"id":12478,"href":"https:\/\/www.moravecteam.cz\/index.php?rest_route=\/wp\/v2\/posts\/12473\/revisions\/12478"}],"wp:featuredmedia":[{"embeddable":true,"href":"https:\/\/www.moravecteam.cz\/index.php?rest_route=\/wp\/v2\/media\/12476"}],"wp:attachment":[{"href":"https:\/\/www.moravecteam.cz\/index.php?rest_route=%2Fwp%2Fv2%2Fmedia&parent=12473"}],"wp:term":[{"taxonomy":"category","embeddable":true,"href":"https:\/\/www.moravecteam.cz\/index.php?rest_route=%2Fwp%2Fv2%2Fcategories&post=12473"},{"taxonomy":"post_tag","embeddable":true,"href":"https:\/\/www.moravecteam.cz\/index.php?rest_route=%2Fwp%2Fv2%2Ftags&post=12473"}],"curies":[{"name":"wp","href":"https:\/\/api.w.org\/{rel}","templated":true}]}}