{"id":12486,"date":"2018-10-18T21:29:06","date_gmt":"2018-10-18T19:29:06","guid":{"rendered":"http:\/\/www.moravecteam.cz\/?p=12486"},"modified":"2018-10-18T21:37:09","modified_gmt":"2018-10-18T19:37:09","slug":"zlaty-zavirak","status":"publish","type":"post","link":"https:\/\/www.moravecteam.cz\/?p=12486","title":{"rendered":"Zlat\u00fd &#8222;zav\u00edr\u00e1k&#8220;!"},"content":{"rendered":"<p style=\"text-align: justify;\"><strong><span style=\"color: #800000;\">T\u00e9m\u011b\u0159 dv\u011b des\u00edtky MORAVC\u016e zas\u00e1hlo do boj\u016f na Sob\u011b\u0161ick\u00e9 Muld\u011b \u2013 bikov\u00e9m z\u00e1vod\u011b,\u00a0 kter\u00fd se letos jel u\u017e po dvaadvac\u00e1t\u00e9 a bez kter\u00e9ho si region\u00e1ln\u00ed cyklistick\u00e9 cross country \u00a0u\u017e ani neum\u00edme p\u0159edstavit\u2026 \u00a0A stalo se tradic\u00ed, \u017ee pr\u00e1v\u011b tato \u201erace\u201c pomysln\u011b uzav\u00edr\u00e1 MTB sez\u00f3nu a tradi\u010dn\u011b jsou zde &#8211; i pro tuto skute\u010dnost symbolick\u00e9ho lou\u010den\u00ed &#8211; \u00a0startovn\u00ed listiny\u00a0 hojn\u011b zapln\u011bny. Nejinak tomu bylo i letos a n\u00e1s moc pot\u011b\u0161ila medailov\u00e1 \u017ee\u0148 o kterou se zde postarali rajd\u0159i MORAVEC Teamu, p\u0159edev\u0161\u00edm z\u00a0\u0159ad na\u0161ich ambici\u00f3zn\u00edch \u201emlad\u00fdch pu\u0161ek. V\u00fdkony a v\u00fdsledky na Muld\u011b a Muldi\u010dce ud\u011blali na\u0161i borci i borky\u00a0 zlatou te\u010dku za bezesporu \u00fasp\u011b\u0161nou sez\u00f3nou 2018!<\/span><\/strong><\/p>\n<figure id=\"attachment_12489\" aria-describedby=\"caption-attachment-12489\" style=\"width: 2518px\" class=\"wp-caption alignnone\"><a href=\"http:\/\/www.moravecteam.cz\/?attachment_id=12489\" rel=\"attachment wp-att-12489\"><img decoding=\"async\" loading=\"lazy\" class=\" wp-image-12489\" alt=\"OLYMPUS DIGITAL CAMERA\" src=\"http:\/\/www.moravecteam.cz\/wp-content\/uploads\/2018\/10\/02.jpg\" width=\"2518\" height=\"2578\" srcset=\"https:\/\/www.moravecteam.cz\/wp-content\/uploads\/2018\/10\/02.jpg 2518w, https:\/\/www.moravecteam.cz\/wp-content\/uploads\/2018\/10\/02-25x25.jpg 25w, https:\/\/www.moravecteam.cz\/wp-content\/uploads\/2018\/10\/02-293x300.jpg 293w, https:\/\/www.moravecteam.cz\/wp-content\/uploads\/2018\/10\/02-1000x1024.jpg 1000w\" sizes=\"(max-width: 2518px) 100vw, 2518px\" \/><\/a><figcaption id=\"caption-attachment-12489\" class=\"wp-caption-text\">\u00dasp\u011b\u0161nou sez\u00f3nu zavr\u0161ila Zita \u017dern\u00ed\u010dkov\u00e1 v\u00edt\u011bzstv\u00edm na &#8222;Muldi\u010dce&#8220;!<\/figcaption><\/figure>\n<p style=\"text-align: justify;\">Na Muldi\u010dce jsem na startovn\u00ed \u010d\u00e1\u0159e napo\u010d\u00edtal sextet v\u00a0dresech MORAVCE a zisk t\u0159\u00ed zlat\u00fdch a jedn\u00e9 bronzov\u00e9 medaile napov\u00edd\u00e1 o vysok\u00e9 produktivit\u011b na\u0161eho \u0161iku! Rovn\u00e1 \u201ekopa\u201c (nemus\u00edm p\u0159ipom\u00ednat, \u017ee staro\u010desk\u00e1 po\u010detn\u00ed m\u00edra, \u201ekopa\u201c = 60) mlad\u00fdch z\u00e1vodn\u00edk\u016f se se\u0161la na startu kategorie chlapc\u016f do 5- ti let s\u00a0na\u0161\u00edm Jon\u00e1\u0161kem Janovsk\u00fdm v\u010detn\u011b. V\u00edt\u011bz \u010cesk\u00e9ho poh\u00e1ru a Vicemistr republiky za leto\u0161ek v\u00a0kategorii 3-4 roky sice na \u201eplacku\u201c nedos\u00e1hnul, ale 5. m\u00edsto je v\u00a0takto po\u010detn\u00e9m startovn\u00edm poli\u00a0 ur\u010dit\u011b \u00fasp\u011bchem.\u00a0 V\u00a0kategorii stejn\u011b mlad\u00fdch d\u00edvek \u010delila <strong><span style=\"color: #800000;\">Leonka Eclerov\u00e1<\/span><\/strong> \u010dty\u0159iceti soupe\u0159k\u00e1m a \u2013 podobn\u011b jako Jon\u00e1\u0161 \u2013 si z\u00a0tohoto po\u010dtu ned\u011blala t\u011b\u017ekou hlavu\u2026 Leonce po pr\u00e1vu pat\u0159\u00ed z\u00a0leto\u0161n\u00ed Muldi\u010dky cenn\u00fd bronz!<\/p>\n<figure id=\"attachment_12490\" aria-describedby=\"caption-attachment-12490\" style=\"width: 1923px\" class=\"wp-caption alignnone\"><a href=\"http:\/\/www.moravecteam.cz\/?attachment_id=12490\" rel=\"attachment wp-att-12490\"><img decoding=\"async\" loading=\"lazy\" class=\" wp-image-12490\" alt=\"OLYMPUS DIGITAL CAMERA\" src=\"http:\/\/www.moravecteam.cz\/wp-content\/uploads\/2018\/10\/03.jpg\" width=\"1923\" height=\"2131\" srcset=\"https:\/\/www.moravecteam.cz\/wp-content\/uploads\/2018\/10\/03.jpg 1923w, https:\/\/www.moravecteam.cz\/wp-content\/uploads\/2018\/10\/03-270x300.jpg 270w, https:\/\/www.moravecteam.cz\/wp-content\/uploads\/2018\/10\/03-924x1024.jpg 924w\" sizes=\"(max-width: 1923px) 100vw, 1923px\" \/><\/a><figcaption id=\"caption-attachment-12490\" class=\"wp-caption-text\">Lucie Koudelkov\u00e1, \u00fa\u0159aduj\u00edc\u00ed \u0161ampionka leto\u0161n\u00ed MTB &#8222;Vrchoviny&#8220;.<\/figcaption><\/figure>\n<p style=\"text-align: justify;\">Zlato se n\u00e1m zalesklo d\u00edky <span style=\"color: #ff6600;\"><strong>Zit\u011b \u017dern\u00ed\u010dkov\u00e9<\/strong><\/span> (v z\u00e1vod\u011b vzdorovala 25-ti soupe\u0159k\u00e1m), suver\u00e9nce v\u00a0kategorii d\u00edvek 6-7 let a po jej\u00edm vzoru dospurtovali minulou ned\u011bli na nejvy\u0161\u0161\u00ed metu v\u00a0kategori\u00edch 8-9 let i <strong><span style=\"color: #ff6600;\">Jirka Zav\u0159el<\/span><\/strong> a<strong><span style=\"color: #ff6600;\"> Just\u00fdna Novotn\u00e1<\/span><\/strong>! Jirku Zav\u0159ela v\u00a0c\u00edli jistil na 7. m\u00edst\u011b dokon\u010div\u0161\u00ed dal\u0161\u00ed n\u00e1\u0161 borec Filip Ecler a oba v\u00a0tomto dal\u0161\u00edm z\u00a0po\u010detn\u00fdch start\u016f pak soupe\u0159ili v\u00a0Brn\u011b \u2013 Lesn\u00e9 \u00a0s \u00a0bezm\u00e1la pades\u00e1ti borci. Z\u00a0tohoto pohledu m\u011bla pon\u011bkud jednodu\u0161\u0161\u00ed roli Just\u00fdna Novotn\u00e1, v\u00edt\u011bzka z\u00e1vodu stejn\u00e9 kategorie d\u00edvek, kter\u00fdch se \u00a0se\u0161lo na startu \u201ejen\u201c 14.<\/p>\n<figure id=\"attachment_12491\" aria-describedby=\"caption-attachment-12491\" style=\"width: 675px\" class=\"wp-caption alignnone\"><a href=\"http:\/\/www.moravecteam.cz\/?attachment_id=12491\" rel=\"attachment wp-att-12491\"><img decoding=\"async\" loading=\"lazy\" class=\" wp-image-12491\" alt=\"OLYMPUS DIGITAL CAMERA\" src=\"http:\/\/www.moravecteam.cz\/wp-content\/uploads\/2018\/10\/04.jpg\" width=\"675\" height=\"642\" srcset=\"https:\/\/www.moravecteam.cz\/wp-content\/uploads\/2018\/10\/04.jpg 675w, https:\/\/www.moravecteam.cz\/wp-content\/uploads\/2018\/10\/04-25x25.jpg 25w, https:\/\/www.moravecteam.cz\/wp-content\/uploads\/2018\/10\/04-300x285.jpg 300w\" sizes=\"(max-width: 675px) 100vw, 675px\" \/><\/a><figcaption id=\"caption-attachment-12491\" class=\"wp-caption-text\">Prvn\u00ed metry po startu v pod\u00e1n\u00ed Maty\u00e1\u0161e Koudelky.<\/figcaption><\/figure>\n<p style=\"text-align: justify;\">V\u011bkov\u00e9 kategorie od 10-ti let ji\u017e vyrazili na hlavn\u00ed tra\u0165ov\u00e9 okruhy, vedouc\u00ed lesn\u00edm ter\u00e9nem k\u00a0vesnici Sob\u011b\u0161ice, a kter\u00fdm v\u00e9vod\u00ed legend\u00e1rn\u00ed \u201eMulda\u201c, co\u017e je pr\u016fjezd lesn\u00ed roklinou, kter\u00fd kdysi jeden biker, z\u00e1vod\u00edc\u00ed sou\u010dasn\u011b i na MTB \u201eVrchovin\u011b\u201c pojmenoval ekvivalentn\u00edm n\u00e1zvem: \u201eMal\u00fd P\u00edse\u010d\u00e1k\u201c. Znalci \u201eVrchoviny\u201c jist\u011b dob\u0159e v\u00ed, o kter\u00e9 tra\u0165ovou pas\u00e1\u017e (P\u00edse\u010d\u00e1k) a v\u00a0r\u00e1mci kter\u00e9ho z\u00e1vodu je \u0159e\u010d\u2026 Na 11. m\u00edst\u011b dokon\u010dil sv\u016fj start v konkurenci \u010dty\u0159ia\u010dty\u0159iceti chlapc\u016f \u00a0kategorie 10-12 let Maty\u00e1\u0161 Koudelka. Tito ho\u0161i u\u017e krou\u017eili na p\u011btikilometrov\u00e9m okruhu, v\u010detn\u011b pr\u016fjezdu zm\u00edn\u011bnou \u201eMuldou\u201c.<\/p>\n<figure id=\"attachment_12492\" aria-describedby=\"caption-attachment-12492\" style=\"width: 967px\" class=\"wp-caption alignnone\"><a href=\"http:\/\/www.moravecteam.cz\/?attachment_id=12492\" rel=\"attachment wp-att-12492\"><img decoding=\"async\" loading=\"lazy\" class=\" wp-image-12492\" alt=\"05\" src=\"http:\/\/www.moravecteam.cz\/wp-content\/uploads\/2018\/10\/05.jpg\" width=\"967\" height=\"914\" srcset=\"https:\/\/www.moravecteam.cz\/wp-content\/uploads\/2018\/10\/05.jpg 967w, https:\/\/www.moravecteam.cz\/wp-content\/uploads\/2018\/10\/05-25x25.jpg 25w, https:\/\/www.moravecteam.cz\/wp-content\/uploads\/2018\/10\/05-300x283.jpg 300w\" sizes=\"(max-width: 967px) 100vw, 967px\" \/><\/a><figcaption id=\"caption-attachment-12492\" class=\"wp-caption-text\">Bar\u010da Tlamkov\u00e1 uh\u00e1n\u00ed pro cenn\u00e9 st\u0159\u00edbro, na bronzov\u00e9 pozici ji &#8222;jist\u00ed&#8220; Ad\u00e9la Zav\u0159elov\u00e1.<\/figcaption><\/figure>\n<p style=\"text-align: justify;\">Ve startu stejn\u011b mlad\u00fdch d\u011bv\u010dat na stejn\u00e9 trati potvrdil vysokou v\u00fdkonnost z\u00a0pr\u016fb\u011bhu cel\u00e9 sez\u00f3ny kvartet na\u0161ich \u0161ikovn\u00fdch borek. Posu\u010fte sami: druh\u00e9 m\u00edsto vybojovala <strong><span style=\"color: #808080;\">Barbora Tlamkov\u00e1<\/span><\/strong>, jako 3. spurtovala do c\u00edle <strong><span style=\"color: #800000;\">Ad\u00e9la Zav\u0159elov\u00e1<\/span><\/strong>, 6. m\u00edsto brala Lucie Koudelkov\u00e1 a o p\u0159\u00ed\u010dku za n\u00ed dokon\u010dila v\u00a0z\u00e1vod\u011b dvaceti d\u00edvek Barbora Janovsk\u00e1. Star\u0161\u00ed \u017e\u00e1ci Luk\u00e1\u0161 Sedl\u00e1k s\u00a0Romanem \u0160indel\u00e1\u0159em pak zakon\u010dili na\u0161i \u201eMuldovou\u201c d\u011btskou \u00fa\u010dast na trati 7,5 km v\u00a0konkurenci p\u011btadvaceti z\u00e1vo\u010f\u00e1k\u016f v\u00fdsledkov\u00fdmi pozicemi na konci na konci elitn\u00ed des\u00edtky: Luk\u00e1\u0161 9. m\u00edsto,\u00a0 Rom\u010da 10.<\/p>\n<figure id=\"attachment_12493\" aria-describedby=\"caption-attachment-12493\" style=\"width: 1100px\" class=\"wp-caption alignnone\"><a href=\"http:\/\/www.moravecteam.cz\/?attachment_id=12493\" rel=\"attachment wp-att-12493\"><img decoding=\"async\" loading=\"lazy\" class=\" wp-image-12493\" alt=\"06\" src=\"http:\/\/www.moravecteam.cz\/wp-content\/uploads\/2018\/10\/06.jpg\" width=\"1100\" height=\"798\" srcset=\"https:\/\/www.moravecteam.cz\/wp-content\/uploads\/2018\/10\/06.jpg 1100w, https:\/\/www.moravecteam.cz\/wp-content\/uploads\/2018\/10\/06-300x217.jpg 300w, https:\/\/www.moravecteam.cz\/wp-content\/uploads\/2018\/10\/06-1024x742.jpg 1024w\" sizes=\"(max-width: 1100px) 100vw, 1100px\" \/><\/a><figcaption id=\"caption-attachment-12493\" class=\"wp-caption-text\">Bar\u010da Janovsk\u00e1 v obkl\u00ed\u010den\u00ed soupe\u0159ek.<\/figcaption><\/figure>\n<p style=\"text-align: justify;\">Chyb\u00ed-li V\u00e1m do v\u00fd\u010dtu \u010dty\u0159 na\u0161ich zlat\u00fdch medail\u00ed je\u0161t\u011b jedna, tak nejen, \u017ee po\u010d\u00edt\u00e1te spr\u00e1vn\u011b,\u00a0 ale i\u00a0 \u010dtete pe\u010dliv\u011b tuto aktualitu.\u00a0 \u010ctvrtou zlatou pro MORAVEC Team vybojoval v\u00a0z\u00e1vod\u011b chlapc\u016f 15-17 let <strong><span style=\"color: #ff6600;\">Honza \u201eD\u017eony\u201c \u0160indel\u00e1\u0159<\/span><\/strong> na trati 10 km, kdy\u017e kluk\u016f se tentokr\u00e1t se\u0161lo na startu celkem 11.\u00a0 Posledn\u00ed medailov\u00fd \u201ez\u00e1\u0159ez\u201c toho dne obstaral na \u201epatn\u00e1ctce\u201c v\u00a0z\u00e1vod\u011b mu\u017e\u016f 18-39 let n\u00e1\u0161 letos \u00fasp\u011b\u0161n\u00fd a sm\u016flovat\u00fd \u201eEXPERT\u201c <strong><span style=\"color: #800000;\">Petr \u0160ich<\/span><\/strong>, kter\u00fd pro MORAVEC vybojoval cenn\u00fd bronz. Cenn\u00fd je skute\u010dn\u011b ve smyslu toho slova\u2026 V\u017edy\u0165 b\u00fdt na t\u0159et\u00edm m\u00edst\u011b ze 71 startuj\u00edc\u00edch je ur\u010dit\u011b \u00fasp\u011bch!<\/p>\n<figure id=\"attachment_12494\" aria-describedby=\"caption-attachment-12494\" style=\"width: 982px\" class=\"wp-caption alignnone\"><a href=\"http:\/\/www.moravecteam.cz\/?attachment_id=12494\" rel=\"attachment wp-att-12494\"><img decoding=\"async\" loading=\"lazy\" class=\" wp-image-12494\" alt=\"07\" src=\"http:\/\/www.moravecteam.cz\/wp-content\/uploads\/2018\/10\/07.jpg\" width=\"982\" height=\"831\" srcset=\"https:\/\/www.moravecteam.cz\/wp-content\/uploads\/2018\/10\/07.jpg 982w, https:\/\/www.moravecteam.cz\/wp-content\/uploads\/2018\/10\/07-300x253.jpg 300w\" sizes=\"(max-width: 982px) 100vw, 982px\" \/><\/a><figcaption id=\"caption-attachment-12494\" class=\"wp-caption-text\">Um\u00edst\u011bn\u00ed v TOP 10 brali v c\u00edli Luk\u00e1\u0161 Sedl\u00e1k (v pop\u0159ed\u00ed) s Romanem \u0160indel\u00e1\u0159em.<\/figcaption><\/figure>\n<p style=\"text-align: justify;\">Celkem 61 jich startovalo v\u00a0mu\u017e\u00edch + 40 let a 5. M\u00edsto v\u00a0c\u00edli Honzy \u0160indel\u00e1\u0159e st. ur\u010dit\u011b svoji cenu m\u00e1\u2026 A jen o dv\u011b p\u0159\u00ed\u010dky za Honzou dokon\u010dil z\u00e1vod, vypsan\u00fd\u00a0 na 15 km, dal\u0161\u00ed z\u00a0na\u0161ich osv\u011bd\u010den\u00fdch \u201erepro\u0161\u016f\u201c, Franta Pad\u011bra. Taky dobr\u00fd\u2026 A na to, \u017ee m\u011bl letos n\u00e1\u0161 star\u0161\u00ed veter\u00e1n Pavel Bal\u00e1k kv\u016fli zdravotn\u00edm trabl\u016fm start\u016f jako\u00a0 onoho pov\u011bstn\u00e9ho \u201e\u0161afr\u00e1nu\u201c, je jeho 7. m\u00edsto mezi chlapy + 50 symptick\u00e9\u2026<\/p>\n<figure id=\"attachment_12496\" aria-describedby=\"caption-attachment-12496\" style=\"width: 1020px\" class=\"wp-caption alignnone\"><a href=\"http:\/\/www.moravecteam.cz\/?attachment_id=12496\" rel=\"attachment wp-att-12496\"><img decoding=\"async\" loading=\"lazy\" class=\" wp-image-12496\" alt=\"08\" src=\"http:\/\/www.moravecteam.cz\/wp-content\/uploads\/2018\/10\/08.jpg\" width=\"1020\" height=\"855\" srcset=\"https:\/\/www.moravecteam.cz\/wp-content\/uploads\/2018\/10\/08.jpg 1020w, https:\/\/www.moravecteam.cz\/wp-content\/uploads\/2018\/10\/08-300x251.jpg 300w\" sizes=\"(max-width: 1020px) 100vw, 1020px\" \/><\/a><figcaption id=\"caption-attachment-12496\" class=\"wp-caption-text\">Cennou &#8222;placku&#8220; vybojoval mezi mu\u017ei na &#8222;patn\u00e1ctce&#8220; Petr \u0160ich.<\/figcaption><\/figure>\n<p style=\"text-align: justify;\">\u00dapln\u011b na z\u00e1v\u011br zm\u00edn\u00edm i v\u00fdsledky n\u011bkter\u00fdch na\u0161ich kvalitn\u00edch soupe\u0159\u016f, kter\u00e9 jsme letos mohli spat\u0159it i na MTB \u201eVrchovin\u011b\u201c. V\u011bkem je\u0161t\u011b kadet a dvojn\u00e1sobn\u00fd v\u00edt\u011bz z\u00e1vod\u016f leto\u0161n\u00ed \u201eVrchoviny\u201c, Jakub Zemene (Short Bike Academy Opletal), startoval a suver\u00e9nn\u011b vyhr\u00e1l z\u00e1vod mu\u017e\u016f\u00a0 18-39 let na 15 km! Hlavn\u00ed z\u00e1vod \u201eeli\u0165\u00e1k\u016f\u201c na 30km ovl\u00e1dl Marek Rauchfuss, 7. m\u00edsto bral celkov\u00fd v\u00edt\u011bz leto\u0161n\u00ed \u201eVrchoviny\u201c Jirka O\u0161\u0165\u00e1dal (Enjoy Riding Team), 15. pak dojel leto\u0161n\u00ed n\u00e1rodn\u00ed \u0161ampion z\u00a0MTB \u201e\u010dty\u0159iadvacetihodinovky\u201c z\u00a0Jihlavy a dal\u0161\u00ed pravideln\u00fd \u00fa\u010dastn\u00edk \u201eVrchoviny\u201c \u2013 Martin Hovanec. A aby se d\u00e1my nezlobily: elitn\u00ed kategorii \u017een vyhr\u00e1la v\u00a0Brn\u011b \u2013 Lesn\u00e9 dal\u0161\u00ed n\u00e1m dob\u0159e zn\u00e1m\u00e1 tv\u00e1\u0159 z \u201eVrchoviny\u201c \u2013 Lucie Vesel\u00e1 (GT Opportunity). Mrkn\u011bte na <strong><a href=\"http:\/\/www.czex.cz\/mulda\/vysledky\">kompletn\u00ed v\u00fdsledky\u2026<\/a><\/strong><\/p>\n<figure id=\"attachment_12497\" aria-describedby=\"caption-attachment-12497\" style=\"width: 1050px\" class=\"wp-caption alignnone\"><a href=\"http:\/\/www.moravecteam.cz\/?attachment_id=12497\" rel=\"attachment wp-att-12497\"><img decoding=\"async\" loading=\"lazy\" class=\" wp-image-12497\" alt=\"09\" src=\"http:\/\/www.moravecteam.cz\/wp-content\/uploads\/2018\/10\/09.jpg\" width=\"1050\" height=\"1333\" srcset=\"https:\/\/www.moravecteam.cz\/wp-content\/uploads\/2018\/10\/09.jpg 1050w, https:\/\/www.moravecteam.cz\/wp-content\/uploads\/2018\/10\/09-236x300.jpg 236w, https:\/\/www.moravecteam.cz\/wp-content\/uploads\/2018\/10\/09-806x1024.jpg 806w\" sizes=\"(max-width: 1050px) 100vw, 1050px\" \/><\/a><figcaption id=\"caption-attachment-12497\" class=\"wp-caption-text\">Franta Pad\u011bra zajet na &#8222;Muld\u011b&#8220; um\u00ed!<\/figcaption><\/figure>\n<p style=\"text-align: justify;\">D\u00edky v\u0161em na\u0161im rajdr\u016fm za v\u00fdkony a v\u00fdsledky v \u201eSob\u011b\u0161ick\u00e9m zav\u00edr\u00e1ku\u201c, k\u00a0medailist\u016fm m\u00ed\u0159\u00ed \u2013 samo, \u017ee &#8211; i na\u0161e gratulace! D\u00edky t\u00e9\u017e rodinn\u00fdm podp\u016frn\u00fdm t\u00fdm\u016fm! Proto\u017ee je\u0161t\u011b p\u0159ed posledn\u00edm MTB z\u00e1vodem sez\u00f3ny MORVEC Team u plynule \u201evplul\u201c do zimn\u00ed p\u0159\u00edpravy, p\u0159ejeme v\u0161em v\u00a0r\u00e1mci n\u00ed nejen pevn\u00e9 zdrav\u00ed\u00a0 ale hlavn\u011b poctiv\u00fd\u00a0 sna\u017eiv\u00fd p\u0159\u00edstup. Sejdou-li se v\u00a0p\u0159\u00edpravn\u00e9m obdob\u00ed tyto dva p\u0159edpoklady, tak s\u00a0p\u0159ihl\u00e9dnut\u00edm k\u00a0faktu, \u017ee V\u00e1s vedou kvalitn\u00ed a zku\u0161en\u00ed tren\u00e9\u0159i, si bu\u010fte jisti, \u017ee v\u00fdsledky se v\u00a0sez\u00f3n\u011b 2019 dostav\u00ed!\u00a0A je\u0161t\u011b pozn\u00e1mka: p\u0159ehl\u00e9dl-li jsem n\u011bkoho ve v\u00fdsledkov\u00fdch listin\u00e1ch, ozv\u011bte se, dopln\u00edm V\u00e1s do \u010dl\u00e1nku. To, \u017ee v nich po\u0159adatel neuv\u00e1d\u00ed t\u00fdmovou p\u0159\u00edslu\u0161nost, mi zt\u011b\u017euje vyhled\u00e1v\u00e1n\u00ed na\u0161ich &#8222;kon\u00ed&#8220;&#8230; Fotomateri\u00e1l v \u010dl\u00e1nku je v\u00fdb\u011brem na\u0161ich barev <strong><a href=\"http:\/\/www.czex.cz\/mulda\/fotogalerie:2018\">z ofici\u00e1ln\u00edch fotogaleri\u00ed z\u00e1vodu<\/a>.<\/strong><\/p>\n<figure id=\"attachment_12503\" aria-describedby=\"caption-attachment-12503\" style=\"width: 990px\" class=\"wp-caption alignnone\"><a href=\"http:\/\/www.moravecteam.cz\/?attachment_id=12503\" rel=\"attachment wp-att-12503\"><img decoding=\"async\" loading=\"lazy\" class=\" wp-image-12503\" alt=\"100_6067\" src=\"http:\/\/www.moravecteam.cz\/wp-content\/uploads\/2018\/10\/100_6067.jpg\" width=\"990\" height=\"893\" srcset=\"https:\/\/www.moravecteam.cz\/wp-content\/uploads\/2018\/10\/100_6067.jpg 990w, https:\/\/www.moravecteam.cz\/wp-content\/uploads\/2018\/10\/100_6067-300x270.jpg 300w\" sizes=\"(max-width: 990px) 100vw, 990px\" \/><\/a><figcaption id=\"caption-attachment-12503\" class=\"wp-caption-text\">I Honza \u0160indel\u00e1\u0159 je na &#8222;Muld\u011b&#8220; jako doma&#8230; Na\u0161im Mastr\u016fm dvojka\u0159\u016fm tentokr\u00e1t v Brn\u011b chyb\u011bl do &#8222;bojov\u00e9&#8220; party Martin Gottwald.<\/figcaption><\/figure>\n","protected":false},"excerpt":{"rendered":"<p>T\u00e9m\u011b\u0159 dv\u011b des\u00edtky MORAVC\u016e zas\u00e1hlo do boj\u016f na Sob\u011b\u0161ick\u00e9 Muld\u011b \u2013 bikov\u00e9m z\u00e1vod\u011b,\u00a0 kter\u00fd se letos jel u\u017e po dvaadvac\u00e1t\u00e9 a bez kter\u00e9ho si region\u00e1ln\u00ed cyklistick\u00e9 cross country \u00a0u\u017e ani neum\u00edme p\u0159edstavit\u2026 \u00a0A stalo se tradic\u00ed, \u017ee pr\u00e1v\u011b tato \u201erace\u201c pomysln\u011b uzav\u00edr\u00e1 MTB sez\u00f3nu a tradi\u010dn\u011b jsou zde &#8211; i pro tuto skute\u010dnost symbolick\u00e9ho lou\u010den\u00ed &hellip; <a href=\"https:\/\/www.moravecteam.cz\/?p=12486\" class=\"more-link\">Pokra\u010dov\u00e1n\u00ed textu <span class=\"screen-reader-text\">Zlat\u00fd &#8222;zav\u00edr\u00e1k&#8220;!<\/span> <span class=\"meta-nav\">&rarr;<\/span><\/a><\/p>\n","protected":false},"author":3,"featured_media":12488,"comment_status":"open","ping_status":"closed","sticky":false,"template":"","format":"standard","meta":[],"categories":[1],"tags":[],"_links":{"self":[{"href":"https:\/\/www.moravecteam.cz\/index.php?rest_route=\/wp\/v2\/posts\/12486"}],"collection":[{"href":"https:\/\/www.moravecteam.cz\/index.php?rest_route=\/wp\/v2\/posts"}],"about":[{"href":"https:\/\/www.moravecteam.cz\/index.php?rest_route=\/wp\/v2\/types\/post"}],"author":[{"embeddable":true,"href":"https:\/\/www.moravecteam.cz\/index.php?rest_route=\/wp\/v2\/users\/3"}],"replies":[{"embeddable":true,"href":"https:\/\/www.moravecteam.cz\/index.php?rest_route=%2Fwp%2Fv2%2Fcomments&post=12486"}],"version-history":[{"count":8,"href":"https:\/\/www.moravecteam.cz\/index.php?rest_route=\/wp\/v2\/posts\/12486\/revisions"}],"predecessor-version":[{"id":12505,"href":"https:\/\/www.moravecteam.cz\/index.php?rest_route=\/wp\/v2\/posts\/12486\/revisions\/12505"}],"wp:featuredmedia":[{"embeddable":true,"href":"https:\/\/www.moravecteam.cz\/index.php?rest_route=\/wp\/v2\/media\/12488"}],"wp:attachment":[{"href":"https:\/\/www.moravecteam.cz\/index.php?rest_route=%2Fwp%2Fv2%2Fmedia&parent=12486"}],"wp:term":[{"taxonomy":"category","embeddable":true,"href":"https:\/\/www.moravecteam.cz\/index.php?rest_route=%2Fwp%2Fv2%2Fcategories&post=12486"},{"taxonomy":"post_tag","embeddable":true,"href":"https:\/\/www.moravecteam.cz\/index.php?rest_route=%2Fwp%2Fv2%2Ftags&post=12486"}],"curies":[{"name":"wp","href":"https:\/\/api.w.org\/{rel}","templated":true}]}}