{"id":12506,"date":"2018-10-22T06:29:24","date_gmt":"2018-10-22T04:29:24","guid":{"rendered":"http:\/\/www.moravecteam.cz\/?p=12506"},"modified":"2018-10-22T08:57:33","modified_gmt":"2018-10-22T06:57:33","slug":"co-se-bude-dit-st43-4","status":"publish","type":"post","link":"https:\/\/www.moravecteam.cz\/?p=12506","title":{"rendered":"Co se bude d\u00edt? (ST43)"},"content":{"rendered":"<h5><span style=\"color: #800000;\">Pond\u011bl\u00ed 22.10. 2018<\/span><\/h5>\n<p style=\"text-align: justify;\">Tr\u00e9nink techniky j\u00edzdy na kole v prostor\u00e1ch zimn\u00edho stadionu Blansko &#8211;\u00a0 od 17.00 hodin.<\/p>\n<h5><span style=\"color: #800000;\">\u00dater\u00fd\u00a0 23.10. 2018<\/span><\/h5>\n<p>Tr\u00e9nink z\u00e1kladn\u00ed vytrvalosti, kondi\u010dn\u00ed ch\u016fze s holemi. Sraz v 17.00 hodin jako minule, ve Sportparku Boskovice &#8211; Doubravy.<\/p>\n<h5><span style=\"color: #800000;\">St\u0159eda 24.10. 2018<\/span><\/h5>\n<p style=\"text-align: justify;\">Tr\u00e9nink formou kondi\u010dn\u00edho b\u011bh\u00e1n\u00ed. Sraz v 17.00 hodin u budovy Z\u0160 Bene\u0161ov.<\/p>\n<h5><span style=\"color: #800000;\">\u010ctvrtek 25.10. 2018<\/span><\/h5>\n<ul>\n<li style=\"text-align: justify;\">Sch\u016fzka veden\u00ed odd\u00edlu a tren\u00e9r\u016f s rodi\u010di, na kter\u00e9 budeme hovo\u0159it a diskutovat o dosavadn\u00edch zku\u0161enostech z prob\u00edhaj\u00edc\u00edho p\u0159\u00edpravn\u00e9ho obdob\u00ed. Sejdeme se v 16.30 v restauraci Morava.<\/li>\n<li style=\"text-align: justify;\">Tr\u00e9nink aerobn\u00ed zdatnosti, od 18.00 do 19.00 hod. formou plav\u00e1n\u00ed v l\u00e1zn\u00edch Boskovice.<\/li>\n<\/ul>\n<h5><span style=\"color: #800000;\">Sobota\u00a027.10. 2018<\/span><\/h5>\n<p>Dal\u0161\u00ed z\u00e1vod \u010cesk\u00e9ho poh\u00e1ru v cyklokrosu ve Slan\u00e9m. Zde jsou k prostudov\u00e1n\u00ed<strong> <a href=\"http:\/\/www.cyklokros.cz\/data\/web\/toitoicup\/2018\/slany_propozice_2018.pdf\">propozice<\/a>.<\/strong><\/p>\n<h5><span style=\"color: #800000;\">Ned\u011ble 28.10. 2018<\/span><\/h5>\n<p>Dal\u0161\u00ed z\u00e1vod \u010cesk\u00e9ho poh\u00e1ru v cyklokrosu v Lounech. Zde jsou k\u00a0omrknut\u00ed <strong><a href=\"http:\/\/www.cyklokros.cz\/data\/web\/toitoicup\/2018\/louny_propozice_2018.pdf\">propozice<\/a>.<\/strong><\/p>\n<h5><span style=\"color: #800000;\">AKCE T\u011aSN\u011a ZA HORIZONTEM<\/span><\/h5>\n<ul>\n<li style=\"text-align: justify;\">4.11. 2018 &#8211;\u00a0Draki\u00e1da Drakec MORAVEC\u00a0&#8211; na obvykl\u00e9m m\u00edst\u011b a v obvykl\u00e9m \u010dase &#8211; u Pavlovsk\u00e9 kaple v Bene\u0161ov\u011b u Boskovic. Draky a dobrou n\u00e1ladu &#8211; si vezm\u011bte, samo, \u017ee s sebou&#8230;<\/li>\n<li style=\"text-align: justify;\">16.12. 2018 &#8211; Tradi\u010dn\u00ed\u00a0n\u00e1v\u0161t\u011bva hrobu Vlastimila MORAVCE\u00a0na \u00dast\u0159edn\u00edm h\u0159bitov\u011b v Brn\u011b a z\u00e1rove\u0148 n\u00e1v\u0161t\u011bva m\u00edsta jeho tragick\u00e9ho skonu v Brn\u011b &#8211; Kohoutovic\u00edch&#8230;<\/li>\n<li style=\"text-align: justify;\">28.12. 2018 &#8211; dal\u0161\u00ed tradi\u010dn\u00ed akce &#8211; V\u00fdro\u010dn\u00ed ro(c)kov\u00e1n\u00ed s ud\u011blen\u00edm v\u00fdro\u010dn\u00edch cen cyklistick\u00e9ho odd\u00edlu MORAVEC Team. Od 15.00 hodin v restauraci Morava Bene\u0161ov<\/li>\n<li style=\"text-align: justify;\">1.1. 2019 &#8211; Novoro\u010dn\u00ed vyj\u00ed\u017e\u010fka &#8211; sm\u011br op\u011bt tradi\u010dn\u00ed &#8211; penzion Lada, Repechy.<\/li>\n<\/ul>\n<h5><span style=\"color: #800000;\">AKCE T\u011aSN\u011a ZA DV\u011aMA HORIZONTY<\/span><\/h5>\n<p>10.2. \u2013 16.2. 2019\u00a0&#8211;\u00a0zimn\u00ed soust\u0159ed\u011bn\u00ed MORAVEC Teamu, kdy se po roce vr\u00e1t\u00edme do Jesen\u00edk\u016f, na<a href=\"http:\/\/www.navrsi.eu\/\">\u00a0<strong>chatu N\u00e1vr\u0161\u00ed<\/strong><\/a><strong>.<\/strong><\/p>\n","protected":false},"excerpt":{"rendered":"<p>Pond\u011bl\u00ed 22.10. 2018 Tr\u00e9nink techniky j\u00edzdy na kole v prostor\u00e1ch zimn\u00edho stadionu Blansko &#8211;\u00a0 od 17.00 hodin. \u00dater\u00fd\u00a0 23.10. 2018 Tr\u00e9nink z\u00e1kladn\u00ed vytrvalosti, kondi\u010dn\u00ed ch\u016fze s holemi. Sraz v 17.00 hodin jako minule, ve Sportparku Boskovice &#8211; Doubravy. St\u0159eda 24.10. 2018 Tr\u00e9nink formou kondi\u010dn\u00edho b\u011bh\u00e1n\u00ed. Sraz v 17.00 hodin u budovy Z\u0160 Bene\u0161ov. \u010ctvrtek 25.10. &hellip; <a href=\"https:\/\/www.moravecteam.cz\/?p=12506\" class=\"more-link\">Pokra\u010dov\u00e1n\u00ed textu <span class=\"screen-reader-text\">Co se bude d\u00edt? (ST43)<\/span> <span class=\"meta-nav\">&rarr;<\/span><\/a><\/p>\n","protected":false},"author":3,"featured_media":12511,"comment_status":"open","ping_status":"closed","sticky":false,"template":"","format":"standard","meta":[],"categories":[11],"tags":[],"_links":{"self":[{"href":"https:\/\/www.moravecteam.cz\/index.php?rest_route=\/wp\/v2\/posts\/12506"}],"collection":[{"href":"https:\/\/www.moravecteam.cz\/index.php?rest_route=\/wp\/v2\/posts"}],"about":[{"href":"https:\/\/www.moravecteam.cz\/index.php?rest_route=\/wp\/v2\/types\/post"}],"author":[{"embeddable":true,"href":"https:\/\/www.moravecteam.cz\/index.php?rest_route=\/wp\/v2\/users\/3"}],"replies":[{"embeddable":true,"href":"https:\/\/www.moravecteam.cz\/index.php?rest_route=%2Fwp%2Fv2%2Fcomments&post=12506"}],"version-history":[{"count":7,"href":"https:\/\/www.moravecteam.cz\/index.php?rest_route=\/wp\/v2\/posts\/12506\/revisions"}],"predecessor-version":[{"id":12514,"href":"https:\/\/www.moravecteam.cz\/index.php?rest_route=\/wp\/v2\/posts\/12506\/revisions\/12514"}],"wp:featuredmedia":[{"embeddable":true,"href":"https:\/\/www.moravecteam.cz\/index.php?rest_route=\/wp\/v2\/media\/12511"}],"wp:attachment":[{"href":"https:\/\/www.moravecteam.cz\/index.php?rest_route=%2Fwp%2Fv2%2Fmedia&parent=12506"}],"wp:term":[{"taxonomy":"category","embeddable":true,"href":"https:\/\/www.moravecteam.cz\/index.php?rest_route=%2Fwp%2Fv2%2Fcategories&post=12506"},{"taxonomy":"post_tag","embeddable":true,"href":"https:\/\/www.moravecteam.cz\/index.php?rest_route=%2Fwp%2Fv2%2Ftags&post=12506"}],"curies":[{"name":"wp","href":"https:\/\/api.w.org\/{rel}","templated":true}]}}