{"id":12515,"date":"2018-10-28T21:38:54","date_gmt":"2018-10-28T20:38:54","guid":{"rendered":"http:\/\/www.moravecteam.cz\/?p=12515"},"modified":"2018-10-28T21:38:54","modified_gmt":"2018-10-28T20:38:54","slug":"adios-sezono-2018","status":"publish","type":"post","link":"https:\/\/www.moravecteam.cz\/?p=12515","title":{"rendered":"Adios, sez\u00f3no 2018..!"},"content":{"rendered":"<p style=\"text-align: justify;\"><strong><span style=\"color: #800000;\">Pomysln\u00e9 posledn\u00ed zvon\u011bn\u00ed zacinklo cyklistick\u00e9 sez\u00f3n\u011b 2018 minulou sobotu na kopci Mal\u00fd Chlum u Bo\u0159itova. Po\u010das\u00ed p\u0159\u00e1lo a bezm\u00e1la t\u0159ic\u00edtka MORAVC\u016e + jeden pes si zde dali spole\u010dn\u011b\u00a0tradi\u010dn\u00ed dostaven\u00ed\u010dko,\u00a0 p\u0159i kter\u00e9m se jen tak \u201ekl\u00e1bosilo\u201c a zdaleka ne jen o leto\u0161n\u00ed cyklistick\u00e9 sez\u00f3n\u011b. Poklid sobotn\u00edho odpoledne dokreslil jak praskaj\u00edc\u00ed ohn\u00ed\u010dek, tak i lahoda\u00a0 tekut\u00fdch n\u00e1poj\u016f \u010di chu\u0165 nezi\u0161tn\u00fdmi hodn\u00fdmi kucha\u0159kami dodan\u00fdch sladk\u00fdch pochutin, kter\u00e9 v\u0161em m\u00f3\u00f3\u00f3c\u00a0\u201e\u0161makovaly\u201c. Ve druh\u00e9 \u010d\u00e1sti spole\u010dn\u00e9ho odpoledne jsme dokonce byli sv\u011bdky skute\u010dnosti, \u017ee d\u011bti MORAVEC Teamu jsou nejen\u00a0 v\u00fdte\u010dn\u00fdmi cyklisty, ale \u201eu\u017eivili\u201c by se i jako zdatn\u00ed horolezci, horolezkyn\u011b\u00a0 a i horolez\u010data..!<\/span><\/strong><\/p>\n<figure id=\"attachment_12525\" aria-describedby=\"caption-attachment-12525\" style=\"width: 1571px\" class=\"wp-caption alignnone\"><a href=\"http:\/\/www.moravecteam.cz\/?attachment_id=12525\" rel=\"attachment wp-att-12525\"><img decoding=\"async\" loading=\"lazy\" class=\" wp-image-12525\" alt=\"04\" src=\"http:\/\/www.moravecteam.cz\/wp-content\/uploads\/2018\/10\/041.jpg\" width=\"1571\" height=\"923\" srcset=\"https:\/\/www.moravecteam.cz\/wp-content\/uploads\/2018\/10\/041.jpg 1571w, https:\/\/www.moravecteam.cz\/wp-content\/uploads\/2018\/10\/041-300x176.jpg 300w, https:\/\/www.moravecteam.cz\/wp-content\/uploads\/2018\/10\/041-1024x601.jpg 1024w\" sizes=\"(max-width: 1571px) 100vw, 1571px\" \/><\/a><figcaption id=\"caption-attachment-12525\" class=\"wp-caption-text\">Chlumeck\u00fd t\u00e1bor\u00e1k&#8230;<\/figcaption><\/figure>\n<p style=\"text-align: justify;\"><strong><\/strong>Jen \u0161koda, \u017ee region\u00e1ln\u00ed cyklistiku zastupoval na Chlumu, \u010dert v\u00ed pro\u010d, \u00a0prakticky v\u00fdhradn\u011b jen n\u00e1\u0161 odd\u00edl..? Jako prvn\u00ed\u00a0vystoupali na 483 metr\u016f nad mo\u0159em vysokou k\u00f3tu Petr s\u00a0Frantou,\u00a0 skupina se ale brzy rozrostla do v\u00fd\u0161e uveden\u00e9ho po\u010dtu, kdy\u017e doraziv\u0161\u00ed byli jak z\u00a0kategorie turist\u016f, tak z\u00a0kategorie cyklist\u016f. Pot\u011b\u0161ila \u00fa\u010dast kompletn\u00edho kun\u0161t\u00e1tsk\u00e9ho \u201eqarteta\u201c Dosko\u010dil\u016f, v\u010detn\u011b nejmlad\u0161\u00ed Mari\u00e1nky, kter\u00e1 pou\u017e\u00edv\u00e1 k\u00a0p\u0159esun\u016fm zat\u00edm \u201ebojov\u00e9 cyklistick\u00e9 vozidlo ne\/p\u011bchoty\u201c, vyzna\u010duj\u00edc\u00ed se v\u00fdkonnou pohonnou jednotkou typu JD1. Pot\u011b\u0161ila i \u00fa\u010dast u\u017e vyzdrav\u011bn\u00e9 Maru\u0161ky Barto\u0161ovic, jeji\u017e \u010derven\u00e9 tv\u00e1\u0159e, po zdol\u00e1n\u00ed ob\u00e1van\u00e9ho kopce \u00a0jasn\u011b potvrzuj\u00ed, \u017ee forma se \u201eMajce\u201c vrac\u00ed do p\u016fvodn\u00edho \u201elevelu\u201c.<\/p>\n<figure id=\"attachment_12523\" aria-describedby=\"caption-attachment-12523\" style=\"width: 1004px\" class=\"wp-caption alignnone\"><a href=\"http:\/\/www.moravecteam.cz\/?attachment_id=12523\" rel=\"attachment wp-att-12523\"><img decoding=\"async\" loading=\"lazy\" class=\" wp-image-12523\" alt=\"02\" src=\"http:\/\/www.moravecteam.cz\/wp-content\/uploads\/2018\/10\/021.jpg\" width=\"1004\" height=\"590\" srcset=\"https:\/\/www.moravecteam.cz\/wp-content\/uploads\/2018\/10\/021.jpg 1004w, https:\/\/www.moravecteam.cz\/wp-content\/uploads\/2018\/10\/021-300x176.jpg 300w\" sizes=\"(max-width: 1004px) 100vw, 1004px\" \/><\/a><figcaption id=\"caption-attachment-12523\" class=\"wp-caption-text\">Maru\u0161ka za n\u00e1mi dorazila pod kopec.<\/figcaption><\/figure>\n<p style=\"text-align: justify;\">No a pot\u011b\u0161ila i p\u0159\u00edtomnost dvou dom\u00e1c\u00edch \u201eObor\u00e1k\u016f\u201c \u2013 Jirky \u00a0a Jarky, kdy\u017e to byl pr\u00e1v\u011b Jirka, kter\u00fd inicioval dopravu na\u0161\u00ed Maru\u0161ky Zouharov\u00e9 alespo\u0148 na odpo\u010d\u00edvadlo pod Mal\u00fdm Chlumem (v\u00fdjezd vozem Citroen, kter\u00fd Maru\u0161ka pou\u017e\u00edv\u00e1, a\u017e na horu, k\u00a0pat\u011b rozhledny , se zd\u00e1l b\u00fdt p\u0159ece jen pon\u011bkud riskantn\u00edm) kde na po\u010dest Maru\u0161ky zpl\u00e1polal \u00a0tak\u00e9, ten den u\u017e druh\u00fd\u00a0ohn\u00ed\u010dek. A pr\u00e1v\u011b tady d\u011bti MORAVCE potvrdily pov\u011bst \u010dipern\u00fdch veverek a odv\u00e1\u017en\u00fdch horolezc\u016f z\u00e1rove\u0148, kdy\u017e se prudk\u00fdm \u00a0svahem b\u00fdval\u00e9ho p\u00edskov\u00e9ho lomu dok\u00e1zaly vy\u0161plhat do pozoruhodn\u00fdch v\u00fd\u0161ek! A\u017e z to bylo n\u011bkter\u00fdm rodi\u010d\u016fm mo\u017en\u00e1 \u00fazko! &#8222;Mlad\u00e9 pu\u0161ky&#8220; ale zvl\u00e1dly bravurn\u011b i tuto discipl\u00ednu! Bravo MORAVEC! V\u00fdlet na Mal\u00fd Chlum byl stylov\u011b zakon\u010den v\u00a0restaura\u010dn\u00edm za\u0159\u00edzen\u00ed Z\u00e1lo\u017ena Boskovice, kde do\u0161lo k\u00a0tolik pot\u0159ebn\u00e9 regeneraci sil, klesaj\u00edc\u00edm po sportovn\u00edm chlumov\u00e9m v\u00fdkonu k\u00a0nule &#8211; u n\u011bkoho v\u00edce \/ u n\u011bkoho m\u00e9n\u011b..! Zde mrkn\u011bte na fotogalerii, na v\u00fdsledky se tentokr\u00e1t\u00a0nehr\u00e1lo\u2026<\/p>\n<figure id=\"attachment_12524\" aria-describedby=\"caption-attachment-12524\" style=\"width: 2000px\" class=\"wp-caption alignnone\"><a href=\"http:\/\/www.moravecteam.cz\/?attachment_id=12524\" rel=\"attachment wp-att-12524\"><img decoding=\"async\" loading=\"lazy\" class=\" wp-image-12524\" alt=\"03\" src=\"http:\/\/www.moravecteam.cz\/wp-content\/uploads\/2018\/10\/031.jpg\" width=\"2000\" height=\"873\" srcset=\"https:\/\/www.moravecteam.cz\/wp-content\/uploads\/2018\/10\/031.jpg 2000w, https:\/\/www.moravecteam.cz\/wp-content\/uploads\/2018\/10\/031-300x130.jpg 300w, https:\/\/www.moravecteam.cz\/wp-content\/uploads\/2018\/10\/031-1024x446.jpg 1024w\" sizes=\"(max-width: 2000px) 100vw, 2000px\" \/><\/a><figcaption id=\"caption-attachment-12524\" class=\"wp-caption-text\">Druh\u00e1 spole\u010dn\u00e1 u druh\u00e9ho t\u00e1bor\u00e1ku s Maru\u0161kou.<\/figcaption><\/figure>\n","protected":false},"excerpt":{"rendered":"<p>Pomysln\u00e9 posledn\u00ed zvon\u011bn\u00ed zacinklo cyklistick\u00e9 sez\u00f3n\u011b 2018 minulou sobotu na kopci Mal\u00fd Chlum u Bo\u0159itova. Po\u010das\u00ed p\u0159\u00e1lo a bezm\u00e1la t\u0159ic\u00edtka MORAVC\u016e + jeden pes si zde dali spole\u010dn\u011b\u00a0tradi\u010dn\u00ed dostaven\u00ed\u010dko,\u00a0 p\u0159i kter\u00e9m se jen tak \u201ekl\u00e1bosilo\u201c a zdaleka ne jen o leto\u0161n\u00ed cyklistick\u00e9 sez\u00f3n\u011b. Poklid sobotn\u00edho odpoledne dokreslil jak praskaj\u00edc\u00ed ohn\u00ed\u010dek, tak i lahoda\u00a0 tekut\u00fdch n\u00e1poj\u016f &hellip; <a href=\"https:\/\/www.moravecteam.cz\/?p=12515\" class=\"more-link\">Pokra\u010dov\u00e1n\u00ed textu <span class=\"screen-reader-text\">Adios, sez\u00f3no 2018..!<\/span> <span class=\"meta-nav\">&rarr;<\/span><\/a><\/p>\n","protected":false},"author":3,"featured_media":12530,"comment_status":"open","ping_status":"closed","sticky":false,"template":"","format":"standard","meta":[],"categories":[13],"tags":[],"_links":{"self":[{"href":"https:\/\/www.moravecteam.cz\/index.php?rest_route=\/wp\/v2\/posts\/12515"}],"collection":[{"href":"https:\/\/www.moravecteam.cz\/index.php?rest_route=\/wp\/v2\/posts"}],"about":[{"href":"https:\/\/www.moravecteam.cz\/index.php?rest_route=\/wp\/v2\/types\/post"}],"author":[{"embeddable":true,"href":"https:\/\/www.moravecteam.cz\/index.php?rest_route=\/wp\/v2\/users\/3"}],"replies":[{"embeddable":true,"href":"https:\/\/www.moravecteam.cz\/index.php?rest_route=%2Fwp%2Fv2%2Fcomments&post=12515"}],"version-history":[{"count":7,"href":"https:\/\/www.moravecteam.cz\/index.php?rest_route=\/wp\/v2\/posts\/12515\/revisions"}],"predecessor-version":[{"id":12531,"href":"https:\/\/www.moravecteam.cz\/index.php?rest_route=\/wp\/v2\/posts\/12515\/revisions\/12531"}],"wp:featuredmedia":[{"embeddable":true,"href":"https:\/\/www.moravecteam.cz\/index.php?rest_route=\/wp\/v2\/media\/12530"}],"wp:attachment":[{"href":"https:\/\/www.moravecteam.cz\/index.php?rest_route=%2Fwp%2Fv2%2Fmedia&parent=12515"}],"wp:term":[{"taxonomy":"category","embeddable":true,"href":"https:\/\/www.moravecteam.cz\/index.php?rest_route=%2Fwp%2Fv2%2Fcategories&post=12515"},{"taxonomy":"post_tag","embeddable":true,"href":"https:\/\/www.moravecteam.cz\/index.php?rest_route=%2Fwp%2Fv2%2Ftags&post=12515"}],"curies":[{"name":"wp","href":"https:\/\/api.w.org\/{rel}","templated":true}]}}