{"id":12533,"date":"2018-10-28T22:17:26","date_gmt":"2018-10-28T21:17:26","guid":{"rendered":"http:\/\/www.moravecteam.cz\/?p=12533"},"modified":"2018-10-28T22:24:38","modified_gmt":"2018-10-28T21:24:38","slug":"co-se-bude-dit-st44-4","status":"publish","type":"post","link":"https:\/\/www.moravecteam.cz\/?p=12533","title":{"rendered":"Co se bude d\u00edt? (ST44)"},"content":{"rendered":"<p style=\"text-align: justify;\"><span style=\"color: #800000;\"><strong>Organizovan\u00fd pond\u011bln\u00ed i \u00fatern\u00ed tr\u00e9nink je tren\u00e9ry &#8211; z d\u016fvodu \u0161koln\u00edch pr\u00e1zdnin &#8211; zru\u0161en, co\u017e ale neznamen\u00e1 leniv\u011bn\u00ed&#8230; Pohybov\u00e9 aktivity doporu\u010duj\u00ed tren\u00e9\u0159i \u0159e\u0161it v r\u00e1mci rodinn\u00fdch Team\u016f. <span style=\"color: #ff0000;\">Ale pozor!<\/span><\/strong><\/span><\/p>\n<p style=\"text-align: justify;\"><span style=\"font-size: 18px; font-weight: bold; color: #800000;\">\u00dater\u00fd 30.10. 2018<\/span><\/p>\n<p style=\"text-align: justify;\">Agyln\u00ed a klidn\u00e1 s\u00edla MORAVEC Teamu, Vlast\u00edk Odehnal, je p\u0159ipraven v\u00e9st \u00fatern\u00ed p\u0159\u00edpravu, i kdy\u017e ta nen\u00ed &#8211; viz text v\u00fd\u0161e &#8211; povinn\u00e1. Kdo se chcete k Odehnalov\u00fdm p\u0159ipojit, v\u00fd\u0161lap startuje v 17.00 hodin z parkovi\u0161t\u011b u zimn\u00edho stadionu Boskovice.<\/p>\n<p><span style=\"font-size: 18px; font-weight: bold; color: #800000;\">St\u0159eda 31.10. 2018<\/span><\/p>\n<p style=\"text-align: justify;\">Tr\u00e9nink formou kondi\u010dn\u00edho b\u011bh\u00e1n\u00ed. Sraz v 17.00 hodin u budovy Z\u0160 Bene\u0161ov.<\/p>\n<h5><span style=\"color: #800000;\">\u010ctvrtek 1.11. 2018<\/span><\/h5>\n<p>Tr\u00e9nink aerobn\u00ed zdatnosti, od 18.00 do 19.00 hod. formou plav\u00e1n\u00ed v l\u00e1zn\u00edch Boskovice.<\/p>\n<h5><span style=\"color: #800000;\">Ned\u011ble 4.11. 2018<\/span><\/h5>\n<p style=\"text-align: justify;\">Draki\u00e1da Drakec MORAVEC. V\u0161echno co bude schopno letu, vzese se z poln\u00edho leti\u0161t\u011b u Pavlovsk\u00e9 kaple ve 14.00 hodin. Draky a jin\u00e9 l\u00e9taj\u00edc\u00ed objekty + dobrou n\u00e1ladu &#8211; si vezm\u011bte, samo, \u017ee s sebou..!\u00a0<strong><a href=\"http:\/\/www.moravecteam.cz\/?attachment_id=12542\" rel=\"attachment wp-att-12542\">Draki\u00e1da 2018<\/a><\/strong><\/p>\n<h5><span style=\"color: #800000;\">AKCE T\u011aSN\u011a ZA HORIZONTEM<\/span><\/h5>\n<ul>\n<li style=\"text-align: justify;\">16.12. 2018 &#8211; Tradi\u010dn\u00ed\u00a0n\u00e1v\u0161t\u011bva hrobu Vlastimila MORAVCE\u00a0na \u00dast\u0159edn\u00edm h\u0159bitov\u011b v Brn\u011b a z\u00e1rove\u0148 n\u00e1v\u0161t\u011bva m\u00edsta jeho tragick\u00e9ho skonu v Brn\u011b &#8211; Kohoutovic\u00edch&#8230;<\/li>\n<li style=\"text-align: justify;\">28.12. 2018 &#8211; dal\u0161\u00ed tradi\u010dn\u00ed akce &#8211; V\u00fdro\u010dn\u00ed ro(c)kov\u00e1n\u00ed s ud\u011blen\u00edm v\u00fdro\u010dn\u00edch cen cyklistick\u00e9ho odd\u00edlu MORAVEC Team. Od 15.00 hodin v restauraci Morava Bene\u0161ov<\/li>\n<li style=\"text-align: justify;\">1.1. 2019 &#8211; Novoro\u010dn\u00ed vyj\u00ed\u017e\u010fka &#8211; sm\u011br op\u011bt tradi\u010dn\u00ed &#8211; penzion Lada, Repechy.<\/li>\n<\/ul>\n<h5><span style=\"color: #800000;\">AKCE T\u011aSN\u011a ZA DV\u011aMA HORIZONTY<\/span><\/h5>\n<p>10.2. \u2013 16.2. 2019\u00a0&#8211;\u00a0zimn\u00ed soust\u0159ed\u011bn\u00ed MORAVEC Teamu, kdy se po roce vr\u00e1t\u00edme do Jesen\u00edk\u016f, na<a href=\"http:\/\/www.navrsi.eu\/\">\u00a0chatu N\u00e1vr\u0161\u00ed<\/a>.<\/p>\n","protected":false},"excerpt":{"rendered":"<p>Organizovan\u00fd pond\u011bln\u00ed i \u00fatern\u00ed tr\u00e9nink je tren\u00e9ry &#8211; z d\u016fvodu \u0161koln\u00edch pr\u00e1zdnin &#8211; zru\u0161en, co\u017e ale neznamen\u00e1 leniv\u011bn\u00ed&#8230; Pohybov\u00e9 aktivity doporu\u010duj\u00ed tren\u00e9\u0159i \u0159e\u0161it v r\u00e1mci rodinn\u00fdch Team\u016f. Ale pozor! \u00dater\u00fd 30.10. 2018 Agyln\u00ed a klidn\u00e1 s\u00edla MORAVEC Teamu, Vlast\u00edk Odehnal, je p\u0159ipraven v\u00e9st \u00fatern\u00ed p\u0159\u00edpravu, i kdy\u017e ta nen\u00ed &#8211; viz text v\u00fd\u0161e &#8211; povinn\u00e1. &hellip; <a href=\"https:\/\/www.moravecteam.cz\/?p=12533\" class=\"more-link\">Pokra\u010dov\u00e1n\u00ed textu <span class=\"screen-reader-text\">Co se bude d\u00edt? (ST44)<\/span> <span class=\"meta-nav\">&rarr;<\/span><\/a><\/p>\n","protected":false},"author":3,"featured_media":12540,"comment_status":"open","ping_status":"closed","sticky":false,"template":"","format":"standard","meta":[],"categories":[11],"tags":[],"_links":{"self":[{"href":"https:\/\/www.moravecteam.cz\/index.php?rest_route=\/wp\/v2\/posts\/12533"}],"collection":[{"href":"https:\/\/www.moravecteam.cz\/index.php?rest_route=\/wp\/v2\/posts"}],"about":[{"href":"https:\/\/www.moravecteam.cz\/index.php?rest_route=\/wp\/v2\/types\/post"}],"author":[{"embeddable":true,"href":"https:\/\/www.moravecteam.cz\/index.php?rest_route=\/wp\/v2\/users\/3"}],"replies":[{"embeddable":true,"href":"https:\/\/www.moravecteam.cz\/index.php?rest_route=%2Fwp%2Fv2%2Fcomments&post=12533"}],"version-history":[{"count":8,"href":"https:\/\/www.moravecteam.cz\/index.php?rest_route=\/wp\/v2\/posts\/12533\/revisions"}],"predecessor-version":[{"id":12543,"href":"https:\/\/www.moravecteam.cz\/index.php?rest_route=\/wp\/v2\/posts\/12533\/revisions\/12543"}],"wp:featuredmedia":[{"embeddable":true,"href":"https:\/\/www.moravecteam.cz\/index.php?rest_route=\/wp\/v2\/media\/12540"}],"wp:attachment":[{"href":"https:\/\/www.moravecteam.cz\/index.php?rest_route=%2Fwp%2Fv2%2Fmedia&parent=12533"}],"wp:term":[{"taxonomy":"category","embeddable":true,"href":"https:\/\/www.moravecteam.cz\/index.php?rest_route=%2Fwp%2Fv2%2Fcategories&post=12533"},{"taxonomy":"post_tag","embeddable":true,"href":"https:\/\/www.moravecteam.cz\/index.php?rest_route=%2Fwp%2Fv2%2Ftags&post=12533"}],"curies":[{"name":"wp","href":"https:\/\/api.w.org\/{rel}","templated":true}]}}