{"id":12544,"date":"2018-11-05T21:34:27","date_gmt":"2018-11-05T20:34:27","guid":{"rendered":"http:\/\/www.moravecteam.cz\/?p=12544"},"modified":"2018-11-05T21:40:38","modified_gmt":"2018-11-05T20:40:38","slug":"cyklokrosove-tazeni","status":"publish","type":"post","link":"https:\/\/www.moravecteam.cz\/?p=12544","title":{"rendered":"Cyklokrosov\u00e9 ta\u017een\u00ed&#8230;"},"content":{"rendered":"<p style=\"text-align: justify;\"><strong><span style=\"color: #800000;\">Z\u00e1vodem v Lounech, kter\u00fd se jel ve sv\u00e1te\u010dn\u00ed\u00a0den stolet\u00e9ho v\u00fdro\u010d\u00ed vzniku samostatn\u00e9ho \u010ceskoslovenska, se n\u00e1rodn\u00ed cyklokrosov\u00fd poh\u00e1r p\u0159ehoupl do sv\u00e9 druh\u00e9 poloviny.\u00a0V odjet\u00fdch sedmi z\u00e1vodech zat\u00edm do boj\u016f zas\u00e1hli \u010dty\u0159i MORAVCI a ve v\u00fdborn\u00fdch v\u00fdkonech nad\u00e1le pokra\u010duje p\u0159edev\u0161\u00edm \u017e\u00e1kyn\u011b Eli\u0161ka Han\u00e1kov\u00e1, kter\u00e1 doj\u00ed\u017ed\u00ed v kategorii kadetek pravideln\u011b t\u011bsn\u011b za hranic\u00ed elitn\u00ed des\u00edtky, kdy\u017e v Ji\u010d\u00edn\u011b se do TOP 10 dokonce dok\u00e1zala prosadit!<\/span><\/strong><\/p>\n<figure id=\"attachment_12560\" aria-describedby=\"caption-attachment-12560\" style=\"width: 372px\" class=\"wp-caption aligncenter\"><a href=\"http:\/\/www.moravecteam.cz\/?attachment_id=12560\" rel=\"attachment wp-att-12560\"><img decoding=\"async\" loading=\"lazy\" class=\"size-full wp-image-12560 \" alt=\"IMG_2892\" src=\"http:\/\/www.moravecteam.cz\/wp-content\/uploads\/2018\/11\/IMG_2892.jpg\" width=\"372\" height=\"424\" srcset=\"https:\/\/www.moravecteam.cz\/wp-content\/uploads\/2018\/11\/IMG_2892.jpg 372w, https:\/\/www.moravecteam.cz\/wp-content\/uploads\/2018\/11\/IMG_2892-263x300.jpg 263w\" sizes=\"(max-width: 372px) 100vw, 372px\" \/><\/a><figcaption id=\"caption-attachment-12560\" class=\"wp-caption-text\">Eli\u0161ka Han\u00e1kov\u00e1 na startu z\u00e1vodu v Ji\u010d\u00edn\u011b, kde zajela zat\u00edm sv\u016fj nejlep\u0161\u00ed v\u00fdsledek.<\/figcaption><\/figure>\n<p style=\"text-align: justify;\">Poj\u010fme si po po\u0159\u00e1dku v\u00fdsledky na\u0161ich do\u010dasn\u00fdch cyklokrosov\u00fdch reprezentant\u016f zrekapitulovat. V Hlinsku &#8222;brala&#8220; Eli\u0161ka 15. m\u00edsto a v tomto z\u00e1vod\u011b ji ve startovn\u00edch listin\u00e1ch doprovodili i brat\u0159i <strong><span style=\"color: #800000;\">Jan a Roman \u0160indel\u00e1\u0159ovi<\/span><\/strong>. &#8222;D\u017eony&#8220; dojel v konkurenci 37 junior\u016f s kolem ztr\u00e1ty na bodovan\u00e9m, 27. m\u00edst\u011b, Roman m\u011bl soupe\u0159\u016f v\u00edc ne\u017e 70 a v c\u00edli byl klasifikov\u00e1n jako 45. V R\u00fdma\u0159ov\u011b startovala z MORAVC\u016e ji\u017e op\u011bt pouze<strong><span style=\"color: #800000;\"> Eli\u0161ka Han\u00e1kov\u00e1<\/span> <\/strong>a oproti Hlinsku si polep\u0161ila o t\u0159i p\u0159\u00ed\u010dky, na 12. m\u00edsto.<\/p>\n<figure id=\"attachment_12561\" aria-describedby=\"caption-attachment-12561\" style=\"width: 703px\" class=\"wp-caption alignnone\"><a href=\"http:\/\/www.moravecteam.cz\/?attachment_id=12561\" rel=\"attachment wp-att-12561\"><img decoding=\"async\" loading=\"lazy\" class=\" wp-image-12561\" alt=\"IMG_3088\" src=\"http:\/\/www.moravecteam.cz\/wp-content\/uploads\/2018\/11\/IMG_3088.jpg\" width=\"703\" height=\"608\" srcset=\"https:\/\/www.moravecteam.cz\/wp-content\/uploads\/2018\/11\/IMG_3088.jpg 703w, https:\/\/www.moravecteam.cz\/wp-content\/uploads\/2018\/11\/IMG_3088-300x259.jpg 300w\" sizes=\"(max-width: 703px) 100vw, 703px\" \/><\/a><figcaption id=\"caption-attachment-12561\" class=\"wp-caption-text\">Ani\u010dka Han\u00e1kov\u00e1 na trati ve Slan\u00e9m, kde odjela sv\u016fj druh\u00fd cyklokrosov\u00fd poh\u00e1rov\u00fd z\u00e1vod.<\/figcaption><\/figure>\n<p style=\"text-align: justify;\">Do elitn\u00ed des\u00edtky se prosadila v Ji\u010d\u00edn\u011b, kde dojela 8. se ztr\u00e1tou pouh\u00e9 minutky na leto\u0161n\u00ed suver\u00e9nku spole\u010dn\u00e9 kategorie \u017e\u00e1ky\u0148 a kadetek &#8211; Anetu Novotnou (Adastra Sokol Velt\u011b\u017e). \u010ctrn\u00e1ct\u00e9 m\u00edsto ze Slan\u00e9ho a 11. p\u0159\u00ed\u010dka z &#8222;mokr\u00e9ho&#8220; z\u00e1vodu v Lounech dokl\u00e1daj\u00ed, \u017ee Eli\u0161ka Han\u00e1kov\u00e1 se letos sv\u00fdmi v\u00fdborn\u00fdmi v\u00fdkony r\u00e1zn\u011b za\u0159adila do \u0161ir\u0161\u00ed \u0161pi\u010dky v t\u00e9to d\u00edv\u010d\u00ed kategorii,\u00a0ve kter\u00e9\u00a0se na startu objevuje pravideln\u011b v\u00edce jak 50 z\u00e1vodnic.<\/p>\n<figure id=\"attachment_12563\" aria-describedby=\"caption-attachment-12563\" style=\"width: 654px\" class=\"wp-caption alignnone\"><a href=\"http:\/\/www.moravecteam.cz\/?attachment_id=12563\" rel=\"attachment wp-att-12563\"><img decoding=\"async\" loading=\"lazy\" class=\" wp-image-12563\" alt=\"IMG_3156\" src=\"http:\/\/www.moravecteam.cz\/wp-content\/uploads\/2018\/11\/IMG_3156.jpg\" width=\"654\" height=\"589\" srcset=\"https:\/\/www.moravecteam.cz\/wp-content\/uploads\/2018\/11\/IMG_3156.jpg 654w, https:\/\/www.moravecteam.cz\/wp-content\/uploads\/2018\/11\/IMG_3156-300x270.jpg 300w\" sizes=\"(max-width: 654px) 100vw, 654px\" \/><\/a><figcaption id=\"caption-attachment-12563\" class=\"wp-caption-text\">V\u00fdb\u011bh schod\u016f je \u010dast\u00fdm prvkem cyklokrosov\u00fdch trat\u00ed, jako nap\u0159\u00edklad t\u00e9 v Lounech.<\/figcaption><\/figure>\n<p style=\"text-align: justify;\">Od z\u00e1vodu v Ji\u010d\u00edn\u011b, od kter\u00e9ho &#8222;Ellis&#8220; sedl\u00e1 novou techniku ji nav\u00edc na startu pravideln\u011b doprov\u00e1z\u00ed jej\u00ed mlad\u0161\u00ed sestra <strong><span style=\"color: #800000;\">Anna Han\u00e1kov\u00e1<\/span><\/strong>. A p\u0159esto, \u017ee je Ani\u010dka v t\u00e9to cyklistick\u00e9 discipl\u00edn\u011b ryz\u00edm nov\u00e1\u010dkem, nevede si v\u016fbec \u0161patn\u011b o \u010dem\u017e sv\u011bd\u010d\u00ed nap\u0159\u00edklad jej\u00ed 35. m\u00edsto z Ji\u010d\u00edna. Po sedmi odjet\u00fdch z\u00e1vodech pat\u0159\u00ed Eli\u0161ce pr\u016fb\u011b\u017en\u00e9 13. m\u00edsto, kdy\u017e zat\u00edm vybojovala 133 bod\u016f a d\u00edky tomuto jej\u00edmu tu\u010dn\u00e9mu bodov\u00e9mu profitu se v sout\u011b\u017ei t\u00fdm\u016f dr\u017e\u00ed MORAVEC na d\u016fstojn\u00e9, 12. p\u0159\u00ed\u010dce. Eli\u0161ce i Ani\u010dce budeme ma\u010dkat pale\u010dky i v dal\u0161\u00edch z\u00e1vodech,\u00a0 nejbli\u017e\u0161\u00ed dva pohost\u00ed ji\u017e o tomto v\u00edkendu Kol\u00edn a \u010c\u00e1slav. Zde najdete <strong><a href=\"http:\/\/www.cyklokros.cz\/cz\/toi-toi-cup\/toi-toi-cup-2018\">kompletn\u00ed v\u00fdsledkov\u00fd servis<\/a><\/strong>, a zde mrkn\u011bte na t\u0159i fotogalerie:<\/p>\n<ul>\n<li>\n<div style=\"text-align: justify;\"><strong><a href=\"https:\/\/moravecteam.rajce.idnes.cz\/2018.10.13_CP_cyklokros_Jicin\/\">Ji\u010d\u00edn<\/a><\/strong><\/div>\n<\/li>\n<li><strong><a href=\"https:\/\/moravecteam.rajce.idnes.cz\/2018.10.27_CP_cyklokros_Slany\/\">Slan\u00fd<\/a><\/strong><\/li>\n<li><strong><a href=\"https:\/\/moravecteam.rajce.idnes.cz\/2018.10.28_CP_cyklokros_Louny\/\">Louny<\/a><\/strong><\/li>\n<\/ul>\n<p style=\"text-align: justify;\">Pro \u00faplnost aktuality je\u0161t\u011b dopln\u00edm, \u017ee v\u00fdborn\u011b jezd\u00ed letos cyklokrosy i n\u00e1\u0161 odchovanec Tom\u00e1\u0161 Tlamka &#8222;Contador&#8220; (Nutrend Specilized). Nejlep\u0161\u00edho v\u00fdsledku dos\u00e1hnul zat\u00edm v R\u00fdma\u0159ov\u011b (4. m\u00edsto) a po sedmi z\u00e1vodech figuruje v pr\u016fb\u011b\u017en\u00e9m po\u0159ad\u00ed kategorie junior\u016f na 6. m\u00edst\u011b.<\/p>\n<p style=\"text-align: justify;\">\n","protected":false},"excerpt":{"rendered":"<p>Z\u00e1vodem v Lounech, kter\u00fd se jel ve sv\u00e1te\u010dn\u00ed\u00a0den stolet\u00e9ho v\u00fdro\u010d\u00ed vzniku samostatn\u00e9ho \u010ceskoslovenska, se n\u00e1rodn\u00ed cyklokrosov\u00fd poh\u00e1r p\u0159ehoupl do sv\u00e9 druh\u00e9 poloviny.\u00a0V odjet\u00fdch sedmi z\u00e1vodech zat\u00edm do boj\u016f zas\u00e1hli \u010dty\u0159i MORAVCI a ve v\u00fdborn\u00fdch v\u00fdkonech nad\u00e1le pokra\u010duje p\u0159edev\u0161\u00edm \u017e\u00e1kyn\u011b Eli\u0161ka Han\u00e1kov\u00e1, kter\u00e1 doj\u00ed\u017ed\u00ed v kategorii kadetek pravideln\u011b t\u011bsn\u011b za hranic\u00ed elitn\u00ed des\u00edtky, kdy\u017e v Ji\u010d\u00edn\u011b &hellip; <a href=\"https:\/\/www.moravecteam.cz\/?p=12544\" class=\"more-link\">Pokra\u010dov\u00e1n\u00ed textu <span class=\"screen-reader-text\">Cyklokrosov\u00e9 ta\u017een\u00ed&#8230;<\/span> <span class=\"meta-nav\">&rarr;<\/span><\/a><\/p>\n","protected":false},"author":3,"featured_media":12562,"comment_status":"open","ping_status":"closed","sticky":false,"template":"","format":"standard","meta":[],"categories":[1],"tags":[],"_links":{"self":[{"href":"https:\/\/www.moravecteam.cz\/index.php?rest_route=\/wp\/v2\/posts\/12544"}],"collection":[{"href":"https:\/\/www.moravecteam.cz\/index.php?rest_route=\/wp\/v2\/posts"}],"about":[{"href":"https:\/\/www.moravecteam.cz\/index.php?rest_route=\/wp\/v2\/types\/post"}],"author":[{"embeddable":true,"href":"https:\/\/www.moravecteam.cz\/index.php?rest_route=\/wp\/v2\/users\/3"}],"replies":[{"embeddable":true,"href":"https:\/\/www.moravecteam.cz\/index.php?rest_route=%2Fwp%2Fv2%2Fcomments&post=12544"}],"version-history":[{"count":7,"href":"https:\/\/www.moravecteam.cz\/index.php?rest_route=\/wp\/v2\/posts\/12544\/revisions"}],"predecessor-version":[{"id":12567,"href":"https:\/\/www.moravecteam.cz\/index.php?rest_route=\/wp\/v2\/posts\/12544\/revisions\/12567"}],"wp:featuredmedia":[{"embeddable":true,"href":"https:\/\/www.moravecteam.cz\/index.php?rest_route=\/wp\/v2\/media\/12562"}],"wp:attachment":[{"href":"https:\/\/www.moravecteam.cz\/index.php?rest_route=%2Fwp%2Fv2%2Fmedia&parent=12544"}],"wp:term":[{"taxonomy":"category","embeddable":true,"href":"https:\/\/www.moravecteam.cz\/index.php?rest_route=%2Fwp%2Fv2%2Fcategories&post=12544"},{"taxonomy":"post_tag","embeddable":true,"href":"https:\/\/www.moravecteam.cz\/index.php?rest_route=%2Fwp%2Fv2%2Ftags&post=12544"}],"curies":[{"name":"wp","href":"https:\/\/api.w.org\/{rel}","templated":true}]}}