{"id":12546,"date":"2018-11-05T22:01:55","date_gmt":"2018-11-05T21:01:55","guid":{"rendered":"http:\/\/www.moravecteam.cz\/?p=12546"},"modified":"2018-11-05T22:06:47","modified_gmt":"2018-11-05T21:06:47","slug":"drakec-v-optimu-2","status":"publish","type":"post","link":"https:\/\/www.moravecteam.cz\/?p=12546","title":{"rendered":"Drakec v optimu!"},"content":{"rendered":"<p style=\"text-align: justify;\"><strong><span style=\"color: #800000;\">Sobotn\u00ed du\u0161i\u010dkov\u00e9 po\u010das\u00ed (de\u0161tivo, mlhavo, chladno) nezavd\u00e1valo p\u0159\u00edli\u0161 optimismu na zdar leto\u0161n\u00ed Draki\u00e1dy, kter\u00e9 je MORAVEC Team, u\u017e nev\u00edm kolik let, pravideln\u00fdm po\u0159adatelem. \u017de by po lo\u0148sk\u00e9 vich\u0159ici bylo po\u010das\u00ed op\u011bt proti po\u0159\u00e1d\u00e1n\u00ed t\u00e9to d\u011btmi obl\u00edben\u00e9 akce? Je\u0161t\u011b v ned\u011bli po r\u00e1nu to tak vypadalo&#8230; Pak ale &#8211; jako u\u017e v minulosti n\u011bkolikr\u00e1t &#8211; v\u00fdznamn\u011b zaintervenoval v cyklistick\u00e9m Nebi n\u00e1\u0161 patron &#8211; Vlastimil MORAVEC!<\/span><\/strong><\/p>\n<figure id=\"attachment_12568\" aria-describedby=\"caption-attachment-12568\" style=\"width: 1428px\" class=\"wp-caption alignnone\"><a href=\"http:\/\/www.moravecteam.cz\/?attachment_id=12568\" rel=\"attachment wp-att-12568\"><img decoding=\"async\" loading=\"lazy\" class=\" wp-image-12568\" alt=\"IMG_7270\" src=\"http:\/\/www.moravecteam.cz\/wp-content\/uploads\/2018\/11\/IMG_7270.jpg\" width=\"1428\" height=\"1323\" srcset=\"https:\/\/www.moravecteam.cz\/wp-content\/uploads\/2018\/11\/IMG_7270.jpg 1428w, https:\/\/www.moravecteam.cz\/wp-content\/uploads\/2018\/11\/IMG_7270-300x277.jpg 300w, https:\/\/www.moravecteam.cz\/wp-content\/uploads\/2018\/11\/IMG_7270-1024x948.jpg 1024w\" sizes=\"(max-width: 1428px) 100vw, 1428px\" \/><\/a><figcaption id=\"caption-attachment-12568\" class=\"wp-caption-text\">Maty\u00e1\u0161 Koudelka p\u0159edvedl letos na Drakecu zbrusu nov\u00e9ho l\u00e9tavce!<\/figcaption><\/figure>\n<p style=\"text-align: justify;\">U\u017e kolem dev\u00e1t\u00e9 hodiny dopoledn\u00ed slun\u00ed\u010dko c\u00edlenou intenzitou sv\u00fdch paprsk\u016f\u00a0prod\u011brav\u011blo mlhov\u00fd p\u0159\u00edkrov a\u00a0kolem poledne ji\u017e\u00a0 zcela opanovalo oblohu prvn\u00ed listopadov\u00e9 ned\u011ble. St\u00e1le ale chyb\u011bl ten hlavn\u00ed, pro draki\u00e1du pot\u0159ebn\u00fd prvek: v\u00edtr&#8230; Ten se za\u010dal zvedat kolem p\u016fl druh\u00e9 hodiny odpoledn\u00ed a foukal n\u00e1sledn\u011b ve spr\u00e1vn\u00e9m optimu, pot\u0159ebn\u00e9m pro zdar akce! Zkr\u00e1tka, podm\u00ednky jako na objedn\u00e1vku! V\u0161ak taky letov\u00fd prostor u Pavlovsk\u00e9 kaple se za\u010dal velmi rychle zapl\u0148ovat draky a dr\u00e1\u010dky, kte\u0159\u00ed si v\u00a0nast\u00e1l\u00fdch pov\u011btrnostn\u00edch podm\u00ednk\u00e1ch v pravd\u011b lebedili&#8230; Jako \u00fapln\u011b prvn\u00ed startovali sv\u00e9ho dr\u00e1\u010dka sourozenci <strong><span style=\"color: #800000;\">Jon\u00e1\u0161ek a Bar\u010da Janov\u0161t\u00ed<\/span><\/strong>, poln\u00ed &#8222;leti\u0161t\u011b&#8220; se ale z\u00e1hy zaplnilo docel hojn\u011b, tak\u017ee m\u00e1lem bylo nutno jmenovat vedouc\u00edho letov\u00e9ho provozu&#8230;<\/p>\n<figure id=\"attachment_12571\" aria-describedby=\"caption-attachment-12571\" style=\"width: 2000px\" class=\"wp-caption alignnone\"><a href=\"http:\/\/www.moravecteam.cz\/?attachment_id=12571\" rel=\"attachment wp-att-12571\"><img decoding=\"async\" loading=\"lazy\" class=\" wp-image-12571\" alt=\"IMG_7415\" src=\"http:\/\/www.moravecteam.cz\/wp-content\/uploads\/2018\/11\/IMG_7415.jpg\" width=\"2000\" height=\"1710\" srcset=\"https:\/\/www.moravecteam.cz\/wp-content\/uploads\/2018\/11\/IMG_7415.jpg 2000w, https:\/\/www.moravecteam.cz\/wp-content\/uploads\/2018\/11\/IMG_7415-300x256.jpg 300w, https:\/\/www.moravecteam.cz\/wp-content\/uploads\/2018\/11\/IMG_7415-1024x875.jpg 1024w\" sizes=\"(max-width: 2000px) 100vw, 2000px\" \/><\/a><figcaption id=\"caption-attachment-12571\" class=\"wp-caption-text\">Neofici\u00e1ln\u00ed st\u0159\u00edbrnou medaili vybojoval v ned\u011bli tento krasavec!<\/figcaption><\/figure>\n<p style=\"text-align: justify;\">Draky a dr\u00e1\u010dky p\u0159ijela okouknout i p\u0159edsedkyn\u011b na\u0161eho FAN klubu, <strong><span style=\"color: #800000;\">Maru\u0161ka Zouharov\u00e1<\/span><\/strong>, kter\u00e1, stejn\u011b jako ostatn\u00ed p\u0159\u00edtomn\u00ed odborn\u00edci\u00a0v oboru &#8222;drakologie&#8220;, musela obdivovat v\u00fdkony veter\u00e1na n\u011bkolika Drakec\u016f z p\u0159edchoz\u00edch let, mal\u00e9ho \u0160af\u00e1\u0159ovic dr\u00e1\u010dka z Boskovic, o jeho\u017e \u0159\u00edzen\u00ed se d\u011blili Milan, Ad\u00e9lka a Verunka. Tento dr\u00e1\u010dek postupn\u011b vystoupal tak vysoko, \u017ee jsme ho skoro a\u017e nevid\u011bli a t\u00edm p\u00e1dem se hodn\u011b p\u0159ibl\u00ed\u017eil letov\u00fdm hladin\u00e1m leteck\u00e9ho koridoru, kter\u00fd se nad Bene\u0161ovem nach\u00e1z\u00ed, a kter\u00fdm se po dobu Drkecu prohnalo p\u011bkn\u00fdch p\u00e1r dopravn\u00edch letadel. K \u017e\u00e1dn\u00e9 kolizi na\u0161t\u011bst\u00ed nedo\u0161lo a tak po v\u00edce jak p\u016fldruh\u00e9 hodin\u011b l\u00e9t\u00e1n\u00ed vyhl\u00e1sila odborn\u00e1 leteck\u00e1 komise Kr\u00e1lem Drakceu, resp. Kr\u00e1lovnou Drakecu, resp. Princeznou Drakecu &#8211; <strong><span style=\"color: #800000;\">Verunku \u0160f\u00e1\u0159ovic<\/span><\/strong>, proto\u017ee jej\u00ed dr\u00e1\u010dek l\u00edtal opravdu NEJ!<\/p>\n<figure id=\"attachment_12570\" aria-describedby=\"caption-attachment-12570\" style=\"width: 1669px\" class=\"wp-caption alignnone\"><a href=\"http:\/\/www.moravecteam.cz\/?attachment_id=12570\" rel=\"attachment wp-att-12570\"><img decoding=\"async\" loading=\"lazy\" class=\" wp-image-12570\" alt=\"IMG_7344\" src=\"http:\/\/www.moravecteam.cz\/wp-content\/uploads\/2018\/11\/IMG_7344.jpg\" width=\"1669\" height=\"2000\" srcset=\"https:\/\/www.moravecteam.cz\/wp-content\/uploads\/2018\/11\/IMG_7344.jpg 1669w, https:\/\/www.moravecteam.cz\/wp-content\/uploads\/2018\/11\/IMG_7344-250x300.jpg 250w, https:\/\/www.moravecteam.cz\/wp-content\/uploads\/2018\/11\/IMG_7344-854x1024.jpg 854w\" sizes=\"(max-width: 1669px) 100vw, 1669px\" \/><\/a><figcaption id=\"caption-attachment-12570\" class=\"wp-caption-text\">V\u00edt\u011bz Drakecu, &#8222;\u0160ester\u00e1k&#8220; Verunky \u0160af\u00e1\u0159ov\u00e9 p\u0159i pozvoln\u00e9m p\u0159ist\u00e1vac\u00edm man\u00e9vru.<\/figcaption><\/figure>\n<p style=\"text-align: justify;\">D\u00edky <strong><span style=\"color: #800000;\">Dominiku Vi\u010darovi<\/span><\/strong> jsme op\u011bt mohli, tak jako v minulosti, nav\u0161t\u00edvit interi\u00e9r Pavlovsk\u00e9 kapli\u010dky a p\u0159i fin\u00e1ln\u00edm regenera\u010dn\u00edm pobytu v restauraci Morava do\u0161lo i na gratulova\u010dku&#8230; Leto\u0161n\u00ed prvn\u00ed listopadov\u00e1 ned\u011ble byl toti\u017e ve jm\u00e9nu Karla! A kdy\u017e u\u017e jsem v \u00favodu zm\u00ednil, kdo byl prvn\u00edm drakovodem, tak si poj\u010fme p\u0159ipomenout i toho posledn\u00edho, p\u0159esn\u011bji \u0159e\u010deno, tu posledn\u00ed &#8211; drakovodkyni, kterou byla <strong><span style=\"color: #800000;\">Eli\u0161ka Dokoupilov\u00e1<\/span><\/strong>. Spolu se sv\u00fdm tat\u00ednkem ale nemusela ale sv\u00e9ho pozdn\u00edho p\u0159\u00edchodu nijak litovat. Odm\u011bna byla stejn\u011b, jako kopec d\u011bt\u00ed p\u0159ed n\u00ed&#8230; Mrkn\u011bte na bohatou <strong><a href=\"https:\/\/moravecteam.rajce.idnes.cz\/2018.11.04_Drakiada_Drakec_MORAVEC\/\">fotogalerii \u010d.1<\/a><\/strong> a taky <a href=\"https:\/\/moravecteam.rajce.idnes.cz\/2018.11.04_Drakiada_Drakec_MORAVEC_-_2\/\"><strong>fotogalerii \u010d.2<\/strong><\/a>&#8230;<\/p>\n<figure id=\"attachment_12569\" aria-describedby=\"caption-attachment-12569\" style=\"width: 1741px\" class=\"wp-caption alignnone\"><a href=\"http:\/\/www.moravecteam.cz\/?attachment_id=12569\" rel=\"attachment wp-att-12569\"><img decoding=\"async\" loading=\"lazy\" class=\" wp-image-12569\" alt=\"IMG_7313\" src=\"http:\/\/www.moravecteam.cz\/wp-content\/uploads\/2018\/11\/IMG_7313.jpg\" width=\"1741\" height=\"990\" srcset=\"https:\/\/www.moravecteam.cz\/wp-content\/uploads\/2018\/11\/IMG_7313.jpg 1741w, https:\/\/www.moravecteam.cz\/wp-content\/uploads\/2018\/11\/IMG_7313-300x170.jpg 300w, https:\/\/www.moravecteam.cz\/wp-content\/uploads\/2018\/11\/IMG_7313-1024x582.jpg 1024w\" sizes=\"(max-width: 1741px) 100vw, 1741px\" \/><\/a><figcaption id=\"caption-attachment-12569\" class=\"wp-caption-text\">Letka dr\u00e1\u010dk\u016f pod ochranou zku\u0161en\u00e9ho st\u00edha\u010de&#8230;<\/figcaption><\/figure>\n","protected":false},"excerpt":{"rendered":"<p>Sobotn\u00ed du\u0161i\u010dkov\u00e9 po\u010das\u00ed (de\u0161tivo, mlhavo, chladno) nezavd\u00e1valo p\u0159\u00edli\u0161 optimismu na zdar leto\u0161n\u00ed Draki\u00e1dy, kter\u00e9 je MORAVEC Team, u\u017e nev\u00edm kolik let, pravideln\u00fdm po\u0159adatelem. \u017de by po lo\u0148sk\u00e9 vich\u0159ici bylo po\u010das\u00ed op\u011bt proti po\u0159\u00e1d\u00e1n\u00ed t\u00e9to d\u011btmi obl\u00edben\u00e9 akce? Je\u0161t\u011b v ned\u011bli po r\u00e1nu to tak vypadalo&#8230; Pak ale &#8211; jako u\u017e v minulosti n\u011bkolikr\u00e1t &#8211; v\u00fdznamn\u011b &hellip; <a href=\"https:\/\/www.moravecteam.cz\/?p=12546\" class=\"more-link\">Pokra\u010dov\u00e1n\u00ed textu <span class=\"screen-reader-text\">Drakec v optimu!<\/span> <span class=\"meta-nav\">&rarr;<\/span><\/a><\/p>\n","protected":false},"author":3,"featured_media":12572,"comment_status":"open","ping_status":"closed","sticky":false,"template":"","format":"standard","meta":[],"categories":[13],"tags":[],"_links":{"self":[{"href":"https:\/\/www.moravecteam.cz\/index.php?rest_route=\/wp\/v2\/posts\/12546"}],"collection":[{"href":"https:\/\/www.moravecteam.cz\/index.php?rest_route=\/wp\/v2\/posts"}],"about":[{"href":"https:\/\/www.moravecteam.cz\/index.php?rest_route=\/wp\/v2\/types\/post"}],"author":[{"embeddable":true,"href":"https:\/\/www.moravecteam.cz\/index.php?rest_route=\/wp\/v2\/users\/3"}],"replies":[{"embeddable":true,"href":"https:\/\/www.moravecteam.cz\/index.php?rest_route=%2Fwp%2Fv2%2Fcomments&post=12546"}],"version-history":[{"count":9,"href":"https:\/\/www.moravecteam.cz\/index.php?rest_route=\/wp\/v2\/posts\/12546\/revisions"}],"predecessor-version":[{"id":12577,"href":"https:\/\/www.moravecteam.cz\/index.php?rest_route=\/wp\/v2\/posts\/12546\/revisions\/12577"}],"wp:featuredmedia":[{"embeddable":true,"href":"https:\/\/www.moravecteam.cz\/index.php?rest_route=\/wp\/v2\/media\/12572"}],"wp:attachment":[{"href":"https:\/\/www.moravecteam.cz\/index.php?rest_route=%2Fwp%2Fv2%2Fmedia&parent=12546"}],"wp:term":[{"taxonomy":"category","embeddable":true,"href":"https:\/\/www.moravecteam.cz\/index.php?rest_route=%2Fwp%2Fv2%2Fcategories&post=12546"},{"taxonomy":"post_tag","embeddable":true,"href":"https:\/\/www.moravecteam.cz\/index.php?rest_route=%2Fwp%2Fv2%2Ftags&post=12546"}],"curies":[{"name":"wp","href":"https:\/\/api.w.org\/{rel}","templated":true}]}}