{"id":12624,"date":"2018-12-10T21:00:09","date_gmt":"2018-12-10T20:00:09","guid":{"rendered":"http:\/\/www.moravecteam.cz\/?p=12624"},"modified":"2018-12-10T21:37:37","modified_gmt":"2018-12-10T20:37:37","slug":"radost-z-okrouhle","status":"publish","type":"post","link":"https:\/\/www.moravecteam.cz\/?p=12624","title":{"rendered":"Radost z Okrouhl\u00e9!"},"content":{"rendered":"<p style=\"text-align: justify;\"><strong><span style=\"color: #800000;\">Brn\u011bnsk\u00fd b\u011b\u017eeck\u00fd poh\u00e1r pokra\u010doval na prvn\u00ed prosincov\u00fd den druh\u00fdm z\u00e1vodem v jinak p\u0159edev\u0161\u00edm horsk\u00fdm kol\u016fm zasl\u00edben\u00e9 obci &#8211; Okrouhl\u00e9. By\u0165 v sou\u010dasnosti nen\u00ed tento seri\u00e1l pro MORAVEC Team ji\u017e nosnou \u010d\u00e1st\u00ed p\u0159\u00edpravn\u00e9ho obdob\u00ed, vyp\u00e1tral jsem ve v\u00fdsledkov\u00fdch listin\u00e1ch celkem p\u011bt jmen s na\u0161\u00ed t\u00fdmovou p\u0159\u00edslu\u0161nost\u00ed. A hned \u010dty\u0159i z nich se v\u00fdsledkov\u011b dok\u00e1zali prosadit do TOP10! V jednom p\u0159\u00edpad\u011b n\u00e1m to &#8222;hodilo&#8220; dokonce neofici\u00e1ln\u00ed, ale o to pro n\u00e1s radostn\u011bj\u0161\u00ed\u00a0 &#8211; bronz!<\/span><\/strong><\/p>\n<figure id=\"attachment_12650\" aria-describedby=\"caption-attachment-12650\" style=\"width: 306px\" class=\"wp-caption aligncenter\"><a href=\"http:\/\/www.moravecteam.cz\/?attachment_id=12650\" rel=\"attachment wp-att-12650\"><img decoding=\"async\" loading=\"lazy\" class=\"size-full wp-image-12650 \" alt=\"BBP_2_287_a\" src=\"http:\/\/www.moravecteam.cz\/wp-content\/uploads\/2018\/12\/BBP_2_287_a.jpg\" width=\"306\" height=\"414\" srcset=\"https:\/\/www.moravecteam.cz\/wp-content\/uploads\/2018\/12\/BBP_2_287_a.jpg 306w, https:\/\/www.moravecteam.cz\/wp-content\/uploads\/2018\/12\/BBP_2_287_a-221x300.jpg 221w\" sizes=\"(max-width: 306px) 100vw, 306px\" \/><\/a><figcaption id=\"caption-attachment-12650\" class=\"wp-caption-text\">Nikola Hlubinkov\u00e1 se na okrohleck\u00e9m BBP p\u0159edstavila v tom nejlep\u0161\u00edm b\u011b\u017eeck\u00e9m sv\u011btle!<\/figcaption><\/figure>\n<p style=\"text-align: justify;\">Multisportovn\u00ed rodiny na\u0161ich \u0159ad, jak\u00fdmi Janov\u0161t\u00ed a Eclerovi se sv\u00fdmi ak\u010dn\u00edmi d\u011btmi ur\u010dit\u011b jsou, Ti byli p\u0159edev\u0161\u00edm &#8222;hnac\u00ed silou&#8220; MORAVEC Teamu na sobotn\u00ed b\u011b\u017eeck\u00e9 Mikul\u00e1\u0161sk\u00e9 Okrouhl\u00e9. Po medaili sahal ve sv\u00e9m startu v kategorii &#8222;P\u0159\u00edpravka mlad\u0161\u00ed ho\u0161i&#8220; srdca\u0159 <strong><span style=\"color: #800000;\">Filip\u00a0 Ecler,<\/span><\/strong> kter\u00e9ho ale od bronzu odd\u011blilo v c\u00edli nakonec n\u011bkolik desetinek vte\u0159iny&#8230; Ve vyrovnan\u00e9m z\u00e1vod\u011b na trati 200m dob\u011bhl se ztr\u00e1tou pouh\u00fdch \u010dty\u0159 vte\u0159in na v\u00edt\u011bze. Na p\u00e1t\u00e9 p\u0159\u00ed\u010dce pak fini\u0161ovala v z\u00e1vod\u011b &#8222;P\u0159\u00edpravka nejmlad\u0161\u00ed d\u00edvky&#8220; jeho rtu\u0165ovit\u00e1 sestra,\u00a0<strong><span style=\"color: #800000;\">Leonka Eclerov\u00e1<\/span><\/strong>, tak\u017ee v Uh\u0159ic\u00edch u Ecler\u016f vl\u00e1dla v p\u0159edadventn\u00edm \u010dase ur\u010dit\u011b atletick\u00e1 spokojenost.<\/p>\n<figure id=\"attachment_12648\" aria-describedby=\"caption-attachment-12648\" style=\"width: 1418px\" class=\"wp-caption alignnone\"><a href=\"http:\/\/www.moravecteam.cz\/?attachment_id=12648\" rel=\"attachment wp-att-12648\"><img decoding=\"async\" loading=\"lazy\" class=\" wp-image-12648\" alt=\"BBP_2_139_\" src=\"http:\/\/www.moravecteam.cz\/wp-content\/uploads\/2018\/12\/BBP_2_139_.jpg\" width=\"1418\" height=\"1238\" srcset=\"https:\/\/www.moravecteam.cz\/wp-content\/uploads\/2018\/12\/BBP_2_139_.jpg 1418w, https:\/\/www.moravecteam.cz\/wp-content\/uploads\/2018\/12\/BBP_2_139_-300x261.jpg 300w, https:\/\/www.moravecteam.cz\/wp-content\/uploads\/2018\/12\/BBP_2_139_-1024x894.jpg 1024w\" sizes=\"(max-width: 1418px) 100vw, 1418px\" \/><\/a><figcaption id=\"caption-attachment-12648\" class=\"wp-caption-text\">Dan Turek (st. \u010d\u00edslo 276) zdolav\u00e1 prvn\u00ed kilometr Mikul\u00e1\u0161sk\u00e9ho b\u011bhu. Je patrn\u00e9, \u017ee od startu se pohyboval na \u010dele z\u00e1vodu. Vpravo od Dana pozn\u00e1v\u00e1me ve \u017elut\u00e9 \u010delence i Petra Bo\u0159ila.<\/figcaption><\/figure>\n<p style=\"text-align: justify;\">State\u010dn\u011b se s promrzl\u00fdmi trat\u011bmi i zdatn\u00fdmi soupe\u0159i &#8222;popasovali&#8220; v sobotu i Jon\u00e1\u0161ek a Bar\u010da Janov\u0161t\u00ed. <strong><span style=\"color: #800000;\">Jon\u00e1\u0161ek Janovsk\u00fd<\/span><\/strong> po bojovn\u00e9m v\u00fdkonu obh\u00e1jil v kategorii &#8222;P\u0159\u00edpravka nejmlad\u0161\u00ed ho\u0161i&#8220; dev\u00e1t\u00fdm m\u00edstem v c\u00edli um\u00edst\u011bn\u00ed v TOP 10, a <span style=\"color: #800000;\"><strong>Barbora Janovsk\u00e1<\/strong> <\/span>brala v c\u00edli kvalitn\u011b obsazen\u00e9ho z\u00e1vodu kategorie &#8222;P\u0159\u00edpravka star\u0161\u00ed d\u00edvky&#8220; 18. p\u0159\u00ed\u010dku.\u00a0 A kdo, \u017ee byl v sobotu na Okrouhl\u00e9 t\u00edm &#8222;p\u00e1t\u00fdm mu\u0161ket\u00fdrem&#8220;? Neuv\u011b\u0159\u00edte&#8230;<\/p>\n<figure id=\"attachment_12647\" aria-describedby=\"caption-attachment-12647\" style=\"width: 974px\" class=\"wp-caption alignnone\"><a href=\"http:\/\/www.moravecteam.cz\/?attachment_id=12647\" rel=\"attachment wp-att-12647\"><img decoding=\"async\" loading=\"lazy\" class=\" wp-image-12647\" alt=\"BBP_2_135_\" src=\"http:\/\/www.moravecteam.cz\/wp-content\/uploads\/2018\/12\/BBP_2_135_.jpg\" width=\"974\" height=\"883\" srcset=\"https:\/\/www.moravecteam.cz\/wp-content\/uploads\/2018\/12\/BBP_2_135_.jpg 974w, https:\/\/www.moravecteam.cz\/wp-content\/uploads\/2018\/12\/BBP_2_135_-300x271.jpg 300w\" sizes=\"(max-width: 974px) 100vw, 974px\" \/><\/a><figcaption id=\"caption-attachment-12647\" class=\"wp-caption-text\">Vojta Gr\u00fcn doma &#8222;tvrdil muziku&#8220; a v seb\u011bhu do \u00fadol\u00ed se pohyboval na \u010dele v\u00edce jak dvousethlav\u00e9ho startovn\u00edho pole startuj\u00edc\u00edch v z\u00e1vod\u011b na 8,6 km.<\/figcaption><\/figure>\n<p style=\"text-align: justify;\">Kdy\u017e jsem p\u00e1tral ve v\u00fdsledkov\u00fdch listin\u00e1ch hlavn\u00edho z\u00e1vodu na 8,6 km, upoutal moji pozornost borec na 11. m\u00edst\u011b. Jm\u00e9no? <strong><a href=\"https:\/\/sport.idnes.cz\/daniel-turek-michal-schlegel-smlouvy-ds6-\/cyklistika.aspx?c=A181107_124742_cyklistika_tm2\">Daniel Turek<\/a>.<\/strong> Cyklistick\u00fdm odborn\u00edk\u016fm (za kter\u00e9ho se j\u00e1 ale zdaleka nepova\u017euji) se rychle vybav\u00ed v\u00fdborn\u00fd \u010desk\u00fd silni\u010d\u00e1\u0159, v sou\u010dasnosti ji\u017e v zahrani\u010dn\u00edm anga\u017em\u00e1, se smlouvou na r. 2019 &#8222;v kapse&#8220;. Jakmile jsem si toto ujasnil, zpozorn\u011bl jsem a p\u00e1tral trp\u011bliv\u011b d\u00e1l ve v\u00fdsledkov\u00fdch listin\u00e1ch okrouhleck\u00e9ho Mikul\u00e1\u0161sk\u00e9ho b\u011bhu. A m\u016fj &#8222;\u010duch&#8220; m\u011b nezklamal! V hlavn\u00edm z\u00e1vod\u011b na 8,6 km startovalo celkem 207 borc\u016f &#8211; a taky n\u011bkolik borek. Na 158. m\u00edst\u011b najdete pak ve v\u00fdsledkov\u00e9 listin\u011b se startovn\u00edm \u010d\u00edslem 275 b\u011b\u017e\u00edc\u00ed\u00a0<strong><span style=\"color: #800000;\">Nikolu Hlubinkovou<\/span><\/strong>, t\u00fdmov\u00e1 p\u0159\u00edslu\u0161nost &#8211; <strong><span style=\"color: #800000;\">MORAVEC Team<\/span><\/strong>!<\/p>\n<figure id=\"attachment_12649\" aria-describedby=\"caption-attachment-12649\" style=\"width: 1334px\" class=\"wp-caption alignnone\"><a href=\"http:\/\/www.moravecteam.cz\/?attachment_id=12649\" rel=\"attachment wp-att-12649\"><img decoding=\"async\" loading=\"lazy\" class=\" wp-image-12649\" alt=\"BBP_2_216_\" src=\"http:\/\/www.moravecteam.cz\/wp-content\/uploads\/2018\/12\/BBP_2_216_.jpg\" width=\"1334\" height=\"1607\" srcset=\"https:\/\/www.moravecteam.cz\/wp-content\/uploads\/2018\/12\/BBP_2_216_.jpg 1334w, https:\/\/www.moravecteam.cz\/wp-content\/uploads\/2018\/12\/BBP_2_216_-249x300.jpg 249w, https:\/\/www.moravecteam.cz\/wp-content\/uploads\/2018\/12\/BBP_2_216_-850x1024.jpg 850w\" sizes=\"(max-width: 1334px) 100vw, 1334px\" \/><\/a><figcaption id=\"caption-attachment-12649\" class=\"wp-caption-text\">Symbolick\u00e1 fotka: skute\u010dn\u011b, mu\u017eem \u010d. 1 na Okrouhl\u00e9 (tj. od \u0159\u00edjna nov\u00fdm starostou obce) je Gusta Gr\u00fcn!<\/figcaption><\/figure>\n<p style=\"text-align: justify;\">B\u00fdval\u00e1 skv\u011bl\u00e1 \u010desk\u00e1 bikerka, silni\u010d\u00e1\u0159ka i cyklokrosa\u0159ka a p\u0159\u00edtelkyn\u011b Dana Turka se k n\u00e1m st\u00e1le hrd\u011b hlas\u00ed, \u010deho\u017e si samoz\u0159ejm\u011b cen\u00edme a m\u00e1me z toho radost..! Tro\u0161ku m\u011b i zvlhlo oko&#8230; Celkem 12 \u017een &#8222;dalo&#8220; v sobotu na Okrouhl\u00e9 &#8222;des\u00edtku&#8220; a Nikola Hlubinkov\u00e1 z nich m\u011bla t\u0159et\u00ed nejrychlej\u0161\u00ed \u010das! A za svoje d\u0159\u00edv\u011bj\u0161\u00ed v\u00fdsledky na silnici se p\u0159ed Danem Nikola nemus\u00ed v\u016fbec styd\u011bt!\u00a0 Zde nap\u0159\u00edklad <strong><a href=\"http:\/\/moravec.benesov-u-boskovic.cz\/cz\/silnicni-mcr-srpen-2010\/vysledky\/\">zavzpom\u00ednejte na rok 2010<\/a><\/strong>&#8230; Suma sum\u00e1rum: za vzorn\u00e9 repre odd\u00edlu tedy pod\u011bkueme nejen Leonce a Filipu Eclerov\u00fdm a Jon\u00e1\u0161kovi a Barunce Janovsk\u00fdch, ale i Nikole Hlubinkov\u00e9!<\/p>\n<figure id=\"attachment_12652\" aria-describedby=\"caption-attachment-12652\" style=\"width: 2000px\" class=\"wp-caption alignnone\"><a href=\"http:\/\/www.moravecteam.cz\/?attachment_id=12652\" rel=\"attachment wp-att-12652\"><img decoding=\"async\" loading=\"lazy\" class=\" wp-image-12652\" alt=\"BBP_2_32_\" src=\"http:\/\/www.moravecteam.cz\/wp-content\/uploads\/2018\/12\/BBP_2_32_.jpg\" width=\"2000\" height=\"760\" srcset=\"https:\/\/www.moravecteam.cz\/wp-content\/uploads\/2018\/12\/BBP_2_32_.jpg 2000w, https:\/\/www.moravecteam.cz\/wp-content\/uploads\/2018\/12\/BBP_2_32_-300x114.jpg 300w, https:\/\/www.moravecteam.cz\/wp-content\/uploads\/2018\/12\/BBP_2_32_-1024x389.jpg 1024w\" sizes=\"(max-width: 2000px) 100vw, 2000px\" \/><\/a><figcaption id=\"caption-attachment-12652\" class=\"wp-caption-text\">Z\u00e1vod na 4,6 km kr\u00e1tce po startu.<\/figcaption><\/figure>\n<p style=\"text-align: justify;\">Na p\u00e1te\u010dn\u00edm tr\u00e9ninku v bene\u0161ovsk\u00e9 t\u011blocvi\u010dn\u011b, kter\u00fd vedl tradi\u010dn\u011b <strong><span style=\"color: #800000;\">Vojta Gr\u00fcn<\/span><\/strong>, jsem jemu po cvi\u010den\u00ed p\u0159edpov\u011bd\u011bl na sobotn\u00edm Mikul\u00e1\u0161sk\u00e9m b\u011bhu na dom\u00e1c\u00ed trati &#8222;bednu&#8220;. Vojta nev\u011b\u0159\u00edcn\u011b kroutil hlavou a argumentoval t\u00edm, \u017ee zmrzl\u00fd a tud\u00ed\u017e rychl\u00fd a nen\u00e1ro\u010dn\u00fd\u00a0 povrch mu p\u0159\u00edli\u0161 nesed\u00ed a moji progn\u00f3zu celkem jenozna\u010dn\u011b odm\u00edtnul&#8230; No a vid\u00edte: v elitn\u00edm z\u00e1vod\u011b mu\u017e\u016f si n\u00e1\u0161 cvi\u010ditel skute\u010dn\u011b dob\u011bhl pro bronz! Z dal\u0161\u00edch n\u00e1m zn\u00e1m\u00fdch a bl\u00edzk\u00fdch borc\u016f, bojuj\u00edc\u00edch v sobotu na okrouhleck\u00fdch trat\u00edch, zm\u00edn\u00edm je\u0161t\u011b dva z hlavn\u00edho z\u00e1vodu: Petra Bo\u0159ila (14. m\u00edsto absolutn\u011b, 8. v kategorii) a Martina Lipensk\u00e9ho (FORT SMC, 41. m\u00edsto absolutn\u011b, 5. v kategorii). A taky dva b\u011b\u017ece z &#8222;mal\u00e9 trat\u011b&#8220; (4,6km, na start se postavilo cellkem 138 b\u011b\u017ec\u016f a b\u011b\u017eky\u0148) : Evu Zem\u00e1nkovou (AC Moravsk\u00e1 Slavia Brno, 39. absolutn\u011b, 5. v kategorii) a Petra Kone\u010dn\u00e9ho (AC Okrouhl\u00e1, 84. absolutn\u011b a 3. v kategorii). Zde hledejte kompletn\u00ed <strong><a href=\"https:\/\/www.atletikauni.cz\/cz\/s1522\/Vysledky\/Seznam-probehlych-akci\/c2132-Detail-akce\/ata596-BBP-2-Mikulassky-beh-Okrouhla\">v\u00fdsledkov\u00fd servis<\/a>.\u00a0<\/strong>No a tu\u0165 mrkn\u011bte na bohatou <strong><a href=\"https:\/\/mt03.rajce.idnes.cz\/BBP_2_OKROUHLA_18-19\/\">fotogalerii&#8230;<\/a><\/strong><\/p>\n","protected":false},"excerpt":{"rendered":"<p>Brn\u011bnsk\u00fd b\u011b\u017eeck\u00fd poh\u00e1r pokra\u010doval na prvn\u00ed prosincov\u00fd den druh\u00fdm z\u00e1vodem v jinak p\u0159edev\u0161\u00edm horsk\u00fdm kol\u016fm zasl\u00edben\u00e9 obci &#8211; Okrouhl\u00e9. By\u0165 v sou\u010dasnosti nen\u00ed tento seri\u00e1l pro MORAVEC Team ji\u017e nosnou \u010d\u00e1st\u00ed p\u0159\u00edpravn\u00e9ho obdob\u00ed, vyp\u00e1tral jsem ve v\u00fdsledkov\u00fdch listin\u00e1ch celkem p\u011bt jmen s na\u0161\u00ed t\u00fdmovou p\u0159\u00edslu\u0161nost\u00ed. A hned \u010dty\u0159i z nich se v\u00fdsledkov\u011b dok\u00e1zali prosadit do &hellip; <a href=\"https:\/\/www.moravecteam.cz\/?p=12624\" class=\"more-link\">Pokra\u010dov\u00e1n\u00ed textu <span class=\"screen-reader-text\">Radost z Okrouhl\u00e9!<\/span> <span class=\"meta-nav\">&rarr;<\/span><\/a><\/p>\n","protected":false},"author":3,"featured_media":12644,"comment_status":"open","ping_status":"closed","sticky":false,"template":"","format":"standard","meta":[],"categories":[1],"tags":[],"_links":{"self":[{"href":"https:\/\/www.moravecteam.cz\/index.php?rest_route=\/wp\/v2\/posts\/12624"}],"collection":[{"href":"https:\/\/www.moravecteam.cz\/index.php?rest_route=\/wp\/v2\/posts"}],"about":[{"href":"https:\/\/www.moravecteam.cz\/index.php?rest_route=\/wp\/v2\/types\/post"}],"author":[{"embeddable":true,"href":"https:\/\/www.moravecteam.cz\/index.php?rest_route=\/wp\/v2\/users\/3"}],"replies":[{"embeddable":true,"href":"https:\/\/www.moravecteam.cz\/index.php?rest_route=%2Fwp%2Fv2%2Fcomments&post=12624"}],"version-history":[{"count":13,"href":"https:\/\/www.moravecteam.cz\/index.php?rest_route=\/wp\/v2\/posts\/12624\/revisions"}],"predecessor-version":[{"id":12658,"href":"https:\/\/www.moravecteam.cz\/index.php?rest_route=\/wp\/v2\/posts\/12624\/revisions\/12658"}],"wp:featuredmedia":[{"embeddable":true,"href":"https:\/\/www.moravecteam.cz\/index.php?rest_route=\/wp\/v2\/media\/12644"}],"wp:attachment":[{"href":"https:\/\/www.moravecteam.cz\/index.php?rest_route=%2Fwp%2Fv2%2Fmedia&parent=12624"}],"wp:term":[{"taxonomy":"category","embeddable":true,"href":"https:\/\/www.moravecteam.cz\/index.php?rest_route=%2Fwp%2Fv2%2Fcategories&post=12624"},{"taxonomy":"post_tag","embeddable":true,"href":"https:\/\/www.moravecteam.cz\/index.php?rest_route=%2Fwp%2Fv2%2Ftags&post=12624"}],"curies":[{"name":"wp","href":"https:\/\/api.w.org\/{rel}","templated":true}]}}