{"id":12660,"date":"2018-12-17T07:55:00","date_gmt":"2018-12-17T06:55:00","guid":{"rendered":"http:\/\/www.moravecteam.cz\/?p=12660"},"modified":"2018-12-17T23:10:08","modified_gmt":"2018-12-17T22:10:08","slug":"co-se-bude-dit-st51-3","status":"publish","type":"post","link":"https:\/\/www.moravecteam.cz\/?p=12660","title":{"rendered":"Co se bude d\u00edt? (ST51)"},"content":{"rendered":"<h5><span style=\"color: #800000;\"><strong>Pond\u011bl\u00ed 17.12. 2018<\/strong><\/span><\/h5>\n<p style=\"text-align: justify;\">Tr\u00e9nink techniky j\u00edzdy na kole v prostor\u00e1ch zimn\u00edho stadionu Blansko &#8211;\u00a0 od 17.00 hodin.<\/p>\n<h5><span style=\"color: #800000;\">\u00dater\u00fd 18.12. 2018<\/span><\/h5>\n<p style=\"text-align: justify;\">Tr\u00e9nink z\u00e1kladn\u00ed vytrvalosti, kondi\u010dn\u00ed ch\u016fze s holemi. Sraz v 17.00 hodin\u00a0v Boskovic\u00edch\u00a0u zimn\u00edho stadionu.<\/p>\n<h5><span style=\"color: #800000;\">St\u0159eda 19.12. 2018<\/span><\/h5>\n<p style=\"text-align: justify;\">Tr\u00e9nink formou kondi\u010dn\u00edho b\u011bh\u00e1n\u00ed. Sraz v 16.30 hodin u budovy Z\u0160 Bene\u0161ov, b\u011bh\u00e1n\u00ed do cca 17.15 hodin, n\u00e1sledn\u00fd p\u0159esun na cvi\u010den\u00ed do t\u011blocvi\u010dny &#8211; do 18.00 hodin.<\/p>\n<h5><span style=\"color: #800000;\">\u010ctvrtek 20.12. 2018<\/span><\/h5>\n<p style=\"text-align: justify;\">Tr\u00e9nink aerobn\u00ed zdatnosti, od 18.00 do 19.00 hod. formou plav\u00e1n\u00ed v l\u00e1zn\u00edch Boskovice.<\/p>\n<h5><span style=\"color: #800000;\">P\u00e1tek 21.12. 2018<\/span><\/h5>\n<p style=\"text-align: justify;\">\u0160est\u00e9\u00a0&#8222;Vojtovy kapky&#8220; v bene\u0161ovsk\u00e9 t\u011blocvi\u010dn\u011b. Od 18.00 do minim\u00e1ln\u011b 19.30 hodin.<\/p>\n<p><span style=\"color: #800000;\"><strong>AKCE T\u011aSN\u011a ZA HORIZONTEM<\/strong><\/span><\/p>\n<ul>\n<li style=\"text-align: justify;\">28.12. 2018 &#8211; dal\u0161\u00ed tradi\u010dn\u00ed akce &#8211; V\u00fdro\u010dn\u00ed ro(c)kov\u00e1n\u00ed s ud\u011blen\u00edm v\u00fdro\u010dn\u00edch cen cyklistick\u00e9ho odd\u00edlu MORAVEC Team. Od 15.00 hodin v restauraci Morava Bene\u0161ov<\/li>\n<li style=\"text-align: justify;\">1.1. 2019 &#8211; Novoro\u010dn\u00ed vyj\u00ed\u017e\u010fka &#8211; sm\u011br op\u011bt tradi\u010dn\u00ed &#8211; penzion Lada, Repechy.<\/li>\n<\/ul>\n<h5><span style=\"color: #800000;\">AKCE T\u011aSN\u011a ZA DV\u011aMA HORIZONTY<\/span><\/h5>\n<p style=\"text-align: justify;\">10.2. \u2013 16.2. 2019\u00a0&#8211;\u00a0zimn\u00ed soust\u0159ed\u011bn\u00ed MORAVEC Teamu, kdy se po roce vr\u00e1t\u00edme do Jesen\u00edk\u016f, na<a href=\"http:\/\/www.navrsi.eu\/\">\u00a0<strong>chatu N\u00e1vr\u0161\u00ed<\/strong><\/a>.\u00a0Akci m\u00e1 organiza\u010dn\u011b na starosti Petra \u017dern\u00ed\u010dkov\u00e1, kter\u00e1 V\u00e1s ve v\u011bci &#8222;soust\u0159e\u010fka&#8220; ji\u017e v nejbli\u017e\u0161\u00ed dob\u011b (cca do t\u00fddne) ji\u017e\u00a0oslovila e-mailovou zpr\u00e1vou. Kdybyste ji n\u011bkdo neobdr\u017eeli, pro jistotu uv\u00e1d\u00edm n\u00ed\u017ee z\u00e1kladn\u00ed info z t\u00e9to zpr\u00e1vy:<\/p>\n<div style=\"text-align: justify;\">Zimn\u00ed soust\u0159ed\u011bn\u00ed se kon\u00e1 stejn\u011b jako loni na chat\u011b N\u00e1vr\u0161\u00ed v Jesen\u00edk\u00e1ch. Odkaz na chatu pro ty, co loni nebyli.<b><a href=\"http:\/\/www.navrsi.eu\/\" target=\"_blank\" rel=\"noopener\">http:\/\/www.navrsi.eu\/<\/a><\/b><\/div>\n<div style=\"text-align: justify;\"><\/div>\n<div style=\"text-align: justify;\"><b><span style=\"color: #800000;\">Term\u00edn je ned\u011ble 10. \u00fanora &#8211; sobota 16. \u00fanora 2019<\/span>. <\/b>Je zaji\u0161t\u011bna pln\u00e1 penze a o finan\u010dn\u00ed str\u00e1nce v\u011bci V\u00e1s bude informovat Petr Koudelka.<\/div>\n<div style=\"text-align: justify;\"><\/div>\n<div style=\"text-align: justify;\">Do V\u00e1noc mus\u00edm nahl\u00e1sit na chatu po\u010dty &#8222;\u00fa\u010dastn\u00edk\u016f z\u00e1jezdu&#8220;. Proto V\u00e1s pros\u00edm, abyste se <span style=\"color: #800000;\"><b>zapsali<\/b><\/span> <b><span style=\"color: #800000;\">do on-line tabulky<\/span><\/b>, kterou jsem vytvo\u0159ila pro na\u0161i skupinu. U\u010di\u0148te tak pros\u00edm\u00a0<span style=\"color: #800000;\"><b>do 20. prosince.\u00a0<\/b><\/span><\/div>\n<div><\/div>\n<div style=\"text-align: justify;\">Prvn\u00ed tabulka obsahuje v\u0161echny pokoje na chat\u011b. M\u016f\u017eete se tedy rovnou zapisovat do pokoj\u016f.<\/div>\n<div style=\"text-align: justify;\">Pros\u00edm i ty, kte\u0159\u00ed se soust\u0159ed\u011bn\u00ed nez\u00fa\u010dastn\u00ed, aby napsali sv\u00e9 jm\u00e9no pod tabulku.<\/div>\n<div><\/div>\n<div><span style=\"color: #800000;\"><b>ODKAZ NA TABULKU:<\/b><\/span><\/div>\n<div><span style=\"color: #800000;\">\u00a0<\/span><\/div>\n<div><strong><a href=\"https:\/\/docs.google.com\/spreadsheets\/d\/1e0lbo2wSpwcGFtQtGhtDRhK-nQU4mmy-RYd2J0fOpXE\/edit?ts=5c044016#gid=0\" target=\"_blank\" rel=\"noopener\">https:\/\/docs.google.com\/spreadsheets\/d\/1e0lbo2wSpwcGFtQtGhtDRhK-nQU4mmy-RYd2J0fOpXE\/edit?ts=5c044016#gid=0<\/a><\/strong><b><\/b><\/div>\n","protected":false},"excerpt":{"rendered":"<p>Pond\u011bl\u00ed 17.12. 2018 Tr\u00e9nink techniky j\u00edzdy na kole v prostor\u00e1ch zimn\u00edho stadionu Blansko &#8211;\u00a0 od 17.00 hodin. \u00dater\u00fd 18.12. 2018 Tr\u00e9nink z\u00e1kladn\u00ed vytrvalosti, kondi\u010dn\u00ed ch\u016fze s holemi. Sraz v 17.00 hodin\u00a0v Boskovic\u00edch\u00a0u zimn\u00edho stadionu. St\u0159eda 19.12. 2018 Tr\u00e9nink formou kondi\u010dn\u00edho b\u011bh\u00e1n\u00ed. Sraz v 16.30 hodin u budovy Z\u0160 Bene\u0161ov, b\u011bh\u00e1n\u00ed do cca 17.15 hodin, n\u00e1sledn\u00fd &hellip; <a href=\"https:\/\/www.moravecteam.cz\/?p=12660\" class=\"more-link\">Pokra\u010dov\u00e1n\u00ed textu <span class=\"screen-reader-text\">Co se bude d\u00edt? (ST51)<\/span> <span class=\"meta-nav\">&rarr;<\/span><\/a><\/p>\n","protected":false},"author":3,"featured_media":12662,"comment_status":"open","ping_status":"closed","sticky":false,"template":"","format":"standard","meta":[],"categories":[11],"tags":[],"_links":{"self":[{"href":"https:\/\/www.moravecteam.cz\/index.php?rest_route=\/wp\/v2\/posts\/12660"}],"collection":[{"href":"https:\/\/www.moravecteam.cz\/index.php?rest_route=\/wp\/v2\/posts"}],"about":[{"href":"https:\/\/www.moravecteam.cz\/index.php?rest_route=\/wp\/v2\/types\/post"}],"author":[{"embeddable":true,"href":"https:\/\/www.moravecteam.cz\/index.php?rest_route=\/wp\/v2\/users\/3"}],"replies":[{"embeddable":true,"href":"https:\/\/www.moravecteam.cz\/index.php?rest_route=%2Fwp%2Fv2%2Fcomments&post=12660"}],"version-history":[{"count":1,"href":"https:\/\/www.moravecteam.cz\/index.php?rest_route=\/wp\/v2\/posts\/12660\/revisions"}],"predecessor-version":[{"id":12661,"href":"https:\/\/www.moravecteam.cz\/index.php?rest_route=\/wp\/v2\/posts\/12660\/revisions\/12661"}],"wp:featuredmedia":[{"embeddable":true,"href":"https:\/\/www.moravecteam.cz\/index.php?rest_route=\/wp\/v2\/media\/12662"}],"wp:attachment":[{"href":"https:\/\/www.moravecteam.cz\/index.php?rest_route=%2Fwp%2Fv2%2Fmedia&parent=12660"}],"wp:term":[{"taxonomy":"category","embeddable":true,"href":"https:\/\/www.moravecteam.cz\/index.php?rest_route=%2Fwp%2Fv2%2Fcategories&post=12660"},{"taxonomy":"post_tag","embeddable":true,"href":"https:\/\/www.moravecteam.cz\/index.php?rest_route=%2Fwp%2Fv2%2Ftags&post=12660"}],"curies":[{"name":"wp","href":"https:\/\/api.w.org\/{rel}","templated":true}]}}