{"id":12664,"date":"2018-12-26T22:54:22","date_gmt":"2018-12-26T21:54:22","guid":{"rendered":"http:\/\/www.moravecteam.cz\/?p=12664"},"modified":"2018-12-30T15:32:23","modified_gmt":"2018-12-30T14:32:23","slug":"co-se-bud-dit-st52-2","status":"publish","type":"post","link":"https:\/\/www.moravecteam.cz\/?p=12664","title":{"rendered":"Co se bude d\u00edt? (ST52) &#8211; 2"},"content":{"rendered":"<h5><span style=\"color: #800000;\">P\u00e1tek 28.12. 2018<\/span><\/h5>\n<p style=\"text-align: justify;\">V\u00fdro\u010dn\u00ed ro(c)kov\u00e1n\u00ed s ud\u011blen\u00edm v\u00fdro\u010dn\u00edch cen cyklistick\u00e9ho odd\u00edlu MORAVEC Team. Od 15.00 hodin v restauraci Morava Bene\u0161ov. Zde je ofici\u00e1ln\u00ed pozv\u00e1nka <strong><a href=\"http:\/\/www.moravecteam.cz\/?attachment_id=12670\" rel=\"attachment wp-att-12670\">pozvanka-18<\/a>\u00a0<\/strong>a zde m\u016f\u017eete prostudovat nomina\u010dn\u00ed listiny:<strong>\u00a0<a href=\"http:\/\/www.moravecteam.cz\/?attachment_id=12679\" rel=\"attachment wp-att-12679\">V\u00fdro\u010dn\u00ed ceny &#8211; MORAVEC Team &#8211; nominace d\u011bti<\/a><a href=\"http:\/\/www.moravecteam.cz\/?attachment_id=12669\" rel=\"attachment wp-att-12669\"><br \/>\n<\/a><\/strong><\/p>\n<figure id=\"attachment_12675\" aria-describedby=\"caption-attachment-12675\" style=\"width: 3095px\" class=\"wp-caption alignnone\"><a href=\"http:\/\/www.moravecteam.cz\/?attachment_id=12675\" rel=\"attachment wp-att-12675\"><img decoding=\"async\" loading=\"lazy\" class=\" wp-image-12675\" alt=\"IMG_7723\" src=\"http:\/\/www.moravecteam.cz\/wp-content\/uploads\/2018\/12\/IMG_7723.jpg\" width=\"3095\" height=\"3345\" srcset=\"https:\/\/www.moravecteam.cz\/wp-content\/uploads\/2018\/12\/IMG_7723.jpg 3095w, https:\/\/www.moravecteam.cz\/wp-content\/uploads\/2018\/12\/IMG_7723-277x300.jpg 277w, https:\/\/www.moravecteam.cz\/wp-content\/uploads\/2018\/12\/IMG_7723-947x1024.jpg 947w\" sizes=\"(max-width: 3095px) 100vw, 3095px\" \/><\/a><figcaption id=\"caption-attachment-12675\" class=\"wp-caption-text\">Nejcenn\u011bj\u0161\u00ed odd\u00edlov\u00e9 trofeje (ceny &#8222;Borec MORAVEC) z lo\u0148ska obhajuj\u00ed Honza &#8222;D\u017eony&#8220; \u0160indel\u00e1\u0159 a Jana &#8222;D\u017eejn&#8220; Tesa\u0159ov\u00e1. Zat\u00edm, co Jana je mimo hru (letos MORAVEC Team ji\u017e nereprezentovala) a v kategorii d\u011bv\u010dat bude zcela jist\u011b vyhodnocena nov\u00e1 dr\u017eitelka, Honza &#8222;D\u017eony&#8220; \u0160inedl\u00e1\u0159 je ve v\u011bci obhajoby trofeje hodn\u011b v\u00e1\u017en\u011b ve h\u0159e i letos&#8230;!<\/figcaption><\/figure>\n<p><strong><span style=\"color: #800000;\">AKCE T\u011aSN\u011a ZA HORIZONTEM<\/span><\/strong><\/p>\n<ul>\n<li style=\"text-align: justify;\"><strong><span style=\"color: #800000;\">31.12. 2018 &#8211; Silvestrovsk\u00e1 vyj\u00ed\u017e\u010fka<\/span><\/strong> &#8211; organizuje Pavel Kej\u00edk, spr\u00e1vce Sportparku Boskovice, sraz na z\u00e1kladn\u011b v Doubrav\u00e1ch v 10.00 hodin.<\/li>\n<li style=\"text-align: justify;\"><strong><span style=\"color: #800000;\">1.1. 2019 &#8211; Novoro\u010dn\u00ed vyj\u00ed\u017e\u010fka<\/span><\/strong> &#8211; sm\u011br op\u011bt tradi\u010dn\u00ed &#8211; penzion Lada, Repechy. (Nejen) Ladou Kozl\u00edkovou-Usnulovou jsme o\u010dek\u00e1v\u00e1ni, pro jistotu n\u00e1m bude rezervovat dva stoly&#8230; Na Nov\u00fd rok je v penzionu restaurace otev\u0159ena od 11.00 do 15.00 hod., proto &#8222;bene\u0161ovsk\u00e1&#8220; \u00fadern\u00e1 skupina\u00a0 vyraz\u00ed od restaurace MORAVA Bene\u0161ov\u00a0 ji\u017e ve 13.00. Ka\u017edop\u00e1dn\u011b: sraz v\u0161ech na Nov\u00fd rok ak\u010dn\u00edch MORAVC\u016e na penzionu Lada\u00a0nech\u0165 je cca \u00a0ve 13.30 hodin, abychom\u00a0omrkli i tuto <strong><a href=\"http:\/\/www.pensionlada.cz\/wp-content\/uploads\/2018\/12\/Rozledna-Kopaninka-provozn%C3%AD-%C5%99%C3%A1d.pdf\">zbrusu novou m\u00edstn\u00ed atrakci&#8230;.<\/a><\/strong><\/li>\n<li style=\"text-align: justify;\">11.1. 2019 &#8211; Prvn\u00ed &#8222;Vojtovy kapky 2019&#8220;, od 18.00 hodin v bene\u0161ovsk\u00e9 t\u011blocvi\u010dn\u011b. <strong><span style=\"color: #800000;\">P\u0159ij\u010fte v maxim\u00e1ln\u00edm mo\u017en\u00e9m po\u010dtu,<\/span>\u00a0<\/strong>proto\u017ee: 1. Hanka \u0160indel\u00e1\u0159ov\u00e1 V\u00e1m bude zkou\u0161et dresy\u00a0 na novou sez\u00f3nu, &#8222;vzor 2019&#8220; a 2. budeme fotit hromadn\u00e9 foto pro gener\u00e1ln\u00edho sponzora. Tak\u017ee si pros\u00edm vezm\u011bte s sebou dresy (vzor 2018 \u010di star\u0161\u00ed) a kdo m\u00e1te mo\u017enost, dovezte s sebou na focen\u00ed kola zna\u010dky SUPERIOR.<\/li>\n<\/ul>\n<p><strong><span style=\"text-align: justify; color: #800000;\">AKCE T\u011aSN\u011a ZA DV\u011aMA HORIZONTY<\/span><\/strong><\/p>\n<p style=\"text-align: justify;\">10.2. \u2013 16.2. 2019\u00a0&#8211;\u00a0zimn\u00ed soust\u0159ed\u011bn\u00ed MORAVEC Teamu, kdy se po roce vr\u00e1t\u00edme do Jesen\u00edk\u016f, na<a href=\"http:\/\/www.navrsi.eu\/\">\u00a0<strong>chatu N\u00e1vr\u0161\u00ed<\/strong><\/a>.\u00a0Akci m\u00e1 organiza\u010dn\u011b na starosti Petra \u017dern\u00ed\u010dkov\u00e1, kter\u00e1 V\u00e1s ve v\u011bci &#8222;soust\u0159e\u010fka&#8220; ji\u017e\u00a0 oslovila e-mailovou zpr\u00e1vou a sestava do Jesen\u00edk\u016f je ke dni 20.12. 2018 ji\u017e uzav\u0159ena.<\/p>\n","protected":false},"excerpt":{"rendered":"<p>P\u00e1tek 28.12. 2018 V\u00fdro\u010dn\u00ed ro(c)kov\u00e1n\u00ed s ud\u011blen\u00edm v\u00fdro\u010dn\u00edch cen cyklistick\u00e9ho odd\u00edlu MORAVEC Team. Od 15.00 hodin v restauraci Morava Bene\u0161ov. Zde je ofici\u00e1ln\u00ed pozv\u00e1nka pozvanka-18\u00a0a zde m\u016f\u017eete prostudovat nomina\u010dn\u00ed listiny:\u00a0V\u00fdro\u010dn\u00ed ceny &#8211; MORAVEC Team &#8211; nominace d\u011bti AKCE T\u011aSN\u011a ZA HORIZONTEM 31.12. 2018 &#8211; Silvestrovsk\u00e1 vyj\u00ed\u017e\u010fka &#8211; organizuje Pavel Kej\u00edk, spr\u00e1vce Sportparku Boskovice, sraz na &hellip; <a href=\"https:\/\/www.moravecteam.cz\/?p=12664\" class=\"more-link\">Pokra\u010dov\u00e1n\u00ed textu <span class=\"screen-reader-text\">Co se bude d\u00edt? (ST52) &#8211; 2<\/span> <span class=\"meta-nav\">&rarr;<\/span><\/a><\/p>\n","protected":false},"author":3,"featured_media":12667,"comment_status":"open","ping_status":"closed","sticky":false,"template":"","format":"standard","meta":[],"categories":[11],"tags":[],"_links":{"self":[{"href":"https:\/\/www.moravecteam.cz\/index.php?rest_route=\/wp\/v2\/posts\/12664"}],"collection":[{"href":"https:\/\/www.moravecteam.cz\/index.php?rest_route=\/wp\/v2\/posts"}],"about":[{"href":"https:\/\/www.moravecteam.cz\/index.php?rest_route=\/wp\/v2\/types\/post"}],"author":[{"embeddable":true,"href":"https:\/\/www.moravecteam.cz\/index.php?rest_route=\/wp\/v2\/users\/3"}],"replies":[{"embeddable":true,"href":"https:\/\/www.moravecteam.cz\/index.php?rest_route=%2Fwp%2Fv2%2Fcomments&post=12664"}],"version-history":[{"count":12,"href":"https:\/\/www.moravecteam.cz\/index.php?rest_route=\/wp\/v2\/posts\/12664\/revisions"}],"predecessor-version":[{"id":12673,"href":"https:\/\/www.moravecteam.cz\/index.php?rest_route=\/wp\/v2\/posts\/12664\/revisions\/12673"}],"wp:featuredmedia":[{"embeddable":true,"href":"https:\/\/www.moravecteam.cz\/index.php?rest_route=\/wp\/v2\/media\/12667"}],"wp:attachment":[{"href":"https:\/\/www.moravecteam.cz\/index.php?rest_route=%2Fwp%2Fv2%2Fmedia&parent=12664"}],"wp:term":[{"taxonomy":"category","embeddable":true,"href":"https:\/\/www.moravecteam.cz\/index.php?rest_route=%2Fwp%2Fv2%2Fcategories&post=12664"},{"taxonomy":"post_tag","embeddable":true,"href":"https:\/\/www.moravecteam.cz\/index.php?rest_route=%2Fwp%2Fv2%2Ftags&post=12664"}],"curies":[{"name":"wp","href":"https:\/\/api.w.org\/{rel}","templated":true}]}}