{"id":12687,"date":"2019-01-05T20:44:38","date_gmt":"2019-01-05T19:44:38","guid":{"rendered":"http:\/\/www.moravecteam.cz\/?p=12687"},"modified":"2019-01-06T10:59:06","modified_gmt":"2019-01-06T09:59:06","slug":"honza-a-eliska","status":"publish","type":"post","link":"https:\/\/www.moravecteam.cz\/?p=12687","title":{"rendered":"Honza a Eli\u0161ka!"},"content":{"rendered":"<p style=\"text-align: justify;\"><span style=\"color: #800000;\"><strong>Honza &#8222;D\u017eony&#8220; \u0160indel\u00e1\u0159 a Eli\u0161ka Han\u00e1kov\u00e1 jsou od posledn\u00edho\u00a0 p\u00e1tku lo\u0148sk\u00e9ho roku \u010derstv\u00fdmi dr\u017eiteli hlavn\u00edch odd\u00edlov\u00fdch cen &#8222;Borec MORAVEC&#8220; za r. 2018. Oba se dok\u00e1zali letos v\u00fdrazn\u011b prosadit p\u0159edev\u0161\u00edm na n\u00e1rodn\u00edch \u0161ampion\u00e1tech: kadet Honza bral na silni\u010dn\u00edm\u00a0mistrovstv\u00ed ml\u00e1de\u017ee v Ra\u010dic\u00edch bronz v \u010dasovce jednotlivc\u016f, star\u0161\u00ed \u017e\u00e1kyn\u011b Eli\u0161ka se na MTB &#8222;mistr\u00e1ku&#8220; v \u010dervenci v Peci pod Sn\u011b\u017ekou bl\u00fdskla,\u00a0 p\u00e1t\u00fdm m\u00edstem a nav\u00edc velmi d\u016fstojn\u011b reprezentovala MORAVEC Team i v leto\u0161n\u00edm <a href=\"http:\/\/www.cyklokros.cz\/prihlasky\/vysledky.php?co=prub&amp;rocnik=2018&amp;kategorie=j\">cyklokrosov\u00e9m TOI TOI Cupu<\/a>.<\/strong><\/span><\/p>\n<figure id=\"attachment_12706\" aria-describedby=\"caption-attachment-12706\" style=\"width: 754px\" class=\"wp-caption alignnone\"><a href=\"http:\/\/www.moravecteam.cz\/?attachment_id=12706\" rel=\"attachment wp-att-12706\"><img decoding=\"async\" loading=\"lazy\" class=\" wp-image-12706\" alt=\"DSC_4373\" src=\"http:\/\/www.moravecteam.cz\/wp-content\/uploads\/2019\/01\/DSC_4373.jpg\" width=\"754\" height=\"1020\" srcset=\"https:\/\/www.moravecteam.cz\/wp-content\/uploads\/2019\/01\/DSC_4373.jpg 754w, https:\/\/www.moravecteam.cz\/wp-content\/uploads\/2019\/01\/DSC_4373-221x300.jpg 221w\" sizes=\"(max-width: 754px) 100vw, 754px\" \/><\/a><figcaption id=\"caption-attachment-12706\" class=\"wp-caption-text\">TOP MORAVEC mezi chlapci v r. 2018: Honza &#8222;D\u017eony&#8220; \u0160indel\u00e1\u0159! Ma\u010dk\u00e1me slzu v oku s v\u011bdom\u00edm, \u017ee v r. 2019 bude z\u00e1vodit za jin\u00fd t\u00fdm, a \u017ee se s n\u00e1mi na &#8222;v\u00fdro\u010dce&#8220; lou\u010dil&#8230;<\/figcaption><\/figure>\n<p style=\"text-align: justify;\">V\u011b\u0159te &#8211;\u00a0 nev\u011b\u0159te, ale ji\u017e po \u0161estn\u00e1ct\u00e9 se v\u00fdro\u010dn\u00ed odd\u00edlov\u00e9 ceny letos ud\u011blovaly&#8230; Jako prvn\u00ed se z bronzov\u00e9 d\u00f3zy (Vlastimil MORAVEC ji vybojoval v kv\u011btnu 1975, kdy\u017e spurtoval v etap\u011b Z\u00e1vodu m\u00edru z Berl\u00edna do Magdeburgu na 3. m\u00edst\u011b), radovala v r. 2003 n\u011bkdej\u0161\u00ed odd\u00edlov\u00e1 opora,\u00a0<strong><span style=\"color: #800000;\">Petr \u0160vancara<\/span><\/strong>. A kdy\u017e u\u017e vzpom\u00edn\u00e1me, bude asi na m\u00edst\u011b p\u0159ipomenout ty MORAVCE, kte\u0159\u00ed se z dr\u017een\u00ed presti\u017en\u00edch cen radovali nej\u010dast\u011bji: jsou to \u0161estin\u00e1sobn\u00fd laure\u00e1t trofeje <strong><span style=\"color: #800000;\">Radim Kov\u00e1\u0159<\/span><\/strong> (v letech 2006 a\u017e 2011) a \u010dty\u0159n\u00e1sobnou v\u00edt\u011bzkou pak byla <strong><span style=\"color: #800000;\">Nikola Hlubinkov\u00e1<\/span><\/strong> (v letech 2008 a\u017e 2011). Trojn\u00e1sobn\u00fdmi dr\u017eiteli hlavn\u00edch trofej\u00ed jsou z ned\u00e1vn\u00e9 minulosti <strong><span style=\"color: #800000;\">Ad\u00e9la \u0160af\u00e1\u0159ov\u00e1<\/span><\/strong> (2012-2014) a <strong><span style=\"color: #800000;\">Tom\u00e1\u0161 Tlamka &#8222;Contador&#8220;<\/span> <\/strong>(2014-2016).<\/p>\n<figure id=\"attachment_12707\" aria-describedby=\"caption-attachment-12707\" style=\"width: 2074px\" class=\"wp-caption alignnone\"><a href=\"http:\/\/www.moravecteam.cz\/?attachment_id=12707\" rel=\"attachment wp-att-12707\"><img decoding=\"async\" loading=\"lazy\" class=\" wp-image-12707\" alt=\"DSC_0480\" src=\"http:\/\/www.moravecteam.cz\/wp-content\/uploads\/2019\/01\/DSC_0480.jpg\" width=\"2074\" height=\"2569\" srcset=\"https:\/\/www.moravecteam.cz\/wp-content\/uploads\/2019\/01\/DSC_0480.jpg 2074w, https:\/\/www.moravecteam.cz\/wp-content\/uploads\/2019\/01\/DSC_0480-242x300.jpg 242w, https:\/\/www.moravecteam.cz\/wp-content\/uploads\/2019\/01\/DSC_0480-826x1024.jpg 826w\" sizes=\"(max-width: 2074px) 100vw, 2074px\" \/><\/a><figcaption id=\"caption-attachment-12707\" class=\"wp-caption-text\">Trp\u011bliv\u011b, krok za krokem, stoup\u00e1 na cyklistick\u00e9m orbitu Eli\u0161ka Han\u00e1kov\u00e1. Z ceny &#8222;Borec MORAVEC&#8220; se radovala poprv\u00e9!<\/figcaption><\/figure>\n<p style=\"text-align: justify;\"><a href=\"http:\/\/www.moravecteam.cz\/?attachment_id=12711\" rel=\"attachment wp-att-12711\"><img decoding=\"async\" loading=\"lazy\" class=\"size-full wp-image-12711 alignleft\" title=\"Ton\u00edk Han\u00e1k - odd\u00edlov\u00fd Objev roku za r. 2018 mezi chlapci!\" alt=\"DSC_2532\" src=\"http:\/\/www.moravecteam.cz\/wp-content\/uploads\/2019\/01\/DSC_2532.jpg\" width=\"147\" height=\"300\" \/><\/a>Vra\u0165me se ale do sou\u010dasnosti. Posledn\u00ed prosincov\u00fd p\u00e1tek v podve\u010der byli v restauraci Morava Bene\u0161ov\u00a0 nov\u011b ocen\u011bni\u00a0 t\u00e9\u017e t\u0159i doposud nejpiln\u011bj\u0161\u00ed v r\u00e1mci prob\u00edhaj\u00edc\u00edho p\u0159\u00edpravn\u00e9ho obdob\u00ed &#8211;\u00a0 <strong><span style=\"color: #800000;\">Magdal\u00e9na Barto\u0161ov\u00e1<\/span><\/strong>, <strong><span style=\"color: #800000;\">Matou\u0161 Lipensk\u00fd<\/span><\/strong> a <strong><span style=\"color: #800000;\">Maty\u00e1\u0161 Koudelka.<\/span><\/strong>\u00a0Bravo a velk\u00e1\u00a0<a href=\"http:\/\/www.moravecteam.cz\/?attachment_id=12712\" rel=\"attachment wp-att-12712\"><img decoding=\"async\" loading=\"lazy\" class=\"size-full wp-image-12712 alignright\" title=\"Barunka Va\u0161\u00ed\u010dkov\u00e1 - odd\u00edlov\u00fd Objev roku 2018 mezi d\u00edvkami.\" alt=\"DSC_0094\" src=\"http:\/\/www.moravecteam.cz\/wp-content\/uploads\/2019\/01\/DSC_0094.jpg\" width=\"176\" height=\"250\" \/><\/a>pochvala za pilnost! Odm\u011bnu brali t\u00e9\u017e dal\u0161\u00ed \u010dty\u0159i MORAVCI, kte\u0159\u00ed se s velkou jistotou dok\u00e1zali v r.2018 medailov\u011b prosadit v cyklistick\u00fdch discipl\u00edn\u00e1ch &#8211; \u00a0v jejich poh\u00e1rov\u00fdch s\u00e9ri\u00edch \u010di na n\u00e1rodn\u00edch \u0161ampion\u00e1tech: benjam\u00ednek\u00a0<strong><span style=\"color: #800000;\">Jon\u00e1\u0161ek Janovsk\u00fd\u00a0<\/span><\/strong><span style=\"color: #800000;\"><span style=\"color: #000000;\">(kategorie MINIME do 4 let &#8211; v\u00edt\u011bz MTB \u010cP<\/span><\/span> a druh\u00fd na MTB M\u010cR v Peci pod Sn\u011b\u017ekou), <strong><span style=\"color: #800000;\">Lucie Koudelkov\u00e1\u00a0<\/span><\/strong><span style=\"color: #800000;\"><span style=\"color: #000000;\">(kategorie d\u00edvky 9-10 let &#8211; 3. m\u00edsto v z\u00e1vod\u011b MTB \u010cP minime v Bed\u0159ichov\u011b)<\/span><\/span>, <strong><span style=\"color: #800000;\">Am\u00e1lka Gottwaldov\u00e1<\/span><\/strong> (kategorie d\u00edvky 11-<a href=\"http:\/\/www.moravecteam.cz\/?attachment_id=12713\" rel=\"attachment wp-att-12713\"><img decoding=\"async\" loading=\"lazy\" class=\"size-full wp-image-12713 alignleft\" title=\"Roman \u0160indel\u00e1\u0159 bral za r. 2018 odd\u00edlovou cenu &quot;Skokan roku&quot;.\" alt=\"DSC_3060\" src=\"http:\/\/www.moravecteam.cz\/wp-content\/uploads\/2019\/01\/DSC_3060.jpg\" width=\"135\" height=\"250\" \/><\/a>12 let &#8211; 2. m\u00edsto v z\u00e1vod\u011b MTB \u010cP na Zadov\u011b a 2. m\u00edsto na MTB M\u010cR v Peci pod Sn\u011b\u017ekou) a <span style=\"color: #800000;\"><strong>Honza &#8222;D\u017eony&#8220; \u0160indel\u00e1\u0159 <\/strong><span style=\"color: #000000;\">(ji\u017e zm\u00edn\u011bn\u00fd t\u0159et\u00ed dejlep\u0161\u00ed kadet z mistrovsk\u00e9 silni\u010d\u00e1\u0159sk\u00e9 \u010dasovky).\u00a0<\/span><\/span>No a na slavnostn\u00edm podve\u010deru\u00a0 nechyb\u011bl ani\u00a0 pasovan\u00fd do jednotky MORAVEC &#8222;Rangers&#8220;: dr\u017eitelem origin\u00e1ln\u00edho \u00a0&#8222;o\u010dazen\u00e9ho&#8220; diplomu je zcela po z\u00e1sluze\u00a0n\u00e1\u0161 v\u00fdznamn\u00fd podporovatel \u00a0a p\u0159\u00edznivec <strong><span style=\"color: #800000;\">Jirka Va\u0161\u00ed\u010dek<\/span><\/strong>!<\/p>\n<p style=\"text-align: justify;\">Slu\u0161\u00ed se p\u0159ipomenout tak\u00e9 jm\u00e9na \u010derstv\u00fdch dr\u017eitel\u016f dal\u0161\u00edch t\u0159\u00ed presti\u017en\u00edch v\u00fdro\u010dn\u00edch odd\u00edlov\u00fdch cen, o jejich\u017e p\u0159ed\u00e1n\u00ed se pod\u011blili\u00a0 na\u0161i v sou\u010dasnosti tolik sv\u011bdomit\u00ed tren\u00e9\u0159i s\u00a0 mil\u00fdmi hosty, na slavnostn\u00edm ve\u010deru p\u0159\u00edtomn\u00fdmi. Objevy roku jsou <strong><span style=\"color: #800000;\">Ton\u00edk Han\u00e1k ml.<\/span> <\/strong>a <strong><span style=\"color: #800000;\">Barborka Va\u0161\u00ed\u010dkov\u00e1<\/span><\/strong>, skokany roku se stali <strong><span style=\"color: #800000;\">Roman \u0160indel\u00e1\u0159<\/span><\/strong> s <span style=\"color: #800000;\"><strong>Am\u00e1lkou Gottwaldovou<\/strong><\/span> a z ceny &#8222;Dravec MORAVEC&#8220; se m\u016f\u017eou aktu\u00e1ln\u011b t\u011b\u0161it <strong><span style=\"color: #800000;\">Lucie Koudelkov\u00e1<\/span><\/strong> a <strong><span style=\"color: #800000;\">Matou\u0161 Lipensk\u00fd<\/span><\/strong>.<\/p>\n<figure id=\"attachment_12714\" aria-describedby=\"caption-attachment-12714\" style=\"width: 1333px\" class=\"wp-caption alignnone\"><a href=\"http:\/\/www.moravecteam.cz\/?attachment_id=12714\" rel=\"attachment wp-att-12714\"><img decoding=\"async\" loading=\"lazy\" class=\" wp-image-12714\" alt=\"DSC_2875\" src=\"http:\/\/www.moravecteam.cz\/wp-content\/uploads\/2019\/01\/DSC_2875.jpg\" width=\"1333\" height=\"1562\" srcset=\"https:\/\/www.moravecteam.cz\/wp-content\/uploads\/2019\/01\/DSC_2875.jpg 1333w, https:\/\/www.moravecteam.cz\/wp-content\/uploads\/2019\/01\/DSC_2875-256x300.jpg 256w, https:\/\/www.moravecteam.cz\/wp-content\/uploads\/2019\/01\/DSC_2875-873x1024.jpg 873w\" sizes=\"(max-width: 1333px) 100vw, 1333px\" \/><\/a><figcaption id=\"caption-attachment-12714\" class=\"wp-caption-text\">Jednou z hv\u011bzdi\u010dkou ve\u010dera byla bezesporu Am\u00e1lka Gottwaldov\u00e1: je &#8222;Skokankou roku&#8220; za r. 2018, nav\u00edc vicemistryn\u00ed \u010cR v z\u00e1vodech horsk\u00fdch kol mezi mlad\u0161\u00edmi \u017e\u00e1kyn\u011bmi!<\/figcaption><\/figure>\n<p style=\"text-align: justify;\">Sami m\u016f\u017eete vytu\u0161it, \u017ee se v p\u00e1tek ve\u010der hodn\u011b slavilo u Koudelk\u016f, Gottwald\u016f, \u0160indel\u00e1\u0159\u016f&#8230; U \u0160indel\u00e1\u0159\u016f mo\u017en\u00e1 nejv\u00edc! V\u017edy\u0165 absolutn\u00ed v\u00edt\u011bzkou tipovac\u00ed sout\u011b\u017ee, kdy n\u00e1ro\u010dn\u00e9 ot\u00e1zky se dot\u00fdkaly op\u011bt cyklistick\u00e9 aktivn\u00ed kari\u00e9ry Vlastimila MORAVCE, se stala\u00a0<span style=\"color: #800000;\"><strong>Hanka \u0160indel\u00e1\u0159ov\u00e1<\/strong><\/span>!<\/p>\n<figure id=\"attachment_12715\" aria-describedby=\"caption-attachment-12715\" style=\"width: 2381px\" class=\"wp-caption alignnone\"><a href=\"http:\/\/www.moravecteam.cz\/?attachment_id=12715\" rel=\"attachment wp-att-12715\"><img decoding=\"async\" loading=\"lazy\" class=\" wp-image-12715\" alt=\"DSC_0336\" src=\"http:\/\/www.moravecteam.cz\/wp-content\/uploads\/2019\/01\/DSC_0336.jpg\" width=\"2381\" height=\"3092\" srcset=\"https:\/\/www.moravecteam.cz\/wp-content\/uploads\/2019\/01\/DSC_0336.jpg 2381w, https:\/\/www.moravecteam.cz\/wp-content\/uploads\/2019\/01\/DSC_0336-231x300.jpg 231w, https:\/\/www.moravecteam.cz\/wp-content\/uploads\/2019\/01\/DSC_0336-788x1024.jpg 788w\" sizes=\"(max-width: 2381px) 100vw, 2381px\" \/><\/a><figcaption id=\"caption-attachment-12715\" class=\"wp-caption-text\">I Lucka Koudelkov\u00e1 m\u00e1 za sebou \u00fasp\u011b\u0161nou sez\u00f3nu. \u010cerstv\u00fd &#8222;Dravec MORAVEC&#8220; mezi d\u011bv\u010daty vyhr\u00e1l nejen MTB &#8222;Vrchovinu&#8220;, ale cenn\u00fd je i bronz ze z\u00e1vodu MTB \u010cP Minime v Bed\u0159ichov\u011b!<\/figcaption><\/figure>\n<p style=\"text-align: justify;\">Slavnostn\u00ed podve\u010der ozdobili ji\u017e tradi\u010dn\u011b mil\u00ed host\u00e9. Staronov\u00fd starosta <strong><a href=\"https:\/\/www.benesov-u-boskovic.cz\/\">obce Bene\u0161ov<\/a><\/strong>, <strong><span style=\"color: #800000;\">p. Anton\u00edn Rus<\/span><\/strong> dekoroval hned na \u00favod <a href=\"http:\/\/www.moravecteam.cz\/?attachment_id=12716\" rel=\"attachment wp-att-12716\"><img decoding=\"async\" loading=\"lazy\" class=\"size-full wp-image-12716 alignleft\" title=\"Mezi chlapci je \u010derstv\u00fdm dr\u017eitelem ceny &quot;Dravec MORAVEC&quot; po z\u00e1sluze Matou\u0161 Lipensk\u00fd! \" alt=\"DSC_2893\" src=\"http:\/\/www.moravecteam.cz\/wp-content\/uploads\/2019\/01\/DSC_2893.jpg\" width=\"178\" height=\"300\" \/><\/a>programu nejlep\u0161\u00ed bene\u0161ovsk\u00e9 cyklisty za r.2018, kter\u00fdmi jsou vedle sourozenc\u016f Lucinky a Maty\u00e1\u0161e Koudelkov\u00fdch letos i nov\u00e9 nad\u011bjn\u00e9 talenty: Petr Kol\u00e1\u0159 a Veronika Kol\u00e1\u0159ov\u00e1.<\/p>\n<p style=\"text-align: justify;\">Z Brna &#8211; Kohoutovic za n\u00e1mi p\u0159ijeli na\u0161i kamar\u00e1di, kte\u0159\u00ed se osobn\u011b znali s Vlastimilem MORAVCEM: <strong><span style=\"color: #800000;\">Va\u0161ek Kurd\u00edk<\/span><\/strong>, <strong><span style=\"color: #800000;\">Mirek Baksa<\/span><\/strong> a <strong><span style=\"color: #800000;\">Jarda Blaha.\u00a0<\/span><\/strong><span style=\"color: #000000;\">A od sp\u0159\u00e1telen\u00fdch &#8222;Kohout\u016f&#8220; jsme dostali m\u00f3c, moc mil\u00fd d\u00e1rek: repliku \u017elut\u00e9ho trikotu,\u00a0ve kter\u00e9m jezdili v jeho mnohalet\u00e9 historii l\u00edd\u0159i Z\u00e1vodu m\u00edru!\u00a0<\/span>\u00a0No a d\u00edky na\u0161im nov\u00fdm kamar\u00e1d\u016fm z dalek\u00e9 Indie &#8211; <strong><span style=\"color: #800000;\">Keerthimu<\/span><\/strong> a <strong><span style=\"color: #800000;\">Jayremovi<\/span><\/strong> (z m\u011bsta <strong><a href=\"https:\/\/cs.wikipedia.org\/wiki\/Bengal%C3%BAr\">Bangalore<\/a>\u00a0<\/strong>v provincii Karnataka) m\u011bl slavnostn\u00ed ve\u010der i punc mezin\u00e1rodnosti.<\/p>\n<figure id=\"attachment_12718\" aria-describedby=\"caption-attachment-12718\" style=\"width: 1282px\" class=\"wp-caption alignnone\"><a href=\"http:\/\/www.moravecteam.cz\/?attachment_id=12718\" rel=\"attachment wp-att-12718\"><img decoding=\"async\" loading=\"lazy\" class=\" wp-image-12718\" alt=\"DSC_2579\" src=\"http:\/\/www.moravecteam.cz\/wp-content\/uploads\/2019\/01\/DSC_2579.jpg\" width=\"1282\" height=\"992\" srcset=\"https:\/\/www.moravecteam.cz\/wp-content\/uploads\/2019\/01\/DSC_2579.jpg 1282w, https:\/\/www.moravecteam.cz\/wp-content\/uploads\/2019\/01\/DSC_2579-300x232.jpg 300w, https:\/\/www.moravecteam.cz\/wp-content\/uploads\/2019\/01\/DSC_2579-1024x792.jpg 1024w\" sizes=\"(max-width: 1282px) 100vw, 1282px\" \/><\/a><figcaption id=\"caption-attachment-12718\" class=\"wp-caption-text\">Jon\u00e1\u0161ek Janovsk\u00fd, hv\u011bzdi\u010dka leto\u0161n\u00edch z\u00e1vod\u016f MTB \u010cP Minime &#8211; kategorie do \u010dty\u0159 let.<\/figcaption><\/figure>\n<p style=\"text-align: justify;\">\u017de nechyb\u011bla ani p\u0159edsedkyn\u011b na\u0161eho fan klubu<strong> &#8211; <span style=\"color: #800000;\">Maru\u0161ka Zouharov\u00e1<\/span><\/strong>, nemus\u00edm p\u0159ipom\u00ednat&#8230;<\/p>\n<figure id=\"attachment_12719\" aria-describedby=\"caption-attachment-12719\" style=\"width: 2000px\" class=\"wp-caption alignnone\"><a href=\"http:\/\/www.moravecteam.cz\/?attachment_id=12719\" rel=\"attachment wp-att-12719\"><img decoding=\"async\" loading=\"lazy\" class=\" wp-image-12719\" alt=\"DSC_0107\" src=\"http:\/\/www.moravecteam.cz\/wp-content\/uploads\/2019\/01\/DSC_0107.jpg\" width=\"2000\" height=\"1331\" srcset=\"https:\/\/www.moravecteam.cz\/wp-content\/uploads\/2019\/01\/DSC_0107.jpg 2000w, https:\/\/www.moravecteam.cz\/wp-content\/uploads\/2019\/01\/DSC_0107-300x199.jpg 300w, https:\/\/www.moravecteam.cz\/wp-content\/uploads\/2019\/01\/DSC_0107-1024x681.jpg 1024w\" sizes=\"(max-width: 2000px) 100vw, 2000px\" \/><\/a><figcaption id=\"caption-attachment-12719\" class=\"wp-caption-text\">Mezin\u00e1rodn\u00ed n\u00e1v\u0161t\u011bva na V\u00fdro\u010dn\u00edm ro(c)kov\u00e1n\u00ed: Keerthy a Jayrem (vlevo) &#8211; na\u0161i p\u0159\u00edznivci z dalek\u00e9 Indie, z m\u011bsta Bangalore.<\/figcaption><\/figure>\n<p style=\"text-align: justify;\">No a jak u\u017e b\u00fdv\u00e1 zvykem, lou\u010dili jsme se neradi a z objektu restaurace jsme odch\u00e1zeli jako jedni z posledn\u00edch n\u00e1v\u0161t\u011bvn\u00edk\u016f&#8230; Zde mrkn\u011bte na <strong><a href=\"https:\/\/moravecteam.rajce.idnes.cz\/2018.12.28_MORAVEC_Team_-_vyrocni_ro_c_kovani\/\">bohatou fotogalerii<\/a><\/strong> z akce.<\/p>\n<figure id=\"attachment_12720\" aria-describedby=\"caption-attachment-12720\" style=\"width: 2000px\" class=\"wp-caption alignnone\"><a href=\"http:\/\/www.moravecteam.cz\/?attachment_id=12720\" rel=\"attachment wp-att-12720\"><img decoding=\"async\" loading=\"lazy\" class=\" wp-image-12720\" alt=\"DSC_0199\" src=\"http:\/\/www.moravecteam.cz\/wp-content\/uploads\/2019\/01\/DSC_0199.jpg\" width=\"2000\" height=\"1121\" srcset=\"https:\/\/www.moravecteam.cz\/wp-content\/uploads\/2019\/01\/DSC_0199.jpg 2000w, https:\/\/www.moravecteam.cz\/wp-content\/uploads\/2019\/01\/DSC_0199-300x168.jpg 300w, https:\/\/www.moravecteam.cz\/wp-content\/uploads\/2019\/01\/DSC_0199-1024x573.jpg 1024w\" sizes=\"(max-width: 2000px) 100vw, 2000px\" \/><\/a><figcaption id=\"caption-attachment-12720\" class=\"wp-caption-text\">Od mil\u00fdch &#8222;Kohout\u016f&#8220; jsme dostali nejen dres l\u00eddra Z\u00e1vodu m\u00edru, ale i stylov\u00e9 kohout\u00ed \u010depi\u010dky!<\/figcaption><\/figure>\n<p style=\"text-align: justify;\">No a mo\u017en\u00e1 je na m\u00edst\u011b p\u0159i t\u00e9to p\u0159\u00edle\u017eitosti zavzpom\u00ednat na v\u0161echny dosavadn\u00ed dr\u017eitele a dr\u017eitelky nejpresti\u017en\u011b\u0161\u00ed odd\u00edlov\u00e9 ceny &#8211; &#8222;Borec MORAVEC&#8220;:\u00a0<strong><a href=\"http:\/\/www.moravecteam.cz\/?attachment_id=12724\" rel=\"attachment wp-att-12724\">Dr\u017eitel\u00e9 ceny Vlastimila MORAVCE<\/a>. <\/strong>Ocen\u011bn\u00fdch<strong>\u00a0<\/strong>nen\u00ed jich zas tak mnoho&#8230;<\/p>\n<figure id=\"attachment_12722\" aria-describedby=\"caption-attachment-12722\" style=\"width: 1200px\" class=\"wp-caption alignnone\"><a href=\"http:\/\/www.moravecteam.cz\/?attachment_id=12722\" rel=\"attachment wp-att-12722\"><img decoding=\"async\" loading=\"lazy\" class=\" wp-image-12722\" alt=\"IMG_8706 (1)\" src=\"http:\/\/www.moravecteam.cz\/wp-content\/uploads\/2019\/01\/IMG_8706-1.jpg\" width=\"1200\" height=\"767\" srcset=\"https:\/\/www.moravecteam.cz\/wp-content\/uploads\/2019\/01\/IMG_8706-1.jpg 1200w, https:\/\/www.moravecteam.cz\/wp-content\/uploads\/2019\/01\/IMG_8706-1-300x191.jpg 300w, https:\/\/www.moravecteam.cz\/wp-content\/uploads\/2019\/01\/IMG_8706-1-1024x654.jpg 1024w\" sizes=\"(max-width: 1200px) 100vw, 1200px\" \/><\/a><figcaption id=\"caption-attachment-12722\" class=\"wp-caption-text\">A\u0165 i v r. 2019 se m\u016f\u017eeme t\u011b\u0161it z podobn\u00fdch z\u00e1\u017eitk\u016f! (\u010cP MTB Zadov 2018, z\u00e1vod mlad\u0161\u00edch \u017e\u00e1ky\u0148, Am\u00e1lka Gottwaldov\u00e1 &#8211; 2. m\u00edsto!)<\/figcaption><\/figure>\n","protected":false},"excerpt":{"rendered":"<p>Honza &#8222;D\u017eony&#8220; \u0160indel\u00e1\u0159 a Eli\u0161ka Han\u00e1kov\u00e1 jsou od posledn\u00edho\u00a0 p\u00e1tku lo\u0148sk\u00e9ho roku \u010derstv\u00fdmi dr\u017eiteli hlavn\u00edch odd\u00edlov\u00fdch cen &#8222;Borec MORAVEC&#8220; za r. 2018. Oba se dok\u00e1zali letos v\u00fdrazn\u011b prosadit p\u0159edev\u0161\u00edm na n\u00e1rodn\u00edch \u0161ampion\u00e1tech: kadet Honza bral na silni\u010dn\u00edm\u00a0mistrovstv\u00ed ml\u00e1de\u017ee v Ra\u010dic\u00edch bronz v \u010dasovce jednotlivc\u016f, star\u0161\u00ed \u017e\u00e1kyn\u011b Eli\u0161ka se na MTB &#8222;mistr\u00e1ku&#8220; v \u010dervenci v Peci &hellip; <a href=\"https:\/\/www.moravecteam.cz\/?p=12687\" class=\"more-link\">Pokra\u010dov\u00e1n\u00ed textu <span class=\"screen-reader-text\">Honza a Eli\u0161ka!<\/span> <span class=\"meta-nav\">&rarr;<\/span><\/a><\/p>\n","protected":false},"author":3,"featured_media":12705,"comment_status":"open","ping_status":"closed","sticky":false,"template":"","format":"standard","meta":[],"categories":[13],"tags":[],"_links":{"self":[{"href":"https:\/\/www.moravecteam.cz\/index.php?rest_route=\/wp\/v2\/posts\/12687"}],"collection":[{"href":"https:\/\/www.moravecteam.cz\/index.php?rest_route=\/wp\/v2\/posts"}],"about":[{"href":"https:\/\/www.moravecteam.cz\/index.php?rest_route=\/wp\/v2\/types\/post"}],"author":[{"embeddable":true,"href":"https:\/\/www.moravecteam.cz\/index.php?rest_route=\/wp\/v2\/users\/3"}],"replies":[{"embeddable":true,"href":"https:\/\/www.moravecteam.cz\/index.php?rest_route=%2Fwp%2Fv2%2Fcomments&post=12687"}],"version-history":[{"count":16,"href":"https:\/\/www.moravecteam.cz\/index.php?rest_route=\/wp\/v2\/posts\/12687\/revisions"}],"predecessor-version":[{"id":12731,"href":"https:\/\/www.moravecteam.cz\/index.php?rest_route=\/wp\/v2\/posts\/12687\/revisions\/12731"}],"wp:featuredmedia":[{"embeddable":true,"href":"https:\/\/www.moravecteam.cz\/index.php?rest_route=\/wp\/v2\/media\/12705"}],"wp:attachment":[{"href":"https:\/\/www.moravecteam.cz\/index.php?rest_route=%2Fwp%2Fv2%2Fmedia&parent=12687"}],"wp:term":[{"taxonomy":"category","embeddable":true,"href":"https:\/\/www.moravecteam.cz\/index.php?rest_route=%2Fwp%2Fv2%2Fcategories&post=12687"},{"taxonomy":"post_tag","embeddable":true,"href":"https:\/\/www.moravecteam.cz\/index.php?rest_route=%2Fwp%2Fv2%2Ftags&post=12687"}],"curies":[{"name":"wp","href":"https:\/\/api.w.org\/{rel}","templated":true}]}}