{"id":12693,"date":"2019-01-06T11:31:29","date_gmt":"2019-01-06T10:31:29","guid":{"rendered":"http:\/\/www.moravecteam.cz\/?p=12693"},"modified":"2019-01-07T10:06:20","modified_gmt":"2019-01-07T09:06:20","slug":"tradice-neprerusena","status":"publish","type":"post","link":"https:\/\/www.moravecteam.cz\/?p=12693","title":{"rendered":"Tradice nep\u0159eru\u0161ena!"},"content":{"rendered":"<p style=\"text-align: justify;\"><strong><span style=\"color: #800000;\">Na novoro\u010dn\u00ed vyj\u00ed\u017e\u010fku, kter\u00e1 n\u00e1m tradi\u010dn\u011b zji\u0161\u0165uje &#8222;nakroucen\u00ed&#8220; prvn\u00edch novoro\u010dn\u00edch kilometr\u016f, u\u017e n\u011bkolik let jezd\u00edme na\u00a0stabiln\u00ed m\u00edsto, za na\u0161imi p\u0159\u00e1teli Ladou\u00a0 a B\u0159\u00e9\u0165ou Usnulov\u00fdmi, kte\u0159\u00ed v &#8211; od Bene\u0161ova nedalek\u00e9 &#8211; mal\u00e9 v\u00edsce Repechy provozuj\u00ed <a href=\"http:\/\/www.pensionlada.cz\/\">penzion Lada.<\/a> \u017de Lada Usnulov\u00e1 byla za svobodna <a href=\"https:\/\/cs.wikipedia.org\/wiki\/Lada_Kozl%C3%ADkov%C3%A1\">Kozl\u00edkov\u00e1<\/a> a\u00a0\u017ee se jedn\u00e1 o b\u00fdvalou cyklistickou sv\u011btovou \u0161ampionku, nemus\u00edm, tu\u0161\u00edm,\u00a0 nijak zvl\u00e1\u0161\u0165 zd\u016fraz\u0148ovat. Tradice nebyla poru\u0161ena ani letos, by\u0165 po\u010das\u00ed bylo podle \u00faslov\u00ed, &#8222;\u017ee bys psa nevyhnal&#8220;&#8230; Chladno, sychravo, de\u0161tivo, v\u011btrno&#8230;<\/span><\/strong><\/p>\n<figure id=\"attachment_12735\" aria-describedby=\"caption-attachment-12735\" style=\"width: 3729px\" class=\"wp-caption alignnone\"><a href=\"http:\/\/www.moravecteam.cz\/?attachment_id=12735\" rel=\"attachment wp-att-12735\"><img decoding=\"async\" loading=\"lazy\" class=\" wp-image-12735\" alt=\"IMG_7778\" src=\"http:\/\/www.moravecteam.cz\/wp-content\/uploads\/2019\/01\/IMG_7778.jpg\" width=\"3729\" height=\"2674\" srcset=\"https:\/\/www.moravecteam.cz\/wp-content\/uploads\/2019\/01\/IMG_7778.jpg 3729w, https:\/\/www.moravecteam.cz\/wp-content\/uploads\/2019\/01\/IMG_7778-300x215.jpg 300w, https:\/\/www.moravecteam.cz\/wp-content\/uploads\/2019\/01\/IMG_7778-1024x734.jpg 1024w\" sizes=\"(max-width: 3729px) 100vw, 3729px\" \/><\/a><figcaption id=\"caption-attachment-12735\" class=\"wp-caption-text\">Nov\u00e1 rozhledna Kopaninka je velmi vhodn\u011b situov\u00e1na pobl\u00ed\u017e Honz\u00edkova k\u0159\u00ed\u017ee a jej\u00ed architektonick\u00e9 \u0159e\u0161en\u00ed velmi citliv\u011b lad\u00ed s okoln\u00ed krajinou&#8230;<\/figcaption><\/figure>\n<p style=\"text-align: justify;\">P\u0159esto z Bene\u0161ova vyrazila dvojice odv\u00e1\u017en\u00fdch cyklist\u016f, aby se posl\u00e9ze v teple \u00fatuln\u00e9ho srubu penzionu se\u0161la s docela po\u010detnou skupinou MORAVC\u016e a jejich p\u0159\u00edznivc\u016f, jej\u00ed\u017e &#8222;p\u00e1te\u0159&#8220; tentokr\u00e1t tvo\u0159il siln\u00fd a loni velmi \u00fasp\u011b\u0161n\u00fd Han\u00e1kovic rodinn\u00fd Team. \u017de nechyb\u011bli ani na\u0161i kamar\u00e1di a p\u0159\u00edznivci z Kol\u00edna, man\u017eel\u00e9 Jana a Ivan Jur\u00e1nkovi, skoro u\u017e taky MORAVCI (veter\u00e1ni odd\u00edlov\u00e9ho cykloputov\u00e1n\u00ed v r. 2018 na T\u0159ebo\u0148sku), n\u00e1s taky moc pot\u011b\u0161ilo!<\/p>\n<figure id=\"attachment_12736\" aria-describedby=\"caption-attachment-12736\" style=\"width: 3324px\" class=\"wp-caption alignnone\"><a href=\"http:\/\/www.moravecteam.cz\/?attachment_id=12736\" rel=\"attachment wp-att-12736\"><img decoding=\"async\" loading=\"lazy\" class=\" wp-image-12736\" alt=\"IMG_7786\" src=\"http:\/\/www.moravecteam.cz\/wp-content\/uploads\/2019\/01\/IMG_7786.jpg\" width=\"3324\" height=\"3778\" srcset=\"https:\/\/www.moravecteam.cz\/wp-content\/uploads\/2019\/01\/IMG_7786.jpg 3324w, https:\/\/www.moravecteam.cz\/wp-content\/uploads\/2019\/01\/IMG_7786-263x300.jpg 263w, https:\/\/www.moravecteam.cz\/wp-content\/uploads\/2019\/01\/IMG_7786-900x1024.jpg 900w\" sizes=\"(max-width: 3324px) 100vw, 3324px\" \/><\/a><figcaption id=\"caption-attachment-12736\" class=\"wp-caption-text\">Budouc\u00ed dal\u0161\u00ed opora MORAVEC Teamu? Rtu\u0165ovit\u00fd a vit\u00e1ln\u00ed Matou\u0161ek Usnul zat\u00edm potvrzuje v\u0161echny p\u0159edpoklady&#8230;<\/figcaption><\/figure>\n<p style=\"text-align: justify;\">U\u017e p\u0159i p\u0159\u00edjezdu k penzionu jsme uznale pok\u00fdvali hlavou nad novou dominantou bezprost\u0159edn\u00edho okol\u00ed srubu,\u00a0\u010derstv\u011b otev\u0159enou <a href=\"https:\/\/www.novinky.cz\/cestovani\/tipy-na-vylety\/488855-z-nove-rozhledny-kopaninka-lze-videt-i-vzdalena-pohori.html\"><strong>rozhlednou Kopaninka.<\/strong><\/a> \u00a0Proto\u017ee viditelnost za moc nest\u00e1la, v\u00fdstup na novou dominantu jsme odlo\u017eili prozat\u00edm na pozd\u011bj\u0161\u00ed term\u00edn (na ja\u0159e formou spole\u010dn\u00e9 cyklov\u00fdpravy).\u00a0Velmi r\u00e1di jsme pak sledovali, jak n\u00e1m povyrostl jeden z na\u0161ich nejmlad\u0161\u00edch \u010dlen\u016f, Matou\u0161ek Usnul, kter\u00fd dle referenc\u00ed tat\u00ednka, skute\u010dn\u011b po sv\u00fdch rodi\u010d\u00edch zd\u011bdil evidentn\u011b nejeden gen&#8230; A s blon\u010fat\u00fdm and\u00edlkem bychom se m\u011bli ji\u017e letos pravideln\u011b setk\u00e1vat na z\u00e1vodech MTB Superior Poh\u00e1ru Drahansk\u00e9 vrchoviny.<\/p>\n<figure id=\"attachment_12737\" aria-describedby=\"caption-attachment-12737\" style=\"width: 4342px\" class=\"wp-caption alignnone\"><a href=\"http:\/\/www.moravecteam.cz\/?attachment_id=12737\" rel=\"attachment wp-att-12737\"><img decoding=\"async\" loading=\"lazy\" class=\" wp-image-12737\" alt=\"IMG_7785\" src=\"http:\/\/www.moravecteam.cz\/wp-content\/uploads\/2019\/01\/IMG_7785.jpg\" width=\"4342\" height=\"2926\" srcset=\"https:\/\/www.moravecteam.cz\/wp-content\/uploads\/2019\/01\/IMG_7785.jpg 4342w, https:\/\/www.moravecteam.cz\/wp-content\/uploads\/2019\/01\/IMG_7785-300x202.jpg 300w, https:\/\/www.moravecteam.cz\/wp-content\/uploads\/2019\/01\/IMG_7785-1024x690.jpg 1024w\" sizes=\"(max-width: 4342px) 100vw, 4342px\" \/><\/a><figcaption id=\"caption-attachment-12737\" class=\"wp-caption-text\">Kdy\u017e po sob\u011b &#8222;st\u0159\u00edlej\u00ed&#8220; fotografov\u00e9&#8230;<\/figcaption><\/figure>\n<p style=\"text-align: justify;\">\u017de se n\u00e1m od tepl\u00e9ho krbu zp\u011bt do venkovn\u00ed nepohody necht\u011blo, bylo pochopiteln\u00e9&#8230; Je zaj\u00edmav\u00e9,\u00a0\u017ee v p\u0159\u00edtomnosti lid\u00ed, kter\u00e9 m\u00e1te r\u00e1di a kter\u00fdch si v\u00e1\u017e\u00edte, ut\u00edk\u00e1 \u010das jakoby &#8211; tak n\u011bjak rychleji&#8230; I mo\u017en\u00e1 proto jsme ofici\u00e1ln\u00ed otev\u00edrac\u00ed dobu\u00a0 p\u0159ekro\u010dili, ani\u017e bychom se toho\u00a0nad\u00e1li, o rovnou p\u016flhodinu..! Ka\u017edop\u00e1dn\u011b &#8211;\u00a0prima novoro\u010dn\u00ed odpoledne..! Zde je\u00a0<strong><a href=\"https:\/\/moravecteam.rajce.idnes.cz\/2019.01.01_Novorocni_vyjizdka\/\"> fotogalerie<\/a><\/strong> z prvn\u00ed\u00a0 aktivity\u00a0MORAVEC Teamu v r. 2019.<\/p>\n<p style=\"text-align: justify;\">\n","protected":false},"excerpt":{"rendered":"<p>Na novoro\u010dn\u00ed vyj\u00ed\u017e\u010fku, kter\u00e1 n\u00e1m tradi\u010dn\u011b zji\u0161\u0165uje &#8222;nakroucen\u00ed&#8220; prvn\u00edch novoro\u010dn\u00edch kilometr\u016f, u\u017e n\u011bkolik let jezd\u00edme na\u00a0stabiln\u00ed m\u00edsto, za na\u0161imi p\u0159\u00e1teli Ladou\u00a0 a B\u0159\u00e9\u0165ou Usnulov\u00fdmi, kte\u0159\u00ed v &#8211; od Bene\u0161ova nedalek\u00e9 &#8211; mal\u00e9 v\u00edsce Repechy provozuj\u00ed penzion Lada. \u017de Lada Usnulov\u00e1 byla za svobodna Kozl\u00edkov\u00e1 a\u00a0\u017ee se jedn\u00e1 o b\u00fdvalou cyklistickou sv\u011btovou \u0161ampionku, nemus\u00edm, tu\u0161\u00edm,\u00a0 nijak &hellip; <a href=\"https:\/\/www.moravecteam.cz\/?p=12693\" class=\"more-link\">Pokra\u010dov\u00e1n\u00ed textu <span class=\"screen-reader-text\">Tradice nep\u0159eru\u0161ena!<\/span> <span class=\"meta-nav\">&rarr;<\/span><\/a><\/p>\n","protected":false},"author":3,"featured_media":12733,"comment_status":"open","ping_status":"closed","sticky":false,"template":"","format":"standard","meta":[],"categories":[13],"tags":[],"_links":{"self":[{"href":"https:\/\/www.moravecteam.cz\/index.php?rest_route=\/wp\/v2\/posts\/12693"}],"collection":[{"href":"https:\/\/www.moravecteam.cz\/index.php?rest_route=\/wp\/v2\/posts"}],"about":[{"href":"https:\/\/www.moravecteam.cz\/index.php?rest_route=\/wp\/v2\/types\/post"}],"author":[{"embeddable":true,"href":"https:\/\/www.moravecteam.cz\/index.php?rest_route=\/wp\/v2\/users\/3"}],"replies":[{"embeddable":true,"href":"https:\/\/www.moravecteam.cz\/index.php?rest_route=%2Fwp%2Fv2%2Fcomments&post=12693"}],"version-history":[{"count":14,"href":"https:\/\/www.moravecteam.cz\/index.php?rest_route=\/wp\/v2\/posts\/12693\/revisions"}],"predecessor-version":[{"id":12748,"href":"https:\/\/www.moravecteam.cz\/index.php?rest_route=\/wp\/v2\/posts\/12693\/revisions\/12748"}],"wp:featuredmedia":[{"embeddable":true,"href":"https:\/\/www.moravecteam.cz\/index.php?rest_route=\/wp\/v2\/media\/12733"}],"wp:attachment":[{"href":"https:\/\/www.moravecteam.cz\/index.php?rest_route=%2Fwp%2Fv2%2Fmedia&parent=12693"}],"wp:term":[{"taxonomy":"category","embeddable":true,"href":"https:\/\/www.moravecteam.cz\/index.php?rest_route=%2Fwp%2Fv2%2Fcategories&post=12693"},{"taxonomy":"post_tag","embeddable":true,"href":"https:\/\/www.moravecteam.cz\/index.php?rest_route=%2Fwp%2Fv2%2Ftags&post=12693"}],"curies":[{"name":"wp","href":"https:\/\/api.w.org\/{rel}","templated":true}]}}