{"id":12743,"date":"2019-01-07T06:17:58","date_gmt":"2019-01-07T05:17:58","guid":{"rendered":"http:\/\/www.moravecteam.cz\/?p=12743"},"modified":"2019-01-14T21:18:32","modified_gmt":"2019-01-14T20:18:32","slug":"co-se-bude-dit-st02-4","status":"publish","type":"post","link":"https:\/\/www.moravecteam.cz\/?p=12743","title":{"rendered":"Co se bude d\u00edt? (ST02)-2"},"content":{"rendered":"<p style=\"text-align: justify;\"><span style=\"color: #800000;\"><strong>Ve druh\u00e9m startovn\u00edm t\u00fddnu se ji\u017e na pln\u00fd plyn op\u011bt rozb\u00edh\u00e1 od \u010dtvrtku p\u0159\u00edpravn\u00e9 obdob\u00ed:<\/strong><\/span><\/p>\n<h5><strong><span style=\"color: #800000;\">\u010ctvrtek 10.1. 2019<\/span><\/strong><\/h5>\n<p>Tr\u00e9nink aerobn\u00ed zdatnosti, od 18.00 do 19.00 hod. formou plav\u00e1n\u00ed v l\u00e1zn\u00edch Boskovice.<\/p>\n<h5><span style=\"color: #800000;\">P\u00e1tek 11.1. 2019<\/span><\/h5>\n<p style=\"text-align: justify;\">Prvn\u00ed\u00a0&#8222;Vojtovy kapky&#8220; v Nov\u00e9m roce, od 18.00 hodin v bene\u0161ovsk\u00e9 t\u011blocvi\u010dn\u011b. <strong><span style=\"color: #800000;\">P\u0159ij\u010fte v maxim\u00e1ln\u00edm mo\u017en\u00e9m po\u010dtu<\/span>,\u00a0<\/strong>proto\u017ee:<\/p>\n<ol>\n<li>\n<div style=\"text-align: justify;\">Od cca 19.00 hodin prob\u011bhne v prostor\u00e1ch t\u011blocvi\u010dny sch\u016fzka tren\u00e9r\u016f s rodi\u010di\u00a0jezdc\u016f kategori\u00ed mlad\u0161\u00ed, star\u0161\u00ed \u017e\u00e1ci, kadeti, junio\u0159i, kte\u0159\u00ed maj\u00ed ambice jezdit letos pravideln\u011b z\u00e1vody MTB \u010cesk\u00e9ho poh\u00e1ru. Sch\u016fzka je ur\u010dena\u00a0\u00a0&#8211;\u00a0\u00a0tak\u00e9 pro na\u0161e v sou\u010dasnosti \u00a0dosp\u011bl\u00e9 z\u00e1vodn\u00edky (tyto rodi\u010de nemus\u00ed doprov\u00e1zet), kte\u0159\u00ed se chystaj\u00ed jezdit MTB \u010cesk\u00fd poh\u00e1r. <span style=\"text-decoration: underline;\"><span style=\"color: #ff0000; text-decoration: underline;\"><strong><em>Sch\u016fzka se net\u00fdk\u00e1 rodi\u010d\u016f jezdc\u016f, kte\u0159\u00ed budou jezdit z\u00e1vody MTB \u010cesk\u00e9ho poh\u00e1ru kategori\u00ed MINIME (d\u011bti do 10 let).<\/em><\/strong><\/span><\/span><\/div>\n<\/li>\n<li>\n<div style=\"text-align: justify;\">Hanka \u0160indel\u00e1\u0159ov\u00e1 V\u00e1m bude zkou\u0161et dresy\u00a0 na novou sez\u00f3nu, &#8222;vzor 2019&#8220; a<\/div>\n<\/li>\n<li>\n<div style=\"text-align: justify;\">budeme fotit hromadn\u00e9 spole\u010dn\u00e9 foto pro gener\u00e1ln\u00edho sponzora. Tak\u017ee si pros\u00edm vezm\u011bte s sebou dresy (vzor 2018 \u010di star\u0161\u00ed) a kdo m\u00e1te mo\u017enost, dovezte s sebou na focen\u00ed kola zna\u010dky SUPERIOR.<\/div>\n<\/li>\n<\/ol>\n<h5><span style=\"color: #800000;\"><strong>AKCE T\u011aSN\u011a ZA DV\u011aMA HORIZONTY<\/strong><\/span><\/h5>\n<p style=\"text-align: justify;\">10.2. \u2013 16.2. 2019\u00a0&#8211;\u00a0zimn\u00ed soust\u0159ed\u011bn\u00ed MORAVEC Teamu, kdy se po roce vr\u00e1t\u00edme do Jesen\u00edk\u016f, na<a href=\"http:\/\/www.navrsi.eu\/\">\u00a0<strong>chatu N\u00e1vr\u0161\u00ed<\/strong><\/a>.\u00a0Akci m\u00e1 organiza\u010dn\u011b na starosti Petra \u017dern\u00ed\u010dkov\u00e1, kter\u00e1 je s V\u00e1mi\u00a0ve v\u011bci &#8222;soust\u0159e\u010fka&#8220;\u00a0v kontaktu. Sestava do Jesen\u00edk\u016f\u00a0by m\u011bla b\u00fdt\u00a0ke dni 20.12. 2018 ji\u017e uzav\u0159ena.<\/p>\n","protected":false},"excerpt":{"rendered":"<p>Ve druh\u00e9m startovn\u00edm t\u00fddnu se ji\u017e na pln\u00fd plyn op\u011bt rozb\u00edh\u00e1 od \u010dtvrtku p\u0159\u00edpravn\u00e9 obdob\u00ed: \u010ctvrtek 10.1. 2019 Tr\u00e9nink aerobn\u00ed zdatnosti, od 18.00 do 19.00 hod. formou plav\u00e1n\u00ed v l\u00e1zn\u00edch Boskovice. P\u00e1tek 11.1. 2019 Prvn\u00ed\u00a0&#8222;Vojtovy kapky&#8220; v Nov\u00e9m roce, od 18.00 hodin v bene\u0161ovsk\u00e9 t\u011blocvi\u010dn\u011b. P\u0159ij\u010fte v maxim\u00e1ln\u00edm mo\u017en\u00e9m po\u010dtu,\u00a0proto\u017ee: Od cca 19.00 hodin prob\u011bhne &hellip; <a href=\"https:\/\/www.moravecteam.cz\/?p=12743\" class=\"more-link\">Pokra\u010dov\u00e1n\u00ed textu <span class=\"screen-reader-text\">Co se bude d\u00edt? (ST02)-2<\/span> <span class=\"meta-nav\">&rarr;<\/span><\/a><\/p>\n","protected":false},"author":3,"featured_media":12757,"comment_status":"open","ping_status":"closed","sticky":false,"template":"","format":"standard","meta":[],"categories":[11],"tags":[],"_links":{"self":[{"href":"https:\/\/www.moravecteam.cz\/index.php?rest_route=\/wp\/v2\/posts\/12743"}],"collection":[{"href":"https:\/\/www.moravecteam.cz\/index.php?rest_route=\/wp\/v2\/posts"}],"about":[{"href":"https:\/\/www.moravecteam.cz\/index.php?rest_route=\/wp\/v2\/types\/post"}],"author":[{"embeddable":true,"href":"https:\/\/www.moravecteam.cz\/index.php?rest_route=\/wp\/v2\/users\/3"}],"replies":[{"embeddable":true,"href":"https:\/\/www.moravecteam.cz\/index.php?rest_route=%2Fwp%2Fv2%2Fcomments&post=12743"}],"version-history":[{"count":7,"href":"https:\/\/www.moravecteam.cz\/index.php?rest_route=\/wp\/v2\/posts\/12743\/revisions"}],"predecessor-version":[{"id":12756,"href":"https:\/\/www.moravecteam.cz\/index.php?rest_route=\/wp\/v2\/posts\/12743\/revisions\/12756"}],"wp:featuredmedia":[{"embeddable":true,"href":"https:\/\/www.moravecteam.cz\/index.php?rest_route=\/wp\/v2\/media\/12757"}],"wp:attachment":[{"href":"https:\/\/www.moravecteam.cz\/index.php?rest_route=%2Fwp%2Fv2%2Fmedia&parent=12743"}],"wp:term":[{"taxonomy":"category","embeddable":true,"href":"https:\/\/www.moravecteam.cz\/index.php?rest_route=%2Fwp%2Fv2%2Fcategories&post=12743"},{"taxonomy":"post_tag","embeddable":true,"href":"https:\/\/www.moravecteam.cz\/index.php?rest_route=%2Fwp%2Fv2%2Ftags&post=12743"}],"curies":[{"name":"wp","href":"https:\/\/api.w.org\/{rel}","templated":true}]}}