{"id":12763,"date":"2019-01-20T11:47:44","date_gmt":"2019-01-20T10:47:44","guid":{"rendered":"http:\/\/www.moravecteam.cz\/?p=12763"},"modified":"2019-01-21T13:01:24","modified_gmt":"2019-01-21T12:01:24","slug":"co-se-bude-dit-st04-4","status":"publish","type":"post","link":"https:\/\/www.moravecteam.cz\/?p=12763","title":{"rendered":"Co se bude d\u00edt? (ST04)-2"},"content":{"rendered":"<h5><span style=\"color: #800000;\">\u00dahrada \u010dlensk\u00fdch p\u0159\u00edsp\u011bvk\u016f na r. 2019:<\/span><\/h5>\n<p style=\"text-align: justify;\">Pros\u00edm V\u00e1s o zaplacen\u00ed <strong><span style=\"color: #800000;\">do konce m\u011bs\u00edce ledna 2019<\/span><\/strong> bu\u010f bankovn\u00edm <strong><span style=\"color: #800000;\">p\u0159evodem na \u010d\u00edslo \u00fa\u010dtu 270468869-0300<\/span><\/strong> (do pozn\u00e1mky uve\u010fte, za koho je p\u0159\u00edsp\u011bvek zasl\u00e1n), nebo v hotovosti <span style=\"color: #800000;\"><strong>Lence Tlamkov\u00e9<\/strong><\/span>.\u00a0V\u00fd\u0161e p\u0159\u00edsp\u011bvk\u016f je oproti lo\u0148sku beze zm\u011bn.<strong><span style=\"color: #000000;\"><br \/>\n<\/span><\/strong><\/p>\n<h5><span style=\"color: #800000;\">Pond\u011bl\u00ed 21.1. 2019<\/span><\/h5>\n<p><strong><span style=\"color: #ff0000;\">POZOR!<\/span> <span style=\"color: #ff0000;\">Tr\u00e9nink techniky j\u00edzdy na kole<\/span><\/strong> v prostor\u00e1ch zimn\u00edho stadionu Blansko &#8211; tentokr\u00e1t v\u00fdjime\u010dn\u011b <span style=\"color: #ff0000;\"><strong>NEBUDE! <\/strong><\/span>Sejdeme se op\u011bt za t\u00fdden,\u00a0 28. ledna.<strong><br \/>\n<\/strong><\/p>\n<h5><span style=\"color: #800000;\">\u00dater\u00fd 22.1. 2019<\/span><\/h5>\n<p style=\"text-align: justify;\">Tr\u00e9nink dle aktu\u00e1lnch pokyn\u016f tren\u00e9ra Milana Tlamky je mo\u017eno realizovat v bene\u0161ovsk\u00e9 t\u011blocvi\u010d\u011b od 18.00 minim\u00e1ln\u011b do 19.30 hodin. V p\u0159\u00edpad\u011b Va\u0161eho z\u00e1jmu m\u011b b\u011bhem pond\u011bl\u00ed kontaktujte na moje <strong><span style=\"color: #800000;\">605 0J\u00e1gr 0Nagano.<\/span><\/strong><\/p>\n<h5><strong><span style=\"color: #800000;\">St\u0159eda 23.1. 2019<\/span><\/strong><\/h5>\n<p style=\"text-align: justify;\">Tr\u00e9nink formou cvi\u010den\u00ed v Bene\u0161ovsk\u00e9 t\u011blocvi\u010dn\u011b. Od 16.30\u00a0do 18.00 hodin.<\/p>\n<h5><strong><span style=\"color: #800000;\">\u010ctvrtek 24.1. 2019<\/span><\/strong><\/h5>\n<p style=\"text-align: justify;\">Tr\u00e9nink aerobn\u00ed zdatnosti, od 18.00 do 19.00 hod. formou plav\u00e1n\u00ed v l\u00e1zn\u00edch Boskovice.<\/p>\n<h5><span style=\"color: #800000;\">P\u00e1tek 25.1. 2019<\/span><\/h5>\n<p style=\"text-align: justify;\">T\u0159et\u00ed p\u00e1te\u010dn\u00ed cvi\u010den\u00ed\u00a0 v Nov\u00e9m roce od 18.00 do 20.00 hodin v bene\u0161ovsk\u00e9 t\u011blocvi\u010dn\u011b, tentokr\u00e1t u\u017e op\u011bt s Vojtou.<\/p>\n<h5><span style=\"color: #800000;\">AKCE T\u011aSN\u011a ZA HORIZONTEM<\/span><\/h5>\n<p style=\"text-align: justify;\">10.2. \u2013 16.2. 2019\u00a0&#8211;\u00a0zimn\u00ed soust\u0159ed\u011bn\u00ed MORAVEC Teamu, kdy se po roce vr\u00e1t\u00edme do Jesen\u00edk\u016f, na<a href=\"http:\/\/www.navrsi.eu\/\">\u00a0chatu N\u00e1vr\u0161\u00ed<\/a>.\u00a0Akci m\u00e1 organiza\u010dn\u011b na starosti Petra \u017dern\u00ed\u010dkov\u00e1, kter\u00e1 je s V\u00e1mi\u00a0ve v\u011bci &#8222;soust\u0159e\u010fka&#8220;\u00a0v kontaktu. Sestava do Jesen\u00edk\u016f\u00a0je ke dni 20.12. 2018 ji\u017e uzav\u0159ena, up\u0159es\u0148uj\u00edc\u00ed pokyny se dozv\u00edte v pr\u016fb\u011bhu tohoto t\u00fddne.<\/p>\n<h5 style=\"text-align: justify;\"><span style=\"color: #800000;\">AKCE T\u011aSN\u011a ZA DV\u011aMA HORIZONTY<\/span><\/h5>\n<ul>\n<li style=\"text-align: justify;\">24.2. 2019 (p\u0159edb\u011b\u017en\u00fd term\u00edn) &#8211; p\u00e1tr\u00e1n\u00ed po stop\u00e1ch YETTI. \u010cas akce bude je\u0161t\u011b\u00a0up\u0159esn\u011bn.<\/li>\n<li style=\"text-align: justify;\">4.4. 2019 (p\u0159edb\u011b\u017en\u00fd term\u00edn) &#8211; zah\u00e1jen\u00ed sez\u00f3ny MORAVEC Teamu, kdy se nejd\u0159\u00edve sejdeme u Pavlovsk\u00e9 kaple, kde bude v odpoledn\u00edch hodin\u00e1ch panem far\u00e1\u0159em Pavlem Koutn\u00edkem slou\u017eena M\u0161e Svat\u00e1 za MORAVEC Team, po jej\u00edm skon\u010den\u00ed\u00a0 se p\u0159esuneme\u00a0 do restaurace Morava Bene\u0161ov, kde p\u0159ed\u00e1n\u00edm dres\u016f na\u0161im rajdr\u016fm sez\u00f3nu 2019 pomysln\u011b odstartujeme. P\u0159esn\u00e9 \u010dasy budou v\u010das up\u0159esny.<\/li>\n<li style=\"text-align: justify;\">MTB &#8222;Vrchovina&#8220; 2019 m\u00e1 ji\u017e &#8211; jak pevn\u011b v\u011b\u0159\u00edm &#8211; pevn\u00e9 term\u00edny jako ona pov\u011bstn\u00e1 &#8222;Helvetsk\u00e1 v\u00edra&#8220;: <strong><span style=\"color: #800000;\">4.5. &#8211; Vlachov, 18.5.\u00a0 Bene\u0161ov, 8.6. &#8211; Okrouhl\u00e1, 22.6. \u017d\u010f\u00e1rn\u00e1, 13.7. Protivanov, 10.8. Bukov\u00e1, 17.8. Boskovice, 24.8. Ko\u0159enec, 7.9. Velenov, 14.9. Kn\u00ednice, 21.9. Nov\u00e9 M\u011bsto n Morav\u011b &#8211; fin\u00e1le.<\/span><\/strong> Term\u00ednov\u00fd kalend\u00e1\u0159 na r. 2019 se z\u00e1vodn\u00edmi prioritami MORAVEC Teamu, bude zve\u0159ejn\u011bn na na\u0161ich www do konce m\u011bs\u00edce ledna 2019.<\/li>\n<\/ul>\n<p>&nbsp;<\/p>\n","protected":false},"excerpt":{"rendered":"<p>\u00dahrada \u010dlensk\u00fdch p\u0159\u00edsp\u011bvk\u016f na r. 2019: Pros\u00edm V\u00e1s o zaplacen\u00ed do konce m\u011bs\u00edce ledna 2019 bu\u010f bankovn\u00edm p\u0159evodem na \u010d\u00edslo \u00fa\u010dtu 270468869-0300 (do pozn\u00e1mky uve\u010fte, za koho je p\u0159\u00edsp\u011bvek zasl\u00e1n), nebo v hotovosti Lence Tlamkov\u00e9.\u00a0V\u00fd\u0161e p\u0159\u00edsp\u011bvk\u016f je oproti lo\u0148sku beze zm\u011bn. Pond\u011bl\u00ed 21.1. 2019 POZOR! Tr\u00e9nink techniky j\u00edzdy na kole v prostor\u00e1ch zimn\u00edho stadionu Blansko &hellip; <a href=\"https:\/\/www.moravecteam.cz\/?p=12763\" class=\"more-link\">Pokra\u010dov\u00e1n\u00ed textu <span class=\"screen-reader-text\">Co se bude d\u00edt? (ST04)-2<\/span> <span class=\"meta-nav\">&rarr;<\/span><\/a><\/p>\n","protected":false},"author":3,"featured_media":12768,"comment_status":"open","ping_status":"closed","sticky":false,"template":"","format":"standard","meta":[],"categories":[11],"tags":[],"_links":{"self":[{"href":"https:\/\/www.moravecteam.cz\/index.php?rest_route=\/wp\/v2\/posts\/12763"}],"collection":[{"href":"https:\/\/www.moravecteam.cz\/index.php?rest_route=\/wp\/v2\/posts"}],"about":[{"href":"https:\/\/www.moravecteam.cz\/index.php?rest_route=\/wp\/v2\/types\/post"}],"author":[{"embeddable":true,"href":"https:\/\/www.moravecteam.cz\/index.php?rest_route=\/wp\/v2\/users\/3"}],"replies":[{"embeddable":true,"href":"https:\/\/www.moravecteam.cz\/index.php?rest_route=%2Fwp%2Fv2%2Fcomments&post=12763"}],"version-history":[{"count":7,"href":"https:\/\/www.moravecteam.cz\/index.php?rest_route=\/wp\/v2\/posts\/12763\/revisions"}],"predecessor-version":[{"id":12774,"href":"https:\/\/www.moravecteam.cz\/index.php?rest_route=\/wp\/v2\/posts\/12763\/revisions\/12774"}],"wp:featuredmedia":[{"embeddable":true,"href":"https:\/\/www.moravecteam.cz\/index.php?rest_route=\/wp\/v2\/media\/12768"}],"wp:attachment":[{"href":"https:\/\/www.moravecteam.cz\/index.php?rest_route=%2Fwp%2Fv2%2Fmedia&parent=12763"}],"wp:term":[{"taxonomy":"category","embeddable":true,"href":"https:\/\/www.moravecteam.cz\/index.php?rest_route=%2Fwp%2Fv2%2Fcategories&post=12763"},{"taxonomy":"post_tag","embeddable":true,"href":"https:\/\/www.moravecteam.cz\/index.php?rest_route=%2Fwp%2Fv2%2Ftags&post=12763"}],"curies":[{"name":"wp","href":"https:\/\/api.w.org\/{rel}","templated":true}]}}