{"id":1278,"date":"2015-08-17T10:03:25","date_gmt":"2015-08-17T08:03:25","guid":{"rendered":"http:\/\/www.moravecteam.cz\/?p=1278"},"modified":"2015-08-17T10:29:51","modified_gmt":"2015-08-17T08:29:51","slug":"lite-boje-u-vetraku","status":"publish","type":"post","link":"https:\/\/www.moravecteam.cz\/?p=1278","title":{"rendered":"L\u00edt\u00e9 boje u v\u011bt\u0159\u00e1ku&#8230;"},"content":{"rendered":"<p style=\"text-align: justify;\"><span style=\"color: #800000;\"><strong>Dal\u0161\u00ed z klasick\u00fdch trat\u00ed (Ko\u0159enec je jednou z p\u011bti obc\u00ed, kde se\u00a0na za\u010d\u00e1tku tohoto tis\u00edcilet\u00ed\u00a0za\u010d\u00ednaly po\u0159\u00e1dat z\u00e1vody MTB seri\u00e1lu o Poh\u00e1r Drahansk\u00e9 vrchoviny &#8211; vedle Okrouhl\u00e9, Bene\u0161ova a obc\u00ed Such\u00fd a \u017d\u010f\u00e1rn\u00e1) byla nab\u00eddnuta\u00a0biker\u016fm (nejen) z regionu minulou sobotu. P\u0159etrv\u00e1vaj\u00edc\u00ed horka a jeden z nejdel\u0161\u00edch okruh\u016f (m\u00e1m na mysli ten hlavn\u00ed) op\u011bt prov\u011b\u0159ily\u00a0fyzickou odolnost z\u00fa\u010dastn\u011bn\u00fdch \u00a0rajdr\u016f. Ti obst\u00e1li, a mezi nimi i po\u010detn\u00e1 enkl\u00e1va\u00a0snajpr\u016f v dresech MORAVCE. A\u00a0 proto\u017ee do konce &#8222;Vrchoviny&#8220; zb\u00fdvaj\u00ed u\u017e jen t\u0159i podniky (Bukov\u00e1, Bo\u0159itov, Boskovice),\u00a0za\u010d\u00edn\u00e1 j\u00edt do tuh\u00e9ho p\u0159edev\u0161\u00edm v celkov\u00e9m po\u0159ad\u00ed a\u00a0ka\u017ed\u00fd bod\u00edk\u00a0od &#8222;V\u011bt\u0159\u00e1ku&#8220; m\u00e1 za dan\u00e9 situace\u00a0vysokou cenu&#8230;<\/strong> <\/span><\/p>\n<p style=\"text-align: justify;\"><a href=\"http:\/\/www.moravecteam.cz\/?attachment_id=1289\" rel=\"attachment wp-att-1289\"><img decoding=\"async\" loading=\"lazy\" class=\"alignnone size-full wp-image-1289\" alt=\"DSCF5324\" src=\"http:\/\/www.moravecteam.cz\/wp-content\/uploads\/2015\/08\/DSCF5324.jpg\" width=\"1002\" height=\"1279\" srcset=\"https:\/\/www.moravecteam.cz\/wp-content\/uploads\/2015\/08\/DSCF5324.jpg 1002w, https:\/\/www.moravecteam.cz\/wp-content\/uploads\/2015\/08\/DSCF5324-235x300.jpg 235w, https:\/\/www.moravecteam.cz\/wp-content\/uploads\/2015\/08\/DSCF5324-802x1024.jpg 802w\" sizes=\"(max-width: 1002px) 100vw, 1002px\" \/><\/a><\/p>\n<p style=\"text-align: justify;\">Jezdci MORAVCE m\u016f\u017eou vyhl\u00ed\u017eet posledn\u00ed t\u0159i z\u00e1vody s klidn\u00fdm sv\u011bdom\u00edm. Zd\u00e1 se toti\u017e, \u017ee tren\u00e9\u0159i jim na\u010dasovali formu tak, \u017ee pr\u00e1v\u011b na z\u00e1v\u011br seri\u00e1lu jim bude kulminovat a mohli bychom\u00a0se tedy op\u011bt\u00a0po boskovick\u00e9m\u00a0fin\u00e1le t\u011b\u0161it na bohatou poh\u00e1rovou sb\u00edrku. Ko\u0159enec leccos nazna\u010dil&#8230; P\u0159edn\u011b stabiln\u00ed v\u00edt\u011bznou formu potvrzuje ve sv\u00fdch odr\u00e1\u017eedlov\u00fdch startech <strong><span style=\"color: #888888;\"><span style=\"color: #800000;\">Terezka Fritzov\u00e1<\/span><\/span><\/strong>. Byla to pr\u00e1v\u011b ona, kter\u00e1 zapo\u010dala v sobotu na\u0161i \u00factyhodnou sb\u00edrku celkem \u00a0osmi(!) zlat\u00fdch medail\u00ed. St\u0159\u00edbrem na ni z\u00e1hy nav\u00e1zala <strong><span style=\"color: #800000;\">Bar\u010da Tlamkov\u00e1<\/span> <\/strong>v \u00a0kategorii d\u011bv\u010dat 7-8 let a do &#8222;zlat\u00e9&#8220; roviny n\u00e1s vr\u00e1til op\u011bt <strong><span style=\"color: #800000;\">Jakub Tesa\u0159<\/span> <\/strong>&#8211; jist\u00fd v\u00edt\u011bz kategorie mlad\u0161\u00edch \u017e\u00e1k\u016f. \u017de se &#8222;ko\u0159e\u0148\u00e1ce bod\u00f3 cht\u011bt doma vet\u00e1hn\u00f3t&#8220; jsme tu\u0161ili&#8230; Jako prvn\u00ed splnila o\u010dek\u00e1v\u00e1n\u00ed na 100% <strong><span style=\"color: #800000;\">Krist\u00fdnka Kol\u00e1\u0159ov\u00e1<\/span><\/strong>, kter\u00e1 kralovala mlad\u0161\u00edm\u00a0 \u017e\u00e1kyn\u00edm, p\u0159i\u010dem\u017e skalp Katky Hude\u010dkov\u00e9 z Hul\u00edna, kter\u00e1 m\u00e1 z t\u011b\u017e\u0161\u00edch z\u00e1vod\u016f\u00a0\u00a0podstatn\u011b v\u00edce zku\u0161enost\u00ed, je bezesporu velice cenn\u00fd. Na &#8222;bednu&#8220; Krist\u00fdnu doprovodila\u00a0i v c\u00edli t\u0159et\u00ed <strong><span style=\"color: #800000;\">Ani\u010dka Smutn\u00e1.<\/span><\/strong>\u00a0Medaile jsme se opr\u00e1vn\u011bn\u011b\u00a0o\u010dek\u00e1vali i p\u0159i startu star\u0161\u00edch \u017e\u00e1k\u016f a \u017e\u00e1ky\u0148 &#8211; par\u00e1dn\u00edch to\u0165\u00a0 letos na\u0161ich MTB discipl\u00edn.\u00a0D\u011bv\u010data to m\u011bla celkem snadn\u00e9: startovala jen dv\u011b\u00a0v na\u0161ich\u00a0dresech\u00a0a v c\u00edli \u00a0se holky poskl\u00e1daly podle pap\u00edrov\u00fdch p\u0159edpoklad\u016f: 1. <strong><span style=\"color: #800000;\">A\u0148a Zem\u00e1nkov\u00e1,<\/span><\/strong> 2. <span style=\"color: #800000;\"><strong>Anetka Fritzov\u00e1.<\/strong><\/span>\u00a0Na tradi\u010dn\u00ed &#8222;double&#8220; jsme se t\u011b\u0161ili i v z\u00e1vod\u011b stejn\u00e9 kategorii chlapc\u016f, zde ale karty zam\u00edchal &#8222;p\u0159espol\u0148\u00e1k&#8220; Patrik N\u011bmec z Velk\u00fdch Losenic, kter\u00fd si hned p\u0159i sv\u00e9 premi\u00e9\u0159e na &#8222;Vrchovin\u011b&#8220; dojel pro prvenstv\u00ed a odsunul dva na\u0161e favority: <strong><span style=\"color: #800000;\">Michala \u0160m\u00eddu<\/span> <\/strong>na druh\u00e9 m\u00edsto a <span style=\"color: #800000;\"><strong>Tom\u00e1\u0161e Tlamku &#8222;Contadora&#8220;<\/strong> <\/span>na bronzov\u00fd stup\u00ednek.<\/p>\n<p style=\"text-align: justify;\"><a href=\"http:\/\/www.moravecteam.cz\/?attachment_id=1287\" rel=\"attachment wp-att-1287\"><img decoding=\"async\" loading=\"lazy\" class=\"alignnone size-full wp-image-1287\" alt=\"DSCF5257\" src=\"http:\/\/www.moravecteam.cz\/wp-content\/uploads\/2015\/08\/DSCF5257.jpg\" width=\"1048\" height=\"1013\" srcset=\"https:\/\/www.moravecteam.cz\/wp-content\/uploads\/2015\/08\/DSCF5257.jpg 1048w, https:\/\/www.moravecteam.cz\/wp-content\/uploads\/2015\/08\/DSCF5257-25x25.jpg 25w, https:\/\/www.moravecteam.cz\/wp-content\/uploads\/2015\/08\/DSCF5257-300x289.jpg 300w, https:\/\/www.moravecteam.cz\/wp-content\/uploads\/2015\/08\/DSCF5257-1024x989.jpg 1024w\" sizes=\"(max-width: 1048px) 100vw, 1048px\" \/><\/a><\/p>\n<p style=\"text-align: justify;\">Posledn\u00edmu\u00a0startu\u00a0\u00a0p\u0159edch\u00e1zel je\u0161t\u011b z\u00e1vod \u0161tafet, to u\u017e byla ale pozornost p\u0159\u00edtomn\u00fdch up\u0159ena k velk\u00e9mu fin\u00e1le bikov\u00e9ho dne na Ko\u0159enci. Na\u00a0ro\u0161tu spole\u010dn\u00e9ho startu juniorek a kadetek nechyb\u011bla op\u011bt letos tak \u00fasp\u011b\u0161n\u00e1 Ad\u00e9la \u0160af\u00e1\u0159ov\u00e1 (Nutrend Specialized), v Elit\u011b mu\u017e\u016f obhajoval prvenstv\u00ed z Bene\u0161ova Dan Mayer z Polni\u010dky, dom\u00e1c\u00ed div\u00e1ci dr\u017eeli palce sv\u00e9mu juniorsk\u00e9mu favoritu, Patriku Kol\u00e1\u0159ovi&#8230; Tomu jsme v\u011b\u0159ili i my, stejn\u011b jako jsme v mu\u017e\u00edch doufali, \u017ee p\u0159edev\u0161\u00edm Radim Kov\u00e1\u0159 se pokus\u00ed cestu k v\u00edt\u011bzstv\u00ed Danu Mayerovi zt\u00ed\u017eit.\u00a0Nav\u00edc se na start postavil s R\u00e1\u010fou v na\u0161em dresu poprv\u00e9 po zran\u011bn\u00ed i Tom\u00e1\u0161 Tlamka. Medailov\u00e9 nad\u011bje jsme si d\u011blali i v obou startech Mastr\u016f&#8230; Po v\u00edce jak hodin\u011b tvrd\u00fdch boj\u016f zkropen\u00fdch litry potu a sem tam i n\u011bjakou tou kapkou krve bylo v\u0161e jasn\u00e9. Favorit\u00e9 op\u011bt tahali &#8211; podle o\u010dek\u00e1v\u00e1n\u00ed &#8211;\u00a0za del\u0161\u00ed konce. Zlato pro MORAVEC vybojovali <strong><span style=\"color: #800000;\">Patrik Kol\u00e1\u0159<\/span> <\/strong>(junio\u0159i a kadeti), <span style=\"color: #800000;\"><strong>Milan \u0160af\u00e1\u0159<\/strong> <\/span>(Masters III) a <strong><span style=\"color: #800000;\">Martin Gottwald<\/span> <\/strong>(Masters II). &#8222;<span style=\"color: #800000;\"><strong>Adys&#8220; \u0160af\u00e1\u0159ov\u00e1<\/strong><\/span> nenechala nikoho na pochyb\u00e1ch o svoj\u00ed suverenit\u011b mezi juniorkami a kadetkymi, p\u0159i\u010dem\u017e zde ji na st\u0159\u00edbrnou &#8222;bednu&#8220; doprovodila\u00a0 na\u0161e <span style=\"color: #800000;\"><strong>Jana Tesa\u0159ov\u00e1<\/strong> <\/span>a medailovou sb\u00edrku posledn\u00edho startu zkompletoval v c\u00edli bronzov\u00fd &#8222;eli\u0165\u00e1k&#8220; \u00a0mu\u017e \u00a0&#8211; <strong><span style=\"color: #800000;\">Radim Kov\u00e1\u0159.<\/span> <\/strong>\u017de Tom\u00e1\u0161i Tlamkovi\u00a0zran\u011bn\u00ed z jeho kum\u0161tu nic neubralo, dokazuje\u00a0jeho v\u00fdborn\u00e9, p\u00e1t\u00e9 m\u00edsto! Slu\u0161\u00ed se je\u0161t\u011b jmenovat v\u00edt\u011bzku z\u00e1vodu \u017een, kterou se stala samojedin\u00e1 startuj\u00edc\u00ed\u00a0L\u00edda Dobr\u00e1, kter\u00e1 na Ko\u0159enec dorazila z hodn\u011b daleka &#8211; \u00a0z vyhl\u00e1\u0161en\u00e9 chmela\u0159sk\u00e9 ba\u0161ty &#8211; Rakovn\u00edka.<\/p>\n<p style=\"text-align: justify;\"><a href=\"http:\/\/www.moravecteam.cz\/?attachment_id=1288\" rel=\"attachment wp-att-1288\"><img decoding=\"async\" loading=\"lazy\" class=\"alignnone size-full wp-image-1288\" alt=\"DSCF5267\" src=\"http:\/\/www.moravecteam.cz\/wp-content\/uploads\/2015\/08\/DSCF5267.jpg\" width=\"707\" height=\"830\" srcset=\"https:\/\/www.moravecteam.cz\/wp-content\/uploads\/2015\/08\/DSCF5267.jpg 707w, https:\/\/www.moravecteam.cz\/wp-content\/uploads\/2015\/08\/DSCF5267-255x300.jpg 255w\" sizes=\"(max-width: 707px) 100vw, 707px\" \/><\/a><\/p>\n<p style=\"text-align: justify;\">Ko\u0159enec je tedy za n\u00e1mi. N\u00e1dhern\u00e9 prost\u0159ed\u00ed z\u00e1vodu s dominantou bl\u00edzk\u00e9ho kamenn\u00e9ho v\u011btrn\u00e9ho ml\u00fdna, umocnily jezdiv\u00e9 a vzorn\u011b p\u0159ipraven\u00e9 trat\u011b (t\u00e9 hlavn\u00ed dominovala op\u011bt v lese ukryt\u00e1 technick\u00e1 pas\u00e1\u017e zvan\u00e1 &#8222;Skalka&#8220;) a po\u010detn\u00e1 skupina jak z\u00e1vodn\u00edk\u016f, tak div\u00e1k\u016f&#8230; Co se t\u00fd\u010de lu\u0161t\u011bn\u00ed tajenek v celkov\u00e9m po\u0159ad\u00ed jednotliv\u00fdch kategori\u00ed, tak za jedin\u00e9ho jist\u00e9ho v\u00edt\u011bze leto\u0161n\u00ed &#8222;Vrchoviny&#8220; m\u016f\u017eeme ozna\u010dit na\u0161eho Martina Gottwalda (Masters II). V ostatn\u00edch kategori\u00edch je je\u0161t\u011b p\u0159\u00edli\u0161 mnoho nezn\u00e1m\u00fdch&#8230; A to je z hlediska atraktivnosti z\u00e1vod\u016f\u00a0p\u0159ed t\u0159emi fin\u00e1ln\u00edmi\u00a0\u0161tacemi jen dob\u0159e&#8230;\u00a0 <strong><a href=\"http:\/\/moravecteam.rajce.idnes.cz\/2015.08.15._PDV_Korenec\/\">Fotky<\/a><\/strong> z Ko\u0159ence jsou zde,\u00a0<strong><a href=\"http:\/\/vysledky.pohardrahanskevrchoviny.cz\/2015\/?page=vysledky\">V\u00fdsledky<\/a><\/strong> zase tu\u0165&#8230;<\/p>\n<p style=\"text-align: justify;\">\n","protected":false},"excerpt":{"rendered":"<p>Dal\u0161\u00ed z klasick\u00fdch trat\u00ed (Ko\u0159enec je jednou z p\u011bti obc\u00ed, kde se\u00a0na za\u010d\u00e1tku tohoto tis\u00edcilet\u00ed\u00a0za\u010d\u00ednaly po\u0159\u00e1dat z\u00e1vody MTB seri\u00e1lu o Poh\u00e1r Drahansk\u00e9 vrchoviny &#8211; vedle Okrouhl\u00e9, Bene\u0161ova a obc\u00ed Such\u00fd a \u017d\u010f\u00e1rn\u00e1) byla nab\u00eddnuta\u00a0biker\u016fm (nejen) z regionu minulou sobotu. P\u0159etrv\u00e1vaj\u00edc\u00ed horka a jeden z nejdel\u0161\u00edch okruh\u016f (m\u00e1m na mysli ten hlavn\u00ed) op\u011bt prov\u011b\u0159ily\u00a0fyzickou odolnost z\u00fa\u010dastn\u011bn\u00fdch &hellip; <a href=\"https:\/\/www.moravecteam.cz\/?p=1278\" class=\"more-link\">Pokra\u010dov\u00e1n\u00ed textu <span class=\"screen-reader-text\">L\u00edt\u00e9 boje u v\u011bt\u0159\u00e1ku&#8230;<\/span> <span class=\"meta-nav\">&rarr;<\/span><\/a><\/p>\n","protected":false},"author":3,"featured_media":1281,"comment_status":"closed","ping_status":"closed","sticky":false,"template":"","format":"standard","meta":[],"categories":[1],"tags":[],"_links":{"self":[{"href":"https:\/\/www.moravecteam.cz\/index.php?rest_route=\/wp\/v2\/posts\/1278"}],"collection":[{"href":"https:\/\/www.moravecteam.cz\/index.php?rest_route=\/wp\/v2\/posts"}],"about":[{"href":"https:\/\/www.moravecteam.cz\/index.php?rest_route=\/wp\/v2\/types\/post"}],"author":[{"embeddable":true,"href":"https:\/\/www.moravecteam.cz\/index.php?rest_route=\/wp\/v2\/users\/3"}],"replies":[{"embeddable":true,"href":"https:\/\/www.moravecteam.cz\/index.php?rest_route=%2Fwp%2Fv2%2Fcomments&post=1278"}],"version-history":[{"count":11,"href":"https:\/\/www.moravecteam.cz\/index.php?rest_route=\/wp\/v2\/posts\/1278\/revisions"}],"predecessor-version":[{"id":1285,"href":"https:\/\/www.moravecteam.cz\/index.php?rest_route=\/wp\/v2\/posts\/1278\/revisions\/1285"}],"wp:featuredmedia":[{"embeddable":true,"href":"https:\/\/www.moravecteam.cz\/index.php?rest_route=\/wp\/v2\/media\/1281"}],"wp:attachment":[{"href":"https:\/\/www.moravecteam.cz\/index.php?rest_route=%2Fwp%2Fv2%2Fmedia&parent=1278"}],"wp:term":[{"taxonomy":"category","embeddable":true,"href":"https:\/\/www.moravecteam.cz\/index.php?rest_route=%2Fwp%2Fv2%2Fcategories&post=1278"},{"taxonomy":"post_tag","embeddable":true,"href":"https:\/\/www.moravecteam.cz\/index.php?rest_route=%2Fwp%2Fv2%2Ftags&post=1278"}],"curies":[{"name":"wp","href":"https:\/\/api.w.org\/{rel}","templated":true}]}}