{"id":12786,"date":"2019-02-14T19:48:19","date_gmt":"2019-02-14T18:48:19","guid":{"rendered":"http:\/\/www.moravecteam.cz\/?p=12786"},"modified":"2019-02-18T20:32:11","modified_gmt":"2019-02-18T19:32:11","slug":"stribrnice-pula","status":"publish","type":"post","link":"https:\/\/www.moravecteam.cz\/?p=12786","title":{"rendered":"St\u0159\u00edbrnice, Pula..!"},"content":{"rendered":"<p style=\"text-align: justify;\"><strong><span style=\"color: #800000;\">Pro p\u0159ev\u00e1\u017enou \u010d\u00e1st MORAVEC Teamu aktu\u00e1ln\u011b vchol\u00ed zimn\u00ed soust\u0159ed\u011bn\u00ed, pro kter\u00e9 jsme i letos, stejn\u011b jako loni, vybrali lokalitu St\u0159\u00edbrnic, konkr\u00e9tn\u011b &#8211; tak\u00e9 stejn\u011b jako loni &#8211; horskou <a href=\"http:\/\/www.navrsi.eu\/\">chatu N\u00e1vr\u0161\u00ed<\/a>, to v\u0161e se nach\u00e1zej\u00edc\u00ed v nejvy\u0161\u0161\u00edm horsk\u00e9m poho\u0159\u00ed Moravy, v <a href=\"https:\/\/cs.wikipedia.org\/wiki\/Chr%C3%A1n%C4%9Bn%C3%A1_krajinn%C3%A1_oblast_Jesen%C3%ADky\">Jesen\u00edk\u00e1ch<\/a>&#8230; Krom\u011b graduj\u00edc\u00ed zimn\u00ed p\u0159\u00edpravy se d\u011bj\u00ed &#8211; samo, \u017ee &#8211; i jin\u00e9 v\u011bci&#8230;<\/span><\/strong><\/p>\n<figure id=\"attachment_12790\" aria-describedby=\"caption-attachment-12790\" style=\"width: 720px\" class=\"wp-caption alignnone\"><a href=\"http:\/\/www.moravecteam.cz\/?attachment_id=12790\" rel=\"attachment wp-att-12790\"><img decoding=\"async\" loading=\"lazy\" class=\" wp-image-12790\" alt=\"51697117_2305548956330345_6266701401938722816_n - kopie\" src=\"http:\/\/www.moravecteam.cz\/wp-content\/uploads\/2019\/02\/51697117_2305548956330345_6266701401938722816_n-kopie.jpg\" width=\"720\" height=\"405\" srcset=\"https:\/\/www.moravecteam.cz\/wp-content\/uploads\/2019\/02\/51697117_2305548956330345_6266701401938722816_n-kopie.jpg 720w, https:\/\/www.moravecteam.cz\/wp-content\/uploads\/2019\/02\/51697117_2305548956330345_6266701401938722816_n-kopie-300x168.jpg 300w\" sizes=\"(max-width: 720px) 100vw, 720px\" \/><\/a><figcaption id=\"caption-attachment-12790\" class=\"wp-caption-text\">\u00dadern\u00e1 a maskovan\u00e1 bikov\u00e1 skupina s kryc\u00edm n\u00e1zvem MT+SBAO, toho \u010dasu operuj\u00edc\u00ed v zasn\u011b\u017een\u00e9 lokalit\u011b v okol\u00ed St\u0159\u00edbrnice&#8230;<\/figcaption><\/figure>\n<p style=\"text-align: justify;\"><strong><a href=\"https:\/\/moravecteam.rajce.idnes.cz\/2019.02.10_-16_Zimni_soustredeni_-_Stribrnice\/\">Z fotek z tr\u00e9ninkov\u00e9 lokality<\/a><\/strong> (d\u00edky Milane) je zcela jasn\u011b patrn\u00e9, \u017ee na\u0161i p\u0159istupuj\u00ed k d\u016fle\u017eit\u00e9 \u010d\u00e1sti p\u0159\u00edpravn\u00e9ho obdob\u00ed maxim\u00e1ln\u011b zodpov\u011bdn\u011b, co\u017e je je d\u016fle\u017eit\u00e9, proto\u017ee pro mnoh\u00e9 z nich budou St\u0159\u00edbrnice op\u011brn\u00fdm bodem pro jarn\u00ed soust\u0159ed\u011bn\u00ed v Pule, kter\u00e9 se ji\u017e bude t\u00fdkat tak\u0159ka\u00a0 v\u00fdhradn\u011b &#8222;to\u010den\u00ed&#8220; leto\u0161n\u00edch prvn\u00edch ostr\u00fdch stovek kilometr\u016f na silni\u010dn\u00edch speci\u00e1lech&#8230; Nominaci jezdc\u016f do Chorvatska\u00a0 z tr\u00e9ninkov\u00e9 skupiny tren\u00e9ra Milana Tlamky a dal\u0161\u00ed, ji\u017e o\u010dek\u00e1van\u00e9 podrobnosti k akci, uv\u00e1d\u00edm zde.<\/p>\n<figure id=\"attachment_12789\" aria-describedby=\"caption-attachment-12789\" style=\"width: 458px\" class=\"wp-caption alignnone\"><a href=\"http:\/\/www.moravecteam.cz\/?attachment_id=12789\" rel=\"attachment wp-att-12789\"><img decoding=\"async\" loading=\"lazy\" class=\"size-full wp-image-12789\" alt=\"51679981_380359299463431_4635088805597020160_n\" src=\"http:\/\/www.moravecteam.cz\/wp-content\/uploads\/2019\/02\/51679981_380359299463431_4635088805597020160_n.jpg\" width=\"458\" height=\"405\" srcset=\"https:\/\/www.moravecteam.cz\/wp-content\/uploads\/2019\/02\/51679981_380359299463431_4635088805597020160_n.jpg 458w, https:\/\/www.moravecteam.cz\/wp-content\/uploads\/2019\/02\/51679981_380359299463431_4635088805597020160_n-300x265.jpg 300w\" sizes=\"(max-width: 458px) 100vw, 458px\" \/><\/a><figcaption id=\"caption-attachment-12789\" class=\"wp-caption-text\">Dok\u00e1zat se zakopat do p\u0159edem ur\u010den\u00fdch pozic, je jednou ze z\u00e1kladn\u00edch dovedost\u00ed zdatn\u00e9ho bikera&#8230;<\/figcaption><\/figure>\n<p style=\"text-align: justify;\">Te\u010f se je\u0161t\u011b v kr\u00e1tk\u00e9 pozn\u00e1mce vr\u00e1t\u00edm na horskou chatu N\u00e1vr\u0161\u00ed. Velmi r\u00e1di jsme v na\u0161\u00ed skupin\u011b p\u0159iv\u00edtali t\u00e1tu a syna \u0160\u010dudlovy z Boskovic, kte\u0159\u00ed jsou jinak sou\u010d\u00e1st\u00ed atletick\u00e9ho klubu Boskovice, kter\u00fd vede z p\u00e1te\u010dn\u00edch tr\u00e9nink\u016f v bene\u0161ovsk\u00e9 t\u011blocvi\u010dn\u011b n\u00e1m dob\u0159e zn\u00e1m\u00fd &#8211; Vojta Gr\u00fcn. A taky rozhod\u010d\u00ed z MTB &#8222;Vrchoviny&#8220; a b\u00fdvalu skv\u011blou bikerku MORAVEC Teamu, Ani\u010dku Tlamkovou!<\/p>\n<figure id=\"attachment_12791\" aria-describedby=\"caption-attachment-12791\" style=\"width: 405px\" class=\"wp-caption aligncenter\"><a href=\"http:\/\/www.moravecteam.cz\/?attachment_id=12791\" rel=\"attachment wp-att-12791\"><img decoding=\"async\" loading=\"lazy\" class=\"size-full wp-image-12791 \" alt=\"51781113_387811028444711_7713832315259977728_n\" src=\"http:\/\/www.moravecteam.cz\/wp-content\/uploads\/2019\/02\/51781113_387811028444711_7713832315259977728_n.jpg\" width=\"405\" height=\"557\" srcset=\"https:\/\/www.moravecteam.cz\/wp-content\/uploads\/2019\/02\/51781113_387811028444711_7713832315259977728_n.jpg 405w, https:\/\/www.moravecteam.cz\/wp-content\/uploads\/2019\/02\/51781113_387811028444711_7713832315259977728_n-218x300.jpg 218w\" sizes=\"(max-width: 405px) 100vw, 405px\" \/><\/a><figcaption id=\"caption-attachment-12791\" class=\"wp-caption-text\">Kdo st\u00e1l modelem pro tento vyda\u0159en\u00fd sn\u011bhov\u00fd monument? O tom se mezi odborn\u00edky z oboru socha\u0159stv\u00ed vedou v sou\u010dasnosti v\u00e1\u0161niv\u00e9 spory&#8230;<\/figcaption><\/figure>\n<p style=\"text-align: justify;\">Jak \u0160\u010dudlovi, tak Ani\u010dka s n\u00e1mi z\u016fstali ve spole\u010dn\u00e9 p\u0159\u00edprav\u011b do v\u010derej\u0161ka (st\u0159edy 13. \u00fanora), na rozd\u00edl od dal\u0161\u00edch na\u0161ich supr st\u0159\u00edbrnick\u00fdch host\u016f: tren\u00e9ra a l\u00eddra presti\u017en\u00ed bikov\u00e9 skupiny Short Bike Academy Opletal, Vl\u00e1\u010fu Opletala a jednoho z jeho talentovan\u00fdch sv\u011b\u0159enc\u016f, Luk\u00e1\u0161e &#8222;Lukyna&#8220; Ra\u0161ku. Ti s n\u00e1mi dokonce p\u0159\u00edpravn\u00e9 hory prosvi\u0161t\u00ed a\u017e do sobotn\u00ed c\u00edlov\u00e9 rovinky! A dost mo\u017en\u00e1, \u017ee pos\u00edl\u00ed i n\u00e1\u0161 jarn\u00ed Chorvatsk\u00fd \u0161ik! Jak \u0159\u00edk\u00e1m: sport sbli\u017euje&#8230;<\/p>\n<h5 style=\"text-align: justify;\"><span style=\"color: #800000;\">Dal\u0161\u00ed &#8222;NEWS&#8220;: Roman \u0160indel\u00e1\u0159 zran\u011bn!<\/span><\/h5>\n<p style=\"text-align: justify;\">Ve St\u0159\u00edbrnici m\u011bl nab\u00edrat s\u00edlu i dal\u0161\u00ed z na\u0161ich rajdr\u016f, Roman \u0160indel\u00e1\u0159. Bohu\u017eel, p\u00e1r dn\u00ed p\u0159ed odjezdem m\u011bl rtu\u0165ovit\u00fd Rom\u010da ne\u0161\u0165astn\u00fd p\u00e1d na snowboardov\u00e9m prkn\u011b, p\u0159i kter\u00e9m si zranil ob\u011b ruce. Aktu\u00e1ln\u011b si bohu\u017eel &#8222;u\u017e\u00edv\u00e1&#8220; s\u00e1drov\u00e9 fixace na obou, pro \u010dlov\u011bka tak d\u016fle\u017eit\u00fdch kon\u010det\u00edn\u00e1ch&#8220;&#8230; Co na to \u0159\u00edct? Prost\u011b sm\u016fla jako tr\u00e1m&#8230; Ale jak zn\u00e1m Romana, jsem p\u0159esv\u011bd\u010den, \u017ee tr\u00e9ninkov\u00e9 manko do\u017eene a na sez\u00f3nu bude dob\u0159e p\u0159ipraven! Za MORVCE mu p\u0159eji, aby l\u00e9\u010dba prob\u011bhla rychle a bez komplikc\u00ed, stejn\u011b jako n\u00e1vrat do norm\u00e1ln\u00edho bikersk\u00e9ho \u017eivota! \u017de to tak bude, jsem pevn\u011b p\u0159esv\u011bd\u010den, v\u017edy\u0165 sami v\u00edte: mlad\u00fd organismus se dob\u0159e hoj\u00ed..!<\/p>\n<p style=\"text-align: justify;\"><a href=\"http:\/\/www.moravecteam.cz\/?attachment_id=12801\" rel=\"attachment wp-att-12801\"><img decoding=\"async\" loading=\"lazy\" class=\"alignnone size-full wp-image-12801\" title=\"Roman \u0160indel\u00e1\u0159.\" alt=\"P1400275\" src=\"http:\/\/www.moravecteam.cz\/wp-content\/uploads\/2019\/02\/P1400275.jpg\" width=\"431\" height=\"458\" srcset=\"https:\/\/www.moravecteam.cz\/wp-content\/uploads\/2019\/02\/P1400275.jpg 431w, https:\/\/www.moravecteam.cz\/wp-content\/uploads\/2019\/02\/P1400275-282x300.jpg 282w\" sizes=\"(max-width: 431px) 100vw, 431px\" \/><\/a><\/p>\n<h5 style=\"text-align: justify;\"><strong><span style=\"color: #800000;\">Dal\u0161\u00ed &#8222;NEWS&#8220;: Nominace reprezentant\u016f<\/span><\/strong><\/h5>\n<p style=\"text-align: justify;\">Sez\u00f3na ji\u017e byste klepa na dve\u0159e a reprezenta\u010dn\u00ed tren\u00e9\u0159i se ji\u017e odpov\u011bdn\u011b rozhl\u00ed\u017e\u00ed, koho povolaj\u00ed do t\u00fdmu, kter\u00fd by mal b\u00fdt pro ka\u017ed\u00e9ho bikera t\u00edm nejvyhled\u00e1van\u011bj\u0161\u00edm. K na\u0161\u00ed velk\u00e9 radosti je &#8211; po lo\u0148sk\u00fdch v\u00fdkonech a v\u00fdsledc\u00edch zcela po z\u00e1sluze &#8211; v \u0161ir\u0161\u00ed nominaci &#8222;Lv\u00ed\u010dat&#8220; <strong><a href=\"http:\/\/www.moravecteam.cz\/?attachment_id=12807\" rel=\"attachment wp-att-12807\">\u0161ir\u0161\u00ed v\u00fdb\u011br 2019<\/a><\/strong>\u00a0(star\u0161\u00ed \u017e\u00e1ci a kadeti) na\u0161e opora Eli\u0161ka Han\u00e1kov\u00e1! Velk\u00e1 gratulace pro Eli\u0161ku s p\u0159\u00e1n\u00edm, a\u0165 j\u00ed to v n\u00e1rodn\u00edm dresu svi\u0161t\u00ed stejn\u011b rychle, jak v tom na\u0161em!<\/p>\n<p style=\"text-align: justify;\"><a href=\"http:\/\/www.moravecteam.cz\/?attachment_id=12800\" rel=\"attachment wp-att-12800\"><img decoding=\"async\" loading=\"lazy\" class=\"alignnone  wp-image-12800\" title=\"Eli\u0161ka Han\u00e1kov\u00e1.\" alt=\"DSC_0480\" src=\"http:\/\/www.moravecteam.cz\/wp-content\/uploads\/2019\/02\/DSC_0480.jpg\" width=\"1867\" height=\"1346\" srcset=\"https:\/\/www.moravecteam.cz\/wp-content\/uploads\/2019\/02\/DSC_0480.jpg 1867w, https:\/\/www.moravecteam.cz\/wp-content\/uploads\/2019\/02\/DSC_0480-300x216.jpg 300w, https:\/\/www.moravecteam.cz\/wp-content\/uploads\/2019\/02\/DSC_0480-1024x738.jpg 1024w\" sizes=\"(max-width: 1867px) 100vw, 1867px\" \/><\/a><\/p>\n<p style=\"text-align: justify;\">V hled\u00e1\u010dku reprezenta\u010dn\u00edho tren\u00e9ra Viktora Zapletala &#8222;uviznul&#8220; pro prvn\u00ed velk\u00e9 biov\u00e9 presti\u017en\u00ed kl\u00e1n\u00ed na kontinentu, kter\u00fdm bude koncemn \u00fanora\u00a0 <strong><a href=\"https:\/\/www.activatecyprus.com\/en\/events\/sunshinecup-2019\">Sun Shine Cup<\/a><\/strong> na Kypru,\u00a0 \u00a0i n\u00e1\u0161 odchovanec, Tom\u00e1\u0161 Tlamka &#8222;Contador&#8220; (Nutrend Specialized Racing). Spole\u010dnost m\u00e1 v teamu vskutku vybranou: Jaroslav Kulhav\u00fd, Ond\u0159ej Cink, Honza \u0160karnitzl, Honza Zatloukal&#8230; Tomovi p\u0159ejeme n\u00e1podobn\u011b, jako Eli\u0161ce!<\/p>\n<p style=\"text-align: justify;\"><a href=\"http:\/\/www.moravecteam.cz\/?attachment_id=12802\" rel=\"attachment wp-att-12802\"><img decoding=\"async\" loading=\"lazy\" class=\"alignnone  wp-image-12802\" title=\"Tom\u00e1\u0161 Tlamka &quot;Contador&quot;.\" alt=\"DSC_0541\" src=\"http:\/\/www.moravecteam.cz\/wp-content\/uploads\/2019\/02\/DSC_0541.jpg\" width=\"1360\" height=\"1600\" srcset=\"https:\/\/www.moravecteam.cz\/wp-content\/uploads\/2019\/02\/DSC_0541.jpg 1360w, https:\/\/www.moravecteam.cz\/wp-content\/uploads\/2019\/02\/DSC_0541-255x300.jpg 255w, https:\/\/www.moravecteam.cz\/wp-content\/uploads\/2019\/02\/DSC_0541-870x1024.jpg 870w\" sizes=\"(max-width: 1360px) 100vw, 1360px\" \/><\/a><\/p>\n<p style=\"text-align: justify;\">\n","protected":false},"excerpt":{"rendered":"<p>Pro p\u0159ev\u00e1\u017enou \u010d\u00e1st MORAVEC Teamu aktu\u00e1ln\u011b vchol\u00ed zimn\u00ed soust\u0159ed\u011bn\u00ed, pro kter\u00e9 jsme i letos, stejn\u011b jako loni, vybrali lokalitu St\u0159\u00edbrnic, konkr\u00e9tn\u011b &#8211; tak\u00e9 stejn\u011b jako loni &#8211; horskou chatu N\u00e1vr\u0161\u00ed, to v\u0161e se nach\u00e1zej\u00edc\u00ed v nejvy\u0161\u0161\u00edm horsk\u00e9m poho\u0159\u00ed Moravy, v Jesen\u00edk\u00e1ch&#8230; Krom\u011b graduj\u00edc\u00ed zimn\u00ed p\u0159\u00edpravy se d\u011bj\u00ed &#8211; samo, \u017ee &#8211; i jin\u00e9 v\u011bci&#8230; Z &hellip; <a href=\"https:\/\/www.moravecteam.cz\/?p=12786\" class=\"more-link\">Pokra\u010dov\u00e1n\u00ed textu <span class=\"screen-reader-text\">St\u0159\u00edbrnice, Pula..!<\/span> <span class=\"meta-nav\">&rarr;<\/span><\/a><\/p>\n","protected":false},"author":3,"featured_media":12792,"comment_status":"open","ping_status":"closed","sticky":false,"template":"","format":"standard","meta":[],"categories":[9],"tags":[],"_links":{"self":[{"href":"https:\/\/www.moravecteam.cz\/index.php?rest_route=\/wp\/v2\/posts\/12786"}],"collection":[{"href":"https:\/\/www.moravecteam.cz\/index.php?rest_route=\/wp\/v2\/posts"}],"about":[{"href":"https:\/\/www.moravecteam.cz\/index.php?rest_route=\/wp\/v2\/types\/post"}],"author":[{"embeddable":true,"href":"https:\/\/www.moravecteam.cz\/index.php?rest_route=\/wp\/v2\/users\/3"}],"replies":[{"embeddable":true,"href":"https:\/\/www.moravecteam.cz\/index.php?rest_route=%2Fwp%2Fv2%2Fcomments&post=12786"}],"version-history":[{"count":14,"href":"https:\/\/www.moravecteam.cz\/index.php?rest_route=\/wp\/v2\/posts\/12786\/revisions"}],"predecessor-version":[{"id":12810,"href":"https:\/\/www.moravecteam.cz\/index.php?rest_route=\/wp\/v2\/posts\/12786\/revisions\/12810"}],"wp:featuredmedia":[{"embeddable":true,"href":"https:\/\/www.moravecteam.cz\/index.php?rest_route=\/wp\/v2\/media\/12792"}],"wp:attachment":[{"href":"https:\/\/www.moravecteam.cz\/index.php?rest_route=%2Fwp%2Fv2%2Fmedia&parent=12786"}],"wp:term":[{"taxonomy":"category","embeddable":true,"href":"https:\/\/www.moravecteam.cz\/index.php?rest_route=%2Fwp%2Fv2%2Fcategories&post=12786"},{"taxonomy":"post_tag","embeddable":true,"href":"https:\/\/www.moravecteam.cz\/index.php?rest_route=%2Fwp%2Fv2%2Ftags&post=12786"}],"curies":[{"name":"wp","href":"https:\/\/api.w.org\/{rel}","templated":true}]}}