{"id":12811,"date":"2019-02-17T04:52:02","date_gmt":"2019-02-17T03:52:02","guid":{"rendered":"http:\/\/www.moravecteam.cz\/?p=12811"},"modified":"2019-02-21T21:29:59","modified_gmt":"2019-02-21T20:29:59","slug":"co-se-bude-dit-st08-4","status":"publish","type":"post","link":"https:\/\/www.moravecteam.cz\/?p=12811","title":{"rendered":"Co se bude d\u00edt? (ST08)-3"},"content":{"rendered":"<p style=\"text-align: justify;\">Ne, \u017ee by se nic ned\u011blo ve <strong><span style=\"color: #800000;\">S<\/span><\/strong>tartovn\u00edm <strong><span style=\"color: #800000;\">T<\/span><\/strong>\u00fddnu <strong><span style=\"color: #800000;\">07<\/span><\/strong>&#8230;To se p\u0159ev\u00e1\u017en\u00e1 v\u011bt\u0161ina na\u0161ich rajdr\u016f soust\u0159edila na b\u011b\u017ek\u00e1ch v Jesen\u00edk\u00e1ch na Chat\u011b N\u00e1vr\u0161\u00ed (n\u00e1vrat z velmi \u00fasp\u011b\u0161n\u00e9 p\u0159\u00edpravn\u00e9 mise prob\u011bhl podle pl\u00e1nu v sobotu, 16. \u00fanora, zde je <strong><a href=\"https:\/\/moravecteam.rajce.idnes.cz\/2019.02.10-16_Zimni_soustredeni_Stribrnice_-_2\/\">fotogalerie z fin\u00e1ln\u00ed \u010d\u00e1sti<\/a><\/strong>).\u00a0 \u010cas ale let\u00ed po sv\u00e9 stabiln\u00ed trati stejn\u011b rychle, jako Jarda Kulhav\u00fd na olympi\u00e1d\u011b v Lond\u00fdn\u011b a u\u017e je tady startovn\u00ed t\u00fdden 08&#8230;<\/p>\n<h5><span style=\"color: #800000;\">Pond\u011bl\u00ed 18.2. 2019<\/span><\/h5>\n<p style=\"text-align: justify;\">Tr\u00e9nink techniky j\u00edzdy na kole v prostor\u00e1ch zimn\u00edho stadionu Blansko &#8211;\u00a0od 17.00 hodin.\u00a0Vzhledem k p\u0159etrv\u00e1vaj\u00edci povaze tr\u00e9ninku si sebou vezm\u011bte cyklistick\u00e9 tretry + p\u0159\u00edslu\u0161n\u00e9 ped\u00e1ly.<\/p>\n<h5 style=\"text-align: justify;\"><span style=\"color: #800000;\">\u00dater\u00fd 19.2. 2019<\/span><\/h5>\n<p style=\"text-align: justify;\">Tr\u00e9nink dle aktu\u00e1ln\u00edch pokyn\u016f tren\u00e9ra Milana Tlamky je mo\u017eno realizovat v bene\u0161ovsk\u00e9 t\u011blocvi\u010dn\u011b od 18.00 minim\u00e1ln\u011b do 19.30 hodin. V p\u0159\u00edpad\u011b Va\u0161eho z\u00e1jmu m\u011b b\u011bhem pond\u011bl\u00ed nebo \u00fater\u00fd\u00a0kontaktujte na moje\u00a0605 0J\u00e1gr 0Nagano.<\/p>\n<h5><span style=\"color: #800000;\">St\u0159eda 20.2. 2019<\/span><\/h5>\n<p style=\"text-align: justify;\">Tr\u00e9nink formou cvi\u010den\u00ed v Bene\u0161ovsk\u00e9 t\u011blocvi\u010dn\u011b. Od 16.30\u00a0do 18.00 hodin.<\/p>\n<h5><span style=\"color: #800000;\">\u010ctvrtek 21.2. 2019<\/span><\/h5>\n<p>Tr\u00e9nink aerobn\u00ed zdatnosti, od 18.00 do 19.00 hod. formou plav\u00e1n\u00ed v l\u00e1zn\u00edch Boskovice.<\/p>\n<h5><span style=\"color: #800000;\">P\u00e1tek 22.2. 2019<\/span><\/h5>\n<p style=\"text-align: justify;\">\u0160est\u00e9 p\u00e1te\u010dn\u00ed cvi\u010den\u00ed\u00a0 v Nov\u00e9m roce od 18.00 do 20.00 hodin v bene\u0161ovsk\u00e9 t\u011blocvi\u010dn\u011b, s Vojtou Gr\u00fcnem. V r\u00e1mci cvi\u010den\u00ed bude Lenka Tlamkov\u00e1 propl\u00e1cet l\u00e9ka\u0159sk\u00e9 testy. T\u011bch, kter\u00fdch se to t\u00fdk\u00e1, nezapome\u0148te vz\u00edt Lence doklad o \u00fahrad\u011b.<\/p>\n<h5><span style=\"color: #800000;\">AKCE T\u011aSN\u011a ZA HORIZONTEM<\/span><\/h5>\n<p style=\"text-align: justify;\"><strong><span style=\"color: #800000;\">24.2. 2019<\/span> <\/strong>(ned\u011ble) &#8211; p\u00e1tr\u00e1n\u00ed po stop\u00e1ch YETTI. Sraz stopa\u0159\u016f je u restaurace Morava Bene\u0161ov ve 13.30 hodin. Nev\u00edm jak to dopadne, ale jedno v\u00edm jist\u011b: p\u00e1trac\u00ed skupina bude m\u00edt letos mezin\u00e1rodn\u00ed zastoupen\u00ed&#8230;<\/p>\n<p style=\"text-align: justify;\"><strong><span style=\"color: #800000;\">1.3. &#8211; 10.3.2019<\/span><\/strong>\u00a0 &#8211;<strong><span style=\"color: #800000;\"> jarn\u00ed p\u0159\u00edpravn\u00e9 soust\u0159ed\u011bn\u00ed v Chorvatsku,<\/span><\/strong> jako loni, ve m\u011bst\u011b Pula. Nominace sv\u011b\u0159enc\u016f tren\u00e9ra Milana Tlamky (d\u011bti do 14-ti let v\u010detn\u011b), vzhledem k jejich aktu\u00e1ln\u00edch zdravotn\u00edch dispozic, je n\u00e1sleduj\u00edc\u00ed: <strong><span style=\"color: #800000;\">Koudelkov\u00e1 Lucie, Koudelka Maty\u00e1\u0161, Han\u00e1kov\u00e1 Eli\u0161ka, Han\u00e1kov\u00e1 Anna, Lipensk\u00fd Matou\u0161, Lipensk\u00fd V\u00edt, Janovsk\u00e1 Barbora, Tlamkov\u00e1 Barbora, Sedl\u00e1k Luk\u00e1\u0161, Gottwaldov\u00e1 Am\u00e1lie.<\/span><span style=\"color: #800000;\">\u00a0P\u0159edb\u011b\u017en\u00e1 cena za pobyt &#8211; 5.000.- K\u010d \/ osobu<\/span><\/strong>. Od v\u00fd\u0161e uveden\u00fdch <strong><span style=\"color: #800000;\">pros\u00edm o potvrzen\u00ed \u00fa\u010dasti <span style=\"text-decoration: underline;\">do st\u0159edy<\/span><\/span><\/strong><span style=\"text-decoration: underline;\">, <\/span><strong><span style=\"color: #800000;\"><span style=\"text-decoration: underline;\">20.2.2019<\/span>, do slunce z\u00e1padu p\u0159\u00edmo m\u011b<\/span><\/strong>. D\u00e1le pros\u00edm Jirku O\u0161\u0165\u00e1dala o info, koho ze sv\u00fdch sv\u011b\u0159enc\u016f (Kl\u00e1ra Odehnalov\u00e1, Petr \u0160ich, V\u00edt Such\u00e1nek, Luk\u00e1\u0161 Gregor a Tom\u00e1\u0161 Dou\u0161ek), bude do Chorvatska nominovat. <strong><span style=\"color: #800000;\">Detaily akce budou up\u0159esn\u011bny po cvi\u010den\u00ed s Vojtou, tento p\u00e1tek, 22.2.2019.<\/span><\/strong> Tak\u017ee pros\u00edm o 100% \u00fa\u010dast t\u011bch, kter\u00fdch se bude leto\u0161n\u00ed Chorvatsko t\u00fdkat.<\/p>\n<p><strong><span style=\"color: #800000;\">AKCE T\u011aSN\u011a ZA DV\u011aMA HORIZONTY<\/span><\/strong><\/p>\n<ul>\n<li>\n<div style=\"text-align: justify;\"><strong><span style=\"color: #800000;\">4.4. 2019 (p\u0159edb\u011b\u017en\u00fd term\u00edn)<\/span> <\/strong>&#8211; zah\u00e1jen\u00ed sez\u00f3ny MORAVEC Teamu, kdy se nejd\u0159\u00edve sejdeme u Pavlovsk\u00e9 kaple, kde bude v odpoledn\u00edch hodin\u00e1ch Panem far\u00e1\u0159em Pavlem Koutn\u00edkem slou\u017eena M\u0161e Svat\u00e1 za MORAVEC Team, po jej\u00edm skon\u010den\u00ed\u00a0 se p\u0159esuneme\u00a0 do restaurace Morava Bene\u0161ov, kde p\u0159ed\u00e1n\u00edm dres\u016f na\u0161im rajdr\u016fm sez\u00f3nu 2019 pomysln\u011b odstartujeme. P\u0159esn\u00e9 \u010dasy budou v\u010das up\u0159esny.<\/div>\n<\/li>\n<li style=\"text-align: justify;\"><strong><span style=\"color: #800000;\">MTB &#8222;Vrchovina&#8220; 2019<\/span><\/strong> m\u00e1 ji\u017e &#8211; jak pevn\u011b v\u011b\u0159\u00edm &#8211; pevn\u00e9 term\u00edny jako ona pov\u011bstn\u00e1 &#8222;Helvetsk\u00e1 v\u00edra&#8220;:\u00a0<strong><span style=\"color: #800000;\">4.5. &#8211; Vlachov, 18.5.\u00a0 Bene\u0161ov, 8.6. &#8211; Okrouhl\u00e1, 22.6. \u017d\u010f\u00e1rn\u00e1, 13.7. Protivanov, 10.8. Bukov\u00e1, 17.8. Boskovice, 24.8. Ko\u0159enec, 7.9. Velenov, 14.9. Kn\u00ednice, 21.9. Nov\u00e9 M\u011bsto n Morav\u011b &#8211; fin\u00e1le.<\/span><\/strong>\u00a0Term\u00ednov\u00fd kalend\u00e1\u0159 na r. 2019 se z\u00e1vodn\u00edmi prioritami MORAVEC Teamu, bude zve\u0159ejn\u011bn na na\u0161ich www v tomto t\u00fddnu.<\/li>\n<\/ul>\n<p>&nbsp;<\/p>\n<p style=\"text-align: justify;\">\n","protected":false},"excerpt":{"rendered":"<p>Ne, \u017ee by se nic ned\u011blo ve Startovn\u00edm T\u00fddnu 07&#8230;To se p\u0159ev\u00e1\u017en\u00e1 v\u011bt\u0161ina na\u0161ich rajdr\u016f soust\u0159edila na b\u011b\u017ek\u00e1ch v Jesen\u00edk\u00e1ch na Chat\u011b N\u00e1vr\u0161\u00ed (n\u00e1vrat z velmi \u00fasp\u011b\u0161n\u00e9 p\u0159\u00edpravn\u00e9 mise prob\u011bhl podle pl\u00e1nu v sobotu, 16. \u00fanora, zde je fotogalerie z fin\u00e1ln\u00ed \u010d\u00e1sti).\u00a0 \u010cas ale let\u00ed po sv\u00e9 stabiln\u00ed trati stejn\u011b rychle, jako Jarda Kulhav\u00fd na &hellip; <a href=\"https:\/\/www.moravecteam.cz\/?p=12811\" class=\"more-link\">Pokra\u010dov\u00e1n\u00ed textu <span class=\"screen-reader-text\">Co se bude d\u00edt? (ST08)-3<\/span> <span class=\"meta-nav\">&rarr;<\/span><\/a><\/p>\n","protected":false},"author":3,"featured_media":12816,"comment_status":"open","ping_status":"closed","sticky":false,"template":"","format":"standard","meta":[],"categories":[11],"tags":[],"_links":{"self":[{"href":"https:\/\/www.moravecteam.cz\/index.php?rest_route=\/wp\/v2\/posts\/12811"}],"collection":[{"href":"https:\/\/www.moravecteam.cz\/index.php?rest_route=\/wp\/v2\/posts"}],"about":[{"href":"https:\/\/www.moravecteam.cz\/index.php?rest_route=\/wp\/v2\/types\/post"}],"author":[{"embeddable":true,"href":"https:\/\/www.moravecteam.cz\/index.php?rest_route=\/wp\/v2\/users\/3"}],"replies":[{"embeddable":true,"href":"https:\/\/www.moravecteam.cz\/index.php?rest_route=%2Fwp%2Fv2%2Fcomments&post=12811"}],"version-history":[{"count":10,"href":"https:\/\/www.moravecteam.cz\/index.php?rest_route=\/wp\/v2\/posts\/12811\/revisions"}],"predecessor-version":[{"id":12823,"href":"https:\/\/www.moravecteam.cz\/index.php?rest_route=\/wp\/v2\/posts\/12811\/revisions\/12823"}],"wp:featuredmedia":[{"embeddable":true,"href":"https:\/\/www.moravecteam.cz\/index.php?rest_route=\/wp\/v2\/media\/12816"}],"wp:attachment":[{"href":"https:\/\/www.moravecteam.cz\/index.php?rest_route=%2Fwp%2Fv2%2Fmedia&parent=12811"}],"wp:term":[{"taxonomy":"category","embeddable":true,"href":"https:\/\/www.moravecteam.cz\/index.php?rest_route=%2Fwp%2Fv2%2Fcategories&post=12811"},{"taxonomy":"post_tag","embeddable":true,"href":"https:\/\/www.moravecteam.cz\/index.php?rest_route=%2Fwp%2Fv2%2Ftags&post=12811"}],"curies":[{"name":"wp","href":"https:\/\/api.w.org\/{rel}","templated":true}]}}