{"id":12825,"date":"2019-02-26T04:08:55","date_gmt":"2019-02-26T03:08:55","guid":{"rendered":"http:\/\/www.moravecteam.cz\/?p=12825"},"modified":"2019-02-26T04:08:55","modified_gmt":"2019-02-26T03:08:55","slug":"co-se-bude-dit-st09-4","status":"publish","type":"post","link":"https:\/\/www.moravecteam.cz\/?p=12825","title":{"rendered":"Co se bude d\u00edt? (ST09)"},"content":{"rendered":"<h5><span style=\"color: #800000;\">Pond\u011bl\u00ed 25.2. 2019<\/span><\/h5>\n<p style=\"text-align: justify;\">Tr\u00e9nink techniky j\u00edzdy na kole v prostor\u00e1ch zimn\u00edho stadionu Blansko &#8211;\u00a0od 17.00 hodin.\u00a0Vzhledem k p\u0159etrv\u00e1vaj\u00edci povaze tr\u00e9ninku si sebou vezm\u011bte cyklistick\u00e9 tretry + p\u0159\u00edslu\u0161n\u00e9 ped\u00e1ly.<\/p>\n<h5><span style=\"color: #800000;\">\u00dater\u00fd 26.2. 2019<\/span><\/h5>\n<p style=\"text-align: justify;\">Tr\u00e9nink dle aktu\u00e1ln\u00edch pokyn\u016f tren\u00e9ra Milana Tlamky je mo\u017eno realizovat v bene\u0161ovsk\u00e9 t\u011blocvi\u010dn\u011b od 18.00 minim\u00e1ln\u011b do 19.30 hodin. V p\u0159\u00edpad\u011b Va\u0161eho z\u00e1jmu m\u011b b\u011bhem pond\u011bl\u00ed nebo \u00fater\u00fd\u00a0kontaktujte na moje\u00a0605 0J\u00e1gr 0Nagano.<\/p>\n<h5><span style=\"color: #800000;\">St\u0159eda 27.2. 2019<\/span><\/h5>\n<p style=\"text-align: justify;\">Tr\u00e9nink formou cvi\u010den\u00ed v Bene\u0161ovsk\u00e9 t\u011blocvi\u010dn\u011b. Od 16.30\u00a0do 18.00 hodin.<\/p>\n<h5><span style=\"color: #800000;\">\u010ctvrtek 28.2. 2019<\/span><\/h5>\n<ul>\n<li style=\"text-align: justify;\">Tr\u00e9nink aerobn\u00ed zdatnosti, od 18.00 do 19.00 hod. formou plav\u00e1n\u00ed v l\u00e1zn\u00edch Boskovice.<\/li>\n<li style=\"text-align: justify;\">Nakl\u00e1dka silni\u010dn\u00edch kol do odd\u00edlov\u00e9ho voz\u00edku skupiny MORAVEC Team, kter\u00e1 jede na jarn\u00ed soust\u0159ed\u011bn\u00ed do Puly. Od 15.00 do 18.00 u Koudelk\u016f, Bene\u0161ov &#8211; Pavlov 213.<\/li>\n<\/ul>\n<h5><span style=\"color: #800000;\">P\u00e1tek 1.3. 2019<\/span><\/h5>\n<p style=\"text-align: justify;\">Odjezd skupiny MORAVEC Team do na jarn\u00ed soust\u0159ed\u011bn\u00ed do Chorvatska. V 5.30 od restaurace MORAVA Bene\u0161ov &#8211; invazn\u00ed vozidlo Jirky \u0160t\u011bpan\u00edka, v 6.00 od Odehnal\u016f, Boskovice, Hybe\u0161ova 51 &#8211; ob\u011b invazn\u00ed vozidla. Operaci z kryc\u00edm n\u00e1zvem DROGAR 3 &#8211; zdar!<\/p>\n<h5><span style=\"color: #800000;\">AKCE T\u011aSN\u011a ZA HORIZONTEM<\/span><\/h5>\n<ul>\n<li>\n<div style=\"text-align: justify;\">2.4. 2019 (zp\u0159esn\u011bn\u00fd term\u00edn)\u00a0&#8211; zah\u00e1jen\u00ed sez\u00f3ny MORAVEC Teamu, kdy se nejd\u0159\u00edve sejdeme v 16.00 hodin u Pavlovsk\u00e9 kaple, kde bude\u00a0 Panem far\u00e1\u0159em Pavlem Koutn\u00edkem slou\u017eena M\u0161e Svat\u00e1 za MORAVEC Team, po jej\u00edm skon\u010den\u00ed\u00a0 se p\u0159esuneme\u00a0 do restaurace Morava Bene\u0161ov, kde p\u0159ed\u00e1n\u00edm dres\u016f na\u0161im rajdr\u016fm sez\u00f3nu 2019 pomysln\u011b odstartujeme.<\/div>\n<\/li>\n<li style=\"text-align: justify;\">MTB &#8222;Vrchovina&#8220; 2019\u00a0m\u00e1 ji\u017e &#8211; jak pevn\u011b v\u011b\u0159\u00edm &#8211; pevn\u00e9 term\u00edny jako ona pov\u011bstn\u00e1 &#8222;Helvetsk\u00e1 v\u00edra&#8220;:\u00a0<strong><span style=\"color: #800000;\">4.5. &#8211; Vlachov, 18.5.\u00a0 Bene\u0161ov, 8.6. &#8211; Okrouhl\u00e1, 22.6. \u017d\u010f\u00e1rn\u00e1, 13.7. Protivanov, 10.8. Bukov\u00e1, 17.8. Boskovice, 24.8. Ko\u0159enec, 7.9. Velenov, 14.9. Kn\u00ednice, 21.9. Nov\u00e9 M\u011bsto n Morav\u011b &#8211; fin\u00e1le.\u00a0<\/span><\/strong>Term\u00ednov\u00fd kalend\u00e1\u0159 na r. 2019 se z\u00e1vodn\u00edmi prioritami MORAVEC Teamu, bude zve\u0159ejn\u011bn na na\u0161ich www v tomto t\u00fddnu.<\/li>\n<\/ul>\n<h5><span style=\"color: #800000;\">AKCE ZA DV\u011aMA HORIZONTY<\/span><\/h5>\n<p>Pr\u00e1zdninov\u00fd Kemp MORAVEC Teamu prob\u011bhne v t\u00fddnu od 29.7. do 2.8. 2019. Opera\u010dn\u00ed prostor: Ji\u017en\u00ed Morava.<\/p>\n<p style=\"text-align: justify;\">\n","protected":false},"excerpt":{"rendered":"<p>Pond\u011bl\u00ed 25.2. 2019 Tr\u00e9nink techniky j\u00edzdy na kole v prostor\u00e1ch zimn\u00edho stadionu Blansko &#8211;\u00a0od 17.00 hodin.\u00a0Vzhledem k p\u0159etrv\u00e1vaj\u00edci povaze tr\u00e9ninku si sebou vezm\u011bte cyklistick\u00e9 tretry + p\u0159\u00edslu\u0161n\u00e9 ped\u00e1ly. \u00dater\u00fd 26.2. 2019 Tr\u00e9nink dle aktu\u00e1ln\u00edch pokyn\u016f tren\u00e9ra Milana Tlamky je mo\u017eno realizovat v bene\u0161ovsk\u00e9 t\u011blocvi\u010dn\u011b od 18.00 minim\u00e1ln\u011b do 19.30 hodin. V p\u0159\u00edpad\u011b Va\u0161eho z\u00e1jmu m\u011b &hellip; <a href=\"https:\/\/www.moravecteam.cz\/?p=12825\" class=\"more-link\">Pokra\u010dov\u00e1n\u00ed textu <span class=\"screen-reader-text\">Co se bude d\u00edt? (ST09)<\/span> <span class=\"meta-nav\">&rarr;<\/span><\/a><\/p>\n","protected":false},"author":3,"featured_media":12827,"comment_status":"open","ping_status":"closed","sticky":false,"template":"","format":"standard","meta":[],"categories":[9],"tags":[],"_links":{"self":[{"href":"https:\/\/www.moravecteam.cz\/index.php?rest_route=\/wp\/v2\/posts\/12825"}],"collection":[{"href":"https:\/\/www.moravecteam.cz\/index.php?rest_route=\/wp\/v2\/posts"}],"about":[{"href":"https:\/\/www.moravecteam.cz\/index.php?rest_route=\/wp\/v2\/types\/post"}],"author":[{"embeddable":true,"href":"https:\/\/www.moravecteam.cz\/index.php?rest_route=\/wp\/v2\/users\/3"}],"replies":[{"embeddable":true,"href":"https:\/\/www.moravecteam.cz\/index.php?rest_route=%2Fwp%2Fv2%2Fcomments&post=12825"}],"version-history":[{"count":1,"href":"https:\/\/www.moravecteam.cz\/index.php?rest_route=\/wp\/v2\/posts\/12825\/revisions"}],"predecessor-version":[{"id":12826,"href":"https:\/\/www.moravecteam.cz\/index.php?rest_route=\/wp\/v2\/posts\/12825\/revisions\/12826"}],"wp:featuredmedia":[{"embeddable":true,"href":"https:\/\/www.moravecteam.cz\/index.php?rest_route=\/wp\/v2\/media\/12827"}],"wp:attachment":[{"href":"https:\/\/www.moravecteam.cz\/index.php?rest_route=%2Fwp%2Fv2%2Fmedia&parent=12825"}],"wp:term":[{"taxonomy":"category","embeddable":true,"href":"https:\/\/www.moravecteam.cz\/index.php?rest_route=%2Fwp%2Fv2%2Fcategories&post=12825"},{"taxonomy":"post_tag","embeddable":true,"href":"https:\/\/www.moravecteam.cz\/index.php?rest_route=%2Fwp%2Fv2%2Ftags&post=12825"}],"curies":[{"name":"wp","href":"https:\/\/api.w.org\/{rel}","templated":true}]}}