{"id":12829,"date":"2019-03-02T20:47:11","date_gmt":"2019-03-02T19:47:11","guid":{"rendered":"http:\/\/www.moravecteam.cz\/?p=12829"},"modified":"2019-03-02T20:52:26","modified_gmt":"2019-03-02T19:52:26","slug":"yetti-mezinarodni","status":"publish","type":"post","link":"https:\/\/www.moravecteam.cz\/?p=12829","title":{"rendered":"YETTI mezin\u00e1rodn\u00ed!"},"content":{"rendered":"<p style=\"text-align: justify;\"><strong><span style=\"color: #800000;\">Leto\u0161n\u00ed p\u00e1tr\u00e1n\u00ed po stop\u00e1ch tajemn\u00fdch tvor\u016f <a href=\"https:\/\/cs.wikipedia.org\/wiki\/Yetti\">YETTI<\/a>, kte\u0159\u00ed se z vysokohorsk\u00e9ho pomez\u00ed mezi Nep\u00e1lem a Indi\u00ed odst\u011bhovali ji\u017e p\u0159ed lety do kopc\u016f <a href=\"https:\/\/cs.wikipedia.org\/wiki\/Drahansk%C3%A1_vrchovina\">Drahansk\u00e9 vrchoviny<\/a>, m\u011blo mezin\u00e1rodn\u00ed \u00fa\u010dast. Mezi p\u00e1tra\u010di byli hned \u010dty\u0159i specialist\u00e9 na tuto mysterickou z\u00e1hadu, ob\u010dan\u00e9 dalek\u00e9 Indie &#8211; Keerthy, Jayram, Shiva a Adarsha. A k na\u0161\u00ed velk\u00e9 radosti po dal\u0161\u00edm \u00fasp\u011b\u0161n\u00e9m kontaktu s t\u011bmito tvory n\u00e1m na\u0161i indi\u010dt\u00ed specialist\u00e9 na t\u00e9matiku sn\u011b\u017en\u00fdch mu\u017e\u016f jednozna\u010dn\u011b potvrdili pravost t\u011bchto tvor\u016f, \u017eij\u00edc\u00edch ve dvojici v lesn\u00edch hvozdech asi 3km ji\u017en\u011b od <a href=\"https:\/\/www.benesov-u-boskovic.cz\/\">Bene\u0161ova u Boskovic<\/a>!<\/span><\/strong><\/p>\n<figure id=\"attachment_12838\" aria-describedby=\"caption-attachment-12838\" style=\"width: 2992px\" class=\"wp-caption alignnone\"><a href=\"http:\/\/www.moravecteam.cz\/?attachment_id=12838\" rel=\"attachment wp-att-12838\"><img decoding=\"async\" loading=\"lazy\" class=\" wp-image-12838\" alt=\"01a\" src=\"http:\/\/www.moravecteam.cz\/wp-content\/uploads\/2019\/03\/01a.jpg\" width=\"2992\" height=\"1681\" srcset=\"https:\/\/www.moravecteam.cz\/wp-content\/uploads\/2019\/03\/01a.jpg 2992w, https:\/\/www.moravecteam.cz\/wp-content\/uploads\/2019\/03\/01a-300x168.jpg 300w, https:\/\/www.moravecteam.cz\/wp-content\/uploads\/2019\/03\/01a-1024x575.jpg 1024w\" sizes=\"(max-width: 2992px) 100vw, 2992px\" \/><\/a><figcaption id=\"caption-attachment-12838\" class=\"wp-caption-text\">Skupiny \u010dty\u0159 Indick\u00fdch expert\u016f z OSN se ujal hned po startu akce vysoce odborn\u011b Karel V\u0161etula!<\/figcaption><\/figure>\n<p style=\"text-align: justify;\">Stejn\u011b, jako m\u00e1me v\u011bt\u0161inou \u010dlen\u016f souboru Divadla J\u00e1ry Cimrmana potvrzenou pravost rukopisu J\u00e1ry Cimrmana (<strong><a href=\"http:\/\/www.moravecteam.cz\/?attachment_id=12833\" rel=\"attachment wp-att-12833\">Rukopis J\u00e1ry Cimrmana<\/a>)<\/strong>, kter\u00fd na\u0161la legend\u00e1rn\u00ed <strong><a href=\"http:\/\/moravec.benesov-u-boskovic.cz\/cz\/vylety\/2007\/kemp-lomnice-u-tisnova\/\">v\u00fdprava MORAVEC Teamu v r. 2007<\/a> <\/strong>pod vrcholem kopce S\u00fdko\u0159, nedaleko m\u011bste\u010dka <strong><a href=\"http:\/\/www.lomnice.cz\/\">Lomnice u Ti\u0161nova<\/a><\/strong>, tak je ov\u011b\u0159ena \u010dty\u0159mi indick\u00fdmi specialisty (na inspekci do Bene\u0161ova\u00a0 je vyslala samotn\u00e1 OSN, sekce \u00dazemn\u00edch a region\u00e1ln\u00edch\u00a0 abnormalit), \u017ee dva na\u0161i chlupat\u00ed chlap\u00edci, kte\u0159\u00ed maj\u00ed zpravidla jedenkr\u00e1t ro\u010dn\u011b z\u00e1jem o kontakt v\u00fdhradn\u011b a pouze se \u010dleny cyklistick\u00e9ho odd\u00edlu MORAVEC Team a jejich p\u0159\u00e1teli, jsou tedy prav\u00fdmi, jedine\u010dn\u00fdmi a skute\u010dn\u00fdmi YETTI!!!<\/p>\n<figure id=\"attachment_12839\" aria-describedby=\"caption-attachment-12839\" style=\"width: 5353px\" class=\"wp-caption alignnone\"><a href=\"http:\/\/www.moravecteam.cz\/?attachment_id=12839\" rel=\"attachment wp-att-12839\"><img decoding=\"async\" loading=\"lazy\" class=\" wp-image-12839\" alt=\"02\" src=\"http:\/\/www.moravecteam.cz\/wp-content\/uploads\/2019\/03\/02.jpg\" width=\"5353\" height=\"2646\" srcset=\"https:\/\/www.moravecteam.cz\/wp-content\/uploads\/2019\/03\/02.jpg 5353w, https:\/\/www.moravecteam.cz\/wp-content\/uploads\/2019\/03\/02-300x148.jpg 300w, https:\/\/www.moravecteam.cz\/wp-content\/uploads\/2019\/03\/02-1024x506.jpg 1024w\" sizes=\"(max-width: 5353px) 100vw, 5353px\" \/><\/a><figcaption id=\"caption-attachment-12839\" class=\"wp-caption-text\">Skupina p\u00e1tra\u010d\u016f asi v polovin\u011b cesty po nalezen\u00ed jedn\u00e9 ze zpr\u00e1v od YETTI.<\/figcaption><\/figure>\n<p style=\"text-align: justify;\">Leto\u0161n\u00ed tuh\u00e1 zima \u0161la dv\u011bma jmenovan\u00fdm b\u00e1jn\u00fdm bytostem bezesporu vysloven\u011b k duhu. Jejich srst se sjednotila do tmav\u011b b\u00edl\u00e9 a\u017e \u0161ed\u00e9 barvy a t\u00e9\u017e se z\u00e1rove\u0148 zjemnila &#8211; co\u017e jsme mohli poc\u00edtit p\u0159i d\u016fv\u011brn\u00e9m kontaktu s nimi, kter\u00fd se uskute\u010d\u0148oval zpravidla p\u0159i\u00a0 \u00favodn\u00edch v\u00edtac\u00edch procedur\u00e1ch, spo\u010d\u00edvaj\u00edc\u00edch ve vz\u00e1jemn\u00e9m\u00a0 srd\u010dn\u00e9m obj\u00edm\u00e1n\u00ed! Ani jejich pohostinost se l\u00e9ty nem\u011bn\u00ed: k\u0159upky, bramb\u016frky byli od na\u0161ich pozorn\u00fdch hostitel\u016f pro d\u011btsk\u00e9 p\u00e1tra\u010de op\u011bt p\u0159ipraveny v hojn\u00e9 m\u00ed\u0159e!<\/p>\n<figure id=\"attachment_12840\" aria-describedby=\"caption-attachment-12840\" style=\"width: 4146px\" class=\"wp-caption alignnone\"><a href=\"http:\/\/www.moravecteam.cz\/?attachment_id=12840\" rel=\"attachment wp-att-12840\"><img decoding=\"async\" loading=\"lazy\" class=\" wp-image-12840\" alt=\"03\" src=\"http:\/\/www.moravecteam.cz\/wp-content\/uploads\/2019\/03\/03.jpg\" width=\"4146\" height=\"2984\" srcset=\"https:\/\/www.moravecteam.cz\/wp-content\/uploads\/2019\/03\/03.jpg 4146w, https:\/\/www.moravecteam.cz\/wp-content\/uploads\/2019\/03\/03-300x215.jpg 300w, https:\/\/www.moravecteam.cz\/wp-content\/uploads\/2019\/03\/03-1024x737.jpg 1024w\" sizes=\"(max-width: 4146px) 100vw, 4146px\" \/><\/a><figcaption id=\"caption-attachment-12840\" class=\"wp-caption-text\">YETTI s pracovn\u00edm jm\u00e9nem ALFA. Je mo\u017en\u00e1 na\u0161\u00ed chybou, \u017ee jsme kluky doposud nepojmenovali&#8230; Vyhla\u0161uji t\u00edmto ve\u0159ejnou odd\u00edlovou sout\u011b\u017e na jm\u00e9na pro YETTI! Oni sami se asi u\u017e nepok\u0159t\u00ed&#8230; Term\u00edn sout\u011b\u017ee: do roka a do dne! Autor v\u00edt\u011bzn\u00e9ho n\u00e1vrhu bude odm\u011bn\u011bn!<\/figcaption><\/figure>\n<p style=\"text-align: justify;\">Pravda, stopovat jsme je letos moc nemohli&#8230; Zmrzl\u00fd a zledovat\u011bl\u00fd sn\u00edh, jako\u017e i\u00a0 marazem ztuhl\u00fd okoln\u00ed ter\u00e9n bohu\u017eel neum\u017e\u0148oval vysledovat otisky jejich paranorm\u00e1ln\u00edch \u0161l\u00e9p\u011bj\u00ed, ale oba YETTI prok\u00e1zali op\u011bt nejen zn\u00e1mku vysok\u00e9 inteligence, ale i dobrou znalost pravopisu \u010desk\u00e9ho jazyka, konkr\u00e9tn\u011b Hor\u00e1ck\u00e9ho dialektu: abychom je bez pot\u00ed\u017e\u00ed i letos vyhledali, zanechali n\u00e1m na kl\u00ed\u010dov\u00fdch m\u00edstech orienta\u010dn\u00ed \u0161ipky a po cel\u00e9 t\u0159\u00edkilometrov\u00e9 distanci celkem p\u011bt psan\u00fdch zpr\u00e1v, kter\u00fdmi n\u00e1s nav\u00e1d\u011bli spr\u00e1vn\u00fdm sm\u011brem!<\/p>\n<figure id=\"attachment_12841\" aria-describedby=\"caption-attachment-12841\" style=\"width: 2467px\" class=\"wp-caption alignnone\"><a href=\"http:\/\/www.moravecteam.cz\/?attachment_id=12841\" rel=\"attachment wp-att-12841\"><img decoding=\"async\" loading=\"lazy\" class=\" wp-image-12841\" alt=\"04\" src=\"http:\/\/www.moravecteam.cz\/wp-content\/uploads\/2019\/03\/04.jpg\" width=\"2467\" height=\"2154\" srcset=\"https:\/\/www.moravecteam.cz\/wp-content\/uploads\/2019\/03\/04.jpg 2467w, https:\/\/www.moravecteam.cz\/wp-content\/uploads\/2019\/03\/04-300x261.jpg 300w, https:\/\/www.moravecteam.cz\/wp-content\/uploads\/2019\/03\/04-1024x894.jpg 1024w\" sizes=\"(max-width: 2467px) 100vw, 2467px\" \/><\/a><figcaption id=\"caption-attachment-12841\" class=\"wp-caption-text\">YETTI s pracovn\u00edm jm\u00e9nem BETA&#8230; Taky sympa\u0165\u00e1k&#8230;!<\/figcaption><\/figure>\n<p style=\"text-align: justify;\">Nejlep\u0161\u00edmi hleda\u010di t\u011bchto sm\u011brov\u00fdch indici\u00ed byli samoz\u0159ejm\u011b d\u011bt\u0161t\u00ed stopa\u0159i, p\u0159i\u010dem\u017e sourozenci <strong><span style=\"color: #800000;\">Honz\u00edk a Jana Lipen\u0161t\u00ed<\/span><\/strong>, spolu s neboj\u00e1cnou\u00a0<strong><span style=\"color: #800000;\">Leonkou Eclerovou<\/span><\/strong> a <span style=\"color: #800000;\"><strong>Bar\u010dou Janovskou<\/strong><\/span> projevili nejv\u011bt\u0161\u00ed post\u0159eh p\u0159i hled\u00e1n\u00ed zpr\u00e1v a pozemn\u00edch sm\u011brov\u00fdch \u0161ipkov\u00fdch ukazatel\u016f. Bu\u0159tov\u00fd piknik ve spole\u010dnosti na\u0161ich b\u00e1jn\u00fdch hostitel\u016f za d\u016fsledn\u00e9ho dodr\u017eov\u00e1n\u00ed pitn\u00e9ho re\u017eimu, stejn\u011b jako fin\u00e1ln\u00ed f\u00e1ze tradi\u010dn\u00ed akce, kter\u00e1 n\u00e1sledovala po p\u0159esunu v\u011bt\u0161iny stopa\u0159\u016f (YETTI v\u010detn\u011b) v <a href=\"http:\/\/www.restaurace-morava.cz\/\"><strong>restauraci Morava Bene\u0161ov<\/strong>,<\/a> kde u\u017e na n\u00e1s \u010dekala i p\u0159edsedkyn\u011b na\u0161eho FAN Klubu, <strong><span style=\"color: #800000;\">Maru\u0161ka Zouharov\u00e1<\/span><\/strong> &#8211; to v\u0161e nem\u011blo v posledn\u00ed \u00fanorovou ned\u011bli opravdu chybu..!<\/p>\n<figure id=\"attachment_12842\" aria-describedby=\"caption-attachment-12842\" style=\"width: 4970px\" class=\"wp-caption alignnone\"><a href=\"http:\/\/www.moravecteam.cz\/?attachment_id=12842\" rel=\"attachment wp-att-12842\"><img decoding=\"async\" loading=\"lazy\" class=\" wp-image-12842\" alt=\"05\" src=\"http:\/\/www.moravecteam.cz\/wp-content\/uploads\/2019\/03\/05.jpg\" width=\"4970\" height=\"1945\" srcset=\"https:\/\/www.moravecteam.cz\/wp-content\/uploads\/2019\/03\/05.jpg 4970w, https:\/\/www.moravecteam.cz\/wp-content\/uploads\/2019\/03\/05-300x117.jpg 300w, https:\/\/www.moravecteam.cz\/wp-content\/uploads\/2019\/03\/05-1024x400.jpg 1024w\" sizes=\"(max-width: 4970px) 100vw, 4970px\" \/><\/a><figcaption id=\"caption-attachment-12842\" class=\"wp-caption-text\">Kr\u00e1tce p\u0159ed rozchodem ze druh\u00e9ho nejvy\u0161\u0161\u00edho vrcholu Drahansk\u00e9 vrchoviny &#8211; Sk\u00e1ly 734 m.n.m. a p\u0159ed \u00fastupem do p\u0159edem p\u0159ipraven\u00fdch pozic v restauraci Morava.<\/figcaption><\/figure>\n<p style=\"text-align: justify;\">A chcete v\u011bd\u011bt, co bylo na zaps\u00e1no na p\u011bti zpr\u00e1v\u00e1ch YETTI? Zde je doslovn\u00fd p\u0159epis jejich origin\u00e1ln\u00edch text\u016f:<\/p>\n<ol>\n<li>AHOJ! DETE DOBRE FURT ROVNO! YETI (zpr\u00e1va na cca 0,5 km)<\/li>\n<li>TESIME SE NA V\u00c1S JSME DVA YETA (zpr\u00e1va na cca 1,0 km)<\/li>\n<li>O\u017d SE BLI\u017dITE JESTE 7 KR\u00c1T 100 YETI KROKU (zpr\u00e1va na cca 1,8 km &#8211; je ot\u00e1zkou, jak dlouh\u00fd je YETTI krok?)<\/li>\n<li>AHOJ M\u00c1ME PRO V\u00c1S D\u00c1RKE! POSP\u011aCH\u00c9TE! YETI (zpr\u00e1va na cca 2,3 km &#8211; viz n\u00ed\u017ee fotka)<\/li>\n<li>AHOJ! O\u017d N\u00c1S VIDITE? YETI (zpr\u00e1va na ca 2,7 km)<\/li>\n<\/ol>\n<figure id=\"attachment_12843\" aria-describedby=\"caption-attachment-12843\" style=\"width: 3281px\" class=\"wp-caption alignnone\"><a href=\"http:\/\/www.moravecteam.cz\/?attachment_id=12843\" rel=\"attachment wp-att-12843\"><img decoding=\"async\" loading=\"lazy\" class=\" wp-image-12843\" alt=\"06\" src=\"http:\/\/www.moravecteam.cz\/wp-content\/uploads\/2019\/03\/06.jpg\" width=\"3281\" height=\"3055\" srcset=\"https:\/\/www.moravecteam.cz\/wp-content\/uploads\/2019\/03\/06.jpg 3281w, https:\/\/www.moravecteam.cz\/wp-content\/uploads\/2019\/03\/06-300x279.jpg 300w, https:\/\/www.moravecteam.cz\/wp-content\/uploads\/2019\/03\/06-1024x953.jpg 1024w\" sizes=\"(max-width: 3281px) 100vw, 3281px\" \/><\/a><figcaption id=\"caption-attachment-12843\" class=\"wp-caption-text\">Tak takhle vypad\u00e1 origin\u00e1ln\u00ed rukopis YETTI..!<\/figcaption><\/figure>\n<p>A zde jsou je\u0161t\u011b dv\u011b vydatn\u00e9 fotogalerie ze stopova\u010dky:<\/p>\n<ul>\n<li><strong><a href=\"https:\/\/moravecteam.rajce.idnes.cz\/2019.02.24_Po_stopach_YETTI\">Fotogalerie \u010d.1<\/a><\/strong><\/li>\n<li><strong><a href=\"https:\/\/moravecteam.rajce.idnes.cz\/2019.02.24_Po_stopach_YETTI_-_2\">Fotogalerie \u010d.2<\/a><\/strong><\/li>\n<\/ul>\n","protected":false},"excerpt":{"rendered":"<p>Leto\u0161n\u00ed p\u00e1tr\u00e1n\u00ed po stop\u00e1ch tajemn\u00fdch tvor\u016f YETTI, kte\u0159\u00ed se z vysokohorsk\u00e9ho pomez\u00ed mezi Nep\u00e1lem a Indi\u00ed odst\u011bhovali ji\u017e p\u0159ed lety do kopc\u016f Drahansk\u00e9 vrchoviny, m\u011blo mezin\u00e1rodn\u00ed \u00fa\u010dast. Mezi p\u00e1tra\u010di byli hned \u010dty\u0159i specialist\u00e9 na tuto mysterickou z\u00e1hadu, ob\u010dan\u00e9 dalek\u00e9 Indie &#8211; Keerthy, Jayram, Shiva a Adarsha. A k na\u0161\u00ed velk\u00e9 radosti po dal\u0161\u00edm \u00fasp\u011b\u0161n\u00e9m kontaktu &hellip; <a href=\"https:\/\/www.moravecteam.cz\/?p=12829\" class=\"more-link\">Pokra\u010dov\u00e1n\u00ed textu <span class=\"screen-reader-text\">YETTI mezin\u00e1rodn\u00ed!<\/span> <span class=\"meta-nav\">&rarr;<\/span><\/a><\/p>\n","protected":false},"author":3,"featured_media":12844,"comment_status":"open","ping_status":"closed","sticky":false,"template":"","format":"standard","meta":[],"categories":[13],"tags":[],"_links":{"self":[{"href":"https:\/\/www.moravecteam.cz\/index.php?rest_route=\/wp\/v2\/posts\/12829"}],"collection":[{"href":"https:\/\/www.moravecteam.cz\/index.php?rest_route=\/wp\/v2\/posts"}],"about":[{"href":"https:\/\/www.moravecteam.cz\/index.php?rest_route=\/wp\/v2\/types\/post"}],"author":[{"embeddable":true,"href":"https:\/\/www.moravecteam.cz\/index.php?rest_route=\/wp\/v2\/users\/3"}],"replies":[{"embeddable":true,"href":"https:\/\/www.moravecteam.cz\/index.php?rest_route=%2Fwp%2Fv2%2Fcomments&post=12829"}],"version-history":[{"count":12,"href":"https:\/\/www.moravecteam.cz\/index.php?rest_route=\/wp\/v2\/posts\/12829\/revisions"}],"predecessor-version":[{"id":12850,"href":"https:\/\/www.moravecteam.cz\/index.php?rest_route=\/wp\/v2\/posts\/12829\/revisions\/12850"}],"wp:featuredmedia":[{"embeddable":true,"href":"https:\/\/www.moravecteam.cz\/index.php?rest_route=\/wp\/v2\/media\/12844"}],"wp:attachment":[{"href":"https:\/\/www.moravecteam.cz\/index.php?rest_route=%2Fwp%2Fv2%2Fmedia&parent=12829"}],"wp:term":[{"taxonomy":"category","embeddable":true,"href":"https:\/\/www.moravecteam.cz\/index.php?rest_route=%2Fwp%2Fv2%2Fcategories&post=12829"},{"taxonomy":"post_tag","embeddable":true,"href":"https:\/\/www.moravecteam.cz\/index.php?rest_route=%2Fwp%2Fv2%2Ftags&post=12829"}],"curies":[{"name":"wp","href":"https:\/\/api.w.org\/{rel}","templated":true}]}}