{"id":12851,"date":"2019-03-03T21:37:22","date_gmt":"2019-03-03T20:37:22","guid":{"rendered":"http:\/\/www.moravecteam.cz\/?p=12851"},"modified":"2019-03-03T22:40:16","modified_gmt":"2019-03-03T21:40:16","slug":"libor-bartos-vystavuje","status":"publish","type":"post","link":"https:\/\/www.moravecteam.cz\/?p=12851","title":{"rendered":"Libor Barto\u0161 vystavuje!"},"content":{"rendered":"<p style=\"text-align: justify;\"><strong><span style=\"color: #800000;\">Odd\u00edlov\u00fd designer Libor Barto\u0161, jeho\u017e um\u011bleckou dovednost a n\u00e1paditost jsme u\u017e m\u011bli mo\u017enost n\u011bkolikr\u00e1t ocenit v r\u00e1mci MTB &#8222;Vrchoviny&#8220; (p\u0159edev\u0161\u00edm v souvislosti se zda\u0159il\u00fdm a vysoce oce\u0148ovan\u00fdm designem fin\u00e1ln\u00edch trofej\u00ed &#8211; tj. poh\u00e1r\u016f Drahansk\u00e9 vrchoviny, jejich\u017e autorem je Libor &#8211; nepletu-li se &#8211; od r. 2016), vystavuje n\u011bkolik sv\u00fdch &#8222;\u010derstv\u00fdch&#8220; d\u011bl od 1.3. 2019 v Galerii Jon\u00e1\u0161, v Blansku, Smetanova ulice \u010d.6.<\/span><\/strong><\/p>\n<figure id=\"attachment_12855\" aria-describedby=\"caption-attachment-12855\" style=\"width: 4609px\" class=\"wp-caption alignnone\"><a href=\"http:\/\/www.moravecteam.cz\/?attachment_id=12855\" rel=\"attachment wp-att-12855\"><img decoding=\"async\" loading=\"lazy\" class=\" wp-image-12855\" alt=\"IMG_8004\" src=\"http:\/\/www.moravecteam.cz\/wp-content\/uploads\/2019\/03\/IMG_8004.jpg\" width=\"4609\" height=\"2620\" srcset=\"https:\/\/www.moravecteam.cz\/wp-content\/uploads\/2019\/03\/IMG_8004.jpg 4609w, https:\/\/www.moravecteam.cz\/wp-content\/uploads\/2019\/03\/IMG_8004-300x170.jpg 300w, https:\/\/www.moravecteam.cz\/wp-content\/uploads\/2019\/03\/IMG_8004-1024x582.jpg 1024w\" sizes=\"(max-width: 4609px) 100vw, 4609px\" \/><\/a><figcaption id=\"caption-attachment-12855\" class=\"wp-caption-text\">Zv\u011bdav\u00ed MORAVCI p\u0159ed vstupem do v\u00fdstavn\u00edho s\u00e1lu. No, sp\u00ed\u0161e s\u00e1lku&#8230;<\/figcaption><\/figure>\n<p style=\"text-align: justify;\">Minul\u00fd p\u00e1tek v podve\u010der byla v\u00fdstava zah\u00e1jena slavnostn\u00ed vernis\u00e1\u017e\u00ed, na kter\u00e9 samoz\u0159ejm\u011b MORAVCI nemohli chyb\u011bt. N\u00e1zev v\u00fdstavy &#8211; <strong><span style=\"color: #800000;\">D\u0159evo a kov<\/span> <\/strong>&#8211; napov\u00edd\u00e1, jak\u00fdm, \u017ee to materi\u00e1l\u016fm vdchnul Libor \u017eivot &#8211; tak, jak to um\u00ed jen on &#8211; tentokr\u00e1t&#8230; Jist\u011b m\u00e1te je\u0161t\u011b v dobr\u00e9 pam\u011bti jeho souso\u0161\u00ed Svat\u00e9 rodiny a ove\u010dek, kter\u00e9 moc kr\u00e1sn\u011b o lo\u0148sk\u00fdch v\u00e1noc\u00edch dozdobilo V\u00e1no\u010dn\u00ed strom m\u011bsta Blanska.<\/p>\n<figure id=\"attachment_12857\" aria-describedby=\"caption-attachment-12857\" style=\"width: 2701px\" class=\"wp-caption alignnone\"><a href=\"http:\/\/www.moravecteam.cz\/?attachment_id=12857\" rel=\"attachment wp-att-12857\"><img decoding=\"async\" loading=\"lazy\" class=\" wp-image-12857\" alt=\"IMG_8012-1\" src=\"http:\/\/www.moravecteam.cz\/wp-content\/uploads\/2019\/03\/IMG_8012-1.jpg\" width=\"2701\" height=\"4064\" srcset=\"https:\/\/www.moravecteam.cz\/wp-content\/uploads\/2019\/03\/IMG_8012-1.jpg 2701w, https:\/\/www.moravecteam.cz\/wp-content\/uploads\/2019\/03\/IMG_8012-1-199x300.jpg 199w, https:\/\/www.moravecteam.cz\/wp-content\/uploads\/2019\/03\/IMG_8012-1-680x1024.jpg 680w\" sizes=\"(max-width: 2701px) 100vw, 2701px\" \/><\/a><figcaption id=\"caption-attachment-12857\" class=\"wp-caption-text\">Zv\u011bstov\u00e1n\u00ed Pann\u011b Marii.<\/figcaption><\/figure>\n<p style=\"text-align: justify;\">Mo\u017en\u00e1 i toto velmi poveden\u00e9 souso\u0161\u00ed bylo d\u016fvodem, \u017ee v p\u00e1tek s ve\u010derem, kdy byla vernis\u00e1\u017e zahajov\u00e1na, praskal v\u00fdstavn\u00ed prostor, p\u0159epln\u011bn\u00fd hosty,\u00a0 ve \u0161vech! Ano, pravda, nejedn\u00e1 se tentokr\u00e1t o \u017e\u00e1dn\u00fd velk\u00fd v\u00fdstavn\u00ed s\u00e1l, kter\u00fd by si ur\u010dit\u011b sochy a plastiky Libora Barto\u0161e zaslou\u017eily, p\u0159esto &#8222;n\u00e1val&#8220; ve v\u00fdstavn\u00ed s\u00edni p\u016fsobil velmi sympaticky, a kdy\u017e jsme uvid\u011bli Liborem vystaven\u00e9 kusy, hned n\u00e1m bylo jasn\u00e9, pro\u010d ten z\u00e1jem!<\/p>\n<figure id=\"attachment_12860\" aria-describedby=\"caption-attachment-12860\" style=\"width: 1500px\" class=\"wp-caption alignnone\"><a href=\"http:\/\/www.moravecteam.cz\/?attachment_id=12860\" rel=\"attachment wp-att-12860\"><img decoding=\"async\" loading=\"lazy\" class=\" wp-image-12860\" alt=\"IMG_8008\" src=\"http:\/\/www.moravecteam.cz\/wp-content\/uploads\/2019\/03\/IMG_80081.jpg\" width=\"1500\" height=\"1714\" srcset=\"https:\/\/www.moravecteam.cz\/wp-content\/uploads\/2019\/03\/IMG_80081.jpg 1500w, https:\/\/www.moravecteam.cz\/wp-content\/uploads\/2019\/03\/IMG_80081-262x300.jpg 262w, https:\/\/www.moravecteam.cz\/wp-content\/uploads\/2019\/03\/IMG_80081-896x1024.jpg 896w\" sizes=\"(max-width: 1500px) 100vw, 1500px\" \/><\/a><figcaption id=\"caption-attachment-12860\" class=\"wp-caption-text\">Ske\u010dn\u00fd skvost v\u00fdstavy &#8211; Archand\u011bl Gabriel.<\/figcaption><\/figure>\n<p style=\"text-align: justify;\">Libor Barto\u0161 p\u0159edstavuje na v\u00fdstav\u011b celkem osm d\u011bl (snad jsem na n\u011bjak\u00e9 nezapom\u011bl&#8230;): Zv\u011bstov\u00e1n\u00ed Pann\u011b Marii (kov), Sodoma-Gomora (kov), T\u0159i Gr\u00e1cie (kov), Posledn\u00ed ve\u010de\u0159e P\u00e1n\u011b (d\u0159evo), Archand\u011bl Gabriel (d\u0159evo), Betl\u00e9m (d\u0159evo) + dal\u0161\u00ed dv\u011b d\u0159ev\u011bn\u00e1 d\u00edla, jejich n\u00e1zvy jsem si sice nezapamatoval, ale to nic nem\u011bn\u00ed na faktu, \u017ee v\u0161ech osm vystavovan\u00fdch kus\u016f m\u011b a ur\u010dit\u011b i ostatn\u00ed, hodn\u011b oslovilo svoj\u00ed originalitou a my\u0161lenkou a hlavn\u011b t\u00edm, s \u010d\u00edm u\u017e se dnes v b\u011b\u017en\u00e9m \u017eivot\u011b tak\u0159ka nesetk\u00e1me: <strong><span style=\"color: #800000;\">KR\u00c1SNEM&#8230;<\/span><\/strong><\/p>\n<figure id=\"attachment_12861\" aria-describedby=\"caption-attachment-12861\" style=\"width: 3864px\" class=\"wp-caption alignnone\"><a href=\"http:\/\/www.moravecteam.cz\/?attachment_id=12861\" rel=\"attachment wp-att-12861\"><img decoding=\"async\" loading=\"lazy\" class=\" wp-image-12861\" alt=\"IMG_8007\" src=\"http:\/\/www.moravecteam.cz\/wp-content\/uploads\/2019\/03\/IMG_8007.jpg\" width=\"3864\" height=\"4178\" srcset=\"https:\/\/www.moravecteam.cz\/wp-content\/uploads\/2019\/03\/IMG_8007.jpg 3864w, https:\/\/www.moravecteam.cz\/wp-content\/uploads\/2019\/03\/IMG_8007-277x300.jpg 277w, https:\/\/www.moravecteam.cz\/wp-content\/uploads\/2019\/03\/IMG_8007-947x1024.jpg 947w\" sizes=\"(max-width: 3864px) 100vw, 3864px\" \/><\/a><figcaption id=\"caption-attachment-12861\" class=\"wp-caption-text\">Posledn\u00ed ve\u010de\u0159e P\u00e1n\u011b &#8211; fragment.<\/figcaption><\/figure>\n<p style=\"text-align: justify;\">Mo\u017en\u00e1, \u017ee n\u011bkdo\u00a0 proti m\u00e9mu hodnocen\u00ed bude m\u00edt v\u00fdhrady&#8230; Bude proti n\u011bmu protestovat, bude s n\u00edm nesouhlasit&#8230; Ob\u00e1v\u00e1m se, \u017ee je to ale tak v\u0161echo, co s t\u00edm m\u016f\u017ee d\u011blat&#8230; Proto\u017ee ke jm\u00e9nu Libora Barto\u0161e pat\u0159\u00ed zcela ur\u010dit\u011b a opr\u00e1vn\u011bn\u011b, ji\u017e po l\u00e9ta,\u00a0 je\u0161t\u011b jedno slovo: <strong><span style=\"color: #800000;\">\u00a0MISTR<\/span><\/strong>! V\u00fdstavu si ur\u010dit\u011b nenechte uj\u00edt! Nebo\u0165 kdo neuvid\u00ed Liborovy novinky &#8222;live&#8220;, ten jako by nebyl&#8230; (Schv\u00e1ln\u011b neuv\u00e1d\u00edm v\u0161echna vystavovan\u00e1 d\u00edla, by\u0165 jsem je &#8211; samo, \u017ee &#8211; velmi pe\u010dliv\u011b nafotil)&#8230;<\/p>\n<dl class=\"wp-caption alignnone\" id=\"attachment_12862\" style=\"width: 5162px;\">\n<dt class=\"wp-caption-dt\" style=\"display: inline !important;\"><a href=\"http:\/\/www.moravecteam.cz\/?attachment_id=12862\" rel=\"attachment wp-att-12862\"><img decoding=\"async\" loading=\"lazy\" class=\" wp-image-12862\" alt=\"IMG_8020\" src=\"http:\/\/www.moravecteam.cz\/wp-content\/uploads\/2019\/03\/IMG_8020.jpg\" width=\"5152\" height=\"3864\" srcset=\"https:\/\/www.moravecteam.cz\/wp-content\/uploads\/2019\/03\/IMG_8020.jpg 5152w, https:\/\/www.moravecteam.cz\/wp-content\/uploads\/2019\/03\/IMG_8020-300x225.jpg 300w, https:\/\/www.moravecteam.cz\/wp-content\/uploads\/2019\/03\/IMG_8020-1024x768.jpg 1024w\" sizes=\"(max-width: 5152px) 100vw, 5152px\" \/><\/a><\/dt>\n<\/dl>\n<dl class=\"wp-caption alignnone\" id=\"attachment_12862\" style=\"width: 5162px;\">\n<dd class=\"wp-caption-dd\">Ne tak \u010dasto se po\u0161t\u011bst\u00ed vyfotit se v p\u0159\u00edtomnosti Je\u017e\u00ed\u0161e Krista a jeho U\u010dedn\u00edk\u016f a Archand\u011bla Gabriela&#8230; A v p\u0159\u00edtomnosti Mistra Libora Barto\u0161e!<\/dd>\n<\/dl>\n","protected":false},"excerpt":{"rendered":"<p>Odd\u00edlov\u00fd designer Libor Barto\u0161, jeho\u017e um\u011bleckou dovednost a n\u00e1paditost jsme u\u017e m\u011bli mo\u017enost n\u011bkolikr\u00e1t ocenit v r\u00e1mci MTB &#8222;Vrchoviny&#8220; (p\u0159edev\u0161\u00edm v souvislosti se zda\u0159il\u00fdm a vysoce oce\u0148ovan\u00fdm designem fin\u00e1ln\u00edch trofej\u00ed &#8211; tj. poh\u00e1r\u016f Drahansk\u00e9 vrchoviny, jejich\u017e autorem je Libor &#8211; nepletu-li se &#8211; od r. 2016), vystavuje n\u011bkolik sv\u00fdch &#8222;\u010derstv\u00fdch&#8220; d\u011bl od 1.3. 2019 v &hellip; <a href=\"https:\/\/www.moravecteam.cz\/?p=12851\" class=\"more-link\">Pokra\u010dov\u00e1n\u00ed textu <span class=\"screen-reader-text\">Libor Barto\u0161 vystavuje!<\/span> <span class=\"meta-nav\">&rarr;<\/span><\/a><\/p>\n","protected":false},"author":3,"featured_media":12853,"comment_status":"open","ping_status":"closed","sticky":false,"template":"","format":"standard","meta":[],"categories":[13],"tags":[],"_links":{"self":[{"href":"https:\/\/www.moravecteam.cz\/index.php?rest_route=\/wp\/v2\/posts\/12851"}],"collection":[{"href":"https:\/\/www.moravecteam.cz\/index.php?rest_route=\/wp\/v2\/posts"}],"about":[{"href":"https:\/\/www.moravecteam.cz\/index.php?rest_route=\/wp\/v2\/types\/post"}],"author":[{"embeddable":true,"href":"https:\/\/www.moravecteam.cz\/index.php?rest_route=\/wp\/v2\/users\/3"}],"replies":[{"embeddable":true,"href":"https:\/\/www.moravecteam.cz\/index.php?rest_route=%2Fwp%2Fv2%2Fcomments&post=12851"}],"version-history":[{"count":7,"href":"https:\/\/www.moravecteam.cz\/index.php?rest_route=\/wp\/v2\/posts\/12851\/revisions"}],"predecessor-version":[{"id":12877,"href":"https:\/\/www.moravecteam.cz\/index.php?rest_route=\/wp\/v2\/posts\/12851\/revisions\/12877"}],"wp:featuredmedia":[{"embeddable":true,"href":"https:\/\/www.moravecteam.cz\/index.php?rest_route=\/wp\/v2\/media\/12853"}],"wp:attachment":[{"href":"https:\/\/www.moravecteam.cz\/index.php?rest_route=%2Fwp%2Fv2%2Fmedia&parent=12851"}],"wp:term":[{"taxonomy":"category","embeddable":true,"href":"https:\/\/www.moravecteam.cz\/index.php?rest_route=%2Fwp%2Fv2%2Fcategories&post=12851"},{"taxonomy":"post_tag","embeddable":true,"href":"https:\/\/www.moravecteam.cz\/index.php?rest_route=%2Fwp%2Fv2%2Ftags&post=12851"}],"curies":[{"name":"wp","href":"https:\/\/api.w.org\/{rel}","templated":true}]}}