{"id":12868,"date":"2019-03-03T22:32:41","date_gmt":"2019-03-03T21:32:41","guid":{"rendered":"http:\/\/www.moravecteam.cz\/?p=12868"},"modified":"2019-03-09T16:45:22","modified_gmt":"2019-03-09T15:45:22","slug":"potreti-drogar","status":"publish","type":"post","link":"https:\/\/www.moravecteam.cz\/?p=12868","title":{"rendered":"Pot\u0159et\u00ed DROGAR! &#8211; 3"},"content":{"rendered":"<p style=\"text-align: justify;\"><span style=\"color: #800000;\"><strong>Po italsk\u00e9m Garganu (rok 2016) se fin\u00e1ln\u011b p\u0159ed startem sez\u00f3ny soust\u0159ed\u00ed elitn\u00ed snajp\u0159i MORAVEC Teamu u\u017e pot\u0159et\u00ed za sebou na druh\u00e9 stran\u011b Jadersk\u00e9ho mo\u0159e &#8211; v Chorvatsku. Stejn\u011b jako loni n\u00e1m z\u00e1zem\u00ed poskytuje i letos malebn\u00e9 severochorvatsk\u00e9 m\u011bste\u010dko Pula. V sou\u010dinnosti se sp\u0159\u00e1telenou \u00fadernou skupinou t\u00fdmu Short Bike Academy Opletal, zde od minul\u00e9ho p\u00e1tku operuje vskutku siln\u00e1 skupina 19-ti tr\u00e9nikuchtiv\u00fdch rajdr\u016f!<\/strong><\/span><\/p>\n<h5><span style=\"color: #800000;\">6.3. &#8211; 8.3. 2019<\/span><\/h5>\n<figure id=\"attachment_12894\" aria-describedby=\"caption-attachment-12894\" style=\"width: 955px\" class=\"wp-caption alignnone\"><a href=\"http:\/\/www.moravecteam.cz\/?attachment_id=12894\" rel=\"attachment wp-att-12894\"><img decoding=\"async\" loading=\"lazy\" class=\" wp-image-12894\" alt=\"IMG_0843_1\" src=\"http:\/\/www.moravecteam.cz\/wp-content\/uploads\/2019\/03\/IMG_0843_1.jpg\" width=\"955\" height=\"757\" srcset=\"https:\/\/www.moravecteam.cz\/wp-content\/uploads\/2019\/03\/IMG_0843_1.jpg 955w, https:\/\/www.moravecteam.cz\/wp-content\/uploads\/2019\/03\/IMG_0843_1-300x237.jpg 300w\" sizes=\"(max-width: 955px) 100vw, 955px\" \/><\/a><figcaption id=\"caption-attachment-12894\" class=\"wp-caption-text\">Bike\u0159i v\u0161ech zem\u00ed, spojte se! Aneb: V\u010dechno, co pot\u0159ebujeme, je l\u00e1ska..<\/figcaption><\/figure>\n<p style=\"text-align: justify;\"><span style=\"color: #000000;\">Do druh\u00e9 poloviny se p\u0159ehoupl pobyt spole\u010dn\u00fdch jednotek Short Bike Acadamy Opletal a MORAVEC Teamu, kter\u00e9 absolvuj\u00ed fin\u00e1ln\u00ed soust\u0159ed\u011bn\u00ed p\u0159ed za\u010d\u00e1tkem cyklistick\u00e9 sez\u00f3ny v Chorvatsk\u00e9 Pule. Rajd\u0159i si i nad\u00e1le vedou v\u00fdborn\u011b a krom\u011b rutinn\u00ed ka\u017edodnn\u00ed d\u00e1vky p\u0159edepsan\u00fdch kilometr\u016f neopom\u00edj\u00ed an\u00ed jin\u00e9 formy p\u0159\u00edpravy. Tou byla nap\u0159\u00edklad \u010dtvrte\u010dn\u00ed kondi\u010dn\u00ed vych\u00e1zka do okol\u00ed na\u0161\u00ed do\u010dasn\u00e9 z\u00e1kladny tehdy, kdy\u017e siln\u00fd v\u00edtr od mo\u0159e zabr\u00e1nil v tradi\u010dn\u00edm tr\u00e9ninku. Na\u0161t\u011bst\u00ed nefoukalo dlouho, tak\u017ee p\u0159\u00edprava v z\u00e1v\u011bru pracovn\u00edho t\u00fddne ji\u017e prob\u00edhala podle pl\u00e1nu. Na jedn\u00e9 z v\u00fdji\u017ed\u011bk neopomn\u011bli soust\u0159e\u010fuj\u00edc\u00ed se rajd\u0159i nav\u0161t\u00edvit i Dinopark, kter\u00fd se v regionu nach\u00e1z\u00ed, a kter\u00fd ur\u010dit\u011b st\u00e1l za okouknut\u00ed.<\/span><\/p>\n<figure id=\"attachment_12895\" aria-describedby=\"caption-attachment-12895\" style=\"width: 1507px\" class=\"wp-caption alignnone\"><a href=\"http:\/\/www.moravecteam.cz\/?attachment_id=12895\" rel=\"attachment wp-att-12895\"><img decoding=\"async\" loading=\"lazy\" class=\" wp-image-12895\" alt=\"IMG_0928\" src=\"http:\/\/www.moravecteam.cz\/wp-content\/uploads\/2019\/03\/IMG_0928.jpg\" width=\"1507\" height=\"1067\" srcset=\"https:\/\/www.moravecteam.cz\/wp-content\/uploads\/2019\/03\/IMG_0928.jpg 1507w, https:\/\/www.moravecteam.cz\/wp-content\/uploads\/2019\/03\/IMG_0928-300x212.jpg 300w, https:\/\/www.moravecteam.cz\/wp-content\/uploads\/2019\/03\/IMG_0928-1024x725.jpg 1024w\" sizes=\"(max-width: 1507px) 100vw, 1507px\" \/><\/a><figcaption id=\"caption-attachment-12895\" class=\"wp-caption-text\">Na Balk\u00e1nsk\u00e9m poloostrov\u011b \u017eij\u00ed zv\u00ed\u0159\u00e1tka, kter\u00e9 ve st\u0159edn\u00ed Evrop\u011b nezn\u00e1me&#8230;<\/figcaption><\/figure>\n<p style=\"text-align: justify;\">\u017de velitel\u00e9 v\u00fdpravy kladou d\u016fraz t\u00e9\u017e na disciplinovanost sv\u00fdch sv\u011b\u0159enc\u016f z hlediska po\u0159\u00e1dku v &#8222;bedr\u016fmech&#8220; na na\u0161\u00ed do\u010dasn\u00e9 invazn\u00ed z\u00e1kladn\u011b, je t\u00e9\u017e patrn\u00e9 z fotek dopln\u011bn\u00fdch do\u00a0<strong><a href=\"https:\/\/moravecteam.rajce.idnes.cz\/2019.03.01-10_Jarni_soustredeni_Pula\">fotogalerie<\/a><\/strong>. A nebylo by to po\u0159\u00e1dn\u00e9 soust\u0159ed\u011bn\u00ed, kdyby na n\u011bm nebyla proced\u011bna alespo\u0148 jedna kapka poctiv\u00e9 bikersk\u00e9 krve&#8230; Doposud velmi \u00fasp\u011b\u0161n\u00fd v\u00fdsadek &#8222;DROGAR 3&#8220; by se m\u011bl ohl\u00e1sit na domovsk\u00fdch mate\u0159sk\u00fdch z\u00e1kladn\u00e1ch v Olmouci a Bene\u0161ov\u011b v ned\u011bli v podve\u010dern\u00edch &#8211; ve\u010dern\u00edch hodin\u00e1ch&#8230;<\/p>\n<h5 style=\"text-align: justify;\"><span style=\"color: #800000;\">4.3. &#8211; 5.3. 2019<\/span><\/h5>\n<figure id=\"attachment_12889\" aria-describedby=\"caption-attachment-12889\" style=\"width: 1272px\" class=\"wp-caption alignnone\"><a style=\"font-weight: bold; background-color: transparent; text-align: left;\" href=\"http:\/\/www.moravecteam.cz\/?attachment_id=12889\" rel=\"attachment wp-att-12889\"><img decoding=\"async\" loading=\"lazy\" class=\" wp-image-12889\" alt=\"IMG_0760\" src=\"http:\/\/www.moravecteam.cz\/wp-content\/uploads\/2019\/03\/IMG_0760.jpg\" width=\"1272\" height=\"928\" srcset=\"https:\/\/www.moravecteam.cz\/wp-content\/uploads\/2019\/03\/IMG_0760.jpg 1272w, https:\/\/www.moravecteam.cz\/wp-content\/uploads\/2019\/03\/IMG_0760-300x218.jpg 300w, https:\/\/www.moravecteam.cz\/wp-content\/uploads\/2019\/03\/IMG_0760-1024x747.jpg 1024w\" sizes=\"(max-width: 1272px) 100vw, 1272px\" \/><\/a><figcaption id=\"caption-attachment-12889\" class=\"wp-caption-text\">Dal\u0161\u00ed pl\u00e1\u017e dobyt\u00e1 spojen\u00fdmi jednotkami SBAO &#8211; MORAVEC!<\/figcaption><\/figure>\n<p style=\"text-align: justify;\"><span style=\"text-align: justify;\">Jak pov\u011bstn\u00e1 &#8222;\u010cern\u00e1 ruka&#8220; \u0159\u00e1d\u00ed spojen\u00e1 invazn\u00ed skupina dvou sp\u0159\u00e1telen\u00fdch cyklo-team\u016f, operuj\u00edc\u00ed aktu\u00e1ln\u011b na Balk\u00e1nsk\u00e9m poloostrov\u011b&#8230; V\u0161ichni rajd\u0159i jsou v r\u00e1mci p\u0159\u00edpravy evidentn\u011b p\u0159i chuti: jak jinak si vysv\u011btlit jejich pond\u011bln\u00ed ne\u010dekan\u00fd v\u00fdpad a\u017e na druh\u00fd b\u0159eh St\u0159edozemn\u00edho mo\u0159e &#8211; k egyptsk\u00fdm pyramid\u00e1m? A v\u011b\u0159te, \u017ee se na\u0161i fakt nezastavili u El Alameinu, jako v minul\u00e9m stolet\u00ed jin\u00ed dobyvatel\u00e9&#8230; Nev\u011b\u0159\u00edte? Mrkn\u011bte na dopln\u011bnou <\/span><strong style=\"text-align: justify;\"><a href=\"https:\/\/moravecteam.rajce.idnes.cz\/2019.03.01-10_Jarni_soustredeni_Pula\">pr\u016fkaznou fotogalerii<\/a>&#8230;<\/strong><\/p>\n<figure id=\"attachment_12890\" aria-describedby=\"caption-attachment-12890\" style=\"width: 1962px\" class=\"wp-caption alignnone\"><a href=\"http:\/\/www.moravecteam.cz\/?attachment_id=12890\" rel=\"attachment wp-att-12890\"><img decoding=\"async\" loading=\"lazy\" class=\" wp-image-12890\" alt=\"IMG_0750\" src=\"http:\/\/www.moravecteam.cz\/wp-content\/uploads\/2019\/03\/IMG_07501.jpg\" width=\"1962\" height=\"993\" srcset=\"https:\/\/www.moravecteam.cz\/wp-content\/uploads\/2019\/03\/IMG_07501.jpg 1962w, https:\/\/www.moravecteam.cz\/wp-content\/uploads\/2019\/03\/IMG_07501-300x151.jpg 300w, https:\/\/www.moravecteam.cz\/wp-content\/uploads\/2019\/03\/IMG_07501-1024x518.jpg 1024w\" sizes=\"(max-width: 1962px) 100vw, 1962px\" \/><\/a><figcaption id=\"caption-attachment-12890\" class=\"wp-caption-text\">Spojen\u00e9 \u00fato\u010dn\u00e9 cyklojednotky SBAO &#8211; MORAVEC v pond\u011bl\u00ed u Velk\u00e9 Cheopsovy pyramidy v G\u00edze (Egypt).<\/figcaption><\/figure>\n<p style=\"text-align: justify;\">Je to mo\u017en\u00e1 t\u00edm, \u017ee t\u00fdlov\u00e1 podpora nad\u00e1le pokra\u010duje ve sv\u00e9 \u010dinnosti s hodnocen\u00edm\u00a0<span style=\"text-decoration: underline;\">1*<\/span>\u00a0, mo\u017en\u00e1, \u017ee i p\u0159etrv\u00e1vaj\u00edc\u00ed optim\u00e1ln\u00ed klimatick\u00e9 podm\u00ednky mocn\u011b podporuj\u00ed opera\u010dn\u00ed dosah spole\u010dn\u00e9ho \u00fadern\u00e9ho uskupen\u00ed <strong><span style=\"color: #800000;\">Short Bike Academy Opletal &#8211; MORAVEC Team<\/span><\/strong>. P\u0159edpokl\u00e1d\u00e1m, \u017ee na dne\u0161ek ordinovali rajdr\u016fm tren\u00e9\u0159i &#8211; po v\u010derej\u0161\u00edm bezprecedentn\u00edm \u00fatoku na Egypt &#8211; zaslou\u017een\u00e9 volno&#8230;<\/p>\n<h5><span style=\"color: #800000;\">1.3. &#8211; 3.3. 2019<\/span><\/h5>\n<figure id=\"attachment_12871\" aria-describedby=\"caption-attachment-12871\" style=\"width: 1784px\" class=\"wp-caption alignnone\"><a href=\"http:\/\/www.moravecteam.cz\/?attachment_id=12871\" rel=\"attachment wp-att-12871\"><img decoding=\"async\" loading=\"lazy\" class=\" wp-image-12871\" alt=\"IMG_0649\" src=\"http:\/\/www.moravecteam.cz\/wp-content\/uploads\/2019\/03\/IMG_0649.jpg\" width=\"1784\" height=\"1284\" srcset=\"https:\/\/www.moravecteam.cz\/wp-content\/uploads\/2019\/03\/IMG_0649.jpg 1784w, https:\/\/www.moravecteam.cz\/wp-content\/uploads\/2019\/03\/IMG_0649-300x215.jpg 300w, https:\/\/www.moravecteam.cz\/wp-content\/uploads\/2019\/03\/IMG_0649-1024x737.jpg 1024w\" sizes=\"(max-width: 1784px) 100vw, 1784px\" \/><\/a><figcaption id=\"caption-attachment-12871\" class=\"wp-caption-text\">Hrome, to je ale vody&#8230;!<\/figcaption><\/figure>\n<p style=\"text-align: justify;\">Zpr\u00e1vy z prvn\u00edch t\u0159ech dn\u016f pobytu jsou zat\u00edm veskrze pozitivn\u00ed. P\u0159edev\u0161\u00edm jsou v\u0161ichni zdr\u00e1vi a ze soboty a ned\u011ble u\u017e maj\u00ed v\u0161ichni na silnic\u00edch v okol\u00ed Puly nato\u010deno docela \u00factyhodnou kilometrovou d\u00e1vku! Druhou pozitivn\u00ed skute\u010dnost\u00ed je to, \u017ee po\u010das\u00ed je zde tak\u0159ka optim\u00e1ln\u00ed: teplota na slunci 20 \u00b0C (ve st\u00ednu 15 \u00b0C), slune\u010dno. A obdobn\u00e1 je progn\u00f3za i pro n\u00e1sleduj\u00edc\u00ed dny. A t\u00fdlov\u00e9 z\u00e1zem\u00ed t\u00e9\u017e funguje na <span style=\"text-decoration: underline;\">1*<\/span><span style=\"font-size: 16px; font-weight: 400;\"> !\u00a0Tak\u017ee p\u0159ejeme na\u0161im: ZDRAVO DROGARI! Jen tak d\u00e1l! Zde u\u017e m\u016f\u017eete mrknout na prvn\u00ed pr\u016fkaznou <\/span><a style=\"font-size: 16px; font-weight: 400;\" href=\"https:\/\/moravecteam.rajce.idnes.cz\/2019.03.01-10_Jarni_soustredeni_Pula\"><strong>fotogalerii<\/strong>.<\/a><span style=\"font-size: 16px; font-weight: 400;\">&#8230;<\/span><\/p>\n<figure id=\"attachment_12874\" aria-describedby=\"caption-attachment-12874\" style=\"width: 817px\" class=\"wp-caption alignnone\"><a href=\"http:\/\/www.moravecteam.cz\/?attachment_id=12874\" rel=\"attachment wp-att-12874\"><img decoding=\"async\" loading=\"lazy\" class=\" wp-image-12874\" alt=\"sta\u017een\u00fd soubor (4)\" src=\"http:\/\/www.moravecteam.cz\/wp-content\/uploads\/2019\/03\/sta\u017een\u00fd-soubor-4.jpg\" width=\"817\" height=\"506\" srcset=\"https:\/\/www.moravecteam.cz\/wp-content\/uploads\/2019\/03\/sta\u017een\u00fd-soubor-4.jpg 817w, https:\/\/www.moravecteam.cz\/wp-content\/uploads\/2019\/03\/sta\u017een\u00fd-soubor-4-300x185.jpg 300w\" sizes=\"(max-width: 817px) 100vw, 817px\" \/><\/a><figcaption id=\"caption-attachment-12874\" class=\"wp-caption-text\">Jak je zde hloubka? Ne moc&#8230; To d\u00e1me, to p\u0159ejedem!<\/figcaption><\/figure>\n","protected":false},"excerpt":{"rendered":"<p>Po italsk\u00e9m Garganu (rok 2016) se fin\u00e1ln\u011b p\u0159ed startem sez\u00f3ny soust\u0159ed\u00ed elitn\u00ed snajp\u0159i MORAVEC Teamu u\u017e pot\u0159et\u00ed za sebou na druh\u00e9 stran\u011b Jadersk\u00e9ho mo\u0159e &#8211; v Chorvatsku. Stejn\u011b jako loni n\u00e1m z\u00e1zem\u00ed poskytuje i letos malebn\u00e9 severochorvatsk\u00e9 m\u011bste\u010dko Pula. V sou\u010dinnosti se sp\u0159\u00e1telenou \u00fadernou skupinou t\u00fdmu Short Bike Academy Opletal, zde od minul\u00e9ho p\u00e1tku operuje &hellip; <a href=\"https:\/\/www.moravecteam.cz\/?p=12868\" class=\"more-link\">Pokra\u010dov\u00e1n\u00ed textu <span class=\"screen-reader-text\">Pot\u0159et\u00ed DROGAR! &#8211; 3<\/span> <span class=\"meta-nav\">&rarr;<\/span><\/a><\/p>\n","protected":false},"author":3,"featured_media":12870,"comment_status":"open","ping_status":"closed","sticky":false,"template":"","format":"standard","meta":[],"categories":[9],"tags":[],"_links":{"self":[{"href":"https:\/\/www.moravecteam.cz\/index.php?rest_route=\/wp\/v2\/posts\/12868"}],"collection":[{"href":"https:\/\/www.moravecteam.cz\/index.php?rest_route=\/wp\/v2\/posts"}],"about":[{"href":"https:\/\/www.moravecteam.cz\/index.php?rest_route=\/wp\/v2\/types\/post"}],"author":[{"embeddable":true,"href":"https:\/\/www.moravecteam.cz\/index.php?rest_route=\/wp\/v2\/users\/3"}],"replies":[{"embeddable":true,"href":"https:\/\/www.moravecteam.cz\/index.php?rest_route=%2Fwp%2Fv2%2Fcomments&post=12868"}],"version-history":[{"count":14,"href":"https:\/\/www.moravecteam.cz\/index.php?rest_route=\/wp\/v2\/posts\/12868\/revisions"}],"predecessor-version":[{"id":12900,"href":"https:\/\/www.moravecteam.cz\/index.php?rest_route=\/wp\/v2\/posts\/12868\/revisions\/12900"}],"wp:featuredmedia":[{"embeddable":true,"href":"https:\/\/www.moravecteam.cz\/index.php?rest_route=\/wp\/v2\/media\/12870"}],"wp:attachment":[{"href":"https:\/\/www.moravecteam.cz\/index.php?rest_route=%2Fwp%2Fv2%2Fmedia&parent=12868"}],"wp:term":[{"taxonomy":"category","embeddable":true,"href":"https:\/\/www.moravecteam.cz\/index.php?rest_route=%2Fwp%2Fv2%2Fcategories&post=12868"},{"taxonomy":"post_tag","embeddable":true,"href":"https:\/\/www.moravecteam.cz\/index.php?rest_route=%2Fwp%2Fv2%2Ftags&post=12868"}],"curies":[{"name":"wp","href":"https:\/\/api.w.org\/{rel}","templated":true}]}}