{"id":12901,"date":"2019-03-10T21:09:05","date_gmt":"2019-03-10T20:09:05","guid":{"rendered":"http:\/\/www.moravecteam.cz\/?p=12901"},"modified":"2019-03-10T21:10:37","modified_gmt":"2019-03-10T20:10:37","slug":"co-se-bude-dit-st11-3","status":"publish","type":"post","link":"https:\/\/www.moravecteam.cz\/?p=12901","title":{"rendered":"Co se bude d\u00edt? (ST11)"},"content":{"rendered":"<p style=\"text-align: justify;\"><span style=\"color: #800000;\"><strong>I kdy\u017e jarn\u00edm sousted\u011bn\u00edm v Chorvatsku m\u011blo b\u00fdt p\u0159\u00edpravn\u00e9 obdob\u00ed rajdr\u016f MORAVEC Team na sez\u00f3nu 2019 zakon\u010deno, vzhledem k p\u0159edpov\u011bdi po\u010das\u00ed v tomto t\u00fddnu bude prob\u00edhat p\u0159\u00edprava je\u0161t\u011b &#8222;pod st\u0159echou&#8220;&#8230;<\/strong><\/span><\/p>\n<h5><strong><span style=\"color: #800000;\">Pond\u011bl\u00ed 11.3. 2019<\/span><\/strong><\/h5>\n<p style=\"text-align: justify;\">Tr\u00e9nink techniky j\u00edzdy na kole v prostor\u00e1ch zimn\u00edho stadionu Blansko &#8211;\u00a0od 17.00 hodin.\u00a0Vzhledem k p\u0159etrv\u00e1vaj\u00edci povaze tr\u00e9ninku si sebou vezm\u011bte cyklistick\u00e9 tretry + p\u0159\u00edslu\u0161n\u00e9 ped\u00e1ly.<\/p>\n<h5><strong><span style=\"color: #800000;\">\u00dater\u00fd 12.3. 2019<\/span><\/strong><\/h5>\n<p style=\"text-align: justify;\">Tr\u00e9nink dle aktu\u00e1ln\u00edch pokyn\u016f tren\u00e9ra Milana Tlamky je mo\u017eno realizovat v bene\u0161ovsk\u00e9 t\u011blocvi\u010dn\u011b od 18.00 minim\u00e1ln\u011b do 19.30 hodin. V p\u0159\u00edpad\u011b Va\u0161eho z\u00e1jmu m\u011b b\u011bhem pond\u011bl\u00ed nebo \u00fater\u00fd\u00a0kontaktujte na moje\u00a0605 0J\u00e1gr 0Nagano.<\/p>\n<h5><span style=\"color: #800000;\">St\u0159eda 13.3. 2019<\/span><\/h5>\n<p style=\"text-align: justify;\">Tr\u00e9nink formou cvi\u010den\u00ed v Bene\u0161ovsk\u00e9 t\u011blocvi\u010dn\u011b. Od 16.30\u00a0do 18.00 hodin.<\/p>\n<h5><span style=\"color: #800000;\">P\u00e1tek 15.3. 2019<\/span><\/h5>\n<p style=\"text-align: justify;\">Sedm\u00e9 p\u00e1te\u010dn\u00ed cvi\u010den\u00ed\u00a0 v Nov\u00e9m roce od 18.00 do 20.00 hodin v bene\u0161ovsk\u00e9 t\u011blocvi\u010dn\u011b, s Vojtou Gr\u00fcnem.<\/p>\n<h5><span style=\"color: #800000;\">AKCE T\u011aSN\u011a ZA HORIZONTEM<\/span><\/h5>\n<ul>\n<li style=\"text-align: justify;\"><strong><span style=\"color: #800000;\">30. &#8211; 31.3. 2019<\/span> <\/strong>&#8211; Tradi\u010dn\u00ed prvn\u00ed velk\u00e9\u00a0<strong><span style=\"color: #800000;\">MTB zavody na v rakousk\u00e9m Langenlois<\/span><\/strong> &#8211; Kamptal Klassik Trophy. Zde najdete k z\u00e1vodu ve\u0161ker\u00e9 <strong><a href=\"https:\/\/www.kamptal-klassik-trophy.at\/\">podrobnosti<\/a>.<\/strong><\/li>\n<li>\n<div style=\"text-align: justify;\"><strong><span style=\"color: #800000;\">1. nebo 2.4. 2019<\/span><\/strong> (p\u0159esn\u011b bude term\u00edn stanoven v tomto t\u00fddnu)\u00a0&#8211; <strong><span style=\"color: #800000;\">zah\u00e1jen\u00ed sez\u00f3ny MORAVEC Teamu<\/span><\/strong>, kdy se nejd\u0159\u00edve sejdeme v 16.00 hodin u Pavlovsk\u00e9 kaple, kde bude\u00a0 Panem far\u00e1\u0159em Pavlem Koutn\u00edkem slou\u017eena <strong><span style=\"color: #800000;\">M\u0161e Svat\u00e1 za MORAVEC Team<\/span><\/strong>, po jej\u00edm skon\u010den\u00ed\u00a0 se p\u0159esuneme\u00a0 do restaurace Morava Bene\u0161ov, kde p\u0159ed\u00e1n\u00edm dres\u016f na\u0161im rajdr\u016fm sez\u00f3nu 2019 pomysln\u011b odstartujeme.<\/div>\n<\/li>\n<li style=\"text-align: justify;\"><strong><span style=\"color: #800000;\">6. &#8211; 7. 4. 2019 &#8211; Prvn\u00ed z\u00e1vod \u010cesk\u00e9ho poh\u00e1ru horsk\u00fdch kol v Kutn\u00e9 Ho\u0159e<\/span><\/strong>. Zde studujte propozice &#8211;\u00a0<strong><a href=\"http:\/\/www.moravecteam.cz\/?attachment_id=12906\" rel=\"attachment wp-att-12906\">Propozice-1.-z\u00e1vod-XCO-2019-Kutn\u00e1-Hora (1)<\/a><\/strong> a zde je k dispozici ofici\u00e1ln\u00ed rozpis sout\u011b\u017ee &#8211;\u00a0<strong><a href=\"http:\/\/www.moravecteam.cz\/?attachment_id=12907\" rel=\"attachment wp-att-12907\">Rozpis-XCO-Strabag-2019-final<\/a>.<\/strong> Organizaci leto\u0161n\u00edch v\u00fdjezd\u016f probereme p\u0159i sch\u016fzc veden\u00ed odd\u00edlu s rodi\u010di, kter\u00e1 se uskute\u010dn\u00ed ve 12. t\u00fddnu. Den, \u010das a m\u00edsto &#8211; to v\u0161e bude v\u010das up\u0159esn\u011bno.<\/li>\n<li style=\"text-align: justify;\"><span style=\"color: #800000;\"><strong>27. &#8211; 28.4. &#8211; Druh\u00fd z\u00e1vod \u010cesk\u00e9ho poh\u00e1ru horsk\u00fdch kol ve m\u011bst\u011b Tou\u0161kov<\/strong><\/span>. Zde studujte propozice:\u00a0<strong><a href=\"http:\/\/www.moravecteam.cz\/?attachment_id=12908\" rel=\"attachment wp-att-12908\">Propozice-2.-z\u00e1vod-XCO-2019-M\u011bsto-Tou\u0161kov<\/a><\/strong><\/li>\n<li style=\"text-align: justify;\"><span style=\"color: #800000;\"><strong>MTB &#8222;Vrchovina&#8220; 2019<\/strong><\/span>\u00a0m\u00e1 ji\u017e &#8211; jak pevn\u011b v\u011b\u0159\u00edm &#8211;\u00a0pevn\u00e9 term\u00edny\u00a0jako ona pov\u011bstn\u00e1 &#8222;Helvetsk\u00e1 v\u00edra&#8220;:\u00a0<strong><span style=\"color: #800000;\">4.5. &#8211; Vlachov, 18.5.\u00a0 Bene\u0161ov, 8.6. &#8211; Okrouhl\u00e1, 22.6. \u017d\u010f\u00e1rn\u00e1, 13.7. Protivanov, 10.8. Bukov\u00e1, 17.8. Boskovice, 24.8. Ko\u0159enec, 7.9. Velenov, 14.9. Kn\u00ednice, 21.9. Nov\u00e9 M\u011bsto n Morav\u011b &#8211; fin\u00e1le.\u00a0<\/span><\/strong>Term\u00ednov\u00fd kalend\u00e1\u0159 na r. 2019 se z\u00e1vodn\u00edmi prioritami MORAVEC Teamu, bude zve\u0159ejn\u011bn na na\u0161ich www v tomto t\u00fddnu.<\/li>\n<\/ul>\n<h5><span style=\"color: #800000;\">AKCE ZA DV\u011aMA HORIZONTY<\/span><\/h5>\n<p><span style=\"color: #800000;\"><strong>Pr\u00e1zdninov\u00fd Kemp MORAVEC Teamu<\/strong> <\/span>prob\u011bhne v t\u00fddnu od 29.7. do 2.8. 2019. Opera\u010dn\u00ed prostor: Ji\u017en\u00ed Morava.<\/p>\n<p>&nbsp;<\/p>\n","protected":false},"excerpt":{"rendered":"<p>I kdy\u017e jarn\u00edm sousted\u011bn\u00edm v Chorvatsku m\u011blo b\u00fdt p\u0159\u00edpravn\u00e9 obdob\u00ed rajdr\u016f MORAVEC Team na sez\u00f3nu 2019 zakon\u010deno, vzhledem k p\u0159edpov\u011bdi po\u010das\u00ed v tomto t\u00fddnu bude prob\u00edhat p\u0159\u00edprava je\u0161t\u011b &#8222;pod st\u0159echou&#8220;&#8230; Pond\u011bl\u00ed 11.3. 2019 Tr\u00e9nink techniky j\u00edzdy na kole v prostor\u00e1ch zimn\u00edho stadionu Blansko &#8211;\u00a0od 17.00 hodin.\u00a0Vzhledem k p\u0159etrv\u00e1vaj\u00edci povaze tr\u00e9ninku si sebou vezm\u011bte cyklistick\u00e9 tretry &hellip; <a href=\"https:\/\/www.moravecteam.cz\/?p=12901\" class=\"more-link\">Pokra\u010dov\u00e1n\u00ed textu <span class=\"screen-reader-text\">Co se bude d\u00edt? (ST11)<\/span> <span class=\"meta-nav\">&rarr;<\/span><\/a><\/p>\n","protected":false},"author":3,"featured_media":12910,"comment_status":"open","ping_status":"closed","sticky":false,"template":"","format":"standard","meta":[],"categories":[11],"tags":[],"_links":{"self":[{"href":"https:\/\/www.moravecteam.cz\/index.php?rest_route=\/wp\/v2\/posts\/12901"}],"collection":[{"href":"https:\/\/www.moravecteam.cz\/index.php?rest_route=\/wp\/v2\/posts"}],"about":[{"href":"https:\/\/www.moravecteam.cz\/index.php?rest_route=\/wp\/v2\/types\/post"}],"author":[{"embeddable":true,"href":"https:\/\/www.moravecteam.cz\/index.php?rest_route=\/wp\/v2\/users\/3"}],"replies":[{"embeddable":true,"href":"https:\/\/www.moravecteam.cz\/index.php?rest_route=%2Fwp%2Fv2%2Fcomments&post=12901"}],"version-history":[{"count":7,"href":"https:\/\/www.moravecteam.cz\/index.php?rest_route=\/wp\/v2\/posts\/12901\/revisions"}],"predecessor-version":[{"id":12912,"href":"https:\/\/www.moravecteam.cz\/index.php?rest_route=\/wp\/v2\/posts\/12901\/revisions\/12912"}],"wp:featuredmedia":[{"embeddable":true,"href":"https:\/\/www.moravecteam.cz\/index.php?rest_route=\/wp\/v2\/media\/12910"}],"wp:attachment":[{"href":"https:\/\/www.moravecteam.cz\/index.php?rest_route=%2Fwp%2Fv2%2Fmedia&parent=12901"}],"wp:term":[{"taxonomy":"category","embeddable":true,"href":"https:\/\/www.moravecteam.cz\/index.php?rest_route=%2Fwp%2Fv2%2Fcategories&post=12901"},{"taxonomy":"post_tag","embeddable":true,"href":"https:\/\/www.moravecteam.cz\/index.php?rest_route=%2Fwp%2Fv2%2Ftags&post=12901"}],"curies":[{"name":"wp","href":"https:\/\/api.w.org\/{rel}","templated":true}]}}