{"id":12914,"date":"2019-03-17T20:21:26","date_gmt":"2019-03-17T19:21:26","guid":{"rendered":"http:\/\/www.moravecteam.cz\/?p=12914"},"modified":"2019-03-21T07:54:22","modified_gmt":"2019-03-21T06:54:22","slug":"co-se-bude-dit-st12-4","status":"publish","type":"post","link":"https:\/\/www.moravecteam.cz\/?p=12914","title":{"rendered":"Co se bude d\u00edt? (ST12)-3"},"content":{"rendered":"<h5><span style=\"color: #800000;\"><strong>Pond\u011bl\u00ed 18.3. 2019<\/strong><\/span><\/h5>\n<p style=\"text-align: justify;\">Tr\u00e9nink techniky j\u00edzdy na kole v prostor\u00e1ch zimn\u00edho stadionu Blansko &#8211;\u00a0od 17.00 hodin.\u00a0Vzhledem k p\u0159etrv\u00e1vaj\u00edc\u00ed povaze tr\u00e9ninku si sebou vezm\u011bte cyklistick\u00e9 tretry + p\u0159\u00edslu\u0161n\u00e9 ped\u00e1ly.<\/p>\n<h5><span style=\"color: #800000;\">\u00dater\u00fd 19.3. 2019<\/span><\/h5>\n<p style=\"text-align: justify;\">Silni\u010dn\u00ed tr\u00e9nink pod veden\u00edm Vlast\u00edka Odehnala &#8211; sraz v 16.30 u Z\u015a Bene\u0161ov. Nov\u011b budou v tomto term\u00ednu organizov\u00e1ny i vyj\u00ed\u017e\u010fky na MTB kolech pro d\u011bti, kter\u00e9 budou jezdit letos \u010cP MTB MINIME, jmenovit\u011b to jsou v\u011bkov\u011b bl\u00edzc\u00ed: Lucka Gottwaldov\u00e1, Magdalena Barto\u0161ov\u00e1, Maru\u0161ka Barto\u0161ov\u00e1, Zita \u017dern\u00ed\u010dkov\u00e1, Tonda Dosko\u010dil a Filip Ecler. D\u011bti ohl\u00eddaj\u00ed Libor Barto\u0161 a Petr Koudelka.<\/p>\n<h5><span style=\"color: #800000;\">St\u0159eda 20.3. 2019<\/span><\/h5>\n<p style=\"text-align: justify;\">Pravideln\u00fd MTB tr\u00e9nink. Sraz v 16.30 ve Sportparku Boskovice &#8211; Doubravy.<\/p>\n<h5 style=\"text-align: justify;\"><strong><span style=\"color: #800000;\">Ned\u011ble 24.3. 2019<\/span><\/strong><\/h5>\n<p style=\"text-align: justify;\">Dobrovoln\u00e1 vyj\u00ed\u017e\u010fka s <strong><span style=\"color: #800000;\">Vlastou a Hanou Odehnalov\u00fdmi<\/span><\/strong>. Sraz v 9.30 ve Sportparku Doubravy, d\u00e9lka vyj\u00ed\u017e\u010fky (&#8222;na pohodu&#8220;, tempo je uzp\u016fsobeno d\u011btem, z\u00e1vodit se nebude,\u00a0j\u00edzdu &#8222;na doraz&#8220;\u00a0je t\u0159eba po\u0161et\u0159it a\u017e na z\u00e1vody) cca 2,5 &#8211; 3 hodiny, jede se ve skupin\u00e1ch dle v\u00fdkonnosti rajdr\u016f, vyj\u00ed\u017e\u010fka je samoz\u0159ejm\u011b vhodn\u00e1\u00a0i pro rodi\u010de.<\/p>\n<h5><span style=\"color: #800000;\">AKCE T\u011aSN\u011a ZA HORIZONTEM<\/span><\/h5>\n<p style=\"text-align: justify;\"><strong style=\"text-align: justify;\"><span style=\"color: #800000;\">29.3. 2019<\/span><\/strong><span style=\"text-align: justify;\"> &#8211; od 18.00 hodin z\u00e1v\u011bre\u010dn\u00e9 jarn\u00ed cvi\u010den\u00ed s Vojtou Gr\u00fcnem v bene\u0161ovsk\u00e9 t\u011blocvi\u010dn\u011b, jeho\u017e sou\u010d\u00e1st\u00ed bude pravideln\u00e1 sch\u016fzka veden\u00ed odd\u00edlu a tren\u00e9r\u016f s rodi\u010di. Na t\u00e9to sch\u016fzce up\u0159esn\u00edme formu sez\u00f3nn\u00ed p\u0159\u00edpravy, organizaci v\u00fdjezd\u016f na MTB \u010cesk\u00e9 poh\u00e1ry (letos bude m\u00edt za toto odpov\u011bdnost <\/span><strong style=\"text-align: justify;\"><span style=\"color: #800000;\">Tonda Han\u00e1k<\/span><\/strong><span style=\"text-align: justify;\">, tak\u017ee u\u017e nyn\u00ed se mu m\u016f\u017eou rodi\u010de, kter\u00fdch se letos z\u00e1vody \u010cP t\u00fdkaj\u00ed (v\u010detn\u011b kategori\u00ed MINIME) hl\u00e1sit do jeho t\u00fdmu na v\u00fdpomoc &#8211; kontakt (mobil a e-mail)\u00a0na Tondu &#8211; <\/span><span style=\"color: #800000;\"><strong>724 181 185, <\/strong>e-mail <strong>antonin.hanak@firebrno.cz<\/strong>\u00a0<\/span><span style=\"text-align: justify;\">\u00a0a odsouhals\u00edme si rozpis ur\u010den\u00fdch rodi\u010d\u016f na pomoc s organizac\u00ed jeden\u00e1cti leto\u0161n\u00edch z\u00e1vod\u016f 17. ro\u010dn\u00edku MTB Superior-ColorProfi Poh\u00e1ru Drahansk\u00e9 vrchoviny. Term\u00ednov\u00fd kalend\u00e1\u0159 s preferovan\u00fdmi z\u00e1vody pro MORAVEC Team je tento:\u00a0<a href=\"http:\/\/www.moravecteam.cz\/?attachment_id=12933\" rel=\"attachment wp-att-12933\"><strong>MORAVEC Team &#8211; term\u00ednov\u00fd kalend\u00e1\u0159 2019<\/strong><\/a>.\u00a0Pevn\u011b v\u011b\u0159\u00edm v aktivn\u00ed p\u0159\u00edstup rodi\u010d\u016f v r\u00e1mci t\u00fdmov\u00e9 pr\u00e1ce v leto\u0161n\u00edm roce, a\u0165 u\u017e se to t\u00fdk\u00e1 pomoci Tondovi Han\u00e1kovi p\u0159i zaji\u0161\u0165ov\u00e1n\u00ed v\u00fdjezd\u016f na MTB \u010cP nebo pomoci rodi\u010d\u016f p\u0159i zaji\u0161\u0165ov\u00e1n\u00ed z\u00e1vod\u016f leto\u0161n\u00ed MTB &#8222;Vrchoviny&#8220;. Za co\u017e V\u00e1m p\u0159edem moc d\u011bkuji!<\/span><\/p>\n<p><strong style=\"text-align: justify;\"><span style=\"color: #800000;\">30.3. 2019<\/span><\/strong><span style=\"text-align: justify;\">\u00a0<\/span><\/p>\n<ul>\n<li style=\"text-align: justify;\"><span style=\"text-align: justify;\">Tradi\u010dn\u00ed prvn\u00ed velk\u00e9\u00a0MTB zavody na v rakousk\u00e9m <\/span><strong style=\"text-align: justify;\"><span style=\"color: #800000;\">Langenlois<\/span><\/strong><span style=\"text-align: justify;\">\u00a0&#8211; Kamptal Klassik Trophy. Zde najdete k z\u00e1vodu ve\u0161ker\u00e9\u00a0<\/span><strong style=\"text-align: justify;\"><a href=\"https:\/\/www.kamptal-klassik-trophy.at\/\">podrobnosti<\/a>.<\/strong><\/li>\n<li style=\"text-align: justify;\">Silni\u010dn\u00ed z\u00e1vody v Hlohovci &#8211; Trofeo Cinelli &#8211; po\u0159\u00e1d\u00e1 Sportkomplex B\u0159eclav. Zde studujte k z\u00e1vodu <strong><a href=\"http:\/\/sportcomplex.cz\/vchlohovce\/default.htm\">podrobnosti.<\/a><\/strong><\/li>\n<\/ul>\n<p><strong><span style=\"color: #800000;\">31.3. 2019\u00a0<\/span><\/strong><\/p>\n<p style=\"text-align: justify;\">MTB z\u00e1vody v Morkovic\u00edch &#8211; Morkovsk\u00e9 Bajk. Zde studujte <a href=\"https:\/\/www.biketriatlonmorkovice.cz\/morkovske-bajk\/\"><strong>propozice<\/strong>.<\/a><\/p>\n<p><strong><span style=\"color: #800000;\">4. 4. 2019<\/span><\/strong><\/p>\n<p style=\"text-align: justify;\">Ofici\u00e1ln\u00ed zah\u00e1jen\u00ed sez\u00f3ny MORAVEC Team 2019. Od 17.00 hodin v restauraci Morava Bene\u0161ov, kde p\u0159ed\u00e1n\u00edm dres\u016f a licenc\u00ed na\u0161im rajdr\u016fm sez\u00f3nu 2019 pomysln\u011b odstartujeme.<\/p>\n<p><strong><span style=\"color: #800000;\">6. &#8211; 7. 4. 2019<\/span><\/strong><\/p>\n<p style=\"text-align: justify;\">Prvn\u00ed z\u00e1vod \u010cesk\u00e9ho poh\u00e1ru horsk\u00fdch kol v Kutn\u00e9 Ho\u0159e. Zde studujte propozice &#8211;\u00a0<strong><a href=\"http:\/\/www.moravecteam.cz\/?attachment_id=12906\" rel=\"attachment wp-att-12906\">Propozice-1.-z\u00e1vod-XCO-2019-Kutn\u00e1-Hora (1)<\/a><\/strong>\u00a0a zde je k dispozici ofici\u00e1ln\u00ed rozpis sout\u011b\u017ee &#8211;\u00a0<strong><a href=\"http:\/\/www.moravecteam.cz\/?attachment_id=12907\" rel=\"attachment wp-att-12907\">Rozpis-XCO-Strabag-2019-final<\/a>.<\/strong>\u00a0Organizaci leto\u0161n\u00edch v\u00fdjezd\u016f probereme p\u0159i sch\u016fzce veden\u00ed odd\u00edlu s rodi\u010di, kter\u00e1 se uskute\u010dn\u00ed v p\u00e1tek 29.3. 2019\u00a0od 18.00 v t\u011blocvi\u010dn\u011b Z\u0160 Bene\u0161ov (podrobnosti ke sch\u016fzce &#8211; viz odstavec v\u00fd\u0161e), i letos bude beze zm\u011bn pou\u017eit osv\u011bd\u010den\u00fd lo\u0148sk\u00fd model.<\/p>\n<p style=\"text-align: justify;\"><strong><span style=\"color: #800000;\">27. &#8211; 28.4. 2019<\/span><\/strong><\/p>\n<p style=\"text-align: justify;\">Druh\u00fd z\u00e1vod \u010cesk\u00e9ho poh\u00e1ru horsk\u00fdch kol ve m\u011bst\u011b Tou\u0161kov. Zde studujte propozice:\u00a0<strong><a href=\"http:\/\/www.moravecteam.cz\/?attachment_id=12908\" rel=\"attachment wp-att-12908\">Propozice-2.-z\u00e1vod-XCO-2019-M\u011bsto-Tou\u0161kov<\/a><\/strong><\/p>\n<ul>\n<li style=\"text-align: justify;\"><strong><span style=\"color: #800000;\">MTB &#8222;Vrchovina&#8220; 2019\u00a0<\/span><\/strong>m\u00e1 ji\u017e &#8211; jak pevn\u011b v\u011b\u0159\u00edm &#8211;\u00a0pevn\u00e9 term\u00edny\u00a0jako ona pov\u011bstn\u00e1 &#8222;Helvetsk\u00e1 v\u00edra&#8220;:\u00a0<strong><span style=\"color: #800000;\">4.5. &#8211; Vlachov, 18.5.\u00a0 Bene\u0161ov, 8.6. &#8211; Okrouhl\u00e1, 22.6. \u017d\u010f\u00e1rn\u00e1, 13.7. Protivanov, 10.8. Bukov\u00e1, 17.8. Boskovice, 24.8. Ko\u0159enec, 7.9. Velenov, 14.9. Kn\u00ednice, 21.9. Nov\u00e9 M\u011bsto n Morav\u011b &#8211; fin\u00e1le.<\/span><\/strong>\u00a0Term\u00ednov\u00fd kalend\u00e1\u0159 na r. 2019 se z\u00e1vodn\u00edmi prioritami MORAVEC Teamu, bude zve\u0159ejn\u011bn na na\u0161ich www v tomto t\u00fddnu.<\/li>\n<\/ul>\n<h5><span style=\"color: #800000;\">AKCE ZA DV\u011aMA HORIZONTY<\/span><\/h5>\n<ul>\n<li style=\"text-align: justify;\"><strong><span style=\"color: #800000;\">24. &#8211; 26. 5.<\/span><\/strong> &#8211; na doporu\u010den\u00ed tren\u00e9r\u016f navrhuje odd\u00edl k reprezentaci MORAVEC Teamu na etapov\u00e9m silni\u010dn\u00edm z\u00e1vod\u011b v Lan\u0161kroun\u011b (star\u0161\u00ed \u017e\u00e1ci a kadetky) tyto jezdce: <strong><span style=\"color: #800000;\">Roman \u0160indel\u00e1\u0159, V\u00edt Lipensk\u00fd, Luk\u00e1\u0161 Sedl\u00e1k a Kl\u00e1ra Odehnalov\u00e1<\/span><\/strong>. Tuto reprezentaci odd\u00edl podpo\u0159\u00ed.\u00a0 Obdobn\u011b je odd\u00edl p\u0159ipraven podpo\u0159it jezdce MORAVEC Teamu v p\u0159\u00edpad\u011b reprezentace na dal\u0161\u00edch silni\u010dn\u00edch z\u00e1vodech, kter\u00e9 nebudou kolidovat s MTB \u010cP XCO a MTB &#8222;Vrchovinou&#8220; za t\u011bchto podm\u00ednek: Skupina minim\u00e1ln\u011b t\u0159\u00ed jezdc\u016f &#8211; pak je mo\u017enost domluvy na zap\u016fj\u010den\u00ed odd\u00edlov\u00e9 dod\u00e1vky a odd\u00edlov\u00e9ho t\u00fdmov\u00e9ho z\u00e1zem\u00ed. S proplacen\u00edm startovn\u00e9ho (oproti dokladu), se samoz\u0159ejm\u011b po\u010d\u00edt\u00e1. Obdobn\u011b je odd\u00edl p\u0159ipraven p\u0159isp\u011bt na reprezentanty \u010cR z \u0159ad MORAVEC Teamu &#8211; aktu\u00e1ln\u011b se toto t\u00fdk\u00e1 <strong><span style=\"color: #800000;\">Eli\u0161ky Han\u00e1kov\u00e9<\/span><\/strong>, kter\u00e1 je nominov\u00e1na pro r. 2019 do reprezentace \u010cR &#8211; lv\u00ed\u010data (\u017e\u00e1ci a kadeti).<\/li>\n<li style=\"text-align: justify;\"><strong><span style=\"color: #800000;\">23. &#8211; 28. 6.<\/span><\/strong> &#8211; Olympi\u00e1da d\u011bt\u00ed a ml\u00e1de\u017ee v Liberci. Za MORAVEC Team byli doporu\u010deni na reprezentaci JmK (t\u00fdk\u00e1 se kadet\u016f-kadetek a star\u0161\u00edch \u017e\u00e1k\u016f &#8211; \u017ea\u010dek)<span style=\"color: #800000;\"><strong> Kl\u00e1ra Odehnalov\u00e1, Eli\u0161ka Han\u00e1kov\u00e1, Luk\u00e1\u0161 Sedl\u00e1k a Roman \u0160indel\u00e1\u0159.<\/strong>\u00a0<span style=\"color: #000000;\">Na\u0161e rajdry \u010dekaj\u00ed nomina\u010dn\u00ed z\u00e1vody, na z\u00e1klad\u011b kter\u00fdch rozhodnou pov\u011b\u0159en\u00ed tren\u00e9\u0159i <span style=\"text-decoration: underline;\">Luk\u00e1\u0161 Petr<\/span> a <span style=\"text-decoration: underline;\">Petr Herman<\/span> o jejich p\u0159\u00edpadn\u00e9 nominaci. V r\u00e1mci nominace na ODM\u00a0za Olomouck\u00fd\u00a0 kraj budeme\u00a0je navr\u017een \u00a0k reprezentaci\u00a0<strong><span style=\"color: #800000;\">V\u00edt<\/span><span style=\"color: #800000;\"> Lipensk\u00fd<\/span><\/strong>,\u00a0 Podrobnosti k ODM v Liberci za Jihomoravsk\u00fd kraj \u00a0najdete zde,\u00a0<a href=\"http:\/\/www.moravecteam.cz\/?attachment_id=12921\" rel=\"attachment wp-att-12921\">J<\/a><strong><a href=\"http:\/\/www.moravecteam.cz\/?attachment_id=12921\" rel=\"attachment wp-att-12921\">MKSC-LODM2019-nominacni_kriteria_v1_sLT (2)<\/a>, <\/strong>za Olomouck\u00fd kraj zaase tu\u0165: <strong><a href=\"https:\/\/www.olomouckysvazcyklistiky.cz\/images\/documents\/2019\/LODM2019.pdf\">Nomina\u010dn\u00ed krit\u00e9ria-Olomouck\u00fd kraj.<\/a><\/strong><\/span><\/span><\/li>\n<li style=\"text-align: justify;\">Pr\u00e1zdninov\u00fd Kemp MORAVEC Teamu\u00a0prob\u011bhne v t\u00fddnu od <strong><span style=\"color: #800000;\">29.7. do 2.8. 2019<\/span><\/strong>. Opera\u010dn\u00ed prostor: Ji\u017en\u00ed Morava \/ Severn\u00ed\u00a0 Rakousko.<\/li>\n<\/ul>\n","protected":false},"excerpt":{"rendered":"<p>Pond\u011bl\u00ed 18.3. 2019 Tr\u00e9nink techniky j\u00edzdy na kole v prostor\u00e1ch zimn\u00edho stadionu Blansko &#8211;\u00a0od 17.00 hodin.\u00a0Vzhledem k p\u0159etrv\u00e1vaj\u00edc\u00ed povaze tr\u00e9ninku si sebou vezm\u011bte cyklistick\u00e9 tretry + p\u0159\u00edslu\u0161n\u00e9 ped\u00e1ly. \u00dater\u00fd 19.3. 2019 Silni\u010dn\u00ed tr\u00e9nink pod veden\u00edm Vlast\u00edka Odehnala &#8211; sraz v 16.30 u Z\u015a Bene\u0161ov. Nov\u011b budou v tomto term\u00ednu organizov\u00e1ny i vyj\u00ed\u017e\u010fky na MTB kolech &hellip; <a href=\"https:\/\/www.moravecteam.cz\/?p=12914\" class=\"more-link\">Pokra\u010dov\u00e1n\u00ed textu <span class=\"screen-reader-text\">Co se bude d\u00edt? (ST12)-3<\/span> <span class=\"meta-nav\">&rarr;<\/span><\/a><\/p>\n","protected":false},"author":3,"featured_media":12918,"comment_status":"open","ping_status":"closed","sticky":false,"template":"","format":"standard","meta":[],"categories":[11],"tags":[],"_links":{"self":[{"href":"https:\/\/www.moravecteam.cz\/index.php?rest_route=\/wp\/v2\/posts\/12914"}],"collection":[{"href":"https:\/\/www.moravecteam.cz\/index.php?rest_route=\/wp\/v2\/posts"}],"about":[{"href":"https:\/\/www.moravecteam.cz\/index.php?rest_route=\/wp\/v2\/types\/post"}],"author":[{"embeddable":true,"href":"https:\/\/www.moravecteam.cz\/index.php?rest_route=\/wp\/v2\/users\/3"}],"replies":[{"embeddable":true,"href":"https:\/\/www.moravecteam.cz\/index.php?rest_route=%2Fwp%2Fv2%2Fcomments&post=12914"}],"version-history":[{"count":15,"href":"https:\/\/www.moravecteam.cz\/index.php?rest_route=\/wp\/v2\/posts\/12914\/revisions"}],"predecessor-version":[{"id":12934,"href":"https:\/\/www.moravecteam.cz\/index.php?rest_route=\/wp\/v2\/posts\/12914\/revisions\/12934"}],"wp:featuredmedia":[{"embeddable":true,"href":"https:\/\/www.moravecteam.cz\/index.php?rest_route=\/wp\/v2\/media\/12918"}],"wp:attachment":[{"href":"https:\/\/www.moravecteam.cz\/index.php?rest_route=%2Fwp%2Fv2%2Fmedia&parent=12914"}],"wp:term":[{"taxonomy":"category","embeddable":true,"href":"https:\/\/www.moravecteam.cz\/index.php?rest_route=%2Fwp%2Fv2%2Fcategories&post=12914"},{"taxonomy":"post_tag","embeddable":true,"href":"https:\/\/www.moravecteam.cz\/index.php?rest_route=%2Fwp%2Fv2%2Ftags&post=12914"}],"curies":[{"name":"wp","href":"https:\/\/api.w.org\/{rel}","templated":true}]}}