{"id":12940,"date":"2019-03-31T23:30:17","date_gmt":"2019-03-31T21:30:17","guid":{"rendered":"http:\/\/www.moravecteam.cz\/?p=12940"},"modified":"2019-04-01T21:20:49","modified_gmt":"2019-04-01T19:20:49","slug":"medailovy-start","status":"publish","type":"post","link":"https:\/\/www.moravecteam.cz\/?p=12940","title":{"rendered":"Medailov\u00fd start!-2"},"content":{"rendered":"<p style=\"text-align: justify;\"><strong><span style=\"color: #800000;\">Na t\u0159ech front\u00e1ch vstoupili bike\u0159i MORAVEC Teamu do l\u00edt\u00fdch MTB boj\u016f v r\u00e1mci sez\u00f3ny 2019. A je pro m\u011b opravdovou radost\u00ed popsat medailovou \u017ee\u0148 z rakousk\u00e9ho Langenlois, slovensk\u00e9ho Hlohovce \u010di moravsk\u00fdch Morkovic. Posu\u010fte sami na\u0161i v\u00edkendovou medailovou produktivitu: 4x zlato (&#8222;Elis&#8220; Eli\u0161ka Han\u00e1kov\u00e1, &#8222;Sucho\u0161&#8220; V\u00ed\u0165a Such\u00e1nek, &#8222;D\u017eonas&#8220; Janovsk\u00fd a Leonka Eclerov\u00e1), 2x st\u0159\u00edbro (Zita \u017dern\u00ed\u010dkov\u00e1 a &#8222;D\u017eastin&#8220; Novotn\u00e1), 1x bronz (Bar\u010da Janovsk\u00e1) a 2x &#8222;brambora&#8220; (Pe\u0165a \u0160ich a Filda Ecler)&#8230; Na \u00favod dost dobr\u00fd&#8230; Co mysl\u00edte?<\/span><\/strong><\/p>\n<figure id=\"attachment_12944\" aria-describedby=\"caption-attachment-12944\" style=\"width: 884px\" class=\"wp-caption alignnone\"><a href=\"http:\/\/www.moravecteam.cz\/?attachment_id=12944\" rel=\"attachment wp-att-12944\"><img decoding=\"async\" loading=\"lazy\" class=\" wp-image-12944\" alt=\"sta\u017een\u00fd soubor1a\" src=\"http:\/\/www.moravecteam.cz\/wp-content\/uploads\/2019\/03\/sta\u017een\u00fd-soubor1a.jpg\" width=\"884\" height=\"473\" srcset=\"https:\/\/www.moravecteam.cz\/wp-content\/uploads\/2019\/03\/sta\u017een\u00fd-soubor1a.jpg 884w, https:\/\/www.moravecteam.cz\/wp-content\/uploads\/2019\/03\/sta\u017een\u00fd-soubor1a-300x160.jpg 300w\" sizes=\"(max-width: 884px) 100vw, 884px\" \/><\/a><figcaption id=\"caption-attachment-12944\" class=\"wp-caption-text\">Hned \u010dty\u0159i MORAVCI si v sobotu odvezli z Langenlois poh\u00e1r!<\/figcaption><\/figure>\n<p style=\"text-align: justify;\">Zbrusu nov\u00fd model p\u0159\u00edpravn\u00e9ho obdob\u00ed z autorsk\u00e9 d\u00edlny erudovan\u00e9ho tren\u00e9ra <strong><span style=\"color: #800000;\">Milana Tlamky, <\/span><\/strong>za\u010d\u00edn\u00e1\u00a0 evidentn\u011b skl\u00edzet zaslou\u017een\u00e9 ovoce! Poj\u010fme se tedy pod\u00edvat na ta t\u0159i leto\u0161n\u00ed premi\u00e9rov\u00e1 pomysln\u00e1 bitevn\u00ed pole, na kter\u00fdch byli borci a borky MORAVEC Teamu posledn\u00ed b\u0159eznov\u00fd v\u00edkend z\u00e1vodn\u011b poprv\u00e9 v akci, pon\u011bkud podrobn\u011bji:<\/p>\n<h5 style=\"text-align: justify;\"><strong><span style=\"color: #800000;\">Kamptal Klassik Trophy &#8211; Langenlois (Rakousko)<\/span><\/strong><\/h5>\n<p style=\"text-align: justify;\">Z hlediska MORAVEC Teamu n\u00e1s na tradi\u010dn\u00edm evropsk\u00e9m bikov\u00e9m &#8222;otv\u00edr\u00e1ku&#8220; zaj\u00edmala samoz\u0159ejm\u011b hlavn\u011b sobota, kdy se zde jedou p\u0159edev\u0161\u00edm d\u011btsk\u00e9 z\u00e1vody. \u017de n\u00e1m roste v <strong><span style=\"color: #800000;\">Zit\u011b \u017dern\u00ed\u010dkov\u00e9<\/span><\/strong> kvalitn\u00ed bikerka se op\u011bt potvrdilo v sobotu v Rakousku, kdy na\u0161e talentovan\u00e1, pracovit\u00e1 a tren\u00e9ry dob\u0159e veden\u00e1 borka obsadila v kategorii d\u00edvek\u00a0 U9\u00a0 v\u00fdborn\u00e9 2. m\u00edsto! Blahop\u0159ejeme! Bohu\u017eel ale, ne v\u017edy &#8222;pad\u00e1 karta&#8220;&#8230; O tom se v Langenlis p\u0159esv\u011bd\u010dila mlad\u0161\u00ed ze sester Han\u00e1kov\u00fdch, <strong><span style=\"color: #800000;\">Anna Han\u00e1kov\u00e1<\/span><\/strong>, kter\u00e1 po technick\u00fdch pot\u00ed\u017e\u00edch musela odstoupit ze z\u00e1vodu kategorie d\u00edvek U13, kter\u00fd m\u011bla rozjet\u00fd na medailov\u00e9 pozice&#8230; Dal\u0161\u00ed dv\u011b na\u0161e reprezentantky v t\u00e9to kategorii braly v c\u00edli\u00a0 9. (<strong><span style=\"color: #800000;\">Barbora Tlamkov\u00e1<\/span><\/strong>) a\u00a0 (<strong><span style=\"color: #800000;\">Barbora Janovsk\u00e1<\/span><\/strong>), 15. m\u00edsto.<\/p>\n<figure id=\"attachment_12946\" aria-describedby=\"caption-attachment-12946\" style=\"width: 776px\" class=\"wp-caption alignnone\"><a href=\"http:\/\/www.moravecteam.cz\/?attachment_id=12946\" rel=\"attachment wp-att-12946\"><img decoding=\"async\" loading=\"lazy\" class=\" wp-image-12946\" alt=\"IMG_7031\" src=\"http:\/\/www.moravecteam.cz\/wp-content\/uploads\/2019\/03\/IMG_7031.jpeg\" width=\"776\" height=\"851\" srcset=\"https:\/\/www.moravecteam.cz\/wp-content\/uploads\/2019\/03\/IMG_7031.jpeg 776w, https:\/\/www.moravecteam.cz\/wp-content\/uploads\/2019\/03\/IMG_7031-273x300.jpeg 273w\" sizes=\"(max-width: 776px) 100vw, 776px\" \/><\/a><figcaption id=\"caption-attachment-12946\" class=\"wp-caption-text\">Zita \u017dern\u00ed\u010dkov\u00e1 si v sobotu p\u0159ipsala v\u00fdznamn\u00fd mezin\u00e1rodn\u00ed \u00fasp\u011bch!<\/figcaption><\/figure>\n<p style=\"text-align: justify;\">S nap\u011bt\u00edm jsme o\u010dek\u00e1vali start d\u00edvek a chlapc\u016f kategori U15. N\u00e1\u0161 tajn\u00fd favorit mezi d\u011bv\u010daty &#8211; <strong><span style=\"color: #800000;\">Eli\u0161ka Han\u00e1kov\u00e1<\/span><\/strong>, splnila na\u0161e nad\u011bje do &#8222;punt\u00edku&#8220;! V\u00edt\u011bzstv\u00ed s n\u00e1skokem t\u00e9m\u011b\u0159 40 vte\u0159in odborn\u00edk\u016fm bikingu imponuje a Eli\u0161ka\u00a0 je velk\u00fdm p\u0159\u00edslibem pro prvn\u00ed z\u00e1vod \u010cesk\u00e9ho poh\u00e1ru, kter\u00fd u\u017e tento v\u00edkend pohost\u00ed Kutn\u00e1 Hora. Ve stejn\u00e9 kategorii chlapc\u016f dojel po\u00a0 bojovn\u00e9m v\u00fdkonu v TOP 20 <strong><span style=\"color: #800000;\">Luk\u00e1\u0161 Sedk\u00e1k<\/span><\/strong> a kdo v\u00ed, jak\u00fd by byl v c\u00edli jeho v\u00fdsledek, kdyby na startu nez\u00fastal &#8222;Lukas viset&#8220; kv\u016fli kolizi soupe\u0159\u016f&#8230;<\/p>\n<figure id=\"attachment_12951\" aria-describedby=\"caption-attachment-12951\" style=\"width: 648px\" class=\"wp-caption alignnone\"><a href=\"http:\/\/www.moravecteam.cz\/?attachment_id=12951\" rel=\"attachment wp-att-12951\"><img decoding=\"async\" loading=\"lazy\" class=\" wp-image-12951\" alt=\"DSC_8958\" src=\"http:\/\/www.moravecteam.cz\/wp-content\/uploads\/2019\/03\/DSC_8958.jpg\" width=\"648\" height=\"721\" srcset=\"https:\/\/www.moravecteam.cz\/wp-content\/uploads\/2019\/03\/DSC_8958.jpg 648w, https:\/\/www.moravecteam.cz\/wp-content\/uploads\/2019\/03\/DSC_8958-269x300.jpg 269w\" sizes=\"(max-width: 648px) 100vw, 648px\" \/><\/a><figcaption id=\"caption-attachment-12951\" class=\"wp-caption-text\">Mo\u017en\u00e1 ani V\u00ed\u0165a Such\u00e1nek takov\u00fd v\u00fdsledek ne\u010dekal&#8230;<\/figcaption><\/figure>\n<p style=\"text-align: justify;\">Radost n\u00e1m v Langenlois ud\u011blali i na\u0161i dva &#8222;dvojka\u0159i&#8220;. V z\u00e1vod\u011b mu\u017e\u016f HOBBY vybojoval cennou &#8222;bramboru&#8220; a\u00a0 p\u00f3dium z\u00e1rove\u0148 <strong><span style=\"color: #800000;\">Petr \u0160ich<\/span><\/strong> a nazna\u010dil, \u017ee by letos mohl napodobit v r\u00e1mci \u010cP v kategorii EXPERT na\u0161e \u00fasp\u011b\u0161n\u00e9 &#8222;bedn\u00e1\u0159e&#8220; z r. 2013 &#8211; Petra Bo\u0159ila a Tom\u00e1\u0161e Tlamku. T\u0159et\u00ed &#8222;bednu&#8220; vybojoval tak trochu p\u0159ekvapiv\u011b, ale zcela zaslu\u017een\u011b, po roce se na cross-country trat\u011b navr\u00e1tiv\u0161\u00ed <strong><span style=\"color: #800000;\">V\u00ed\u0165a &#8222;Sucho\u0161&#8220; Such\u00e1nek<\/span><\/strong>, kter\u00fd bez pot\u00ed\u017e\u00ed ovl\u00e1dnul z\u00e1vod junior\u016f &#8222;dvojka\u0159\u016f&#8220;!<\/p>\n<figure id=\"attachment_12952\" aria-describedby=\"caption-attachment-12952\" style=\"width: 1491px\" class=\"wp-caption alignnone\"><a href=\"http:\/\/www.moravecteam.cz\/?attachment_id=12952\" rel=\"attachment wp-att-12952\"><img decoding=\"async\" loading=\"lazy\" class=\" wp-image-12952\" alt=\"DSC_8961\" src=\"http:\/\/www.moravecteam.cz\/wp-content\/uploads\/2019\/03\/DSC_8961.jpg\" width=\"1491\" height=\"1236\" srcset=\"https:\/\/www.moravecteam.cz\/wp-content\/uploads\/2019\/03\/DSC_8961.jpg 1491w, https:\/\/www.moravecteam.cz\/wp-content\/uploads\/2019\/03\/DSC_8961-300x248.jpg 300w, https:\/\/www.moravecteam.cz\/wp-content\/uploads\/2019\/03\/DSC_8961-1024x848.jpg 1024w\" sizes=\"(max-width: 1491px) 100vw, 1491px\" \/><\/a><figcaption id=\"caption-attachment-12952\" class=\"wp-caption-text\">Lo\u0148sk\u00fd smola\u0159 Pe\u0165a \u0160ich zah\u00e1jil leto\u0161n\u00ed sez\u00f3nu na &#8222;p\u00f3diov\u00e9m levelu&#8220;!<\/figcaption><\/figure>\n<p style=\"text-align: justify;\">Zkr\u00e1tka: leto\u0161n\u00ed Langenlois &#8211; dost dobr\u00fd! Slu\u0161n\u00e1 medailov\u00e1 a p\u00f3diov\u00e1 \u017ee\u0148! Jen tak d\u00e1l! Zde si m\u016f\u017eete ov\u011b\u0159it okulib\u00e9 <strong><a href=\"https:\/\/www.kamptal-klassik-trophy.at\/service\/ergebnisse\/\">v\u00fdsledky z Langenlois&#8230;<\/a><\/strong><\/p>\n<h5 style=\"text-align: justify;\"><span style=\"color: #800000;\">\u010cP silnice Hlohovec<\/span><\/h5>\n<p style=\"text-align: justify;\">Sportkomlex B\u0159eclav je u\u017e z minul\u00fdch let jedn\u00edm z prvn\u00edch po\u0159adatel\u016f presti\u017en\u00edch silni\u010dn\u00edch z\u00e1vod\u016f na n\u00e1rodn\u00ed \u00farovni. U\u017e loni zde na sebe v \u017e\u00e1kovsk\u00fdch kategori\u00edch upozornila na\u0161e <strong><span style=\"color: #800000;\">Am\u00e1lka Gottwaldov\u00e1<\/span> <\/strong>a sv\u016fj v\u00fdborn\u00fd v\u00fdsledek z r. 2018 zde &#8222;Am\u00e1la&#8220; letos je\u0161t\u011b dok\u00e1zala umocnit, kdy\u017e v tvrd\u00e9 konkurenci &#8222;kovan\u00fdch&#8220; silni\u010d\u00e1\u0159ek dok\u00e1zala vybojovat ve sv\u00e9 kategorii cenn\u00e9 st\u0159\u00edbro! &#8222;Klobouk dol\u016f&#8220;, kdy\u017e vezmeme v \u00favahu, \u017ee v p\u0159\u00edpravn\u00e9m obdob\u00ed musela ze zdravorn\u00edch d\u016fvod\u016f n\u011bjak\u00fd \u010das v r\u00e1mci p\u0159\u00edpravy absentovat. Nad silni\u010dn\u00edm v\u00fdkonem Am\u00e1lky v Hlohovci musel\u00a0 minulou zaplesat v cyklistick\u00e9m Nebi ur\u010do i s\u00e1m, n\u00e1\u0161\u00a0<strong><span style=\"color: #800000;\">Vlastimil MORAVEC<\/span><\/strong>&#8230; Zde studujete <strong><a href=\"http:\/\/www.championchip.cz\/results\/2019033010\/VysZZM.pdf\">v\u00fdsledky z Hlohovce<\/a>&#8230;<\/strong><\/p>\n<figure id=\"attachment_12954\" aria-describedby=\"caption-attachment-12954\" style=\"width: 3024px\" class=\"wp-caption alignnone\"><a href=\"http:\/\/www.moravecteam.cz\/?attachment_id=12954\" rel=\"attachment wp-att-12954\"><img decoding=\"async\" loading=\"lazy\" class=\" wp-image-12954\" alt=\"20190330_132051\" src=\"http:\/\/www.moravecteam.cz\/wp-content\/uploads\/2019\/03\/20190330_1320511.jpg\" width=\"3024\" height=\"3488\" srcset=\"https:\/\/www.moravecteam.cz\/wp-content\/uploads\/2019\/03\/20190330_1320511.jpg 3024w, https:\/\/www.moravecteam.cz\/wp-content\/uploads\/2019\/03\/20190330_1320511-260x300.jpg 260w, https:\/\/www.moravecteam.cz\/wp-content\/uploads\/2019\/03\/20190330_1320511-887x1024.jpg 887w\" sizes=\"(max-width: 3024px) 100vw, 3024px\" \/><\/a><figcaption id=\"caption-attachment-12954\" class=\"wp-caption-text\">Obr\u00e1zek, kter\u00fd se (alespo\u0148 m\u011b), nidy neokouk\u00e1&#8230;<\/figcaption><\/figure>\n<h5 style=\"text-align: justify;\"><strong><span style=\"color: #800000;\">Morkovsk\u00e9 Bajk<\/span><\/strong><\/h5>\n<p style=\"text-align: justify;\">By\u0165 je tento podnik uv\u00e1d\u011bn hlavn\u011b jako MTB maraton, doprovodn\u00fd program tvo\u0159\u00ed i d\u011btsk\u00e9 z\u00e1vody na krat\u0161\u00edch tra\u0165ov\u00fdch distanc\u00edch. A studoval-li jsem dob\u0159e v\u00fdsledkov\u00e9 listiny, hned t\u0159i MORAVEC &#8222;familly&#8220; zde byly posledn\u00ed b\u0159eznovou ned\u011bli velmi \u00fasp\u011b\u0161n\u011b v akci! <strong><span style=\"color: #800000;\">Jon\u00e1\u0161ek Janovsk\u00fd<\/span> <\/strong>a <strong><span style=\"color: #800000;\">Leonka Eclerov\u00e1<\/span><\/strong> opanovali suver\u00e9nn\u011b sv\u00e9 kategorie chlapc\u016f 4-5 let, resp. d\u00edvek 6-7 let, to ale je\u0161t\u011b nebylo medailov\u011b ten den pro MORAVEC Team v\u0161echno! V kategorii d\u011bv\u010dat 10-12 let brala st\u0159\u00edbro <strong><span style=\"color: #800000;\">Just\u00fdna Novotn\u00e1<\/span><\/strong> a bronz <strong><span style=\"color: #800000;\">Bar\u010da Janovsk\u00e1<\/span><\/strong>, kter\u00e9 tak podtrhnuly v\u00fd\u0161e citovan\u00fd medailov\u00fd \u00fa\u010det MORAVEC Teamu z prvn\u00edho leto\u0161n\u00edho ostr\u00e9ho m\u011b\u0159en\u00ed sil! Nav\u00edc fini\u0161ovala na 7. m\u00edst\u011b v t\u00e9to kategorii t\u0159et\u00ed z na\u0161ich\u00a0 ned\u011bln\u00edch morkovsk\u00fdch &#8222;mu\u0161ket\u00fdrek&#8220;, <strong><span style=\"color: #800000;\">Lucie Koudelkov\u00e1. <\/span><\/strong><span style=\"color: #000000;\">Kde bojuje za MORAVEC Lucie, zpravidla nechyb\u00ed ani jej\u00ed o dva roky star\u0161\u00ed br\u00e1cha <strong><span style=\"color: #800000;\">Maty\u00e1\u0161 Koudelka.<\/span><\/strong> Ten jako jedin\u00fd z MORAVEC Teamu startoval na krat\u0161\u00ed maratonsk\u00e9 trati o distanci 27 km a obsadil ve sv\u00e9 kategorii 10. m\u00edsto.\u00a0<\/span>Uzn\u00e1n\u00ed ur\u010dit\u011b pat\u0159\u00ed sv\u011bdomit\u00e9 Bar\u010de Janovsk\u00e9, kter\u00e1 jako jedin\u00e1 z MORAVC\u016e zvl\u00e1dla se ct\u00ed z\u00e1vod, jak v sobotu\u00a0 na rakousk\u00e9m bitevn\u00edm poli, tak i v ned\u011bli, na moravsk\u00e9m bitevn\u00edm poli&#8230; Zde si odkontrolujte <strong><a href=\"https:\/\/my2.raceresult.com\/114838\/?lang=cz\">v\u00fdsledkov\u00fd servis i z Morkovic&#8230;<\/a><\/strong><\/p>\n<p style=\"text-align: justify;\">\n","protected":false},"excerpt":{"rendered":"<p>Na t\u0159ech front\u00e1ch vstoupili bike\u0159i MORAVEC Teamu do l\u00edt\u00fdch MTB boj\u016f v r\u00e1mci sez\u00f3ny 2019. A je pro m\u011b opravdovou radost\u00ed popsat medailovou \u017ee\u0148 z rakousk\u00e9ho Langenlois, slovensk\u00e9ho Hlohovce \u010di moravsk\u00fdch Morkovic. Posu\u010fte sami na\u0161i v\u00edkendovou medailovou produktivitu: 4x zlato (&#8222;Elis&#8220; Eli\u0161ka Han\u00e1kov\u00e1, &#8222;Sucho\u0161&#8220; V\u00ed\u0165a Such\u00e1nek, &#8222;D\u017eonas&#8220; Janovsk\u00fd a Leonka Eclerov\u00e1), 2x st\u0159\u00edbro (Zita \u017dern\u00ed\u010dkov\u00e1 &hellip; <a href=\"https:\/\/www.moravecteam.cz\/?p=12940\" class=\"more-link\">Pokra\u010dov\u00e1n\u00ed textu <span class=\"screen-reader-text\">Medailov\u00fd start!-2<\/span> <span class=\"meta-nav\">&rarr;<\/span><\/a><\/p>\n","protected":false},"author":3,"featured_media":12945,"comment_status":"open","ping_status":"closed","sticky":false,"template":"","format":"standard","meta":[],"categories":[1],"tags":[],"_links":{"self":[{"href":"https:\/\/www.moravecteam.cz\/index.php?rest_route=\/wp\/v2\/posts\/12940"}],"collection":[{"href":"https:\/\/www.moravecteam.cz\/index.php?rest_route=\/wp\/v2\/posts"}],"about":[{"href":"https:\/\/www.moravecteam.cz\/index.php?rest_route=\/wp\/v2\/types\/post"}],"author":[{"embeddable":true,"href":"https:\/\/www.moravecteam.cz\/index.php?rest_route=\/wp\/v2\/users\/3"}],"replies":[{"embeddable":true,"href":"https:\/\/www.moravecteam.cz\/index.php?rest_route=%2Fwp%2Fv2%2Fcomments&post=12940"}],"version-history":[{"count":13,"href":"https:\/\/www.moravecteam.cz\/index.php?rest_route=\/wp\/v2\/posts\/12940\/revisions"}],"predecessor-version":[{"id":12968,"href":"https:\/\/www.moravecteam.cz\/index.php?rest_route=\/wp\/v2\/posts\/12940\/revisions\/12968"}],"wp:featuredmedia":[{"embeddable":true,"href":"https:\/\/www.moravecteam.cz\/index.php?rest_route=\/wp\/v2\/media\/12945"}],"wp:attachment":[{"href":"https:\/\/www.moravecteam.cz\/index.php?rest_route=%2Fwp%2Fv2%2Fmedia&parent=12940"}],"wp:term":[{"taxonomy":"category","embeddable":true,"href":"https:\/\/www.moravecteam.cz\/index.php?rest_route=%2Fwp%2Fv2%2Fcategories&post=12940"},{"taxonomy":"post_tag","embeddable":true,"href":"https:\/\/www.moravecteam.cz\/index.php?rest_route=%2Fwp%2Fv2%2Ftags&post=12940"}],"curies":[{"name":"wp","href":"https:\/\/api.w.org\/{rel}","templated":true}]}}