{"id":12959,"date":"2019-04-01T21:33:14","date_gmt":"2019-04-01T19:33:14","guid":{"rendered":"http:\/\/www.moravecteam.cz\/?p=12959"},"modified":"2019-04-03T12:13:44","modified_gmt":"2019-04-03T10:13:44","slug":"co-se-bude-dit-st14-4","status":"publish","type":"post","link":"https:\/\/www.moravecteam.cz\/?p=12959","title":{"rendered":"Co se bude d\u00edt? (ST14)-2"},"content":{"rendered":"<p><strong><span style=\"color: #800000;\">Pro &#8222;the better&#8220; mezi-odd\u00edlovou komunikaci!<\/span><\/strong><\/p>\n<p>R\u00e1d tlumo\u010d\u00edm iniciativu jednoho z V\u00e1s, rodi\u010d\u016f!<\/p>\n<div style=\"text-align: justify;\"><em>Ahoj Moravci, posledn\u00ed t\u00fddny jsem \u0159e\u0161il jak se rychle domluvit na tr\u00e9nink, vyj\u00ed\u017e\u010fku, omluvu z tr\u00e9ninku a podobn\u011b. Napadlo m\u011b pou\u017e\u00edt mobiln\u00ed aplikaci WhatsApp, kterou v\u011bt\u0161ina co v\u00e1s m\u00e1m v kontaktech pou\u017e\u00edv\u00e1.\u00a0<\/em><\/div>\n<div style=\"text-align: justify;\"><em>Zalo\u017eil jsem tedy zku\u0161ebn\u011b skupinu Moravec. Vy z v\u00e1s kdo tam nejsou a chcete vyu\u017e\u00edt t\u00e9to formy komunikace, prove\u010fte n\u00e1sleduj\u00edc\u00ed kroky:<\/em><\/div>\n<div><\/div>\n<div><em>1. Nainstalujte si na mobil aplikaci WhatsApp.<\/em><\/div>\n<div><em>\u00a0<\/em><\/div>\n<div><em>2. Po\u0161lete mi na mail ody55@atlas.cz kontakt na v\u00e1s. (Jm\u00e9no, P\u0159\u00edjmen\u00ed, mobil)<\/em><\/div>\n<div><em>\u00a0<\/em><\/div>\n<div><em>3. J\u00e1 v\u00e1s p\u0159id\u00e1m do skupiny.<\/em><\/div>\n<div><em>\u00a0<\/em><\/div>\n<div><em>4. A\u017e se v\u00e1m objev\u00ed skupina v aplikaci, po\u0161lete ostatn\u00edm pozdrav se jm\u00e9nem a ostatn\u00ed si v\u00e1s ulo\u017e\u00ed.<\/em><\/div>\n<div><em>\u00a0<\/em><\/div>\n<div style=\"text-align: justify;\"><em>To je v\u0161e. Doporu\u010duji alespo\u0148 jednoho z\u00e1stupce z rodiny a vyzku\u0161\u00edme jak to bude fungovat. Pokud jsem n\u011bkoho p\u0159idal do skupiny a nesouhlas\u00edte s t\u00edm, omlouv\u00e1m se. Napi\u0161te mi a j\u00e1 v\u00e1s odeberu.<\/em><\/div>\n<div style=\"text-align: justify;\"><em>Vlasta Odehnal<\/em><\/div>\n<h5><span style=\"color: #800000;\"><strong>\u00dater\u00fd 2.4. 2019<\/strong><\/span><\/h5>\n<p>Silni\u010dn\u00ed tr\u00e9nink pod veden\u00edm Vlast\u00edka Odehnala, Jirky \u0160t\u011bpan\u00edka a Franti\u0161ka Pad\u011bry\u00a0&#8211; sraz v 16.30 u Z\u0160 Bene\u0161ov.<\/p>\n<h5><span style=\"color: #800000;\">St\u0159eda 3.4. 2019<\/span><\/h5>\n<p style=\"text-align: justify;\">Pravideln\u00fd MTB tr\u00e9nink s Jirkou Va\u0161\u00ed\u010dkem, Ad\u00e9lou \u0160af\u00e1\u0159ovou, Liborem Barto\u0161em a Petrem Koudelkou. Sraz v 16.30, tentokr\u00e1t\u00a0&#8222;U Pazderny&#8220; na Okrouhl\u00e9.<\/p>\n<h5><span style=\"color: #800000;\"><strong>\u010ctvrtek 4. 4. 2019<\/strong><\/span><\/h5>\n<p>Ofici\u00e1ln\u00ed zah\u00e1jen\u00ed sez\u00f3ny MORAVEC Team 2019. Od 17.00 hodin v restauraci Morava Bene\u0161ov, kde p\u0159ed\u00e1n\u00edm dres\u016f a licenc\u00ed na\u0161im rajdr\u016fm sez\u00f3nu 2019 pomysln\u011b odstartujeme. A taky se pokus\u00edme o spole\u010dn\u00e9 hromadn\u00e9 foto v nov\u00fdch dresech &#8211; pro sponzory&#8230;,<\/p>\n<h5><span style=\"color: #800000;\"><strong>Sobota, ned\u011ble 6. &#8211; 7. 4. 2019<\/strong><\/span><\/h5>\n<ul>\n<li>\n<div style=\"text-align: justify;\">Prvn\u00ed z\u00e1vod \u010cesk\u00e9ho poh\u00e1ru horsk\u00fdch kol v Kutn\u00e9 Ho\u0159e. Zde studujte propozice &#8211;\u00a0<a href=\"http:\/\/www.moravecteam.cz\/?attachment_id=12906\" rel=\"attachment wp-att-12906\"><strong>Propozice-1.-z\u00e1vod-XCO-2019-Kutn\u00e1-Hora (1)<\/strong><\/a>\u00a0a zde je k dispozici ofici\u00e1ln\u00ed rozpis sout\u011b\u017ee &#8211;\u00a0<strong><a href=\"http:\/\/www.moravecteam.cz\/?attachment_id=12907\" rel=\"attachment wp-att-12907\">Rozpis-XCO-Strabag-2019-final<\/a>.<\/strong>\u00a0Organizace leto\u0161n\u00edch v\u00fdjezd\u016f\u00a0se vy\u0159e\u0161ila \u00a0p\u0159i sch\u016fzce veden\u00ed odd\u00edlu s rodi\u010di, kter\u00e1 se\u00a0prob\u011bhla v \u00a0p\u00e1tek 29.3. 2019\u00a0od 18.00 v t\u011blocvi\u010dn\u011b Z\u0160 Bene\u0161ov. <strong><span style=\"color: #800000;\">Dopl\u0148uj\u00edc\u00ed pokyny Tondy Han\u00e1ka<\/span><\/strong> jsou tyto: 1. Z\u00e1vodn\u00edci nech\u0165 si <strong><span style=\"color: #800000;\">vezmou<\/span><\/strong> do odd\u00edlov\u00e9ho stanu <strong><span style=\"color: #800000;\">skl\u00e1dac\u00ed \u017eidli\u010dky<\/span><\/strong>, nic dal\u0161\u00edho nen\u00ed t\u0159eba br\u00e1t. 2. Kdo nem\u00e1 vlastn\u00ed <strong><span style=\"color: #800000;\">rezervn\u00ed kola<\/span><\/strong>, m\u016f\u017ee vyu\u017e\u00edt k zap\u016fj\u010den\u00ed odd\u00edlov\u00fdch rezerv. V t\u00e9to v\u011bci v\u010das <strong><span style=\"color: #800000;\">kontaktujte Petra Koudelku<\/span> <\/strong>(605 068 098).<\/div>\n<\/li>\n<li>Zah\u00e1jen\u00ed cyklistick\u00e9 sez\u00f3ny v Brn\u011b &#8211; Kohoutovic\u00edch. Mrkn\u011bte na pozv\u00e1nku:<\/li>\n<\/ul>\n<p><a href=\"http:\/\/www.moravecteam.cz\/?attachment_id=12963\" rel=\"attachment wp-att-12963\"><img decoding=\"async\" loading=\"lazy\" class=\"alignnone size-full wp-image-12963\" alt=\"pozv\u00e1nka 2019\" src=\"http:\/\/www.moravecteam.cz\/wp-content\/uploads\/2019\/04\/pozv\u00e1nka-2019.jpg\" width=\"2094\" height=\"2290\" srcset=\"https:\/\/www.moravecteam.cz\/wp-content\/uploads\/2019\/04\/pozv\u00e1nka-2019.jpg 2094w, https:\/\/www.moravecteam.cz\/wp-content\/uploads\/2019\/04\/pozv\u00e1nka-2019-274x300.jpg 274w, https:\/\/www.moravecteam.cz\/wp-content\/uploads\/2019\/04\/pozv\u00e1nka-2019-936x1024.jpg 936w\" sizes=\"(max-width: 2094px) 100vw, 2094px\" \/><\/a><\/p>\n<h5 style=\"text-align: justify;\"><span style=\"color: #800000;\"><strong>AKCE T\u011aSN\u011a ZA HORIZONTEM<\/strong><\/span><\/h5>\n<h5 style=\"text-align: justify;\"><span style=\"color: #800000;\"><strong><span style=\"color: #800000;\"><strong>Sobota, ned\u011ble 27. &#8211; 28.4. 2019<\/strong><\/span><\/strong><\/span><\/h5>\n<p style=\"text-align: justify;\">Druh\u00fd z\u00e1vod \u010cesk\u00e9ho poh\u00e1ru horsk\u00fdch kol ve m\u011bst\u011b Tou\u0161kov. Zde studujte propozice:\u00a0<strong><a href=\"http:\/\/www.moravecteam.cz\/?attachment_id=12908\" rel=\"attachment wp-att-12908\">Propozice-2.-z\u00e1vod-XCO-2019-M\u011bsto-Tou\u0161kov<\/a><\/strong><\/p>\n<h5><span style=\"color: #800000;\"><strong>MTB &#8222;Vrchovina&#8220; 2019\u00a0<\/strong><\/span><\/h5>\n<p style=\"text-align: justify;\">m\u00e1 ji\u017e &#8211; jak pevn\u011b v\u011b\u0159\u00edm &#8211;\u00a0pevn\u00e9 term\u00edny\u00a0jako ona pov\u011bstn\u00e1 &#8222;Helvetsk\u00e1 v\u00edra&#8220;:\u00a0<span style=\"color: #800000;\"><strong>4.5. &#8211; Vlachov, 18.5.\u00a0 Bene\u0161ov, 8.6. &#8211; Okrouhl\u00e1, 22.6. \u017d\u010f\u00e1rn\u00e1, 13.7. Protivanov, 10.8. Bukov\u00e1, 17.8. Boskovice, 24.8. Ko\u0159enec, 7.9. Velenov, 14.9. Kn\u00ednice, 21.9. Nov\u00e9 M\u011bsto n Morav\u011b &#8211; fin\u00e1le.<\/strong><\/span>\u00a0Term\u00ednov\u00fd kalend\u00e1\u0159 na r. 2019 se z\u00e1vodn\u00edmi prioritami MORAVEC Teamu trvale um\u00edst\u011bn v t\u00e9to pravideln\u011b se obnovuj\u00edc\u00ed aktualit\u011b a bude v\u010das dopln\u011bn p\u0159edev\u0161\u00edm o term\u00edny \u010cesk\u00e9ho poh\u00e1ru v cyklokrosu.<\/p>\n<h5><span style=\"color: #800000;\">AKCE ZA DV\u011aMA HORIZONTY<\/span><\/h5>\n<ul>\n<li style=\"text-align: justify;\"><span style=\"color: #800000;\"><strong>24. &#8211; 26. 5. 2019\u00a0<\/strong>\u00a0<\/span>&#8211; na doporu\u010den\u00ed tren\u00e9r\u016f navrhuje odd\u00edl k reprezentaci MORAVEC Teamu na etapov\u00e9m silni\u010dn\u00edm z\u00e1vod\u011b v Lan\u0161kroun\u011b (star\u0161\u00ed \u017e\u00e1ci a kadetky) tyto jezdce: <span style=\"color: #800000;\"><strong>Roman \u0160indel\u00e1\u0159, V\u00edt Lipensk\u00fd, Luk\u00e1\u0161 Sedl\u00e1k a Kl\u00e1ra Odehnalov\u00e1<\/strong>.<\/span> Tuto reprezentaci odd\u00edl podpo\u0159\u00ed.\u00a0 Obdobn\u011b je odd\u00edl p\u0159ipraven podpo\u0159it jezdce MORAVEC Teamu v p\u0159\u00edpad\u011b reprezentace na dal\u0161\u00edch silni\u010dn\u00edch z\u00e1vodech, kter\u00e9 nebudou kolidovat s MTB \u010cP XCO a MTB &#8222;Vrchovinou&#8220; za t\u011bchto podm\u00ednek: Skupina minim\u00e1ln\u011b t\u0159\u00ed jezdc\u016f &#8211; pak je mo\u017enost domluvy na zap\u016fj\u010den\u00ed odd\u00edlov\u00e9 dod\u00e1vky a odd\u00edlov\u00e9ho t\u00fdmov\u00e9ho z\u00e1zem\u00ed. S proplacen\u00edm startovn\u00e9ho (oproti dokladu), se samoz\u0159ejm\u011b po\u010d\u00edt\u00e1. Obdobn\u011b je odd\u00edl p\u0159ipraven p\u0159isp\u011bt na reprezentanty \u010cR z \u0159ad MORAVEC Teamu &#8211; aktu\u00e1ln\u011b se toto t\u00fdk\u00e1 <span style=\"color: #800000;\"><strong>Eli\u0161ky Han\u00e1kov\u00e9<\/strong>,<\/span> kter\u00e1 je nominov\u00e1na pro r. 2019 do reprezentace \u010cR &#8211; lv\u00ed\u010data (\u017e\u00e1ci a kadeti).<\/li>\n<li style=\"text-align: justify;\"><span style=\"color: #800000;\"><strong>23. &#8211; 28. 6.<\/strong> <strong>2019<\/strong> <\/span>&#8211; Olympi\u00e1da d\u011bt\u00ed a ml\u00e1de\u017ee v Liberci. Za MORAVEC Team byli doporu\u010deni na reprezentaci JmK (t\u00fdk\u00e1 se kadet\u016f-kadetek a star\u0161\u00edch \u017e\u00e1k\u016f &#8211; \u017ea\u010dek)<span style=\"color: #800000;\"><strong> Kl\u00e1ra Odehnalov\u00e1, Eli\u0161ka Han\u00e1kov\u00e1, Luk\u00e1\u0161 Sedl\u00e1k a Roman \u0160indel\u00e1\u0159.<\/strong><\/span>\u00a0Na\u0161e rajdry \u010dekaj\u00ed nomina\u010dn\u00ed z\u00e1vody, na z\u00e1klad\u011b kter\u00fdch rozhodnou pov\u011b\u0159en\u00ed tren\u00e9\u0159i Luk\u00e1\u0161 Petr a Petr Herman o jejich p\u0159\u00edpadn\u00e9 nominaci. V r\u00e1mci nominace na ODM\u00a0za Olomouck\u00fd\u00a0 kraj budeme\u00a0je navr\u017een \u00a0k reprezentaci\u00a0<strong><span style=\"color: #800000;\">V\u00edt Lipensk\u00fd<\/span><\/strong>,\u00a0 Podrobnosti k ODM v Liberci za Jihomoravsk\u00fd kraj \u00a0najdete zde,\u00a0<a href=\"http:\/\/www.moravecteam.cz\/?attachment_id=12921\" rel=\"attachment wp-att-12921\">J<\/a><strong><a href=\"http:\/\/www.moravecteam.cz\/?attachment_id=12921\" rel=\"attachment wp-att-12921\">MKSC-LODM2019-nominacni_kriteria_v1_sLT (2)<\/a>, <\/strong>za Olomouck\u00fd kraj zaase tu\u0165: <strong><a href=\"https:\/\/www.olomouckysvazcyklistiky.cz\/images\/documents\/2019\/LODM2019.pdf\">Nomina\u010dn\u00ed krit\u00e9ria-Olomouck\u00fd kraj.<\/a><\/strong><\/li>\n<li style=\"text-align: justify;\">Pr\u00e1zdninov\u00fd Kemp MORAVEC Teamu\u00a0prob\u011bhne v t\u00fddnu od <span style=\"color: #800000;\"><strong>29.7. do 2.8. 2019<\/strong><\/span>. Opera\u010dn\u00ed prostor: Ji\u017en\u00ed Morava \/ Severn\u00ed\u00a0 Rakousko.<\/li>\n<\/ul>\n","protected":false},"excerpt":{"rendered":"<p>Pro &#8222;the better&#8220; mezi-odd\u00edlovou komunikaci! R\u00e1d tlumo\u010d\u00edm iniciativu jednoho z V\u00e1s, rodi\u010d\u016f! Ahoj Moravci, posledn\u00ed t\u00fddny jsem \u0159e\u0161il jak se rychle domluvit na tr\u00e9nink, vyj\u00ed\u017e\u010fku, omluvu z tr\u00e9ninku a podobn\u011b. Napadlo m\u011b pou\u017e\u00edt mobiln\u00ed aplikaci WhatsApp, kterou v\u011bt\u0161ina co v\u00e1s m\u00e1m v kontaktech pou\u017e\u00edv\u00e1.\u00a0 Zalo\u017eil jsem tedy zku\u0161ebn\u011b skupinu Moravec. Vy z v\u00e1s kdo tam &hellip; <a href=\"https:\/\/www.moravecteam.cz\/?p=12959\" class=\"more-link\">Pokra\u010dov\u00e1n\u00ed textu <span class=\"screen-reader-text\">Co se bude d\u00edt? (ST14)-2<\/span> <span class=\"meta-nav\">&rarr;<\/span><\/a><\/p>\n","protected":false},"author":3,"featured_media":12970,"comment_status":"open","ping_status":"closed","sticky":false,"template":"","format":"standard","meta":[],"categories":[11],"tags":[],"_links":{"self":[{"href":"https:\/\/www.moravecteam.cz\/index.php?rest_route=\/wp\/v2\/posts\/12959"}],"collection":[{"href":"https:\/\/www.moravecteam.cz\/index.php?rest_route=\/wp\/v2\/posts"}],"about":[{"href":"https:\/\/www.moravecteam.cz\/index.php?rest_route=\/wp\/v2\/types\/post"}],"author":[{"embeddable":true,"href":"https:\/\/www.moravecteam.cz\/index.php?rest_route=\/wp\/v2\/users\/3"}],"replies":[{"embeddable":true,"href":"https:\/\/www.moravecteam.cz\/index.php?rest_route=%2Fwp%2Fv2%2Fcomments&post=12959"}],"version-history":[{"count":8,"href":"https:\/\/www.moravecteam.cz\/index.php?rest_route=\/wp\/v2\/posts\/12959\/revisions"}],"predecessor-version":[{"id":12973,"href":"https:\/\/www.moravecteam.cz\/index.php?rest_route=\/wp\/v2\/posts\/12959\/revisions\/12973"}],"wp:featuredmedia":[{"embeddable":true,"href":"https:\/\/www.moravecteam.cz\/index.php?rest_route=\/wp\/v2\/media\/12970"}],"wp:attachment":[{"href":"https:\/\/www.moravecteam.cz\/index.php?rest_route=%2Fwp%2Fv2%2Fmedia&parent=12959"}],"wp:term":[{"taxonomy":"category","embeddable":true,"href":"https:\/\/www.moravecteam.cz\/index.php?rest_route=%2Fwp%2Fv2%2Fcategories&post=12959"},{"taxonomy":"post_tag","embeddable":true,"href":"https:\/\/www.moravecteam.cz\/index.php?rest_route=%2Fwp%2Fv2%2Ftags&post=12959"}],"curies":[{"name":"wp","href":"https:\/\/api.w.org\/{rel}","templated":true}]}}