{"id":12974,"date":"2019-04-09T00:58:43","date_gmt":"2019-04-08T22:58:43","guid":{"rendered":"http:\/\/www.moravecteam.cz\/?p=12974"},"modified":"2019-04-09T01:03:53","modified_gmt":"2019-04-08T23:03:53","slug":"na-startu-oslava","status":"publish","type":"post","link":"https:\/\/www.moravecteam.cz\/?p=12974","title":{"rendered":"Na startu oslava!"},"content":{"rendered":"<p style=\"text-align: justify;\"><strong><span style=\"color: #800000;\">\u010ctvrt\u00e9ho \u010dtvrt\u00fd\u00a0ve \u010dtvrtek, p\u0159e\u0165al MORAVEC Team ofici\u00e1ln\u011b startovac\u00ed \u010d\u00e1ru do sez\u00f3ny 2019.\u00a0Prav\u00e9 k\u0159\u00eddlo odd\u00edlov\u00e9 mate\u0159sk\u00e9 restaurace Morava v Bene\u0161ov\u011b, kter\u00e9 slavnostn\u00ed zah\u00e1jen\u00ed sez\u00f3ny tradi\u010dn\u011b pohostilo,\u00a0obsadila v\u00edce jak dvac\u00edtka na\u0161ich rajdr\u016f, kte\u0159\u00ed svoji\u00a0&#8222;na\u017ehavenost&#8220;\u00a0na pasov\u00e1n\u00ed se\u00a0se soupe\u0159i na cyklistick\u00fdch z\u00e1vodech v\u0161eho druhu potvrdili ji\u017e o minul\u00e9m v\u00edkendu, kdy\u00a0si ji\u017e na\u0161e \u0161iky\u00a0\u00a0p\u0159i prvn\u00edch z\u00e1vodech doma \u010di v zahrani\u010d\u00ed velmi zdatn\u011b &#8222;o\u0165ukli&#8220; svoje leto\u0161n\u00ed potenci\u00e1ln\u00ed soupe\u0159e.<\/span><\/strong><\/p>\n<figure id=\"attachment_12994\" aria-describedby=\"caption-attachment-12994\" style=\"width: 3809px\" class=\"wp-caption alignnone\"><a href=\"http:\/\/www.moravecteam.cz\/?attachment_id=12994\" rel=\"attachment wp-att-12994\"><img decoding=\"async\" loading=\"lazy\" class=\" wp-image-12994\" alt=\"IMG_8052\" src=\"http:\/\/www.moravecteam.cz\/wp-content\/uploads\/2019\/04\/IMG_8052.jpg\" width=\"3809\" height=\"2654\" srcset=\"https:\/\/www.moravecteam.cz\/wp-content\/uploads\/2019\/04\/IMG_8052.jpg 3809w, https:\/\/www.moravecteam.cz\/wp-content\/uploads\/2019\/04\/IMG_8052-300x209.jpg 300w, https:\/\/www.moravecteam.cz\/wp-content\/uploads\/2019\/04\/IMG_8052-1024x713.jpg 1024w\" sizes=\"(max-width: 3809px) 100vw, 3809px\" \/><\/a><figcaption id=\"caption-attachment-12994\" class=\"wp-caption-text\">MORAVEC Team na prahu sez\u00f3ny 2019. Obden u\u017e n\u011bkte\u0159\u00ed na\u0161i z fotografie ji\u017e\u00a0 zhas\u00e1hli do boj\u016f v r\u00e1mci \u010cP MTB v Kutn\u00e9 Ho\u0159e!<\/figcaption><\/figure>\n<p style=\"text-align: justify;\">Slavnostn\u00edmu aktu p\u0159ed\u00e1n\u00ed dres\u016f a z\u00e1vodn\u00edch licenc\u00ed letos nep\u0159edch\u00e1zela M\u0161e Svat\u00e1 za MORAVEC Team, tak jako tomu bylo v minul\u00fdch letech, z jednoho prost\u00e9ho d\u016fvodu: v den na\u0161eho pomysln\u00e9ho startu do sez\u00f3ny m\u011bl u\u017e bene\u0161ovsk\u00fd pan far\u00e1\u0159 P\u00e1ter Pavel Koutn\u00edk jin\u00e9 povinnosti. Smutnit v\u0161ak nemus\u00edme. V Pavlovsk\u00e9 kapli\u010dce se sejdeme p\u0159ed bikov\u00fdm Mistrovstv\u00edm \u010cR (pohost\u00ed je o p\u0159edposledn\u00edm \u010dervencov\u00e9m v\u00edkendu jindy cyklokrosa\u0159sk\u00e9 Hlinsko), p\u0159edb\u011b\u017en\u00fd term\u00edn je stanoven na \u010dtvrtek 18. \u010dervence na odpoledne.<\/p>\n<figure id=\"attachment_12995\" aria-describedby=\"caption-attachment-12995\" style=\"width: 1822px\" class=\"wp-caption alignnone\"><a href=\"http:\/\/www.moravecteam.cz\/?attachment_id=12995\" rel=\"attachment wp-att-12995\"><img decoding=\"async\" loading=\"lazy\" class=\" wp-image-12995\" alt=\"DSC_0006\" src=\"http:\/\/www.moravecteam.cz\/wp-content\/uploads\/2019\/04\/DSC_0006.jpg\" width=\"1822\" height=\"939\" srcset=\"https:\/\/www.moravecteam.cz\/wp-content\/uploads\/2019\/04\/DSC_0006.jpg 1822w, https:\/\/www.moravecteam.cz\/wp-content\/uploads\/2019\/04\/DSC_0006-300x154.jpg 300w, https:\/\/www.moravecteam.cz\/wp-content\/uploads\/2019\/04\/DSC_0006-1024x527.jpg 1024w\" sizes=\"(max-width: 1822px) 100vw, 1822px\" \/><\/a><figcaption id=\"caption-attachment-12995\" class=\"wp-caption-text\">K narozk\u00e1m p\u0159eje Eli\u0161ce Han\u00e1kov\u00e9 tren\u00e9r Milan Tlamka,kter\u00fd ji pro vrcholovou cyklistiku objevil a taky d\u011bda Karel V\u0161etula, b\u00fdval\u00fd v\u00fdborn\u00fd cyklista &#8211; silni\u010d\u00e1\u0159, kter\u00fd zcela evidentn\u011b Eli\u0161ce daroval cyklistick\u00fd genom&#8230;<\/figcaption><\/figure>\n<p style=\"text-align: justify;\">Ne\u017e se ale v re\u017eii sv\u011bdomit\u00e9 Hanky \u0160indel\u00e1\u0159ov\u00e9\u00a0 za\u010dali dresy\u00a0\u00a0\u00a0podle abecedy na\u0161im rajdr\u016fm rozd\u00e1vat,\u00a0 slavnostn\u00ed chv\u00edle tomu v\u0161emu p\u0159ece jen p\u0159edch\u00e1zela. Od minul\u00e9ho \u010dtvrtku si u\u017e asi budeme dob\u0159e pamatovat, kdy m\u00e1 narozky jedna z aktu\u00e1ln\u00edch opor MORAVEC Teamu, \u0161ikovn\u00e1 star\u0161\u00ed \u017e\u00e1kyn\u011b, Eli\u0161ka Han\u00e1kov\u00e1&#8230; Ano, jej\u00ed den narozen\u00ed je 4.dubna a gratulova\u010dka za dan\u00e9 situace nemohla chyb\u011bt! Bylo to samoz\u0159ejm\u011b se v\u0161\u00edm v\u0161udy: s p\u0159\u00edpitkem (\u0161ampus byl samoz\u0159ejm\u011b d\u011btsk\u00fd, bez alkoholu), sladk\u00fdm d\u00e1rkem pro oslavenkyni a taky pro ni zap\u011bn\u00fdm docela mohutn\u00fdm &#8222;\u017eivij\u00f3\u00f3\u00f3&#8220;! Te\u010f m\u011b napad\u00e1, \u017ee to cht\u011blo je\u0161t\u011b po\u0159\u00e1dn\u00e9ho hobla!\u00a0 V\u017edycky\u00a0 sena n\u011bco zapomeneme&#8230; Nevad\u00ed, p\u0159\u00ed\u0161t\u011b, ka\u017edop\u00e1dn\u011b p\u0159\u00e1n\u00ed v\u0161ech pro Eli\u0161ku\u00a0bylo u\u017e ve znamen\u00ed sobotn\u00edho startu MTB \u010cesk\u00e9ho poh\u00e1ru v Kutn\u00e9 Ho\u0159e a p\u0159\u00e1li jsme j\u00ed samoz\u0159ejm\u011b co nejlep\u0161\u00ed v\u00fdsledek p\u0159i premi\u00e9rov\u00e9m z\u00e1vod\u011b nejvy\u0161\u0161\u00ed \u010desk\u00e9 bikov\u00e9 ligy..!<\/p>\n<figure id=\"attachment_12996\" aria-describedby=\"caption-attachment-12996\" style=\"width: 1564px\" class=\"wp-caption alignnone\"><a href=\"http:\/\/www.moravecteam.cz\/?attachment_id=12996\" rel=\"attachment wp-att-12996\"><img decoding=\"async\" loading=\"lazy\" class=\" wp-image-12996\" alt=\"DSC_0031\" src=\"http:\/\/www.moravecteam.cz\/wp-content\/uploads\/2019\/04\/DSC_0031.jpg\" width=\"1564\" height=\"1623\" srcset=\"https:\/\/www.moravecteam.cz\/wp-content\/uploads\/2019\/04\/DSC_0031.jpg 1564w, https:\/\/www.moravecteam.cz\/wp-content\/uploads\/2019\/04\/DSC_0031-25x25.jpg 25w, https:\/\/www.moravecteam.cz\/wp-content\/uploads\/2019\/04\/DSC_0031-289x300.jpg 289w, https:\/\/www.moravecteam.cz\/wp-content\/uploads\/2019\/04\/DSC_0031-986x1024.jpg 986w\" sizes=\"(max-width: 1564px) 100vw, 1564px\" \/><\/a><figcaption id=\"caption-attachment-12996\" class=\"wp-caption-text\">Bude n\u00e1\u0161 Honz\u00edk, aktu\u00e1ln\u011b s \u00fasm\u011bvem kanadsk\u00e9ho hokejisty, hv\u011bzdi\u010dkou leto\u0161n\u00ed MTB &#8222;Vrchoviny&#8220;? To pozn\u00e1me u\u017e brzy&#8230;<\/figcaption><\/figure>\n<p style=\"text-align: justify;\">Kutn\u00e1 Hora byla bezesporu t\u00e9matem odpoledne \/ podve\u010dera a p\u0159i improvizovan\u00fdch rozhovorech bylo pot\u011b\u0161iteln\u00e9 sledovat odhodlanost na\u0161ich rajdr\u016f, dos\u00e1hnout u\u017e na prvn\u00ed akci co nejlep\u0161\u00edch v\u00fdsledk\u016f a maxim\u00e1ln\u011b z\u00faro\u010dit \u00fasil\u00ed v p\u0159\u00edpravn\u00e9m obdob\u00ed. I letos jsme se na slavnostn\u00edm podve\u010deru mohli t\u011b\u0161it z mil\u00e9 p\u0159\u00edtomnosti p\u0159edsedkyn\u011b na\u0161eho Fan-klubu \u00a0Maru\u0161ky Zouharov\u00e9, a pohotov\u00fd a spolehliv\u00fd odd\u00edlov\u00fd fotograf Karel V\u0161etula v\u0161e zaznamenal (v\u010detn\u011b spole\u010dn\u00e9 fotky\u00a0z\u00e1vodn\u00edk\u016f MORAVEC Teamu v nov\u00fdch dresech) \u00a0<strong><a href=\"https:\/\/moravecteam.rajce.idnes.cz\/2019.04.04_Zahajeni_sezony_-_MORAVEC_Team\">do \u00fahledn\u00e9 fotogalerie<\/a>,<\/strong> kter\u00e1 je ji\u017e k prohl\u00e9dnut\u00ed. Sez\u00f3na 2019 je tedy \u00fasp\u011b\u0161n\u011b odstartov\u00e1na!<\/p>\n","protected":false},"excerpt":{"rendered":"<p>\u010ctvrt\u00e9ho \u010dtvrt\u00fd\u00a0ve \u010dtvrtek, p\u0159e\u0165al MORAVEC Team ofici\u00e1ln\u011b startovac\u00ed \u010d\u00e1ru do sez\u00f3ny 2019.\u00a0Prav\u00e9 k\u0159\u00eddlo odd\u00edlov\u00e9 mate\u0159sk\u00e9 restaurace Morava v Bene\u0161ov\u011b, kter\u00e9 slavnostn\u00ed zah\u00e1jen\u00ed sez\u00f3ny tradi\u010dn\u011b pohostilo,\u00a0obsadila v\u00edce jak dvac\u00edtka na\u0161ich rajdr\u016f, kte\u0159\u00ed svoji\u00a0&#8222;na\u017ehavenost&#8220;\u00a0na pasov\u00e1n\u00ed se\u00a0se soupe\u0159i na cyklistick\u00fdch z\u00e1vodech v\u0161eho druhu potvrdili ji\u017e o minul\u00e9m v\u00edkendu, kdy\u00a0si ji\u017e na\u0161e \u0161iky\u00a0\u00a0p\u0159i prvn\u00edch z\u00e1vodech doma \u010di v zahrani\u010d\u00ed &hellip; <a href=\"https:\/\/www.moravecteam.cz\/?p=12974\" class=\"more-link\">Pokra\u010dov\u00e1n\u00ed textu <span class=\"screen-reader-text\">Na startu oslava!<\/span> <span class=\"meta-nav\">&rarr;<\/span><\/a><\/p>\n","protected":false},"author":3,"featured_media":12993,"comment_status":"open","ping_status":"closed","sticky":false,"template":"","format":"standard","meta":[],"categories":[13],"tags":[],"_links":{"self":[{"href":"https:\/\/www.moravecteam.cz\/index.php?rest_route=\/wp\/v2\/posts\/12974"}],"collection":[{"href":"https:\/\/www.moravecteam.cz\/index.php?rest_route=\/wp\/v2\/posts"}],"about":[{"href":"https:\/\/www.moravecteam.cz\/index.php?rest_route=\/wp\/v2\/types\/post"}],"author":[{"embeddable":true,"href":"https:\/\/www.moravecteam.cz\/index.php?rest_route=\/wp\/v2\/users\/3"}],"replies":[{"embeddable":true,"href":"https:\/\/www.moravecteam.cz\/index.php?rest_route=%2Fwp%2Fv2%2Fcomments&post=12974"}],"version-history":[{"count":7,"href":"https:\/\/www.moravecteam.cz\/index.php?rest_route=\/wp\/v2\/posts\/12974\/revisions"}],"predecessor-version":[{"id":13000,"href":"https:\/\/www.moravecteam.cz\/index.php?rest_route=\/wp\/v2\/posts\/12974\/revisions\/13000"}],"wp:featuredmedia":[{"embeddable":true,"href":"https:\/\/www.moravecteam.cz\/index.php?rest_route=\/wp\/v2\/media\/12993"}],"wp:attachment":[{"href":"https:\/\/www.moravecteam.cz\/index.php?rest_route=%2Fwp%2Fv2%2Fmedia&parent=12974"}],"wp:term":[{"taxonomy":"category","embeddable":true,"href":"https:\/\/www.moravecteam.cz\/index.php?rest_route=%2Fwp%2Fv2%2Fcategories&post=12974"},{"taxonomy":"post_tag","embeddable":true,"href":"https:\/\/www.moravecteam.cz\/index.php?rest_route=%2Fwp%2Fv2%2Ftags&post=12974"}],"curies":[{"name":"wp","href":"https:\/\/api.w.org\/{rel}","templated":true}]}}