{"id":12978,"date":"2019-04-09T01:33:36","date_gmt":"2019-04-08T23:33:36","guid":{"rendered":"http:\/\/www.moravecteam.cz\/?p=12978"},"modified":"2019-04-09T12:40:44","modified_gmt":"2019-04-09T10:40:44","slug":"kohouti-take-na-trati","status":"publish","type":"post","link":"https:\/\/www.moravecteam.cz\/?p=12978","title":{"rendered":"&#8222;Kohouti&#8220; tak\u00e9 na trati!"},"content":{"rendered":"<p style=\"text-align: justify;\"><strong><span style=\"color: #800000;\">Jen dva dny po symbolick\u00e9m startu MORAVEC Teamu\u00a0vyrazili vst\u0159\u00edc\u00a0nov\u00e9 cyklistick\u00e9 sez\u00f3n\u011b\u00a0tak\u00e9 na\u0161i kamar\u00e1di z Tatranu Kohoutovice. Jejich zah\u00e1jen\u00ed sez\u00f3ny b\u00fdv\u00e1 pravideln\u011b spjato s na\u0161\u00edm Vlastimilem MORAVCEM, kter\u00fd v Kohoutovic\u00edch pro\u017eil n\u011bkolik kr\u00e1sn\u00fdch let\u00a0\u00a0a kter\u00fd zde, bohu\u017eel, tak\u00e9 15.4. 2019 tragicky zahynul&#8230;\u00a0P\u0159edev\u0161\u00edm tato skute\u010dnost je pob\u00eddkou, aby MORAVEC Team m\u011bl pravideln\u011b na tomto\u00a0zah\u00e1jen\u00ed sv\u00e9ho z\u00e1stupce a ne jinak tomu bylo i letos&#8230;<\/span><\/strong><\/p>\n<figure id=\"attachment_13003\" aria-describedby=\"caption-attachment-13003\" style=\"width: 3083px\" class=\"wp-caption alignnone\"><a href=\"http:\/\/www.moravecteam.cz\/?attachment_id=13003\" rel=\"attachment wp-att-13003\"><img decoding=\"async\" loading=\"lazy\" class=\" wp-image-13003\" alt=\"IMG_8119\" src=\"http:\/\/www.moravecteam.cz\/wp-content\/uploads\/2019\/04\/IMG_8119.jpg\" width=\"3083\" height=\"2742\" srcset=\"https:\/\/www.moravecteam.cz\/wp-content\/uploads\/2019\/04\/IMG_8119.jpg 3083w, https:\/\/www.moravecteam.cz\/wp-content\/uploads\/2019\/04\/IMG_8119-300x266.jpg 300w, https:\/\/www.moravecteam.cz\/wp-content\/uploads\/2019\/04\/IMG_8119-1024x910.jpg 1024w\" sizes=\"(max-width: 3083px) 100vw, 3083px\" \/><\/a><figcaption id=\"caption-attachment-13003\" class=\"wp-caption-text\">&#8222;Velkou&#8220; Evu, Pavl\u00ednku, \u0160imona a druhou Pavl\u00ednku k n\u00e1m velice pevn\u011b v\u00e1\u017ee pouto jm\u00e9nem Vlastimil MORAVEC&#8230;<\/figcaption><\/figure>\n<p style=\"text-align: justify;\">Pravda, vzhledem ke skute\u010dnosti, \u017ee se akce &#8222;Kohout\u016f&#8220; kryla s prvn\u00edm z\u00e1vodem MTB \u010cesk\u00e9ho poh\u00e1ru v Kutn\u00e9 Ho\u0159e, nebylo zastoupen\u00ed na\u0161eho odd\u00edlu\u00a0zrovna masov\u00e9, ale jeden n\u00e1\u0161 reprezentant byl v sobotu dopoledne v &#8222;Kohoutk\u00e1ch&#8220; ost\u0159e v akci! A i d\u00edky t\u00e9to skute\u010dnosti m\u00e1me pod kontrolou jedno d\u016fle\u017eit\u00e9 datum, kter\u00e9 se zde s \u00factou p\u0159ipomn\u011blo: <strong><span style=\"color: #800000;\">letos 7. kv\u011btna 2019 by Vlastimil MORAVEC oslavil 70. narozeniny!<\/span><\/strong><\/p>\n<figure id=\"attachment_13004\" aria-describedby=\"caption-attachment-13004\" style=\"width: 1394px\" class=\"wp-caption alignnone\"><a href=\"http:\/\/www.moravecteam.cz\/?attachment_id=13004\" rel=\"attachment wp-att-13004\"><img decoding=\"async\" loading=\"lazy\" class=\" wp-image-13004\" alt=\"IMG_8145\" src=\"http:\/\/www.moravecteam.cz\/wp-content\/uploads\/2019\/04\/IMG_8145.jpg\" width=\"1394\" height=\"1555\" srcset=\"https:\/\/www.moravecteam.cz\/wp-content\/uploads\/2019\/04\/IMG_8145.jpg 1394w, https:\/\/www.moravecteam.cz\/wp-content\/uploads\/2019\/04\/IMG_8145-268x300.jpg 268w, https:\/\/www.moravecteam.cz\/wp-content\/uploads\/2019\/04\/IMG_8145-917x1024.jpg 917w\" sizes=\"(max-width: 1394px) 100vw, 1394px\" \/><\/a><figcaption id=\"caption-attachment-13004\" class=\"wp-caption-text\">Jarda &#8222;Blagyn&#8220; Bl\u00e1ha odvedl tak, jak jsme u n\u011bho v\u017edy\u00a0zvykl\u00ed, v\u00fdkon na 100%!<\/figcaption><\/figure>\n<p style=\"text-align: justify;\">Osv\u011bd\u010den\u00fd sc\u00e9n\u00e1\u0159 akce, kter\u00e1 i letos \u00a0prob\u011bhla v re\u017eii sv\u011bdomit\u00e9ho \u00a0<strong><span style=\"color: #800000;\">Jardy Bl\u00e1hy<\/span><\/strong>,\u00a0 z\u016fstal beze zm\u011bn i pro leto\u0161n\u00ed rok. Po uv\u00edt\u00e1n\u00ed \u0161tamprdl\u00ed dobr\u00e9 p\u00e1lenky bylo na programu je\u0161t\u011b p\u0159ed vlastn\u00edm startem bohat\u00e9 depo &#8211; ob\u010derstven\u00ed formou lidov\u00fdch moravsk\u00fdch pochoutek, kter\u00e9 i letos velice sv\u011bdomit\u011b za\u0159\u00eddil\u00a0velk\u00fd Vlast\u00edk\u016fv\u00a0kamar\u00e1d\u00a0 a pro tuto akci jmenovan\u00fd proviantn\u00ed n\u00e1\u010deln\u00edk v jedn\u00e9 osob\u011b, <strong><span style=\"color: #800000;\">Mirek\u00a0 Baksa<\/span><\/strong>. Holky MORAVCOVY zde zastupovaly krom\u011b &#8222;Velk\u00e9&#8220; Evy i ob\u011b Pavl\u00ednky, p\u0159i\u010dem\u017e ta star\u0161\u00ed, dcera Vlast\u00edka z prvn\u00edho man\u017eelstv\u00ed, byla pozd\u011bji velmi ak\u010dn\u00ed a aktivn\u00ed \u010dlenkou slavnostn\u00edho mini-pelotonu.<\/p>\n<figure id=\"attachment_13006\" aria-describedby=\"caption-attachment-13006\" style=\"width: 3219px\" class=\"wp-caption alignnone\"><a href=\"http:\/\/www.moravecteam.cz\/?attachment_id=13006\" rel=\"attachment wp-att-13006\"><img decoding=\"async\" loading=\"lazy\" class=\" wp-image-13006\" alt=\"IMG_8081\" src=\"http:\/\/www.moravecteam.cz\/wp-content\/uploads\/2019\/04\/IMG_8081.jpg\" width=\"3219\" height=\"3183\" srcset=\"https:\/\/www.moravecteam.cz\/wp-content\/uploads\/2019\/04\/IMG_8081.jpg 3219w, https:\/\/www.moravecteam.cz\/wp-content\/uploads\/2019\/04\/IMG_8081-25x25.jpg 25w, https:\/\/www.moravecteam.cz\/wp-content\/uploads\/2019\/04\/IMG_8081-300x296.jpg 300w, https:\/\/www.moravecteam.cz\/wp-content\/uploads\/2019\/04\/IMG_8081-1024x1012.jpg 1024w\" sizes=\"(max-width: 3219px) 100vw, 3219px\" \/><\/a><figcaption id=\"caption-attachment-13006\" class=\"wp-caption-text\">Mrkv\u016fv dort.Geni\u00e1ln\u00ed&#8230;<\/figcaption><\/figure>\n<p style=\"text-align: justify;\">A pr\u00e1v\u011b holky MORAVCOVY\u00a0 p\u0159edaly &#8222;Koh\u00f3t\u016fm&#8220; kr\u00e1sn\u00fd dar &#8211; stylov\u00fd &#8222;Mrkv\u016fv&#8220; dort! Vlast\u00edkovi MORAVCOVI po dobu jeho z\u00e1vodn\u00ed kari\u00e9ry kamar\u00e1di p\u0159ezd\u00edvali &#8211; jak jist\u011b u\u017e v\u0161ichni v\u00edte &#8211; &#8222;Mrkva&#8220;, a \u017ee dort zdobilo\u00a0sedm skute\u010dn\u00fdch mrkv\u00ed, bylo\u00a0 stylov\u00e9 a origin\u00e1ln\u00ed z\u00e1rove\u0148. Dort chutnal v\u00fdborn\u011b a j\u00e1 m\u011bl tu \u010dest b\u00fdt jedn\u00edm ze sedmi\u00a0\u0161\u0165astlivc\u016f, kter\u00fdm bylo dovoleno\u00a0 jednu z\u00a0mrkv\u00ed schroustat..!<\/p>\n<figure id=\"attachment_13007\" aria-describedby=\"caption-attachment-13007\" style=\"width: 2299px\" class=\"wp-caption alignnone\"><a href=\"http:\/\/www.moravecteam.cz\/?attachment_id=13007\" rel=\"attachment wp-att-13007\"><img decoding=\"async\" loading=\"lazy\" class=\" wp-image-13007\" alt=\"IMG_8170\" src=\"http:\/\/www.moravecteam.cz\/wp-content\/uploads\/2019\/04\/IMG_8170.jpg\" width=\"2299\" height=\"2094\" srcset=\"https:\/\/www.moravecteam.cz\/wp-content\/uploads\/2019\/04\/IMG_8170.jpg 2299w, https:\/\/www.moravecteam.cz\/wp-content\/uploads\/2019\/04\/IMG_8170-300x273.jpg 300w, https:\/\/www.moravecteam.cz\/wp-content\/uploads\/2019\/04\/IMG_8170-1024x932.jpg 1024w\" sizes=\"(max-width: 2299px) 100vw, 2299px\" \/><\/a><figcaption id=\"caption-attachment-13007\" class=\"wp-caption-text\">Dvacetin\u00e1sobn\u00fd Mistr sv\u011bta v kolov\u00e9 &#8211; Jindra Posp\u00ed\u0161il.<\/figcaption><\/figure>\n<p style=\"text-align: justify;\">Po se\u0161ikov\u00e1n\u00ed skupiny ke spole\u010dn\u00e9 fotce n\u00e1sledoval slavnostn\u00ed v\u00fdst\u0159el, kter\u00fdm &#8222;Koh\u00f3ti&#8220; se sv\u00fdmi hosty a Vlast\u00edkem MORAVCEM sez\u00f3nu &#8222;on-line&#8220; odstartovali.\u00a0Na kolech, auty \u010di p\u011b\u0161ky\u00a0se p\u0159esouv\u00e1me \u00a0z fotbalov\u00e9ho h\u0159i\u0161t\u011b Tatranu do Kohoutovic, na m\u00edsto tragick\u00e9 MORAVCOVY nehody, kde\u00a0pokra\u010duje slavnostn\u00ed den u pam\u011btn\u00ed desky velk\u00e9ho sportovce a kohoutovick\u00e9ho ob\u010dana. I letos se to zde cyklistick\u00fdmi esy \u010di jin\u00fdmi osobnostmi &#8211; a\u0165 u\u017e sou\u010dasn\u00fdmi \u010di &#8211; z minulosti, jenom hem\u017eilo&#8230; R\u00e1di jsme se pozdravili ze skv\u011bl\u00fdm dr\u00e1ha\u0159em <strong><span style=\"color: #800000;\">Ivanem Ku\u010d\u00edrkem<\/span><\/strong>, nechyb\u011bl legend\u00e1rn\u00ed &#8222;Piccolo El Bandito&#8220; &#8211; <strong><span style=\"color: #800000;\">Rudla Labus<\/span><\/strong>, vedle Jardy Bl\u00e1hy byl na akci p\u0159\u00edtomen i jeho syn, tak\u00e9 skv\u011bl\u00fd dr\u00e1ha\u0159 &#8211; <strong><span style=\"color: #800000;\">Martin Bl\u00e1ha<\/span><\/strong>, Duklu Brno zastoupil v\u00fdborn\u011b <strong><span style=\"color: #800000;\">p. Dost\u00e1l<\/span> <\/strong>a t\u011b\u0161it jsme se letos mohli i z p\u0159\u00edtomnosti dvacetin\u00e1sobn\u00e9ho Mistra sv\u011bta v kolov\u00e9 &#8211; <strong><span style=\"color: #800000;\">Jind\u0159icha Posp\u00ed\u0161ila!<\/span><\/strong><\/p>\n<figure id=\"attachment_13005\" aria-describedby=\"caption-attachment-13005\" style=\"width: 4313px\" class=\"wp-caption alignnone\"><a href=\"http:\/\/www.moravecteam.cz\/?attachment_id=13005\" rel=\"attachment wp-att-13005\"><img decoding=\"async\" loading=\"lazy\" class=\" wp-image-13005\" alt=\"IMG_8155\" src=\"http:\/\/www.moravecteam.cz\/wp-content\/uploads\/2019\/04\/IMG_8155.jpg\" width=\"4313\" height=\"1855\" srcset=\"https:\/\/www.moravecteam.cz\/wp-content\/uploads\/2019\/04\/IMG_8155.jpg 4313w, https:\/\/www.moravecteam.cz\/wp-content\/uploads\/2019\/04\/IMG_8155-300x129.jpg 300w, https:\/\/www.moravecteam.cz\/wp-content\/uploads\/2019\/04\/IMG_8155-1024x440.jpg 1024w\" sizes=\"(max-width: 4313px) 100vw, 4313px\" \/><\/a><figcaption id=\"caption-attachment-13005\" class=\"wp-caption-text\">U Vlast\u00edkovy pam\u011btn\u00ed desky, na m\u00edst\u011b trag\u00e9die z 15. dubna 1986&#8230;<\/figcaption><\/figure>\n<p style=\"text-align: justify;\">No a \u0159eknu V\u00e1m: dr\u017eet se na vyj\u00ed\u017e\u010fce v h\u00e1ku za Rudlou L\u00e1busem, to je zkr\u00e1tka z\u00e1\u017eitek asi pro ka\u017ed\u00e9ho cyklistu! Drav\u00e1 a rtu\u0165ovit\u00e1 \u010d\u00e1st minipelotonu\u00a0dojela kolem &#8222;priglu&#8220; &#8211; \u00a0jako tradi\u010dn\u011b &#8211; a\u017e k lesn\u00edmu p\u0159\u00edstavi\u0161ti, aby jsme se pak spole\u010dn\u011b ob\u010derstvili\u00a0\u00a0\u00a0na dal\u0161\u00edm depu,\u00a0kdy\u017e z\u00e1zem\u00ed k n\u011bmu n\u00e1m poskytnula restaurace &#8222;U Maru\u0161ky&#8220;. No a pr\u00e1v\u011b zde se (snad) poda\u0159ilo dojednat n\u00e1v\u0161t\u011bvu dvacetin\u00e1sobn\u00e9ho \u0161ampiona v kolov\u00e9, Jindry Posp\u00ed\u0161ila, \u00a0na jednom nebo mo\u017en\u00e1 i v\u00edce z\u00e1vodech na\u0161\u00ed leto\u0161n\u00ed MTB &#8222;Vrchoviny&#8220;!<\/p>\n<figure id=\"attachment_13008\" aria-describedby=\"caption-attachment-13008\" style=\"width: 2968px\" class=\"wp-caption alignnone\"><a href=\"http:\/\/www.moravecteam.cz\/?attachment_id=13008\" rel=\"attachment wp-att-13008\"><img decoding=\"async\" loading=\"lazy\" class=\" wp-image-13008\" alt=\"IMG_8168\" src=\"http:\/\/www.moravecteam.cz\/wp-content\/uploads\/2019\/04\/IMG_8168.jpg\" width=\"2968\" height=\"2534\" srcset=\"https:\/\/www.moravecteam.cz\/wp-content\/uploads\/2019\/04\/IMG_8168.jpg 2968w, https:\/\/www.moravecteam.cz\/wp-content\/uploads\/2019\/04\/IMG_8168-300x256.jpg 300w, https:\/\/www.moravecteam.cz\/wp-content\/uploads\/2019\/04\/IMG_8168-1024x874.jpg 1024w\" sizes=\"(max-width: 2968px) 100vw, 2968px\" \/><\/a><figcaption id=\"caption-attachment-13008\" class=\"wp-caption-text\">Legendy \u010ceskoslovensk\u00e9 cyklistiky na fin\u00e1ln\u00edm depu, v restauraci &#8222;U Maru\u0161ky&#8220;..<\/figcaption><\/figure>\n<p style=\"text-align: justify;\">Pro cestu zp\u011bt jsme volili &#8211; tak jako v minul\u00fdch letech &#8211; trasu lesn\u00ed oborou a i letos jsme m\u011bli \u0161t\u011bst\u00ed jak na setk\u00e1n\u00ed s jeleny &#8211; da\u0148ky, tak i na setk\u00e1n\u00ed s rodinkami divok\u00fdch vep\u0159\u016f, kde n\u00e1s zaujalo brevn\u011b atypicky vyveden\u00e9 sel\u00e1tko &#8211; alb\u00edn&#8230;\u00a0Pod ochranou\u00a0t\u0159\u00ed elitn\u00edch Kohoutovick\u00fdch st\u00edha\u010d\u016f jsem m\u011bl nejen po celou cestu zp\u011bt pocit jistoty a bezpe\u010d\u00ed, ale p\u0159edev\u0161\u00edm jsem se od kluk\u016f dozv\u011bd\u011bl &#8211; \u017ee za atypicky barevn\u011b vyveden\u00e9 kan\u010d\u00ed sel\u00e1tko m\u016f\u017ee zdej\u0161\u00ed kade\u0159nick\u00fd sal\u00f3n, kter\u00fd je pov\u011bstn\u00fd svoj\u00ed vst\u0159\u00edcnost\u00ed k jak\u00e9mukoli z\u00e1kazn\u00edkovi&#8230; Zde <strong><a href=\"https:\/\/moravecteam.rajce.idnes.cz\/2019.04.06_Zahajeni_sezony_v_Kohoutovicich\">mrkn\u011bte na fotogalerii<\/a><\/strong> z pohodov\u00e9 &#8222;kohout\u00ed&#8220; soboty&#8230;<\/p>\n","protected":false},"excerpt":{"rendered":"<p>Jen dva dny po symbolick\u00e9m startu MORAVEC Teamu\u00a0vyrazili vst\u0159\u00edc\u00a0nov\u00e9 cyklistick\u00e9 sez\u00f3n\u011b\u00a0tak\u00e9 na\u0161i kamar\u00e1di z Tatranu Kohoutovice. Jejich zah\u00e1jen\u00ed sez\u00f3ny b\u00fdv\u00e1 pravideln\u011b spjato s na\u0161\u00edm Vlastimilem MORAVCEM, kter\u00fd v Kohoutovic\u00edch pro\u017eil n\u011bkolik kr\u00e1sn\u00fdch let\u00a0\u00a0a kter\u00fd zde, bohu\u017eel, tak\u00e9 15.4. 2019 tragicky zahynul&#8230;\u00a0P\u0159edev\u0161\u00edm tato skute\u010dnost je pob\u00eddkou, aby MORAVEC Team m\u011bl pravideln\u011b na tomto\u00a0zah\u00e1jen\u00ed sv\u00e9ho z\u00e1stupce a &hellip; <a href=\"https:\/\/www.moravecteam.cz\/?p=12978\" class=\"more-link\">Pokra\u010dov\u00e1n\u00ed textu <span class=\"screen-reader-text\">&#8222;Kohouti&#8220; tak\u00e9 na trati!<\/span> <span class=\"meta-nav\">&rarr;<\/span><\/a><\/p>\n","protected":false},"author":3,"featured_media":13012,"comment_status":"open","ping_status":"closed","sticky":false,"template":"","format":"standard","meta":[],"categories":[13],"tags":[],"_links":{"self":[{"href":"https:\/\/www.moravecteam.cz\/index.php?rest_route=\/wp\/v2\/posts\/12978"}],"collection":[{"href":"https:\/\/www.moravecteam.cz\/index.php?rest_route=\/wp\/v2\/posts"}],"about":[{"href":"https:\/\/www.moravecteam.cz\/index.php?rest_route=\/wp\/v2\/types\/post"}],"author":[{"embeddable":true,"href":"https:\/\/www.moravecteam.cz\/index.php?rest_route=\/wp\/v2\/users\/3"}],"replies":[{"embeddable":true,"href":"https:\/\/www.moravecteam.cz\/index.php?rest_route=%2Fwp%2Fv2%2Fcomments&post=12978"}],"version-history":[{"count":11,"href":"https:\/\/www.moravecteam.cz\/index.php?rest_route=\/wp\/v2\/posts\/12978\/revisions"}],"predecessor-version":[{"id":13015,"href":"https:\/\/www.moravecteam.cz\/index.php?rest_route=\/wp\/v2\/posts\/12978\/revisions\/13015"}],"wp:featuredmedia":[{"embeddable":true,"href":"https:\/\/www.moravecteam.cz\/index.php?rest_route=\/wp\/v2\/media\/13012"}],"wp:attachment":[{"href":"https:\/\/www.moravecteam.cz\/index.php?rest_route=%2Fwp%2Fv2%2Fmedia&parent=12978"}],"wp:term":[{"taxonomy":"category","embeddable":true,"href":"https:\/\/www.moravecteam.cz\/index.php?rest_route=%2Fwp%2Fv2%2Fcategories&post=12978"},{"taxonomy":"post_tag","embeddable":true,"href":"https:\/\/www.moravecteam.cz\/index.php?rest_route=%2Fwp%2Fv2%2Ftags&post=12978"}],"curies":[{"name":"wp","href":"https:\/\/api.w.org\/{rel}","templated":true}]}}