{"id":12984,"date":"2019-04-10T23:23:07","date_gmt":"2019-04-10T21:23:07","guid":{"rendered":"http:\/\/www.moravecteam.cz\/?p=12984"},"modified":"2019-04-13T14:52:42","modified_gmt":"2019-04-13T12:52:42","slug":"zlato-z-mesta-stribra","status":"publish","type":"post","link":"https:\/\/www.moravecteam.cz\/?p=12984","title":{"rendered":"Zlato z m\u011bsta st\u0159\u00edbra!-2"},"content":{"rendered":"<p style=\"text-align: justify;\"><strong><span style=\"color: #800000;\">Kutn\u00e1 Hora je sv\u011btozn\u00e1m\u00e1 nejen gotick\u00fdm skvostem &#8211; <a href=\"https:\/\/destinace.kutnahora.cz\/d\/chram-sv-barbory\">chr\u00e1mem Sv. Barbory<\/a>, kter\u00fd je jej\u00ed kr\u00e1snou dominantou, ale je pov\u011bstn\u00e1\u00a0\u00a0i doly na st\u0159\u00edbro, kter\u00e9 se zde v d\u00e1vn\u00e9 minulosti v hojn\u00e9 m\u00ed\u0159e kutalo. I d\u00edky t\u00e9to d\u016fln\u00ed \u010dinnosti, vzniklo v bezprost\u0159edn\u00edm okol\u00ed m\u011bsta\u00a0 z vyt\u011b\u017een\u00e9 rudy mnoho um\u011bl\u00fdch kopc\u016f, kter\u00e9 jsou\u00a0 aktu\u00e1ln\u011b vhodnou sou\u010d\u00e1st\u00ed zdej\u0161\u00edho zn\u00e1m\u00e9ho a mezi bikery docela obl\u00edben\u00e9ho MTB okruhu. A pr\u00e1v\u011b Kutn\u00e9 Ho\u0159e byl &#8211; po dvou letech po\u0159adatelsk\u00e9 absence &#8211; sv\u011b\u0159en \u00favodn\u00ed z\u00e1vod \u010cesk\u00e9ho poh\u00e1ru horsk\u00fdch kol a MORAVEC Team byl, samoz\u0159ejm\u011b &#8211; jak jinak &#8211;\u00a0 p\u0159i tom!<\/span><\/strong><\/p>\n<figure id=\"attachment_13041\" aria-describedby=\"caption-attachment-13041\" style=\"width: 4642px\" class=\"wp-caption alignnone\"><a href=\"http:\/\/www.moravecteam.cz\/?attachment_id=13041\" rel=\"attachment wp-att-13041\"><img decoding=\"async\" loading=\"lazy\" class=\" wp-image-13041 \" alt=\"DSC_0183\" src=\"http:\/\/www.moravecteam.cz\/wp-content\/uploads\/2019\/04\/DSC_0183.jpg\" width=\"4642\" height=\"3427\" srcset=\"https:\/\/www.moravecteam.cz\/wp-content\/uploads\/2019\/04\/DSC_0183.jpg 4642w, https:\/\/www.moravecteam.cz\/wp-content\/uploads\/2019\/04\/DSC_0183-300x221.jpg 300w, https:\/\/www.moravecteam.cz\/wp-content\/uploads\/2019\/04\/DSC_0183-1024x755.jpg 1024w\" sizes=\"(max-width: 4642px) 100vw, 4642px\" \/><\/a><figcaption id=\"caption-attachment-13041\" class=\"wp-caption-text\">Eli\u0161ka Han\u00e1kov\u00e1, kterou k vrcholov\u00e9 cyklistice nasm\u011b\u0159oval tren\u00e9r Milan Tlamka, a kterou v sou\u010dasnosti posouv\u00e1 v\u00fdkonnostn\u011b vp\u0159ed tren\u00e9r Jirka Va\u0161\u00ed\u010dek, ud\u011blala nejen sv\u00fdm tren\u00e9r\u016fm, ale i v\u0161em MORAVC\u016eM v KH velkou radost!<\/figcaption><\/figure>\n<p style=\"text-align: justify;\">Trat\u011b v Kutn\u00e9 Ho\u0159e\u00a0maj\u00ed pro MORAVEC Team z historick\u00e9ho hlediska zcela v\u00fdsadn\u00ed postaven\u00ed.\u00a0Zhruba p\u0159ed 12-ti lety, p\u0159esn\u011b 19. kv\u011btna 2007,\u00a0zde &#8211; tehdy \u010dtrn\u00e1ctilet\u00fd <a href=\"http:\/\/moravec.benesov-u-boskovic.cz\/cz\/zavody\/2007\/cp-kutna-hora-2007\/\"><strong><span style=\"color: #008000;\">Radim Kov\u00e1\u0159<\/span><\/strong><\/a>\u00a0&#8211;\u00a0 co by star\u0161\u00ed \u017e\u00e1k,\u00a0 vyhr\u00e1l pro MORAVEC Team v\u016fbec prvn\u00ed v\u00edt\u011bzstv\u00ed\u00a0v \u010desk\u00e9 nejvy\u0161\u0161\u00ed MTB lize! A shodou okolnost\u00ed, zat\u00edm posledn\u00ed v\u00edt\u011bzstv\u00ed barev MORAVEC Teamu v t\u00e9to sout\u011b\u017ei se aktu\u00e1ln\u011b datuje tak\u00e9 ke Kutn\u00e9 Ho\u0159e &#8211; a jedn\u00e1 se o zcela \u010derstv\u00fd\u00a0 &#8222;z\u00e1\u0159ez na pa\u017eb\u011b&#8220;! Minulou sobotu zde vybojovala pro odd\u00edl v\u00edt\u011bzstv\u00ed v kategorii star\u0161\u00edch \u017e\u00e1ky\u0148 &#8211; shodou okolnost\u00ed tak\u00e9 \u010derstv\u011b \u010dtrn\u00e1ctilet\u00e1, <strong><span style=\"color: #800000;\">Eli\u0161ka Han\u00e1kov\u00e1<\/span><\/strong>!\u00a0Zlato Eli\u0161ky z m\u011bsta st\u0159\u00edbra v\u0161ak nebylo na\u0161\u00ed jedinou medailovou radost\u00ed. St\u0159\u00edbro v KH vybojovala v kategorii d\u00edvek 9-10 let i rtu\u0165ovit\u00e1 <strong><span style=\"color: #800000;\">Just\u00fdnka Novotn\u00e1<\/span><\/strong> a v\u016fbec poprv\u00e9 se dok\u00e1zala prosadit v r\u00e1mci z\u00e1vod\u016f \u010cP na hodn\u011b cen\u011bnou poh\u00e1rovou &#8222;bednu&#8220;!<\/p>\n<figure id=\"attachment_13024\" aria-describedby=\"caption-attachment-13024\" style=\"width: 707px\" class=\"wp-caption alignnone\"><a href=\"http:\/\/www.moravecteam.cz\/?attachment_id=13024\" rel=\"attachment wp-att-13024\"><img decoding=\"async\" loading=\"lazy\" class=\" wp-image-13024\" alt=\"DSC04530_1\" src=\"http:\/\/www.moravecteam.cz\/wp-content\/uploads\/2019\/04\/DSC04530_1.jpg\" width=\"707\" height=\"577\" srcset=\"https:\/\/www.moravecteam.cz\/wp-content\/uploads\/2019\/04\/DSC04530_1.jpg 707w, https:\/\/www.moravecteam.cz\/wp-content\/uploads\/2019\/04\/DSC04530_1-300x244.jpg 300w\" sizes=\"(max-width: 707px) 100vw, 707px\" \/><\/a><figcaption id=\"caption-attachment-13024\" class=\"wp-caption-text\">Just\u00fdnce Novotn\u00e9 kutnohorsk\u00e1 st\u0159\u00edbrn\u00e1 bedna bezesporu slu\u0161\u00ed!<\/figcaption><\/figure>\n<p style=\"text-align: justify;\">Poj\u010fme si tedy po po\u0159\u00e1dku shrnout na\u0161e s nap\u011bt\u00edm o\u010dek\u00e1van\u00e9 kutnohorsk\u00e9 \u00fa\u010dinkov\u00e1n\u00ed. V\u0161e vypuklo &#8222;na pln\u00fd pecky&#8220; v sobotu 6. dubna v 9.00 hodin, kdy se soub\u011b\u017en\u011b rozb\u011bhlo m\u011b\u0159en\u00ed sil mlad\u0161\u00edch a star\u0161\u00edch \u017e\u00e1k\u016f na technick\u00fdch sekc\u00edch (toto je novinka pro leto\u0161ek) a z\u00e1vody d\u011bt\u00ed MINIME (od odr\u00e1\u017eedel a\u017e po kategorie d\u00edvek a chlapc\u016f 9-10 let). Na technick\u00fdch sekc\u00edch bodovali na\u0161i nadpr\u016fm\u011brn\u011b, kdy\u017e tak\u0159ka na 100% byli <strong><span style=\"color: #800000;\">Eli\u0161ka Han\u00e1kov\u00e1<\/span><\/strong>, <strong><span style=\"color: #800000;\">V\u00ed\u0165a Lipensk\u00fd<\/span><\/strong> a <strong><span style=\"color: #800000;\">Roman \u0160indel\u00e1\u0159<\/span><\/strong>, kte\u0159\u00ed brali z t\u00e9to inovativn\u00ed discipliny 45 bod\u016f z 50-ti mo\u017en\u00fdch. Zde pat\u0159\u00ed vyseknout poklonu a poslat velk\u00fd d\u00edk tren\u00e9ru\u00a0<strong><span style=\"color: #800000;\">Liboru Barto\u0161ovi<\/span><\/strong>, kter\u00fd velice sv\u011bdomit\u011b v r\u00e1mci p\u0159\u00edpravn\u00e9ho obdob\u00ed techniku v prostor\u00e1ch ZS Blansko se sv\u00fdmi sv\u011b\u0159enci piloval&#8230; D\u00edky moc Libore!<\/p>\n<figure id=\"attachment_13022\" aria-describedby=\"caption-attachment-13022\" style=\"width: 712px\" class=\"wp-caption alignnone\"><a href=\"http:\/\/www.moravecteam.cz\/?attachment_id=13022\" rel=\"attachment wp-att-13022\"><img decoding=\"async\" loading=\"lazy\" class=\" wp-image-13022\" alt=\"DSC03902\" src=\"http:\/\/www.moravecteam.cz\/wp-content\/uploads\/2019\/04\/DSC03902.jpg\" width=\"712\" height=\"848\" srcset=\"https:\/\/www.moravecteam.cz\/wp-content\/uploads\/2019\/04\/DSC03902.jpg 712w, https:\/\/www.moravecteam.cz\/wp-content\/uploads\/2019\/04\/DSC03902-251x300.jpg 251w\" sizes=\"(max-width: 712px) 100vw, 712px\" \/><\/a><figcaption id=\"caption-attachment-13022\" class=\"wp-caption-text\">Nad z\u00e1ludn\u00fdmi p\u0159ek\u00e1\u017ekami technick\u00fdch sekc\u00ed je pr\u00e1v\u011b Bar\u010da Janovsk\u00e1.<\/figcaption><\/figure>\n<p style=\"text-align: justify;\">V &#8222;minim\u00e1\u010d\u00edch&#8220; n\u00e1s zaj\u00edmaly dv\u011b kategorie: mezi chlapci 5-6 let\u00a0 \u00a0 d\u016fstojn\u011b reprezentoval MORAVEC Team\u00a0<strong><span style=\"color: #800000;\">Jon\u00e1\u0161ek &#8222;D\u017eonas&#8220; Janovsk\u00fd<\/span><\/strong>, kter\u00fd vyv\u00e1l\u010dil um\u00edst\u011bn\u00ed v TOP10 (8. m\u00edsto) a potvrdil z\u00faro\u010den\u00ed poctiv\u00e9 zimn\u00ed p\u0159\u00edpravy na sez\u00f3nu. Hned \u010dty\u0159i d\u011bv\u010data za n\u00e1s startovala v kategorii 9-10 let a zde n\u00e1m to poprv\u00e9 madailov\u011b zacinkalo! Sv\u016fj v\u00fdkonnostn\u00ed potenci\u00e1l zde poprv\u00e9 r\u00e1zn\u011b prodala <strong><span style=\"color: #999999;\">Just\u00fdna Novotn\u00e1<\/span><span style=\"color: #808080;\">,<\/span><\/strong> kter\u00e1 vybojovala cenn\u00e9 st\u0159\u00edbro v z\u00e1vod\u011b, kdy na zlato ztratila necel\u00fdch 7 vte\u0159inek&#8230; Bravo MORAVEC, blahop\u0159ejeme! State\u010dn\u00fd v\u00fdkon p\u0159edvedly i jej\u00ed t\u0159i kamar\u00e1dky: <strong><span style=\"color: #800000;\">Lucie Gottwaldov\u00e1<\/span> <\/strong>dojela 16., sestry Barto\u0161ovy fini\u0161ovaly na 32. (<strong><span style=\"color: #800000;\">Magdal\u00e9nka Barto\u0161ov\u00e1<\/span><\/strong>) a 33. m\u00edst\u011b <strong><span style=\"color: #800000;\">(Maru\u0161ka Barto\u0161ov\u00e1<\/span><\/strong>). Po bojovn\u00fdch v\u00fdkonech na\u0161ich &#8222;mlad\u00fdch pu\u0161ek&#8220;, kter\u00e9 Just\u00fdnka Novotn\u00e1 korunovala cenn\u00fdm st\u0159\u00edbrem, jsme byli pro odpolen\u00ed starty tedy celkem legitimn\u011b nalad\u011bni do medailov\u00e9ho t\u00f3nu!<\/p>\n<figure id=\"attachment_13039\" aria-describedby=\"caption-attachment-13039\" style=\"width: 2169px\" class=\"wp-caption alignnone\"><a href=\"http:\/\/www.moravecteam.cz\/?attachment_id=13039\" rel=\"attachment wp-att-13039\"><img decoding=\"async\" loading=\"lazy\" class=\" wp-image-13039\" alt=\"DSC_0061\" src=\"http:\/\/www.moravecteam.cz\/wp-content\/uploads\/2019\/04\/DSC_0061.jpg\" width=\"2169\" height=\"2191\" srcset=\"https:\/\/www.moravecteam.cz\/wp-content\/uploads\/2019\/04\/DSC_0061.jpg 2169w, https:\/\/www.moravecteam.cz\/wp-content\/uploads\/2019\/04\/DSC_0061-25x25.jpg 25w, https:\/\/www.moravecteam.cz\/wp-content\/uploads\/2019\/04\/DSC_0061-296x300.jpg 296w, https:\/\/www.moravecteam.cz\/wp-content\/uploads\/2019\/04\/DSC_0061-1013x1024.jpg 1013w\" sizes=\"(max-width: 2169px) 100vw, 2169px\" \/><\/a><figcaption id=\"caption-attachment-13039\" class=\"wp-caption-text\">Just\u00fdnce Novotn\u00e9 hodn\u011b pomohlo k sou\u010dasn\u00e9 v\u00fdkonnosti jarn\u00ed soust\u0159ed\u011bn\u00ed v Chorvatsku, kde na posledn\u00ed chv\u00edli zasko\u010dila za zran\u011bn\u00e9ho Romana \u0160indel\u00e1\u0159e.<\/figcaption><\/figure>\n<p style=\"text-align: justify;\">Nejd\u0159\u00edve jsme zm\u00e1\u010dknuli palce mlad\u0161\u00edm \u017e\u00e1kyn\u00edm, resp. mlad\u0161\u00edmu \u017e\u00e1kovi. Hned p\u011bt na\u0161ich borek zm\u011b\u0159ilo s\u00edly v konkurenci s \u0161estat\u0159iceti soupe\u0159kami. Ve vyrovnan\u00e9m souboji o zlato\u00a0 si v\u00fdborn\u011b\u00a0 vedla v c\u00edli sice nakonec &#8222;bramborov\u00e1&#8220;, <strong><span style=\"color: #800000;\">Am\u00e1lka Gottwaldov\u00e1,<\/span><\/strong> nutno v\u0161ak objektivn\u011b doplnit, \u017ee prvn\u00ed \u010dty\u0159i holky fini\u0161ovali v rozmez\u00ed dvou(!) vte\u0159in! Cenn\u00e1 jsou um\u00edst\u011bn\u00ed i \u010dty\u0159\u00a0 dal\u0161\u00edch\u00a0 reprezentantek MORAVCE. TOP10 zvl\u00e1dla <strong><span style=\"color: #800000;\">Ani\u010dka Han\u00e1kov\u00e1<\/span><\/strong> (9. m\u00edsto), na cenn\u00e9m 13. m\u00edst\u011b fini\u0161ovala <strong><span style=\"color: #800000;\">Bar\u010da Tlamkov\u00e1<\/span><\/strong> a hodnotn\u00e9 je ur\u010dit\u011b i 25. m\u00edsto nov\u00e1\u010dka mezi mlad\u0161\u00edmi \u017e\u00e1kyn\u011bmi, <strong><span style=\"color: #800000;\">Barbory Janovsk\u00e9.<\/span><\/strong> A kdo v\u00ed?\u00a0 Bezesporu na lep\u0161\u00edm m\u00edst\u011b, ne\u017e na 39. by dojela <strong><span style=\"color: #800000;\">Lucka Koudelkov\u00e1<\/span><\/strong>, kdyby st\u00e1la na startu na pozici, kter\u00e1 j\u00ed legitimn\u011b pat\u0159ila&#8230; Tady to vid\u00edm, jako dost &#8222;pr\u016f\u0161vih&#8220; ze strany t\u00fdmov\u00e9 podpory&#8230; Toto by se prost\u011b st\u00e1t <strong><span style=\"color: #800000;\">nem\u011blo!<\/span><\/strong><span style=\"color: #000000;\"> Osamocen\u00fd n\u00e1\u0161 jedin\u00fd &#8222;mu\u0161ket\u00fdr&#8220; mezi mlad\u0161\u00edmi \u017e\u00e1ky a taky nov\u00e1\u010dek v t\u00e9to kategorii, <strong><span style=\"color: #800000;\">Matou\u0161 Lipensk\u00fd<\/span> <\/strong>se srdnat\u011b popasoval\u00a0s bezm\u00e1la 90 soupe\u0159i a jeho 26. m\u00edsto v c\u00edli m\u00e1 ur\u010dit\u011b hodnotu!<\/span><\/p>\n<figure id=\"attachment_13040\" aria-describedby=\"caption-attachment-13040\" style=\"width: 1126px\" class=\"wp-caption alignnone\"><a href=\"http:\/\/www.moravecteam.cz\/?attachment_id=13040\" rel=\"attachment wp-att-13040\"><img decoding=\"async\" loading=\"lazy\" class=\" wp-image-13040\" alt=\"DSC_0144\" src=\"http:\/\/www.moravecteam.cz\/wp-content\/uploads\/2019\/04\/DSC_0144.jpg\" width=\"1126\" height=\"1272\" srcset=\"https:\/\/www.moravecteam.cz\/wp-content\/uploads\/2019\/04\/DSC_0144.jpg 1126w, https:\/\/www.moravecteam.cz\/wp-content\/uploads\/2019\/04\/DSC_0144-265x300.jpg 265w, https:\/\/www.moravecteam.cz\/wp-content\/uploads\/2019\/04\/DSC_0144-906x1024.jpg 906w\" sizes=\"(max-width: 1126px) 100vw, 1126px\" \/><\/a><figcaption id=\"caption-attachment-13040\" class=\"wp-caption-text\">Am\u00e1lka Gotwaldov\u00e1 za\u010dala letos \u010cesk\u00fd poh\u00e1r na pozic\u00edch, kde ho loni skon\u010dila: v neju\u017e\u0161\u00ed \u0161pi\u010dce kategorie mlad\u0161\u00edch \u017e\u00e1ky\u0148! Fotka zachytila Am\u00e1lku t\u011bsn\u011b po dojezdu na -sice &#8222;bramborov\u00e9&#8220; &#8211; ale p\u0159esto cenn\u00e9 pozici!<\/figcaption><\/figure>\n<p style=\"text-align: justify;\">Vrcholem sobotn\u00edch start\u016f byly u\u017e docela presti\u017en\u00ed z\u00e1vody star\u0161\u00edho \u017eactva. N\u00e1\u0161e favoritka, <strong><span style=\"color: #800000;\">Eli\u0161ka Han\u00e1kov\u00e1<\/span><\/strong>, splnila svoji \u00falohu do punt\u00edku. By\u0165 start z prvn\u00ed \u0159ady nebyl zrovna &#8222;z \u0159\u00ed\u0161e sn\u016f&#8220; (po\u0159\u00e1d je co zlep\u0161ovat), prok\u00e1zala Eli\u0161ka svoji s\u00edlu lvice a brzy se prosadila do \u010dela a zcela po z\u00e1sluze z\u00e1vod star\u0161\u00edch \u017e\u00e1ky\u0148 dovedla s p\u0159ehledem do v\u00edt\u011bzn\u00e9ho konce! Bravo MORAVEC &#8211; blahop\u0159ejeme! I na\u0161e kvarteto star\u0161\u00edch \u017e\u00e1k\u016f se docela &#8222;pochlapilo&#8220;. Nejv\u00fd\u0161e v c\u00edli byl na 28. m\u00edst\u011b <strong><span style=\"color: #800000;\">V\u00ed\u0165a Lipensk\u00fd<\/span><\/strong>, jako 45. fini\u0161oval <strong><span style=\"color: #800000;\">Roman \u0160indel\u00e1\u0159<\/span><\/strong>, 56. byl v c\u00edli zaznamen\u00e1n <strong><span style=\"color: #800000;\">Luk\u00e1\u0161 Sedl\u00e1k<\/span><\/strong> a 75. m\u00edsto &#8222;bral&#8220; &#8222;prvoro\u010d\u00e1k&#8220;\u00a0<strong><span style=\"color: #800000;\">Maty\u00e1\u0161 Koudelka<\/span><\/strong>. Kdy\u017e vezmeme objektivn\u011b v \u00favahu, \u017ee Roman \u0160indel\u00e1\u0159 n\u011bkolik t\u00fddn\u016f v p\u0159\u00edpravn\u00e9m obdob\u00ed absentoval (fraktura obou z\u00e1p\u011bst\u00ed), Luk\u00e1\u0161 Sedl\u00e1k v z\u00e1vod\u011b \u010dasov\u011b tratil kv\u016fli nezavin\u011bn\u00e9 kolizi soupe\u0159\u016f a rvav\u00fd &#8222;Mates&#8220; Koudelka v ka\u017ed\u00e9m dal\u0161\u00edm kole z\u00e1vodu dok\u00e1zal soustavn\u011b zrychlovat, je t\u0159eba hochy za bojovn\u00e9 v\u00fdkony t\u00e9\u017e pochv\u00e1lit!<\/p>\n<figure id=\"attachment_13025\" aria-describedby=\"caption-attachment-13025\" style=\"width: 882px\" class=\"wp-caption alignnone\"><a href=\"http:\/\/www.moravecteam.cz\/?attachment_id=13025\" rel=\"attachment wp-att-13025\"><img decoding=\"async\" loading=\"lazy\" class=\" wp-image-13025\" alt=\"DSC04541_1\" src=\"http:\/\/www.moravecteam.cz\/wp-content\/uploads\/2019\/04\/DSC04541_1.jpg\" width=\"882\" height=\"759\" srcset=\"https:\/\/www.moravecteam.cz\/wp-content\/uploads\/2019\/04\/DSC04541_1.jpg 882w, https:\/\/www.moravecteam.cz\/wp-content\/uploads\/2019\/04\/DSC04541_1-300x258.jpg 300w\" sizes=\"(max-width: 882px) 100vw, 882px\" \/><\/a><figcaption id=\"caption-attachment-13025\" class=\"wp-caption-text\">Eli\u0161ka Han\u00e1kov\u00e1 krok za krokem \u00faro\u010d\u00ed tr\u00e9ninkovou p\u00edli&#8230;V\u00edt\u011bzstv\u00ed v KH je MTB \u010desk\u00e9m poh\u00e1ru jej\u00edm premi\u00e9rov\u00fdm!<\/figcaption><\/figure>\n<p style=\"text-align: justify;\">I v ned\u011bli jsme m\u011bli v KH\u00a0 \u017eel\u00edzka v ohni a to hned celkem t\u0159i. Podle o\u010dek\u00e1v\u00e1n\u00ed se v z\u00e1vod\u011b mu\u017e\u016f EXPERT da\u0159ilo nejl\u00e9pe v c\u00edli p\u00e1t\u00e9mu <strong><span style=\"color: #800000;\">Petrovi \u0160ichovi<\/span><\/strong>, kter\u00fd na bronzovou &#8222;placku&#8220; ztratil v c\u00edli pouh\u00fdch 6 vte\u0159inek&#8230; Mysl\u00edm, \u017ee je v jeho p\u0159\u00edpad\u011b &#8222;bedna&#8220; v t\u00e9to kategorii letos ot\u00e1zkou \u010dasu&#8230; Kadetka <strong><span style=\"color: #800000;\">Kl\u00e1ra Odehnalov\u00e1<\/span> <\/strong>brala 33., m\u00edsto a na 50. m\u00edst\u011b dojel v z\u00e1vod\u011b junior\u016f po ro\u010dn\u00ed pauze se na trat\u011b MTB \u010cP navr\u00e1tiv\u0161\u00ed <span style=\"color: #800000;\"><strong>V\u00ed\u0165a Such\u00e1nek.<\/strong><\/span><\/p>\n<figure id=\"attachment_13042\" aria-describedby=\"caption-attachment-13042\" style=\"width: 3560px\" class=\"wp-caption alignnone\"><a href=\"http:\/\/www.moravecteam.cz\/?attachment_id=13042\" rel=\"attachment wp-att-13042\"><img decoding=\"async\" loading=\"lazy\" class=\" wp-image-13042\" alt=\"DSC_0318\" src=\"http:\/\/www.moravecteam.cz\/wp-content\/uploads\/2019\/04\/DSC_0318.jpg\" width=\"3560\" height=\"3460\" srcset=\"https:\/\/www.moravecteam.cz\/wp-content\/uploads\/2019\/04\/DSC_0318.jpg 3560w, https:\/\/www.moravecteam.cz\/wp-content\/uploads\/2019\/04\/DSC_0318-25x25.jpg 25w, https:\/\/www.moravecteam.cz\/wp-content\/uploads\/2019\/04\/DSC_0318-300x291.jpg 300w, https:\/\/www.moravecteam.cz\/wp-content\/uploads\/2019\/04\/DSC_0318-1024x995.jpg 1024w\" sizes=\"(max-width: 3560px) 100vw, 3560px\" \/><\/a><figcaption id=\"caption-attachment-13042\" class=\"wp-caption-text\">Pe\u0165a \u0160ich splnil v Kutn\u00e9 Ho\u0159e na\u0161e nad\u011bje do punt\u00edku! V z\u00e1v\u011bru sic prohr\u00e1l boj o &#8222;bramboru&#8220; s Michalem Kozlem, ale um\u00edst\u011bn\u00ed v TOP &#8222;FIVE&#8220; se ur\u010do po\u010d\u00edt\u00e1!<\/figcaption><\/figure>\n<p style=\"text-align: justify;\">T\u011bmito v\u00fdsledky byla velmi sympatick\u00e1 premi\u00e9ra MORAVEC Teamu v leto\u0161n\u00edm \u010cP podtr\u017eena a uzav\u0159ena. D\u00edky v\u0161em za poctiv\u00e9, bojovn\u00e9 v\u00fdkony &#8222;na doraz&#8220;, podp\u016frn\u00e9mu t\u00fdmu v\u010detn\u011b. A jsme moc r\u00e1di, \u017ee zlato <strong><span style=\"color: #800000;\">Eli\u0161ky Han\u00e1kov\u00e9<\/span><\/strong> navazuje na zlatou nit, up\u0159edenou v bezm\u00e1la dvacetilet\u00e9 historii MORAVEC Teamu <strong><span style=\"color: #800000;\">Radimem Kov\u00e1\u0159em<\/span><\/strong>, <strong><span style=\"color: #800000;\">Nikolou Hlubinkovou<\/span><\/strong>, <strong><span style=\"color: #800000;\">Ad\u00e9lou \u0160af\u00e1\u0159ovou<\/span><\/strong>, <strong><span style=\"color: #800000;\">Tom\u00e1\u0161em Tlamkou &#8222;Contadorem&#8220;, Dominikem Prudkem<\/span><\/strong> \u010di <strong><span style=\"color: #800000;\">Janou Tesa\u0159ovou.<\/span><\/strong>.. Za leto\u0161n\u00ed Kutnou Horu pat\u0159\u00ed na\u0161im rajdr\u016fm ka\u017edop\u00e1dn\u011b &#8222;palec na horu&#8220;! Zde mrkn\u011bte u\u017e na &#8222;full&#8220; fotogalerie:<\/p>\n<ul>\n<li><strong><a href=\"https:\/\/moravecteam.rajce.idnes.cz\/2019.04.06_CP_MTB_Kutna_Hora\">Fotogalerie \u010d.1<\/a><\/strong><\/li>\n<li><strong><a href=\"https:\/\/moravecteam.rajce.idnes.cz\/2019.04.06_CP_MTB_Kutna_Hora_-2\">Fotogalerie \u010d.2<\/a><\/strong><\/li>\n<li><strong><a href=\"https:\/\/moravecteam.rajce.idnes.cz\/2019.04.06-07_CP_MTB_Kutna_Hora_-_3\">Fotogalerie \u010d.3<\/a><\/strong><\/li>\n<li><strong><a href=\"https:\/\/moravecteam.rajce.idnes.cz\/2019.04.07_CP_MTB_Kutna_Hora_-_4\">Fotogalerie \u010d.4<\/a><\/strong><\/li>\n<\/ul>\n<p style=\"text-align: justify;\">Z p\u0159ev\u00e1\u017en\u00e9 v\u011bt\u0161iny se jedn\u00e1 o v\u00fdbornou pr\u00e1ci z d\u00edlny na\u0161eho teamov\u00e9ho fotografa <strong><span style=\"color: #800000;\">Karla V\u0161etuly<\/span><\/strong>.\u00a0\u00a0\u00a0Karel je nejen dobr\u00fd lovec kvalitn\u00edch z\u00e1b\u011br\u016f, ale, jak u\u017e v\u0161ichni v\u00edme, t\u00e9\u017e d\u011bde\u010dek v KH tolik \u00fasp\u011b\u0161n\u00e9 Eli\u0161ky Han\u00e1kov\u00e9, a i nem\u00e9n\u011b \u00fasp\u011b\u0161n\u00e9 Ani\u010dky Han\u00e1kov\u00e9\u00a0 Ob\u011b \u0161ikovn\u00e9 vnu\u010dky &#8222;Carlosovi&#8220; nelze ne\u017e &#8211; z\u00e1vid\u011bt! Je\u0161t\u011b dlu\u017e\u00edm odkaz na <strong><a href=\"https:\/\/www.sportsoft.cz\/cs\/zavod\/overview\/3973\">komplet v\u00fdsledkov\u00fd servis z KH&#8230;<\/a><\/strong><\/p>\n","protected":false},"excerpt":{"rendered":"<p>Kutn\u00e1 Hora je sv\u011btozn\u00e1m\u00e1 nejen gotick\u00fdm skvostem &#8211; chr\u00e1mem Sv. Barbory, kter\u00fd je jej\u00ed kr\u00e1snou dominantou, ale je pov\u011bstn\u00e1\u00a0\u00a0i doly na st\u0159\u00edbro, kter\u00e9 se zde v d\u00e1vn\u00e9 minulosti v hojn\u00e9 m\u00ed\u0159e kutalo. I d\u00edky t\u00e9to d\u016fln\u00ed \u010dinnosti, vzniklo v bezprost\u0159edn\u00edm okol\u00ed m\u011bsta\u00a0 z vyt\u011b\u017een\u00e9 rudy mnoho um\u011bl\u00fdch kopc\u016f, kter\u00e9 jsou\u00a0 aktu\u00e1ln\u011b vhodnou sou\u010d\u00e1st\u00ed zdej\u0161\u00edho zn\u00e1m\u00e9ho &hellip; <a href=\"https:\/\/www.moravecteam.cz\/?p=12984\" class=\"more-link\">Pokra\u010dov\u00e1n\u00ed textu <span class=\"screen-reader-text\">Zlato z m\u011bsta st\u0159\u00edbra!-2<\/span> <span class=\"meta-nav\">&rarr;<\/span><\/a><\/p>\n","protected":false},"author":3,"featured_media":13023,"comment_status":"open","ping_status":"closed","sticky":false,"template":"","format":"standard","meta":[],"categories":[1],"tags":[],"_links":{"self":[{"href":"https:\/\/www.moravecteam.cz\/index.php?rest_route=\/wp\/v2\/posts\/12984"}],"collection":[{"href":"https:\/\/www.moravecteam.cz\/index.php?rest_route=\/wp\/v2\/posts"}],"about":[{"href":"https:\/\/www.moravecteam.cz\/index.php?rest_route=\/wp\/v2\/types\/post"}],"author":[{"embeddable":true,"href":"https:\/\/www.moravecteam.cz\/index.php?rest_route=\/wp\/v2\/users\/3"}],"replies":[{"embeddable":true,"href":"https:\/\/www.moravecteam.cz\/index.php?rest_route=%2Fwp%2Fv2%2Fcomments&post=12984"}],"version-history":[{"count":21,"href":"https:\/\/www.moravecteam.cz\/index.php?rest_route=\/wp\/v2\/posts\/12984\/revisions"}],"predecessor-version":[{"id":13046,"href":"https:\/\/www.moravecteam.cz\/index.php?rest_route=\/wp\/v2\/posts\/12984\/revisions\/13046"}],"wp:featuredmedia":[{"embeddable":true,"href":"https:\/\/www.moravecteam.cz\/index.php?rest_route=\/wp\/v2\/media\/13023"}],"wp:attachment":[{"href":"https:\/\/www.moravecteam.cz\/index.php?rest_route=%2Fwp%2Fv2%2Fmedia&parent=12984"}],"wp:term":[{"taxonomy":"category","embeddable":true,"href":"https:\/\/www.moravecteam.cz\/index.php?rest_route=%2Fwp%2Fv2%2Fcategories&post=12984"},{"taxonomy":"post_tag","embeddable":true,"href":"https:\/\/www.moravecteam.cz\/index.php?rest_route=%2Fwp%2Fv2%2Ftags&post=12984"}],"curies":[{"name":"wp","href":"https:\/\/api.w.org\/{rel}","templated":true}]}}