{"id":12987,"date":"2019-04-09T01:48:17","date_gmt":"2019-04-08T23:48:17","guid":{"rendered":"http:\/\/www.moravecteam.cz\/?p=12987"},"modified":"2019-04-12T14:54:01","modified_gmt":"2019-04-12T12:54:01","slug":"co-se-bude-dit-st15-4","status":"publish","type":"post","link":"https:\/\/www.moravecteam.cz\/?p=12987","title":{"rendered":"Co se bude d\u00edt? (ST15)"},"content":{"rendered":"<h5><span style=\"color: #800000;\">Pro &#8222;the better&#8220; mezi-odd\u00edlovou komunikaci!<\/span><\/h5>\n<p>R\u00e1d tlumo\u010d\u00edm iniciativu jednoho z V\u00e1s, rodi\u010d\u016f!<\/p>\n<div style=\"text-align: justify;\"><em>Ahoj Moravci, posledn\u00ed t\u00fddny jsem \u0159e\u0161il jak se rychle domluvit na tr\u00e9nink, vyj\u00ed\u017e\u010fku, omluvu z tr\u00e9ninku a podobn\u011b. Napadlo m\u011b pou\u017e\u00edt mobiln\u00ed aplikaci WhatsApp, kterou v\u011bt\u0161ina co v\u00e1s m\u00e1m v kontaktech pou\u017e\u00edv\u00e1.\u00a0<\/em><\/div>\n<div style=\"text-align: justify;\"><em>Zalo\u017eil jsem tedy zku\u0161ebn\u011b skupinu Moravec. Vy z v\u00e1s kdo tam nejsou a chcete vyu\u017e\u00edt t\u00e9to formy komunikace, prove\u010fte n\u00e1sleduj\u00edc\u00ed kroky:<\/em><\/div>\n<div style=\"text-align: justify;\"><\/div>\n<div style=\"text-align: justify;\"><em>1. Nainstalujte si na mobil aplikaci WhatsApp.<\/em><\/div>\n<div style=\"text-align: justify;\"><em>\u00a0<\/em><\/div>\n<div style=\"text-align: justify;\"><em>2. Po\u0161lete mi na mail ody55@atlas.cz kontakt na v\u00e1s. (Jm\u00e9no, P\u0159\u00edjmen\u00ed, mobil)<\/em><\/div>\n<div style=\"text-align: justify;\"><em>\u00a0<\/em><\/div>\n<div style=\"text-align: justify;\"><em>3. J\u00e1 v\u00e1s p\u0159id\u00e1m do skupiny.<\/em><\/div>\n<div style=\"text-align: justify;\"><em>\u00a0<\/em><\/div>\n<div style=\"text-align: justify;\"><em>4. A\u017e se v\u00e1m objev\u00ed skupina v aplikaci, po\u0161lete ostatn\u00edm pozdrav se jm\u00e9nem a ostatn\u00ed si v\u00e1s ulo\u017e\u00ed.<\/em><\/div>\n<div style=\"text-align: justify;\"><em>\u00a0<\/em><\/div>\n<div style=\"text-align: justify;\"><em>To je v\u0161e. Doporu\u010duji alespo\u0148 jednoho z\u00e1stupce z rodiny a vyzku\u0161\u00edme jak to bude fungovat. Pokud jsem n\u011bkoho p\u0159idal do skupiny a nesouhlas\u00edte s t\u00edm, omlouv\u00e1m se. Napi\u0161te mi a j\u00e1 v\u00e1s odeberu.<\/em><\/div>\n<div style=\"text-align: justify;\"><em>Vlasta Odehnal<\/em><\/div>\n<div style=\"text-align: justify;\"><\/div>\n<div style=\"text-align: justify;\">Vlasto, d\u00edky moc!!!<\/div>\n<h5><strong><span style=\"color: #800000;\">\u00dater\u00fd 9.4. 2019<\/span><\/strong><\/h5>\n<p style=\"text-align: justify;\">Silni\u010dn\u00ed tr\u00e9nink pod veden\u00edm Vlast\u00edka Odehnala, Jirky \u0160t\u011bpan\u00edka a Franti\u0161ka Pad\u011bry\u00a0&#8211; sraz v 16.30 u Z\u0160 Bene\u0161ov.<\/p>\n<h5><span style=\"color: #800000;\">St\u0159eda 10.4. 2019<\/span><\/h5>\n<p style=\"text-align: justify;\">Pravideln\u00fd MTB tr\u00e9nink s Jirkou Va\u0161\u00ed\u010dkem, Ad\u00e9lou \u0160af\u00e1\u0159ovou, Liborem Barto\u0161em a Petrem Koudelkou. Sraz v 16.30, tentokr\u00e1t letos podruh\u00e9 v boskovick\u00fdch Doubrav\u00e1ch, Sportpark.<\/p>\n<h5><span style=\"color: #800000;\">Ned\u011ble 14.4. 2019<\/span><\/h5>\n<p style=\"text-align: justify;\">Dobrovoln\u00e1 vyj\u00ed\u017e\u010fka s\u00a0Vlastou a Hanou Odehnalov\u00fdmi. Sraz v 9.30 ve Sportparku Doubravy, d\u00e9lka vyj\u00ed\u017e\u010fky (&#8222;na pohodu&#8220;, tempo je uzp\u016fsobeno d\u011btem, z\u00e1vodit se nebude,\u00a0j\u00edzdu &#8222;na doraz&#8220;\u00a0je t\u0159eba po\u0161et\u0159it a\u017e na z\u00e1vody) cca 2,5 &#8211; 3 hodiny, jede se ve skupin\u00e1ch dle v\u00fdkonnosti rajdr\u016f, vyj\u00ed\u017e\u010fka je samoz\u0159ejm\u011b vhodn\u00e1\u00a0i pro rodi\u010de.<\/p>\n<h5><span style=\"color: #800000;\">AKCE T\u011aSN\u011a ZA HORIZONTEM<\/span><\/h5>\n<h5><span style=\"color: #800000;\">Sobota, ned\u011ble 27. &#8211; 28.4. 2019<\/span><\/h5>\n<p style=\"text-align: justify;\">Druh\u00fd z\u00e1vod \u010cesk\u00e9ho poh\u00e1ru horsk\u00fdch kol ve m\u011bst\u011b Tou\u0161kov. Zde studujte propozice:\u00a0<strong><a href=\"http:\/\/www.moravecteam.cz\/?attachment_id=12908\" rel=\"attachment wp-att-12908\">Propozice-2.-z\u00e1vod-XCO-2019-M\u011bsto-Tou\u0161kov<\/a><\/strong><\/p>\n<h5><span style=\"color: #800000;\">MTB &#8222;Vrchovina&#8220; 2019\u00a0<\/span><\/h5>\n<p style=\"text-align: justify;\">m\u00e1 ji\u017e &#8211; jak pevn\u011b v\u011b\u0159\u00edm &#8211;\u00a0pevn\u00e9 term\u00edny\u00a0jako ona pov\u011bstn\u00e1 &#8222;Helvetsk\u00e1 v\u00edra&#8220;:\u00a0<strong><span style=\"color: #800000;\">4.5. &#8211; Vlachov, 18.5.\u00a0 Bene\u0161ov, 8.6. &#8211; Okrouhl\u00e1, 22.6. \u017d\u010f\u00e1rn\u00e1, 13.7. Protivanov, 10.8. Bukov\u00e1, 17.8. Boskovice, 24.8. Ko\u0159enec, 7.9. Velenov, 14.9. Kn\u00ednice, 21.9. Nov\u00e9 M\u011bsto n Morav\u011b &#8211; fin\u00e1le.<\/span><\/strong>\u00a0Term\u00ednov\u00fd kalend\u00e1\u0159 na r. 2019 se z\u00e1vodn\u00edmi prioritami MORAVEC Teamu trvale um\u00edst\u011bn v t\u00e9to pravideln\u011b se obnovuj\u00edc\u00ed aktualit\u011b a bude v\u010das dopln\u011bn p\u0159edev\u0161\u00edm o term\u00edny \u010cesk\u00e9ho poh\u00e1ru v cyklokrosu.<\/p>\n<h5><span style=\"color: #800000;\">AKCE ZA DV\u011aMA HORIZONTY<\/span><\/h5>\n<ul>\n<li style=\"text-align: justify;\">24. &#8211; 26. 5. 2019\u00a0\u00a0&#8211; na doporu\u010den\u00ed tren\u00e9r\u016f navrhuje odd\u00edl k reprezentaci MORAVEC Teamu na etapov\u00e9m silni\u010dn\u00edm z\u00e1vod\u011b v Lan\u0161kroun\u011b (star\u0161\u00ed \u017e\u00e1ci a kadetky) tyto jezdce:\u00a0<strong><span style=\"color: #800000;\">Roman \u0160indel\u00e1\u0159, V\u00edt Lipensk\u00fd, Luk\u00e1\u0161 Sedl\u00e1k a Kl\u00e1ra Odehnalov\u00e1.<\/span><\/strong>\u00a0Tuto reprezentaci odd\u00edl podpo\u0159\u00ed.\u00a0 Obdobn\u011b je odd\u00edl p\u0159ipraven podpo\u0159it jezdce MORAVEC Teamu v p\u0159\u00edpad\u011b reprezentace na dal\u0161\u00edch silni\u010dn\u00edch z\u00e1vodech, kter\u00e9 nebudou kolidovat s MTB \u010cP XCO a MTB &#8222;Vrchovinou&#8220; za t\u011bchto podm\u00ednek: Skupina minim\u00e1ln\u011b t\u0159\u00ed jezdc\u016f &#8211; pak je mo\u017enost domluvy na zap\u016fj\u010den\u00ed odd\u00edlov\u00e9 dod\u00e1vky a odd\u00edlov\u00e9ho t\u00fdmov\u00e9ho z\u00e1zem\u00ed. S proplacen\u00edm startovn\u00e9ho (oproti dokladu), se samoz\u0159ejm\u011b po\u010d\u00edt\u00e1. Obdobn\u011b je odd\u00edl p\u0159ipraven p\u0159isp\u011bt na reprezentanty \u010cR z \u0159ad MORAVEC Teamu &#8211; aktu\u00e1ln\u011b se toto t\u00fdk\u00e1\u00a0<strong><span style=\"color: #800000;\">Eli\u0161ky Han\u00e1kov\u00e9<\/span><\/strong>,\u00a0kter\u00e1 je nominov\u00e1na pro r. 2019 do reprezentace \u010cR &#8211; lv\u00ed\u010data (\u017e\u00e1ci a kadeti).<\/li>\n<li style=\"text-align: justify;\">23. &#8211; 28. 6.\u00a02019\u00a0&#8211; Olympi\u00e1da d\u011bt\u00ed a ml\u00e1de\u017ee v Liberci. Za MORAVEC Team byli doporu\u010deni na reprezentaci JmK (t\u00fdk\u00e1 se kadet\u016f-kadetek a star\u0161\u00edch \u017e\u00e1k\u016f &#8211; \u017ea\u010dek)\u00a0<strong><span style=\"color: #800000;\">Kl\u00e1ra Odehnalov\u00e1, Eli\u0161ka Han\u00e1kov\u00e1, Luk\u00e1\u0161 Sedl\u00e1k a Roman \u0160indel\u00e1\u0159.<\/span><\/strong>\u00a0Na\u0161e rajdry \u010dekaj\u00ed nomina\u010dn\u00ed z\u00e1vody, na z\u00e1klad\u011b kter\u00fdch rozhodnou pov\u011b\u0159en\u00ed tren\u00e9\u0159i Luk\u00e1\u0161 Petr a Petr Herman o jejich p\u0159\u00edpadn\u00e9 nominaci. V r\u00e1mci nominace na ODM\u00a0za Olomouck\u00fd\u00a0 kraj budeme\u00a0je navr\u017een \u00a0k reprezentaci\u00a0<strong><span style=\"color: #800000;\">V\u00edt Lipensk\u00fd<\/span><\/strong>,\u00a0 Podrobnosti k ODM v Liberci za Jihomoravsk\u00fd kraj \u00a0najdete zde,\u00a0<strong><a href=\"http:\/\/www.moravecteam.cz\/?attachment_id=12921\" rel=\"attachment wp-att-12921\">J<\/a><a href=\"http:\/\/www.moravecteam.cz\/?attachment_id=12921\" rel=\"attachment wp-att-12921\">MKSC-LODM2019-nominacni_kriteria_v1_sLT (2)<\/a><\/strong>,\u00a0za Olomouck\u00fd kraj zaase tu\u0165:\u00a0<strong><a href=\"https:\/\/www.olomouckysvazcyklistiky.cz\/images\/documents\/2019\/LODM2019.pdf\">Nomina\u010dn\u00ed krit\u00e9ria-Olomouck\u00fd kraj.<\/a><\/strong><\/li>\n<li style=\"text-align: justify;\">Pr\u00e1zdninov\u00fd Kemp MORAVEC Teamu\u00a0prob\u011bhne v t\u00fddnu od\u00a029.7. do 2.8. 2019. Opera\u010dn\u00ed prostor: Ji\u017en\u00ed Morava \/ Severn\u00ed\u00a0 Rakousko.<\/li>\n<li style=\"text-align: justify;\">Term\u00ednov\u00fd kalend\u00e1\u0159 &#8211; MORAVEC Team &#8211; sez\u00f3na 2019: <strong><a href=\"http:\/\/www.moravecteam.cz\/?attachment_id=13036\" rel=\"attachment wp-att-13036\">MORAVEC Team &#8211; term\u00ednov\u00fd kalend\u00e1\u0159 2019<\/a> <\/strong><\/li>\n<\/ul>\n","protected":false},"excerpt":{"rendered":"<p>Pro &#8222;the better&#8220; mezi-odd\u00edlovou komunikaci! R\u00e1d tlumo\u010d\u00edm iniciativu jednoho z V\u00e1s, rodi\u010d\u016f! Ahoj Moravci, posledn\u00ed t\u00fddny jsem \u0159e\u0161il jak se rychle domluvit na tr\u00e9nink, vyj\u00ed\u017e\u010fku, omluvu z tr\u00e9ninku a podobn\u011b. Napadlo m\u011b pou\u017e\u00edt mobiln\u00ed aplikaci WhatsApp, kterou v\u011bt\u0161ina co v\u00e1s m\u00e1m v kontaktech pou\u017e\u00edv\u00e1.\u00a0 Zalo\u017eil jsem tedy zku\u0161ebn\u011b skupinu Moravec. Vy z v\u00e1s kdo tam &hellip; <a href=\"https:\/\/www.moravecteam.cz\/?p=12987\" class=\"more-link\">Pokra\u010dov\u00e1n\u00ed textu <span class=\"screen-reader-text\">Co se bude d\u00edt? (ST15)<\/span> <span class=\"meta-nav\">&rarr;<\/span><\/a><\/p>\n","protected":false},"author":3,"featured_media":13012,"comment_status":"open","ping_status":"closed","sticky":false,"template":"","format":"standard","meta":[],"categories":[9],"tags":[],"_links":{"self":[{"href":"https:\/\/www.moravecteam.cz\/index.php?rest_route=\/wp\/v2\/posts\/12987"}],"collection":[{"href":"https:\/\/www.moravecteam.cz\/index.php?rest_route=\/wp\/v2\/posts"}],"about":[{"href":"https:\/\/www.moravecteam.cz\/index.php?rest_route=\/wp\/v2\/types\/post"}],"author":[{"embeddable":true,"href":"https:\/\/www.moravecteam.cz\/index.php?rest_route=\/wp\/v2\/users\/3"}],"replies":[{"embeddable":true,"href":"https:\/\/www.moravecteam.cz\/index.php?rest_route=%2Fwp%2Fv2%2Fcomments&post=12987"}],"version-history":[{"count":7,"href":"https:\/\/www.moravecteam.cz\/index.php?rest_route=\/wp\/v2\/posts\/12987\/revisions"}],"predecessor-version":[{"id":13037,"href":"https:\/\/www.moravecteam.cz\/index.php?rest_route=\/wp\/v2\/posts\/12987\/revisions\/13037"}],"wp:featuredmedia":[{"embeddable":true,"href":"https:\/\/www.moravecteam.cz\/index.php?rest_route=\/wp\/v2\/media\/13012"}],"wp:attachment":[{"href":"https:\/\/www.moravecteam.cz\/index.php?rest_route=%2Fwp%2Fv2%2Fmedia&parent=12987"}],"wp:term":[{"taxonomy":"category","embeddable":true,"href":"https:\/\/www.moravecteam.cz\/index.php?rest_route=%2Fwp%2Fv2%2Fcategories&post=12987"},{"taxonomy":"post_tag","embeddable":true,"href":"https:\/\/www.moravecteam.cz\/index.php?rest_route=%2Fwp%2Fv2%2Ftags&post=12987"}],"curies":[{"name":"wp","href":"https:\/\/api.w.org\/{rel}","templated":true}]}}