{"id":13047,"date":"2019-04-15T09:40:07","date_gmt":"2019-04-15T07:40:07","guid":{"rendered":"http:\/\/www.moravecteam.cz\/?p=13047"},"modified":"2019-04-15T09:42:28","modified_gmt":"2019-04-15T07:42:28","slug":"co-se-bude-dit-st16-3","status":"publish","type":"post","link":"https:\/\/www.moravecteam.cz\/?p=13047","title":{"rendered":"Co se bude d\u00edt? (ST16)"},"content":{"rendered":"<h5><span style=\"color: #800000;\">Term\u00ednov\u00fd kalend\u00e1\u0159 MORAVEC Team 2019:<\/span><\/h5>\n<p><strong><a href=\"http:\/\/www.moravecteam.cz\/?attachment_id=13036\" rel=\"attachment wp-att-13036\">MORAVEC Team &#8211; term\u00ednov\u00fd kalend\u00e1\u0159 2019<\/a> <\/strong><\/p>\n<h5><span style=\"color: #800000;\">Pro &#8222;the better&#8220; mezi-odd\u00edlovou komunikaci!<\/span><\/h5>\n<p style=\"text-align: justify;\">R\u00e1d tlumo\u010d\u00edm iniciativu jednoho z V\u00e1s, rodi\u010d\u016f!<\/p>\n<div style=\"text-align: justify;\"><em>Ahoj Moravci, posledn\u00ed t\u00fddny jsem \u0159e\u0161il jak se rychle domluvit na tr\u00e9nink, vyj\u00ed\u017e\u010fku, omluvu z tr\u00e9ninku a podobn\u011b. Napadlo m\u011b pou\u017e\u00edt mobiln\u00ed aplikaci WhatsApp, kterou v\u011bt\u0161ina co v\u00e1s m\u00e1m v kontaktech pou\u017e\u00edv\u00e1.\u00a0<\/em><\/div>\n<div style=\"text-align: justify;\"><em>Zalo\u017eil jsem tedy zku\u0161ebn\u011b skupinu Moravec. Vy z v\u00e1s kdo tam nejsou a chcete vyu\u017e\u00edt t\u00e9to formy komunikace, prove\u010fte n\u00e1sleduj\u00edc\u00ed kroky:<\/em><\/div>\n<div style=\"text-align: justify;\"><\/div>\n<div style=\"text-align: justify;\"><em>1. Nainstalujte si na mobil aplikaci WhatsApp.<\/em><\/div>\n<div style=\"text-align: justify;\"><em>\u00a0<\/em><\/div>\n<div style=\"text-align: justify;\"><em>2. Po\u0161lete mi na mail ody55@atlas.cz kontakt na v\u00e1s. (Jm\u00e9no, P\u0159\u00edjmen\u00ed, mobil)<\/em><\/div>\n<div style=\"text-align: justify;\"><em>\u00a0<\/em><\/div>\n<div style=\"text-align: justify;\"><em>3. J\u00e1 v\u00e1s p\u0159id\u00e1m do skupiny.<\/em><\/div>\n<div style=\"text-align: justify;\"><em>\u00a0<\/em><\/div>\n<div style=\"text-align: justify;\"><em>4. A\u017e se v\u00e1m objev\u00ed skupina v aplikaci, po\u0161lete ostatn\u00edm pozdrav se jm\u00e9nem a ostatn\u00ed si v\u00e1s ulo\u017e\u00ed.<\/em><\/div>\n<div style=\"text-align: justify;\"><em>\u00a0<\/em><\/div>\n<div style=\"text-align: justify;\"><em>To je v\u0161e. Doporu\u010duji alespo\u0148 jednoho z\u00e1stupce z rodiny a vyzku\u0161\u00edme jak to bude fungovat. Pokud jsem n\u011bkoho p\u0159idal do skupiny a nesouhlas\u00edte s t\u00edm, omlouv\u00e1m se. Napi\u0161te mi a j\u00e1 v\u00e1s odeberu.<\/em><\/div>\n<div style=\"text-align: justify;\"><em>Vlasta Odehnal<\/em><\/div>\n<div style=\"text-align: justify;\"><\/div>\n<div style=\"text-align: justify;\">Vlasto, d\u00edky moc!!!<\/div>\n<h5><span style=\"color: #800000;\"><strong>\u00dater\u00fd 16.4. 2019<\/strong><\/span><\/h5>\n<p style=\"text-align: justify;\">Silni\u010dn\u00ed tr\u00e9nink pod veden\u00edm Vlast\u00edka Odehnala, Jirky \u0160t\u011bpan\u00edka a skute\u010dn\u011b tam tentokr\u00e1t bude i Franta Pad\u011bra\u00a0&#8211; <strong><span style=\"color: #800000;\">sraz v 17.00 \u00a0u Z\u0160 Bene\u0161ov.<\/span><\/strong><\/p>\n<h5><span style=\"color: #800000;\">St\u0159eda 17.4. 2019<\/span><\/h5>\n<p style=\"text-align: justify;\">Pravideln\u00e1 MTB\u00a0p\u0159\u00edprava s\u00a0Vlast\u00edkem Odehnalem, Milanem \u0160af\u00e1\u0159em, Liborem Barto\u0161em a Petrem Koudelkou. <span style=\"color: #800000;\"><strong>Sraz v 17.00 ve Valchov\u011b, na fotbalov\u00e9m h\u0159i\u0161ti.\u00a0<\/strong><\/span><\/p>\n<h5><span style=\"color: #800000;\">AKCE T\u011aSN\u011a ZA HORIZONTEM<\/span><\/h5>\n<h5><span style=\"color: #800000;\">Sobota, ned\u011ble 27. &#8211; 28.4. 2019<\/span><\/h5>\n<p style=\"text-align: justify;\">Druh\u00fd z\u00e1vod \u010cesk\u00e9ho poh\u00e1ru horsk\u00fdch kol ve m\u011bst\u011b Tou\u0161kov. Zde studujte propozice:\u00a0<strong><a href=\"http:\/\/www.moravecteam.cz\/?attachment_id=12908\" rel=\"attachment wp-att-12908\">Propozice-2.-z\u00e1vod-XCO-2019-M\u011bsto-Tou\u0161kov<\/a>.<\/strong><\/p>\n<p style=\"text-align: justify;\">Tren\u00e9\u0159i si ji\u017e posp\u00ed\u0161ili a zde je ji\u017e\u00a0<strong><span style=\"color: #800000;\">NOMINACE<\/span><\/strong> na druh\u00fd &#8222;poh\u00e1r&#8220; (jedn\u00e1 se o kategorie od mlad\u0161\u00edch \u017e\u00e1k\u016f &#8222;v\u00fd\u0161&#8220;, na d\u011bti kategori\u00ed MINIME se nominace nevztahuje, tyto d\u011bti m\u016f\u017eou jezdit na \u010cP dle sv\u00e9ho\u00a0uv\u00e1\u017een\u00ed,\u00a0resp.\u00a0uv\u00e1\u017een\u00ed\u00a0sv\u00fdch rodi\u010d\u016f a\u00a0 z\u00e1vodit\u00a0zde kdykoli).\u00a0\u00a0V\u00fdb\u011br tren\u00e9r\u016f\u00a0logicky koresponduje s bojovn\u00fdmi v\u00fdkony &#8222;na doraz&#8220; rajdr\u016f MORAVEC Teamu\u00a0na premi\u00e9\u0159e v\u00a0Kutn\u00e9 Ho\u0159e. V Tou\u0161kov\u011b n\u00e1s tedy budou reprezentovat:<\/p>\n<ul>\n<li>\n<div style=\"text-align: justify;\">Mlad\u0161\u00ed \u017e\u00e1kyn\u011b: <strong><span style=\"color: #800000;\">Gottwaldov\u00e1 Am\u00e1lie, Han\u00e1kov\u00e1 Anna, Janovsk\u00e1 Barbora, Koudelkov\u00e1 Lucie a Tlamkov\u00e1 Barbora.<\/span><\/strong><\/div>\n<\/li>\n<li>Mlad\u0161\u00ed \u017e\u00e1ci: <strong><span style=\"color: #800000;\">Lipensk\u00fd Matou\u0161<\/span><\/strong><\/li>\n<li>Star\u0161\u00ed \u017e\u00e1kyn\u011b: <span style=\"color: #800000;\"><strong>Han\u00e1kov\u00e1 Eli\u0161ka<\/strong><\/span><\/li>\n<li>Star\u0161\u00ed \u017e\u00e1ci:<strong><span style=\"color: #800000;\"> Koudelka Maty\u00e1\u0161, Lipensk\u00fd V\u00edt, Sedl\u00e1k Luk\u00e1\u0161, \u0160indel\u00e1\u0159 Roman<\/span><\/strong><\/li>\n<li>Kadetky: <strong><span style=\"color: #800000;\">Odehnalov\u00e1 Kl\u00e1ra<\/span><\/strong><\/li>\n<li>Junio\u0159i: <strong><span style=\"color: #800000;\">Such\u00e1nek V\u00edt<\/span><\/strong><\/li>\n<li>Mu\u017ei EXPERT: <strong><span style=\"color: #800000;\">\u0160ich Petr<\/span><\/strong><\/li>\n<\/ul>\n<p style=\"text-align: justify;\"><strong><span style=\"color: #800000;\">P\u0159ihl\u00e1\u0161en\u00ed do z\u00e1vodu bude provedeno v \u00fater\u00fd, 23.4. 2019<\/span><\/strong>, do t\u00e9 doby\u00a0mi dejte v\u011bd\u011bt, kdyby n\u011bkdo nemohl z v\u00e1\u017en\u00fdch d\u016fvod\u016f v Tou\u0161kov\u011b reprezentovat. Omluven je zat\u00edm jen V\u00ed\u0165a Lipensk\u00fd (kr\u00e1tkodob\u00fd studijn\u00ed pobyt v zahrani\u010d\u00ed).<\/p>\n<h5><strong><span style=\"color: #800000;\">MTB &#8222;Vrchovina&#8220; 2019\u00a0<\/span><\/strong><\/h5>\n<p style=\"text-align: justify;\">m\u00e1 ji\u017e &#8211; jak pevn\u011b v\u011b\u0159\u00edm &#8211;\u00a0pevn\u00e9 term\u00edny\u00a0jako ona pov\u011bstn\u00e1 &#8222;Helvetsk\u00e1 v\u00edra&#8220;:\u00a0<span style=\"color: #800000;\"><strong>4.5. &#8211; Vlachov, 18.5.\u00a0 Bene\u0161ov, 8.6. &#8211; Okrouhl\u00e1, 22.6. \u017d\u010f\u00e1rn\u00e1, 13.7. Protivanov, 10.8. Bukov\u00e1, 17.8. Boskovice, 24.8. Ko\u0159enec, 7.9. Velenov, 14.9. Kn\u00ednice, 21.9. Nov\u00e9 M\u011bsto n Morav\u011b &#8211; fin\u00e1le.<\/strong>\u00a0<\/span>Term\u00ednov\u00fd kalend\u00e1\u0159 na r. 2019 se z\u00e1vodn\u00edmi prioritami MORAVEC Teamu trvale um\u00edst\u011bn v t\u00e9to pravideln\u011b se obnovuj\u00edc\u00ed aktualit\u011b a bude v\u010das dopln\u011bn p\u0159edev\u0161\u00edm o term\u00edny \u010cesk\u00e9ho poh\u00e1ru v cyklokrosu.<\/p>\n<h5><strong><span style=\"color: #800000;\">AKCE ZA DV\u011aMA HORIZONTY<\/span><\/strong><\/h5>\n<ul>\n<li style=\"text-align: justify;\">24. &#8211; 26. 5. 2019\u00a0\u00a0&#8211; na doporu\u010den\u00ed tren\u00e9r\u016f navrhuje odd\u00edl k reprezentaci MORAVEC Teamu na etapov\u00e9m silni\u010dn\u00edm z\u00e1vod\u011b v Lan\u0161kroun\u011b (star\u0161\u00ed \u017e\u00e1ci a kadetky) tyto jezdce:\u00a0<span style=\"color: #800000;\"><strong>Roman \u0160indel\u00e1\u0159, V\u00edt Lipensk\u00fd, Luk\u00e1\u0161 Sedl\u00e1k a Kl\u00e1ra Odehnalov\u00e1.<\/strong><\/span>\u00a0Tuto reprezentaci odd\u00edl podpo\u0159\u00ed.\u00a0 Obdobn\u011b je odd\u00edl p\u0159ipraven podpo\u0159it jezdce MORAVEC Teamu v p\u0159\u00edpad\u011b reprezentace na dal\u0161\u00edch silni\u010dn\u00edch z\u00e1vodech, kter\u00e9 nebudou kolidovat s MTB \u010cP XCO a MTB &#8222;Vrchovinou&#8220; za t\u011bchto podm\u00ednek: Skupina minim\u00e1ln\u011b t\u0159\u00ed jezdc\u016f &#8211; pak je mo\u017enost domluvy na zap\u016fj\u010den\u00ed odd\u00edlov\u00e9 dod\u00e1vky a odd\u00edlov\u00e9ho t\u00fdmov\u00e9ho z\u00e1zem\u00ed. S proplacen\u00edm startovn\u00e9ho (oproti dokladu), se samoz\u0159ejm\u011b po\u010d\u00edt\u00e1. Obdobn\u011b je odd\u00edl p\u0159ipraven p\u0159isp\u011bt na reprezentanty \u010cR z \u0159ad MORAVEC Teamu &#8211; aktu\u00e1ln\u011b se toto t\u00fdk\u00e1\u00a0<strong><span style=\"color: #800000;\">Eli\u0161ky Han\u00e1kov\u00e9<\/span><\/strong>,\u00a0kter\u00e1 je nominov\u00e1na pro r. 2019 do reprezentace \u010cR &#8211; lv\u00ed\u010data (\u017e\u00e1ci a kadeti).<\/li>\n<li style=\"text-align: justify;\">23. &#8211; 28. 6.\u00a02019\u00a0&#8211; Olympi\u00e1da d\u011bt\u00ed a ml\u00e1de\u017ee v Liberci. Za MORAVEC Team byli doporu\u010deni na reprezentaci JmK (t\u00fdk\u00e1 se kadet\u016f-kadetek a star\u0161\u00edch \u017e\u00e1k\u016f &#8211; \u017ea\u010dek)\u00a0<span style=\"color: #800000;\"><strong>Kl\u00e1ra Odehnalov\u00e1, Eli\u0161ka Han\u00e1kov\u00e1, Luk\u00e1\u0161 Sedl\u00e1k a Roman \u0160indel\u00e1\u0159.<\/strong><\/span>\u00a0Na\u0161e rajdry \u010dekaj\u00ed nomina\u010dn\u00ed z\u00e1vody, na z\u00e1klad\u011b kter\u00fdch rozhodnou pov\u011b\u0159en\u00ed tren\u00e9\u0159i Luk\u00e1\u0161 Petr a Petr Herman o jejich p\u0159\u00edpadn\u00e9 nominaci. V r\u00e1mci nominace na ODM\u00a0za Olomouck\u00fd\u00a0 kraj budeme\u00a0je navr\u017een \u00a0k reprezentaci\u00a0<strong><span style=\"color: #800000;\">V\u00edt Lipensk\u00fd<\/span><\/strong>,\u00a0 Podrobnosti k ODM v Liberci za Jihomoravsk\u00fd kraj \u00a0najdete zde,\u00a0<strong><a href=\"http:\/\/www.moravecteam.cz\/?attachment_id=12921\" rel=\"attachment wp-att-12921\">J<\/a><a href=\"http:\/\/www.moravecteam.cz\/?attachment_id=12921\" rel=\"attachment wp-att-12921\">MKSC-LODM2019-nominacni_kriteria_v1_sLT (2)<\/a><\/strong>,\u00a0za Olomouck\u00fd kraj zaase tu\u0165:\u00a0<strong><a href=\"https:\/\/www.olomouckysvazcyklistiky.cz\/images\/documents\/2019\/LODM2019.pdf\">Nomina\u010dn\u00ed krit\u00e9ria-Olomouck\u00fd kraj.<\/a><\/strong><\/li>\n<li style=\"text-align: justify;\">Pr\u00e1zdninov\u00fd Kemp MORAVEC Teamu\u00a0prob\u011bhne v t\u00fddnu od\u00a029.7. do 2.8. 2019. Opera\u010dn\u00ed prostor: Ji\u017en\u00ed Morava \/ Severn\u00ed\u00a0 Rakousko.<\/li>\n<\/ul>\n<p style=\"text-align: justify;\"><strong>\u00a0<\/strong><\/p>\n","protected":false},"excerpt":{"rendered":"<p>Term\u00ednov\u00fd kalend\u00e1\u0159 MORAVEC Team 2019: MORAVEC Team &#8211; term\u00ednov\u00fd kalend\u00e1\u0159 2019 Pro &#8222;the better&#8220; mezi-odd\u00edlovou komunikaci! R\u00e1d tlumo\u010d\u00edm iniciativu jednoho z V\u00e1s, rodi\u010d\u016f! Ahoj Moravci, posledn\u00ed t\u00fddny jsem \u0159e\u0161il jak se rychle domluvit na tr\u00e9nink, vyj\u00ed\u017e\u010fku, omluvu z tr\u00e9ninku a podobn\u011b. Napadlo m\u011b pou\u017e\u00edt mobiln\u00ed aplikaci WhatsApp, kterou v\u011bt\u0161ina co v\u00e1s m\u00e1m v kontaktech pou\u017e\u00edv\u00e1.\u00a0 &hellip; <a href=\"https:\/\/www.moravecteam.cz\/?p=13047\" class=\"more-link\">Pokra\u010dov\u00e1n\u00ed textu <span class=\"screen-reader-text\">Co se bude d\u00edt? (ST16)<\/span> <span class=\"meta-nav\">&rarr;<\/span><\/a><\/p>\n","protected":false},"author":3,"featured_media":13049,"comment_status":"open","ping_status":"closed","sticky":false,"template":"","format":"standard","meta":[],"categories":[11],"tags":[],"_links":{"self":[{"href":"https:\/\/www.moravecteam.cz\/index.php?rest_route=\/wp\/v2\/posts\/13047"}],"collection":[{"href":"https:\/\/www.moravecteam.cz\/index.php?rest_route=\/wp\/v2\/posts"}],"about":[{"href":"https:\/\/www.moravecteam.cz\/index.php?rest_route=\/wp\/v2\/types\/post"}],"author":[{"embeddable":true,"href":"https:\/\/www.moravecteam.cz\/index.php?rest_route=\/wp\/v2\/users\/3"}],"replies":[{"embeddable":true,"href":"https:\/\/www.moravecteam.cz\/index.php?rest_route=%2Fwp%2Fv2%2Fcomments&post=13047"}],"version-history":[{"count":3,"href":"https:\/\/www.moravecteam.cz\/index.php?rest_route=\/wp\/v2\/posts\/13047\/revisions"}],"predecessor-version":[{"id":13051,"href":"https:\/\/www.moravecteam.cz\/index.php?rest_route=\/wp\/v2\/posts\/13047\/revisions\/13051"}],"wp:featuredmedia":[{"embeddable":true,"href":"https:\/\/www.moravecteam.cz\/index.php?rest_route=\/wp\/v2\/media\/13049"}],"wp:attachment":[{"href":"https:\/\/www.moravecteam.cz\/index.php?rest_route=%2Fwp%2Fv2%2Fmedia&parent=13047"}],"wp:term":[{"taxonomy":"category","embeddable":true,"href":"https:\/\/www.moravecteam.cz\/index.php?rest_route=%2Fwp%2Fv2%2Fcategories&post=13047"},{"taxonomy":"post_tag","embeddable":true,"href":"https:\/\/www.moravecteam.cz\/index.php?rest_route=%2Fwp%2Fv2%2Ftags&post=13047"}],"curies":[{"name":"wp","href":"https:\/\/api.w.org\/{rel}","templated":true}]}}