{"id":13052,"date":"2019-04-18T17:59:45","date_gmt":"2019-04-18T15:59:45","guid":{"rendered":"http:\/\/www.moravecteam.cz\/?p=13052"},"modified":"2019-04-19T10:15:25","modified_gmt":"2019-04-19T08:15:25","slug":"blansko-je-zpet","status":"publish","type":"post","link":"https:\/\/www.moravecteam.cz\/?p=13052","title":{"rendered":"Blansko je zp\u011bt!"},"content":{"rendered":"<p style=\"text-align: justify;\"><strong><span style=\"color: #800000;\">A\u017e do minul\u00e9ho stolet\u00ed se datoval\u00a0posledn\u00ed klasick\u00fd MTB XCO z\u00e1vod, kter\u00e9ho hostitelem\u00a0 bylo Blansko. Pravda, pam\u011btn\u00edci m\u016f\u017eou zavzpom\u00ednat na <a href=\"http:\/\/moravec.benesov-u-boskovic.cz\/cz\/zavody\/2005\/horicke-prdak-19-6-2005-blansko\/\">&#8222;Ho\u0159ick\u00e9 pr\u010f\u00e1k 2005&#8220;<\/a>, nebo na <a href=\"http:\/\/moravec.benesov-u-boskovic.cz\/cz\/zavody\/2003\/horicke-prdak-29-6-2003\/\">&#8222;Ho\u0159ick\u00e9 pr\u010f\u00e1k 2003&#8220;<\/a> jeho\u017e n\u011bkolik ro\u010dn\u00edk\u016f se d\u00edky Blanensk\u00fdm Sokol\u016fm odjelo ji\u017e v prvn\u00ed dek\u00e1d\u011b tohoto stolet\u00ed. Jen\u017ee to se jednalo p\u0159edev\u0161\u00edm o MTB \u010dasovku do vrchu (dnes se tomu \u0159\u00edk\u00e1 UP HILL). Stejn\u011b tak, jako <a href=\"https:\/\/www.mtbgolem.cz\/\">Blanensk\u00fd Golem<\/a> je (nebo byl?) zase ryz\u00edm MTB maratonem. Od soboty 13. dubna je ale v\u0161echno jinak. D\u00edk m\u00edstn\u00edmu agiln\u00edmu MTB t\u00fdmu ACT Lerak byly obnoveny atraktivn\u00ed trat\u011b v rekrea\u010dn\u00ed \u010d\u00e1sti m\u011bsta P\u00e1lava a z\u00e1vod, kter\u00fd byl vyps\u00e1n pro v\u0161echny v\u011bkov\u00e9 kategorie, p\u0159il\u00e1kal nejednoho bikera zvu\u010dn\u00e9ho jm\u00e9na..!<\/span><\/strong><\/p>\n<figure id=\"attachment_13063\" aria-describedby=\"caption-attachment-13063\" style=\"width: 723px\" class=\"wp-caption alignnone\"><a href=\"http:\/\/www.moravecteam.cz\/?attachment_id=13063\" rel=\"attachment wp-att-13063\"><img decoding=\"async\" loading=\"lazy\" class=\" wp-image-13063\" alt=\"DSC_1340\" src=\"http:\/\/www.moravecteam.cz\/wp-content\/uploads\/2019\/04\/DSC_1340.jpg\" width=\"723\" height=\"518\" srcset=\"https:\/\/www.moravecteam.cz\/wp-content\/uploads\/2019\/04\/DSC_1340.jpg 723w, https:\/\/www.moravecteam.cz\/wp-content\/uploads\/2019\/04\/DSC_1340-300x214.jpg 300w\" sizes=\"(max-width: 723px) 100vw, 723px\" \/><\/a><figcaption id=\"caption-attachment-13063\" class=\"wp-caption-text\">Po triumfu na &#8222;Morkovsk\u00e9m bajku&#8220; si Jon\u00e1\u0161ek &#8222;D\u017eonas&#8220; Janovsk\u00fd p\u0159ipsal leto\u0161n\u00ed dal\u0161\u00edm cen\u00e9 prvenstv\u00ed v Blansku!<\/figcaption><\/figure>\n<p style=\"text-align: justify;\">Ve startovn\u00edch listin\u00e1ch nechyb\u011bla ani des\u00edtka rajdr\u016f MORAVEC Teamu a Ti vybojovali do odd\u00edlov\u00e9 medailov\u00e9 pokladnice celkem 7 cenn\u00fdch kov\u016f, kdy\u017e z toho bylo p\u011bt ve zlat\u011b, a po jedom ve st\u0159\u00edb\u0159e a bronzu.. Krom\u011b toho se slu\u0161\u00ed doplnit, \u017ee z\u00e1vod je sou\u010d\u00e1st\u00ed letos premi\u00e9rov\u00e9 cyklistick\u00e9 s\u00e9rie Jihomoravsk\u00fd Cup, a t\u00edm p\u00e1dem si do t\u00e9to s\u00e9rie p\u0159ipsali po Blansku na\u0161i \u00fasp\u011b\u0161n\u00ed bike\u0159i &#8222;hafo&#8220; bod\u00edk\u016f..!<\/p>\n<figure id=\"attachment_13064\" aria-describedby=\"caption-attachment-13064\" style=\"width: 818px\" class=\"wp-caption alignnone\"><a href=\"http:\/\/www.moravecteam.cz\/?attachment_id=13064\" rel=\"attachment wp-att-13064\"><img decoding=\"async\" loading=\"lazy\" class=\" wp-image-13064\" alt=\"DSC_1448\" src=\"http:\/\/www.moravecteam.cz\/wp-content\/uploads\/2019\/04\/DSC_1448.jpg\" width=\"818\" height=\"594\" srcset=\"https:\/\/www.moravecteam.cz\/wp-content\/uploads\/2019\/04\/DSC_1448.jpg 818w, https:\/\/www.moravecteam.cz\/wp-content\/uploads\/2019\/04\/DSC_1448-300x217.jpg 300w\" sizes=\"(max-width: 818px) 100vw, 818px\" \/><\/a><figcaption id=\"caption-attachment-13064\" class=\"wp-caption-text\">Zlat\u00e1 Lucinka, st\u0159\u00edbrn\u00e1 Magdal\u00e9nka! Dal\u0161\u00ed moc, moc p\u011bkn\u00e1 fotka z bikov\u00e9ho Blanska!<\/figcaption><\/figure>\n<p style=\"text-align: justify;\">Prvoro\u010d\u00e1kem je v r.2019 mezi chlapci 5-6 let\u00a0 el\u00e9v na\u0161eho\u00a0Teamu &#8211; <span style=\"color: #800000;\"><strong>Jon\u00e1\u0161ek Janovsk\u00fd<\/strong><\/span>, kter\u00fd s n\u00e1skokem 6-ti vte\u0159in svoji kategorii jasn\u011b ovl\u00e1dnul! O prvn\u00ed &#8222;double&#8220; v sobotu, t\u0159in\u00e1ct\u00e9ho,\u00a0 se pro MORAVEC Team zaslou\u017eila d\u011bv\u010data ml\u00e1d\u00ed 9-10 let. <strong><span style=\"color: #800000;\">Lucie Gottwldov\u00e1<\/span> <\/strong>v\u00edt\u011bzstv\u00edm potvrdila, \u017ee v\u00fdsledek z Kutn\u00e9 Hory (16. m\u00edsto) nebyl\u00a0v \u017e\u00e1dn\u00e9m p\u0159\u00edpad\u011b\u00a0n\u00e1hodn\u00fd. Na st\u0159\u00edbrn\u00e9m stup\u00ednku fini\u0161ovala <strong><span style=\"color: #800000;\">Magdal\u00e9nka Barto\u0161ov\u00e1<\/span><\/strong>, kter\u00e1 tak dvojit\u00fd \u00fasp\u011bch MORAVEC Teamu zpe\u010detila. Oby\u010dejn\u011b v t\u00e9to kategorii startuj\u00ed je\u0161t\u011b dal\u0161\u00ed dv\u011b na\u0161e spolehliv\u00e9 a zpravidla medailov\u011b \u00fasp\u011b\u0161n\u00e9 reprezentantky &#8211; <strong><span style=\"color: #800000;\">Zita \u017dern\u00ed\u010dkov\u00e1<\/span><\/strong> a druh\u00e1 z dvoj\u010dat <strong><span style=\"color: #800000;\">Barto\u0161ov\u00fdch &#8211; Maru\u0161ka<\/span><\/strong>. Bohu\u017eel ob\u011b jsou toho \u010dasu &#8222;na marodce&#8220;&#8230;A my jim touto cestou p\u0159ejeme rychl\u00e9 uzdraven\u00ed a stejn\u011b rychl\u00fd n\u00e1vrat do sedla jejich z\u00e1vodn\u00edch bicykl\u016f!<\/p>\n<figure id=\"attachment_13065\" aria-describedby=\"caption-attachment-13065\" style=\"width: 735px\" class=\"wp-caption alignnone\"><a href=\"http:\/\/www.moravecteam.cz\/?attachment_id=13065\" rel=\"attachment wp-att-13065\"><img decoding=\"async\" loading=\"lazy\" class=\" wp-image-13065\" alt=\"DSC_1459\" src=\"http:\/\/www.moravecteam.cz\/wp-content\/uploads\/2019\/04\/DSC_1459.jpg\" width=\"735\" height=\"549\" srcset=\"https:\/\/www.moravecteam.cz\/wp-content\/uploads\/2019\/04\/DSC_1459.jpg 735w, https:\/\/www.moravecteam.cz\/wp-content\/uploads\/2019\/04\/DSC_1459-300x224.jpg 300w\" sizes=\"(max-width: 735px) 100vw, 735px\" \/><\/a><figcaption id=\"caption-attachment-13065\" class=\"wp-caption-text\">A + A + N = t\u0159i nejlep\u0161\u00ed mlad\u0161\u00ed \u017e\u00e1kyn\u011b: uprost\u0159ed v\u00edt\u011bzn\u00e1 na\u0161e Am\u00e1lka Gottwaldov\u00e1, vlevo st\u0159\u00edbrn\u00e1, &#8222;po \u010dertech rychl\u00e1&#8220;, Anna Hude\u010dkov\u00e1 (TUFO CZ Otrokovice) a vpravo bronzov\u00e1, fakt dost dobr\u00e1 &#8211; dom\u00e1c\u00ed, Nikola Brad\u00e1\u010dov\u00e1 (Lerak Blansko).<\/figcaption><\/figure>\n<p style=\"text-align: justify;\">Star\u0161\u00ed ze sester \u00a0Gottwaldov\u00fdch, jinak mlad\u0161\u00ed \u017e\u00e1kyn\u011b <strong><span style=\"color: #800000;\">Am\u00e1lka Gottwaldov\u00e1<\/span><\/strong>, tak\u00e9 potvrdila ve sv\u00e9m startu \u00falohu jasn\u00e9 favoritky a zv\u00edt\u011bzila s n\u00e1skokem p\u011bti vte\u0159in\u00a0p\u0159ed n\u00e1m z MTB &#8222;Vrchoviny&#8220; dob\u0159e zn\u00e1mou, v\u00fdbornou bierkou,\u00a0 Annou Hude\u010dkovou (TUFO CZ Otrokovice)! Nepopul\u00e1rn\u00ed &#8222;bramboru&#8220; brala v tomto startu pracovit\u00e1 <strong><span style=\"color: #800000;\">Barbora Janovsk\u00e1<\/span><\/strong>, \u0161est\u00e1 pak byla klasifikov\u00e1na v\u00a0c\u00edli <strong><span style=\"color: #800000;\">Lucie Koudelkov\u00e1<\/span><\/strong>.\u00a0Druh\u00fd &#8222;double&#8220; ten den pro n\u00e1\u0161 odd\u00edl vybojovali star\u0161\u00ed \u017e\u00e1ci. P\u0159edev\u0161\u00edm <strong><span style=\"color: #800000;\">Roman \u0160indel\u00e1\u0159<\/span> <\/strong>zaslou\u017e\u00ed\u00a0plec nahoru. Po defektu hodn\u011b ztratil a u\u017e se zd\u00e1lo, \u017ee si\u00a0na v\u00edt\u011bzstv\u00ed, ke kter\u00e9mu v z\u00e1vod\u011b suver\u00e9nn\u011b sm\u011b\u0159oval, bude muset nechat zaj\u00edt chu\u0165. P\u0159esto dok\u00e1zal Rom\u010da s\u00a0 n\u00e1hradn\u00edm kolem ztr\u00e1tu smazat a v c\u00edli se radoval z v\u00edt\u011bzstv\u00ed s luxusn\u00edm n\u00e1skokem 14-ti vte\u0159in. S t\u00edmto odstupem za Romanem fini\u0161oval druh\u00fd v po\u0159ad\u00ed na c\u00edlov\u00e9 p\u00e1sce jeho t\u00fdmov\u00fd kolega &#8211; <strong><span style=\"color: #800000;\">Maty\u00e1\u0161 Koudelka<\/span><\/strong>!<\/p>\n<figure id=\"attachment_13066\" aria-describedby=\"caption-attachment-13066\" style=\"width: 378px\" class=\"wp-caption aligncenter\"><a href=\"http:\/\/www.moravecteam.cz\/?attachment_id=13066\" rel=\"attachment wp-att-13066\"><img decoding=\"async\" loading=\"lazy\" class=\"size-full wp-image-13066 \" alt=\"DSC_1386a\" src=\"http:\/\/www.moravecteam.cz\/wp-content\/uploads\/2019\/04\/DSC_1386a.jpg\" width=\"378\" height=\"398\" srcset=\"https:\/\/www.moravecteam.cz\/wp-content\/uploads\/2019\/04\/DSC_1386a.jpg 378w, https:\/\/www.moravecteam.cz\/wp-content\/uploads\/2019\/04\/DSC_1386a-25x25.jpg 25w, https:\/\/www.moravecteam.cz\/wp-content\/uploads\/2019\/04\/DSC_1386a-284x300.jpg 284w\" sizes=\"(max-width: 378px) 100vw, 378px\" \/><\/a><figcaption id=\"caption-attachment-13066\" class=\"wp-caption-text\">Roman \u0160indel\u00e1\u0159 (vlevo) v t\u00e9to chv\u00edli je\u0161t\u011b netu\u0161il, co ho potk\u00e1 za &#8222;\u0161trap\u00e1ci&#8220; s jeho bikem&#8230; P\u0159es v\u0161echny trable ale dok\u00e1zal zv\u00edt\u011bzit!<\/figcaption><\/figure>\n<p style=\"text-align: justify;\">Defekt nepotr\u00e1pil jenom Romana. Byl p\u0159\u00ed\u010dinou odstoupen\u00ed ze z\u00e1vodu dvou dal\u0161\u00edch na\u0161ich reprezentant\u016f &#8211; juniora <strong><span style=\"color: #800000;\">V\u00edtka Such\u00e1nka<\/span><\/strong> a &#8222;eli\u0165\u00e1ka&#8220; <strong><span style=\"color: #800000;\">Petra \u0160icha<\/span><\/strong>. Je to sm\u016fla, proto\u017ee i tito dva na\u0161i borci m\u011bli minulou sobotu na P\u00e1lav\u011b rozjet\u00e9 svoje starty na medailov\u00e9 pozice..!<\/p>\n<figure id=\"attachment_13071\" aria-describedby=\"caption-attachment-13071\" style=\"width: 404px\" class=\"wp-caption aligncenter\"><a href=\"http:\/\/www.moravecteam.cz\/?attachment_id=13071\" rel=\"attachment wp-att-13071\"><img decoding=\"async\" loading=\"lazy\" class=\"size-full wp-image-13071 \" alt=\"DSC_1411\" src=\"http:\/\/www.moravecteam.cz\/wp-content\/uploads\/2019\/04\/DSC_1411.jpg\" width=\"404\" height=\"483\" srcset=\"https:\/\/www.moravecteam.cz\/wp-content\/uploads\/2019\/04\/DSC_1411.jpg 404w, https:\/\/www.moravecteam.cz\/wp-content\/uploads\/2019\/04\/DSC_1411-250x300.jpg 250w\" sizes=\"(max-width: 404px) 100vw, 404px\" \/><\/a><figcaption id=\"caption-attachment-13071\" class=\"wp-caption-text\">V\u00ed\u0165a &#8222;Sucho\u0161&#8220; Such\u00e1nek musel v\u00fdborn\u011b rozjet\u00fd z\u00e1vod junior\u016f pro defek pneu bohu\u017eel vzd\u00e1t&#8230;<\/figcaption><\/figure>\n<p style=\"text-align: justify;\">\u017de v Blansku nestartoval o minul\u00e9m v\u00edkendu \u017e\u00e1dn\u00e1 &#8222;vo\u0159ez\u00e1v\u00e1tka&#8220;, o tom sv\u011bd\u010d\u00ed &#8222;nabu\u0161en\u00e1&#8220; startovn\u00ed listina kategorie mu\u017e\u016f Masters III. Martin Kub\u00ed\u010dek, Du\u0161an Olejn\u00ed\u010dek (GT Opportunity), Martin \u0160\u00edma (MaxCursor), Jirka Sedl\u00e1\u010dek (SK Ji\u0159\u00ed Team)&#8230; Co jm\u00e9no, to pojem, to kus bikov\u00e9 historie&#8230; A je asi zcela v po\u0159\u00e1dku, \u017ee nejrychlej\u0161\u00ed v tomto z\u00e1vod\u011b &#8222;OLD STARS&#8220; byl dom\u00e1c\u00ed matador &#8211; Martin Kub\u00ed\u010dek&#8230;\u00a0 V z\u00e1vod\u011b &#8222;prvn\u00edch rakv\u00ed&#8220; (Masters II) potvrdil na za\u010d\u00e1tku sez\u00f3ny v\u00fdbornou formu n\u00e1\u0161 matador Martin Gottwald, kter\u00fd se se soupe\u0159i moc nep\u00e1ral a zv\u00edt\u011bzil zp\u016fsobem start &#8211; c\u00edl s pozoruhodn\u00fdm n\u00e1skokem v\u00edce jak dvou minut! Bravo MORAVEC!<\/p>\n<figure id=\"attachment_13067\" aria-describedby=\"caption-attachment-13067\" style=\"width: 459px\" class=\"wp-caption alignnone\"><a href=\"http:\/\/www.moravecteam.cz\/?attachment_id=13067\" rel=\"attachment wp-att-13067\"><img decoding=\"async\" loading=\"lazy\" class=\"size-full wp-image-13067\" alt=\"DSC_1426\" src=\"http:\/\/www.moravecteam.cz\/wp-content\/uploads\/2019\/04\/DSC_1426.jpg\" width=\"459\" height=\"542\" srcset=\"https:\/\/www.moravecteam.cz\/wp-content\/uploads\/2019\/04\/DSC_1426.jpg 459w, https:\/\/www.moravecteam.cz\/wp-content\/uploads\/2019\/04\/DSC_1426-254x300.jpg 254w\" sizes=\"(max-width: 459px) 100vw, 459px\" \/><\/a><figcaption id=\"caption-attachment-13067\" class=\"wp-caption-text\">Martin Gottwald na trati v\u00edt\u011bzn\u00e9ho z\u00e1vodu v Blansku. Zd\u00e1 se, \u017ee i letos bude tento borec pravideln\u00fdm \u00fa\u010dastn\u00edkem na &#8222;bedn\u00e1ch&#8220; region\u00e1ln\u00edch MTB z\u00e1vod\u016f. Jeho dcery maj\u00ed b\u00fdt po kom&#8230; U Gottwald\u016f se minulou sobotu asi dost slavilo&#8230;<\/figcaption><\/figure>\n<p style=\"text-align: justify;\">V\u0161em aktivn\u00edm i pasivn\u00edm MORAVC\u016eM pat\u0159\u00ed za Blansko velk\u00fd d\u00edk, podp\u016frn\u00fdm rodinn\u00fdm t\u00fdm\u016fm v\u010detn\u011b a k medailist\u016fm let\u00ed, samo, \u017ee na\u0161e gratulova\u010dka! <a href=\"http:\/\/www.lerak.cz\/\"><strong>Zde mrkn\u011bte na kompletn\u00ed v\u00fdsledkov\u00fd servis i dal\u0161\u00ed podrobnosti z &#8222;ur\u010do&#8220; vyda\u0159en\u00e9 akce<\/strong><\/a>, a tu\u0165 jsou k okouknut\u00ed <strong><a href=\"https:\/\/moravecteam.rajce.idnes.cz\/2019.04.13_MTB_Blansko_Palava_-_JmK_Cup\">p\u011bkn\u00e9 fotky Franti\u0161ka Pad\u011bry<\/a><\/strong>. D\u00edky, Franto!<\/p>\n<figure id=\"attachment_13068\" aria-describedby=\"caption-attachment-13068\" style=\"width: 470px\" class=\"wp-caption alignnone\"><a href=\"http:\/\/www.moravecteam.cz\/?attachment_id=13068\" rel=\"attachment wp-att-13068\"><img decoding=\"async\" loading=\"lazy\" class=\"size-full wp-image-13068\" alt=\"DSC_1358\" src=\"http:\/\/www.moravecteam.cz\/wp-content\/uploads\/2019\/04\/DSC_1358.jpg\" width=\"470\" height=\"365\" srcset=\"https:\/\/www.moravecteam.cz\/wp-content\/uploads\/2019\/04\/DSC_1358.jpg 470w, https:\/\/www.moravecteam.cz\/wp-content\/uploads\/2019\/04\/DSC_1358-300x232.jpg 300w\" sizes=\"(max-width: 470px) 100vw, 470px\" \/><\/a><figcaption id=\"caption-attachment-13068\" class=\"wp-caption-text\">Par\u00e1dn\u00ed P\u00e1lavsk\u00fd &#8222;Rokenrol\u00edk&#8220; v pod\u00e1n\u00ed Lucky Gottwaldov\u00e9 a posl\u00e9ze i &#8222;Majdy&#8220; Barto\u0161ov\u00e9.<\/figcaption><\/figure>\n","protected":false},"excerpt":{"rendered":"<p>A\u017e do minul\u00e9ho stolet\u00ed se datoval\u00a0posledn\u00ed klasick\u00fd MTB XCO z\u00e1vod, kter\u00e9ho hostitelem\u00a0 bylo Blansko. Pravda, pam\u011btn\u00edci m\u016f\u017eou zavzpom\u00ednat na &#8222;Ho\u0159ick\u00e9 pr\u010f\u00e1k 2005&#8220;, nebo na &#8222;Ho\u0159ick\u00e9 pr\u010f\u00e1k 2003&#8220; jeho\u017e n\u011bkolik ro\u010dn\u00edk\u016f se d\u00edky Blanensk\u00fdm Sokol\u016fm odjelo ji\u017e v prvn\u00ed dek\u00e1d\u011b tohoto stolet\u00ed. Jen\u017ee to se jednalo p\u0159edev\u0161\u00edm o MTB \u010dasovku do vrchu (dnes se tomu \u0159\u00edk\u00e1 &hellip; <a href=\"https:\/\/www.moravecteam.cz\/?p=13052\" class=\"more-link\">Pokra\u010dov\u00e1n\u00ed textu <span class=\"screen-reader-text\">Blansko je zp\u011bt!<\/span> <span class=\"meta-nav\">&rarr;<\/span><\/a><\/p>\n","protected":false},"author":3,"featured_media":13062,"comment_status":"open","ping_status":"closed","sticky":false,"template":"","format":"standard","meta":[],"categories":[1],"tags":[],"_links":{"self":[{"href":"https:\/\/www.moravecteam.cz\/index.php?rest_route=\/wp\/v2\/posts\/13052"}],"collection":[{"href":"https:\/\/www.moravecteam.cz\/index.php?rest_route=\/wp\/v2\/posts"}],"about":[{"href":"https:\/\/www.moravecteam.cz\/index.php?rest_route=\/wp\/v2\/types\/post"}],"author":[{"embeddable":true,"href":"https:\/\/www.moravecteam.cz\/index.php?rest_route=\/wp\/v2\/users\/3"}],"replies":[{"embeddable":true,"href":"https:\/\/www.moravecteam.cz\/index.php?rest_route=%2Fwp%2Fv2%2Fcomments&post=13052"}],"version-history":[{"count":13,"href":"https:\/\/www.moravecteam.cz\/index.php?rest_route=\/wp\/v2\/posts\/13052\/revisions"}],"predecessor-version":[{"id":13078,"href":"https:\/\/www.moravecteam.cz\/index.php?rest_route=\/wp\/v2\/posts\/13052\/revisions\/13078"}],"wp:featuredmedia":[{"embeddable":true,"href":"https:\/\/www.moravecteam.cz\/index.php?rest_route=\/wp\/v2\/media\/13062"}],"wp:attachment":[{"href":"https:\/\/www.moravecteam.cz\/index.php?rest_route=%2Fwp%2Fv2%2Fmedia&parent=13052"}],"wp:term":[{"taxonomy":"category","embeddable":true,"href":"https:\/\/www.moravecteam.cz\/index.php?rest_route=%2Fwp%2Fv2%2Fcategories&post=13052"},{"taxonomy":"post_tag","embeddable":true,"href":"https:\/\/www.moravecteam.cz\/index.php?rest_route=%2Fwp%2Fv2%2Ftags&post=13052"}],"curies":[{"name":"wp","href":"https:\/\/api.w.org\/{rel}","templated":true}]}}