{"id":13055,"date":"2019-04-20T15:17:42","date_gmt":"2019-04-20T13:17:42","guid":{"rendered":"http:\/\/www.moravecteam.cz\/?p=13055"},"modified":"2019-04-20T15:26:46","modified_gmt":"2019-04-20T13:26:46","slug":"slovacko-elisce-svedci","status":"publish","type":"post","link":"https:\/\/www.moravecteam.cz\/?p=13055","title":{"rendered":"Slov\u00e1cko Eli\u0161ce sv\u011bd\u010d\u00ed..!"},"content":{"rendered":"<p style=\"text-align: justify;\"><strong><span style=\"color: #800000;\"> Jak by Eli\u0161ce Han\u00e1kov\u00e9, na\u0161\u00ed v\u00fdborn\u00e9\u00a0bikerce, \u00a0Moravsk\u00e9 Slov\u00e1cko nesv\u011bd\u010dilo, kdy\u017e zde m\u00e1 &#8211; d\u00edky sv\u00e9mu d\u011bde\u010dkovi, Karlu V\u0161etulovi, rod\u00e1kovi z <a href=\"https:\/\/www.mkrumlov.cz\/\">Moravsk\u00e9ho Krumlova<\/a>, hlubok\u00e9 a pevn\u00e9 ko\u0159eny? A u\u017e podruh\u00e9, b\u011bhem n\u011bkolika dn\u016f mohl m\u00edt d\u011bd ze sv\u00e9 vnu\u010dky skute\u010dnou radost. Po bikov\u00e9m triumfu v &#8222;poh\u00e1rov\u00e9&#8220; Kutn\u00e9 Ho\u0159e se star\u0161\u00ed \u017e\u00e1kyn\u011b Eli\u0161ka Han\u00e1kov\u00e1 postavila tv\u00e1\u0159\u00ed v tv\u00e1\u0159 \u010desk\u00e9 silni\u010d\u00e1\u0159sk\u00e9 \u0161pi\u010dce\u00a0a obst\u00e1la na jedni\u010dku! Z silni\u010dn\u00edho poh\u00e1ru veze z Kyjova cennou bronzovou medaili!<\/span><\/strong><\/p>\n<figure id=\"attachment_13084\" aria-describedby=\"caption-attachment-13084\" style=\"width: 451px\" class=\"wp-caption aligncenter\"><a href=\"http:\/\/www.moravecteam.cz\/?attachment_id=13084\" rel=\"attachment wp-att-13084\"><img decoding=\"async\" loading=\"lazy\" class=\"size-full wp-image-13084 \" alt=\"IMG_4579\" src=\"http:\/\/www.moravecteam.cz\/wp-content\/uploads\/2019\/04\/IMG_4579.jpg\" width=\"451\" height=\"615\" srcset=\"https:\/\/www.moravecteam.cz\/wp-content\/uploads\/2019\/04\/IMG_4579.jpg 451w, https:\/\/www.moravecteam.cz\/wp-content\/uploads\/2019\/04\/IMG_4579-220x300.jpg 220w\" sizes=\"(max-width: 451px) 100vw, 451px\" \/><\/a><figcaption id=\"caption-attachment-13084\" class=\"wp-caption-text\">Cenn\u00e1 bronzov\u00e1 placka Eli\u0161ky Han\u00e1kov\u00e9 ze silni\u010dn\u00edho poh\u00e1ru v Kyjov\u011b!<\/figcaption><\/figure>\n<p style=\"text-align: justify;\">Krom\u011b d\u011bde\u010dka ud\u011blala Eli\u0161ka radost v cyklistick\u00e9m Nebi ur\u010dit\u011b i <strong><span style=\"color: #800000;\"><a href=\"https:\/\/cs.wikipedia.org\/wiki\/Vlastimil_Moravec\">Vlast\u00edkovi MORAVCOVI<\/a>,<\/span><\/strong> kter\u00fd ur\u010dit\u011b &#8211; co by &#8222;kovan\u00fd&#8220; silni\u010d\u00e1\u0159 &#8211; se zl\u00edben\u00edm sledoval v tu druhou dubnovou ned\u011bli jej\u00ed bojovn\u00fd v\u00fdkon v konkurenci bezm\u00e1la \u010dty\u0159iceti skute\u010dn\u011b kvalitn\u00edch soupe\u0159ek. Na v\u00edt\u011bznou Vandu Dlaskovou (TJ A\u0160 Mlad\u00e1 Boleslav) ztratila v c\u00edli na\u0161e borka necel\u00e9 dva tucty vte\u0159in, t\u0159in\u00e1ct vte\u0159in ji d\u011blilo od st\u0159\u00edbra&#8230;<\/p>\n<figure id=\"attachment_13082\" aria-describedby=\"caption-attachment-13082\" style=\"width: 1250px\" class=\"wp-caption alignnone\"><a href=\"http:\/\/www.moravecteam.cz\/?attachment_id=13082\" rel=\"attachment wp-att-13082\"><img decoding=\"async\" loading=\"lazy\" class=\" wp-image-13082\" alt=\"IMG_4575\" src=\"http:\/\/www.moravecteam.cz\/wp-content\/uploads\/2019\/04\/IMG_4575.jpg\" width=\"1250\" height=\"1303\" srcset=\"https:\/\/www.moravecteam.cz\/wp-content\/uploads\/2019\/04\/IMG_4575.jpg 1250w, https:\/\/www.moravecteam.cz\/wp-content\/uploads\/2019\/04\/IMG_4575-25x25.jpg 25w, https:\/\/www.moravecteam.cz\/wp-content\/uploads\/2019\/04\/IMG_4575-287x300.jpg 287w, https:\/\/www.moravecteam.cz\/wp-content\/uploads\/2019\/04\/IMG_4575-982x1024.jpg 982w\" sizes=\"(max-width: 1250px) 100vw, 1250px\" \/><\/a><figcaption id=\"caption-attachment-13082\" class=\"wp-caption-text\">Obr\u00e1zek, kter\u00fd se jen tak neokouk\u00e1&#8230;<\/figcaption><\/figure>\n<p style=\"text-align: justify;\">Tento silni\u010dn\u00ed z\u00e1vod v Kyjov\u011b byl nejen dal\u0161\u00edm v r\u00e1mci \u010cesk\u00e9ho silni\u010dn\u00edho poh\u00e1ru ml\u00e1de\u017enick\u00fdch kategori\u00ed, ale byl tak\u00e9 jedn\u00edm z kvalifika\u010dn\u00edch na bl\u00ed\u017e\u00edc\u00ed se <strong><a href=\"https:\/\/odm.olympic.cz\/\">Olympi\u00e1du d\u011bt\u00ed a ml\u00e1de\u017ee<\/a><\/strong>, kterou v \u010dervnu pohost\u00ed\u00a0Liberec. Z pohledu t\u00e9to skute\u010dnosti si Eli\u0161ka Han\u00e1kov\u00e1 vst\u0159\u00edc reprezentaci\u00a0 na t\u00e9to presti\u017en\u00ed d\u011btsk\u00e9 sportovn\u00ed akci hodn\u011b nakro\u010dila, proto\u017ee ze z\u00e1vodnic z Jihomoravsk\u00e9ho kraje byla tou nejrychlej\u0161\u00ed&#8230; A ur\u010dit\u011b zaujala oba Luk\u00e1\u0161e Petra a Petra Hermana, kte\u0159\u00ed jsou &#8211; co by tren\u00e9\u0159i &#8211; pov\u011b\u0159eni v\u00fdb\u011brem cyklistick\u00fdch reprezentant\u016f z JmK. Uvid\u00edme&#8230; Zde mrkn\u011bte na <strong><a href=\"https:\/\/sportsoft.cz\/OfficialResults\/2019\/20190414_vysl_kyjov_stzky.pdf?201904.14.12.37\">v\u00fdsledkov\u00fd servis z Kyjova.\u00a0<\/a><\/strong><\/p>\n<figure id=\"attachment_13081\" aria-describedby=\"caption-attachment-13081\" style=\"width: 1144px\" class=\"wp-caption alignnone\"><a href=\"http:\/\/www.moravecteam.cz\/?attachment_id=13081\" rel=\"attachment wp-att-13081\"><img decoding=\"async\" loading=\"lazy\" class=\" wp-image-13081\" alt=\"IMG_4547\" src=\"http:\/\/www.moravecteam.cz\/wp-content\/uploads\/2019\/04\/IMG_4547.jpg\" width=\"1144\" height=\"533\" srcset=\"https:\/\/www.moravecteam.cz\/wp-content\/uploads\/2019\/04\/IMG_4547.jpg 1144w, https:\/\/www.moravecteam.cz\/wp-content\/uploads\/2019\/04\/IMG_4547-300x139.jpg 300w, https:\/\/www.moravecteam.cz\/wp-content\/uploads\/2019\/04\/IMG_4547-1024x477.jpg 1024w\" sizes=\"(max-width: 1144px) 100vw, 1144px\" \/><\/a><figcaption id=\"caption-attachment-13081\" class=\"wp-caption-text\">Bronzov\u00fd c\u00edlov\u00fd spurt Eli\u0161ky Han\u00e1kov\u00e9.<\/figcaption><\/figure>\n<p>&nbsp;<\/p>\n","protected":false},"excerpt":{"rendered":"<p>Jak by Eli\u0161ce Han\u00e1kov\u00e9, na\u0161\u00ed v\u00fdborn\u00e9\u00a0bikerce, \u00a0Moravsk\u00e9 Slov\u00e1cko nesv\u011bd\u010dilo, kdy\u017e zde m\u00e1 &#8211; d\u00edky sv\u00e9mu d\u011bde\u010dkovi, Karlu V\u0161etulovi, rod\u00e1kovi z Moravsk\u00e9ho Krumlova, hlubok\u00e9 a pevn\u00e9 ko\u0159eny? A u\u017e podruh\u00e9, b\u011bhem n\u011bkolika dn\u016f mohl m\u00edt d\u011bd ze sv\u00e9 vnu\u010dky skute\u010dnou radost. Po bikov\u00e9m triumfu v &#8222;poh\u00e1rov\u00e9&#8220; Kutn\u00e9 Ho\u0159e se star\u0161\u00ed \u017e\u00e1kyn\u011b Eli\u0161ka Han\u00e1kov\u00e1 postavila tv\u00e1\u0159\u00ed v &hellip; <a href=\"https:\/\/www.moravecteam.cz\/?p=13055\" class=\"more-link\">Pokra\u010dov\u00e1n\u00ed textu <span class=\"screen-reader-text\">Slov\u00e1cko Eli\u0161ce sv\u011bd\u010d\u00ed..!<\/span> <span class=\"meta-nav\">&rarr;<\/span><\/a><\/p>\n","protected":false},"author":3,"featured_media":13080,"comment_status":"open","ping_status":"closed","sticky":false,"template":"","format":"standard","meta":[],"categories":[1],"tags":[],"_links":{"self":[{"href":"https:\/\/www.moravecteam.cz\/index.php?rest_route=\/wp\/v2\/posts\/13055"}],"collection":[{"href":"https:\/\/www.moravecteam.cz\/index.php?rest_route=\/wp\/v2\/posts"}],"about":[{"href":"https:\/\/www.moravecteam.cz\/index.php?rest_route=\/wp\/v2\/types\/post"}],"author":[{"embeddable":true,"href":"https:\/\/www.moravecteam.cz\/index.php?rest_route=\/wp\/v2\/users\/3"}],"replies":[{"embeddable":true,"href":"https:\/\/www.moravecteam.cz\/index.php?rest_route=%2Fwp%2Fv2%2Fcomments&post=13055"}],"version-history":[{"count":9,"href":"https:\/\/www.moravecteam.cz\/index.php?rest_route=\/wp\/v2\/posts\/13055\/revisions"}],"predecessor-version":[{"id":13088,"href":"https:\/\/www.moravecteam.cz\/index.php?rest_route=\/wp\/v2\/posts\/13055\/revisions\/13088"}],"wp:featuredmedia":[{"embeddable":true,"href":"https:\/\/www.moravecteam.cz\/index.php?rest_route=\/wp\/v2\/media\/13080"}],"wp:attachment":[{"href":"https:\/\/www.moravecteam.cz\/index.php?rest_route=%2Fwp%2Fv2%2Fmedia&parent=13055"}],"wp:term":[{"taxonomy":"category","embeddable":true,"href":"https:\/\/www.moravecteam.cz\/index.php?rest_route=%2Fwp%2Fv2%2Fcategories&post=13055"},{"taxonomy":"post_tag","embeddable":true,"href":"https:\/\/www.moravecteam.cz\/index.php?rest_route=%2Fwp%2Fv2%2Ftags&post=13055"}],"curies":[{"name":"wp","href":"https:\/\/api.w.org\/{rel}","templated":true}]}}