{"id":13089,"date":"2019-04-22T09:41:50","date_gmt":"2019-04-22T07:41:50","guid":{"rendered":"http:\/\/www.moravecteam.cz\/?p=13089"},"modified":"2019-04-23T20:07:45","modified_gmt":"2019-04-23T18:07:45","slug":"co-se-bude-dit-st17-3","status":"publish","type":"post","link":"https:\/\/www.moravecteam.cz\/?p=13089","title":{"rendered":"Co se bude d\u00edt? (ST17)-3"},"content":{"rendered":"<h5><span style=\"color: #800000;\">Term\u00ednov\u00fd kalend\u00e1\u0159 MORAVEC Team 2019:<\/span><\/h5>\n<p><span style=\"text-decoration: underline;\"><strong><a href=\"http:\/\/www.moravecteam.cz\/?attachment_id=13036\" rel=\"attachment wp-att-13036\">MORAVEC Team &#8211; term\u00ednov\u00fd kalend\u00e1\u0159 2019<\/a><\/strong><\/span><\/p>\n<h5><span style=\"color: #800000;\">\u00dater\u00fd 23.4. 2019<\/span><\/h5>\n<p style=\"text-align: justify;\">Tr\u00e9nink pod veden\u00edm Vlast\u00edka Odehnala, Jirky \u0160t\u011bpan\u00edka a skute\u010dn\u011b tam tentokr\u00e1t bude i Franta Pad\u011bra\u00a0&#8211;\u00a0sraz bude v\u00fdjime\u010dn\u011b (vzhledem k progn\u00f3ze hor\u0161\u00edho po\u010das\u00ed &#8211; d\u00e9\u0161\u0165, v\u011btrno) <strong><span style=\"color: #800000;\">v 17.00\u00a0\u00a0ve Sportparku Doubravy Boskovice a tr\u00e9novat se bude tedy na horsk\u00fdch kolech<\/span><\/strong> s vyu\u017eit\u00edm m\u00edstn\u00edch ter\u00e9n\u016f.<\/p>\n<h5><span style=\"color: #800000;\">St\u0159eda 24.4. 2019<\/span><\/h5>\n<p style=\"text-align: justify;\">Pravideln\u00e1 MTB\u00a0p\u0159\u00edprava s\u00a0Jirkou Va\u0161\u00ed\u010dkem, Milanem \u0160af\u00e1\u0159em, Liborem Barto\u0161em a Petrem Koudelkou.\u00a0Sraz v 17.00 na Okrouhl\u00e9 u Pazderny.<\/p>\n<h5><span style=\"color: #800000;\">Sobota, ned\u011ble 27. &#8211; 28.4. 2019<\/span><\/h5>\n<p style=\"text-align: justify;\">Druh\u00fd z\u00e1vod \u010cesk\u00e9ho poh\u00e1ru horsk\u00fdch kol ve m\u011bst\u011b Tou\u0161kov. Zde studujte propozice:\u00a0<strong><a href=\"http:\/\/www.moravecteam.cz\/?attachment_id=12908\" rel=\"attachment wp-att-12908\">Propozice-2.-z\u00e1vod-XCO-2019-M\u011bsto-Tou\u0161kov<\/a>.<\/strong><\/p>\n<p style=\"text-align: justify;\">Zde je nominace na druh\u00fd &#8222;poh\u00e1r&#8220; (jedn\u00e1 se o kategorie od mlad\u0161\u00edch \u017e\u00e1k\u016f &#8222;v\u00fd\u0161&#8220;, na d\u011bti kategori\u00ed MINIME se nominace nevztahuje, tyto d\u011bti m\u016f\u017eou jezdit na \u010cP dle sv\u00e9ho\u00a0uv\u00e1\u017een\u00ed,\u00a0resp.\u00a0uv\u00e1\u017een\u00ed\u00a0sv\u00fdch rodi\u010d\u016f a\u00a0 z\u00e1vodit\u00a0zde kdykoli).\u00a0\u00a0V\u00fdb\u011br tren\u00e9r\u016f\u00a0logicky koresponduje s bojovn\u00fdmi v\u00fdkony &#8222;na doraz&#8220; rajdr\u016f MORAVEC Teamu\u00a0na premi\u00e9\u0159e v\u00a0Kutn\u00e9 Ho\u0159e. V Tou\u0161kov\u011b n\u00e1s tedy budou reprezentovat:<\/p>\n<ul>\n<li>\n<div style=\"text-align: justify;\">Mlad\u0161\u00ed \u017e\u00e1kyn\u011b:\u00a0<strong><span style=\"color: #800000;\">Gottwaldov\u00e1 Am\u00e1lie, Han\u00e1kov\u00e1 Anna, Janovsk\u00e1 Barbora, Koudelkov\u00e1 Lucie a Tlamkov\u00e1 Barbora.<\/span><\/strong><\/div>\n<\/li>\n<li style=\"text-align: justify;\">Mlad\u0161\u00ed \u017e\u00e1ci:<strong><span style=\"color: #800000;\">\u00a0Lipensk\u00fd Matou\u0161<\/span><\/strong><\/li>\n<li style=\"text-align: justify;\">Star\u0161\u00ed \u017e\u00e1kyn\u011b:\u00a0<strong><span style=\"color: #800000;\">Han\u00e1kov\u00e1 Eli\u0161ka<\/span><\/strong><\/li>\n<li style=\"text-align: justify;\">Star\u0161\u00ed \u017e\u00e1ci:\u00a0<strong><span style=\"color: #800000;\">Koudelka Maty\u00e1\u0161, Lipensk\u00fd V\u00edt, Sedl\u00e1k Luk\u00e1\u0161, \u0160indel\u00e1\u0159 Roman<\/span><\/strong><\/li>\n<li style=\"text-align: justify;\">Kadetky:\u00a0<strong><span style=\"color: #800000;\">Odehnalov\u00e1 Kl\u00e1ra<\/span><\/strong><\/li>\n<li style=\"text-align: justify;\">Junio\u0159i:\u00a0<strong><span style=\"color: #800000;\">Such\u00e1nek V\u00edt<\/span><\/strong><\/li>\n<li style=\"text-align: justify;\">Mu\u017ei EXPERT:\u00a0<strong><span style=\"color: #800000;\">\u0160ich Petr<\/span><\/strong><\/li>\n<\/ul>\n<p style=\"text-align: justify;\"><strong><a href=\"https:\/\/cpxcmtb.sportsoft.cz\/mstartlist.aspx?m=241\">P\u0159ihl\u00e1\u0161en\u00ed do z\u00e1vodu<\/a><\/strong> bylo\u00a0 provedeno dnes, v \u00fater\u00fd, 23.4. 2019. Z nominovan\u00fdch jsou mluveni\u00a0 V\u00ed\u0165a Lipensk\u00fd (kr\u00e1tkodob\u00fd studijn\u00ed pobyt v zahrani\u010d\u00ed), Bar\u010da Janovsk\u00e1 a V\u00edt Such\u00e1nek (nemoc) a sourozenci Lucie a Maty\u00e1\u0161 Koudelkovi.<\/p>\n<p style=\"text-align: justify;\">V kategori\u00edch MINIME n\u00e1s budou v Tou\u0161kov\u011b s nejv\u011bt\u0161\u00ed pravd\u011bpodobnost\u00ed reprezentovat v kategorii d\u011bv\u010dat 9-10 let <strong><span style=\"color: #800000;\">Lucie Gottwaldov\u00e1 a Just\u00fdna Novotn\u00e1,<\/span><\/strong> na marodce je &#8211; bohu\u017eel &#8211; Zita \u017dern\u00ed\u010dkov\u00e1, p\u0159i zdravotn\u00edch probl\u00e9mech Bar\u010di Janovsk\u00e9 nebude\u00a0 -logicky &#8211; startovat ani Jon\u00e1\u0161ek Janovsk\u00fd (chlapci 5-6 let).<\/p>\n<p style=\"text-align: justify;\">Na\u0161im &#8222;rozv\u011bd\u010d\u00edk\u016fm&#8220; se poda\u0159ilo zajistit fotomateri\u00e1l z ov\u011b\u0159ovac\u00edch z\u00e1vod\u016f, kter\u00e9 na trat\u00edch, prob\u011bhly minulou ned\u011bli, 21. dubna. Z fotek jde lecos rozpoznat v souvislosti s n\u00e1ro\u010dnost\u00ed trat\u00ed:<\/p>\n<ul>\n<li><strong><a href=\"https:\/\/pavelkrikava.rajce.idnes.cz\/PAL_CUP_-_Velka_cena_Mesta_Touskova%2C_21.4.2019_-_dopoledne\/\">Fotogalerie \u010d.1 &#8211; MTB Tou\u0161kov, ned\u011ble dopoledne<\/a><\/strong><\/li>\n<li><strong><a href=\"https:\/\/pavelkrikava.rajce.idnes.cz\/PAL_CUP_-_Velka_cena_Mesta_Touskova%2C_21.4.2019_-_odpoledne\/\">Fotogalerie \u010d.2 &#8211; MTB Tou\u0161kov, ned\u011ble odpoledne<\/a><\/strong><\/li>\n<\/ul>\n<h5><strong><span style=\"color: #800000;\">AKCE T\u011aSN\u011a ZA HORIZONTEM<\/span><\/strong><\/h5>\n<h5><span style=\"color: #800000;\">MTB &#8222;Vrchovina&#8220; 2019\u00a0<\/span><\/h5>\n<p style=\"text-align: justify;\">m\u00e1 ji\u017e &#8211; jak pevn\u011b v\u011b\u0159\u00edm &#8211;\u00a0pevn\u00e9 term\u00edny\u00a0jako ona pov\u011bstn\u00e1 &#8222;Helvetsk\u00e1 v\u00edra&#8220;:\u00a0<strong><span style=\"color: #800000;\">4.5. &#8211; Vlachov, 18.5.\u00a0 Bene\u0161ov, 8.6. &#8211; Okrouhl\u00e1, 22.6. \u017d\u010f\u00e1rn\u00e1, 13.7. Protivanov, 10.8. Bukov\u00e1, 17.8. Boskovice, 24.8. Ko\u0159enec, 7.9. Velenov, 14.9. Kn\u00ednice, 21.9. Nov\u00e9 M\u011bsto n Morav\u011b &#8211; fin\u00e1le.\u00a0<\/span><\/strong>Term\u00ednov\u00fd kalend\u00e1\u0159 na r. 2019 se z\u00e1vodn\u00edmi prioritami MORAVEC Teamu trvale um\u00edst\u011bn v z\u00e1hlav\u00ed t\u00e9to pravideln\u011b se obnovuj\u00edc\u00ed aktualit\u011by a bude v\u010das dopln\u011bn p\u0159edev\u0161\u00edm o term\u00edny \u010cesk\u00e9ho poh\u00e1ru v cyklokrosu.<\/p>\n<h5><span style=\"color: #800000;\">AKCE ZA DV\u011aMA HORIZONTY<\/span><\/h5>\n<ul>\n<li style=\"text-align: justify;\">24. &#8211; 26. 5. 2019\u00a0\u00a0&#8211; na doporu\u010den\u00ed tren\u00e9r\u016f navrhuje odd\u00edl k reprezentaci MORAVEC Teamu na etapov\u00e9m silni\u010dn\u00edm z\u00e1vod\u011b v Lan\u0161kroun\u011b (star\u0161\u00ed \u017e\u00e1ci a kadetky) tyto jezdce:\u00a0Roman \u0160indel\u00e1\u0159, V\u00edt Lipensk\u00fd, Luk\u00e1\u0161 Sedl\u00e1k a Kl\u00e1ra Odehnalov\u00e1.\u00a0Tuto reprezentaci odd\u00edl podpo\u0159\u00ed.\u00a0 Obdobn\u011b je odd\u00edl p\u0159ipraven podpo\u0159it jezdce MORAVEC Teamu v p\u0159\u00edpad\u011b reprezentace na dal\u0161\u00edch silni\u010dn\u00edch z\u00e1vodech, kter\u00e9 nebudou kolidovat s MTB \u010cP XCO a MTB &#8222;Vrchovinou&#8220; za t\u011bchto podm\u00ednek: Skupina minim\u00e1ln\u011b t\u0159\u00ed jezdc\u016f &#8211; pak je mo\u017enost domluvy na zap\u016fj\u010den\u00ed odd\u00edlov\u00e9 dod\u00e1vky a odd\u00edlov\u00e9ho t\u00fdmov\u00e9ho z\u00e1zem\u00ed. S proplacen\u00edm startovn\u00e9ho (oproti dokladu), se samoz\u0159ejm\u011b po\u010d\u00edt\u00e1. Obdobn\u011b je odd\u00edl p\u0159ipraven p\u0159isp\u011bt na reprezentanty \u010cR z \u0159ad MORAVEC Teamu &#8211; aktu\u00e1ln\u011b se toto t\u00fdk\u00e1\u00a0Eli\u0161ky Han\u00e1kov\u00e9,\u00a0kter\u00e1 je nominov\u00e1na pro r. 2019 do reprezentace \u010cR &#8211; lv\u00ed\u010data (\u017e\u00e1ci a kadeti).<\/li>\n<li style=\"text-align: justify;\">23. &#8211; 28. 6.\u00a02019\u00a0&#8211; Olympi\u00e1da d\u011bt\u00ed a ml\u00e1de\u017ee v Liberci. Za MORAVEC Team byli doporu\u010deni na reprezentaci JmK (t\u00fdk\u00e1 se kadet\u016f-kadetek a star\u0161\u00edch \u017e\u00e1k\u016f &#8211; \u017ea\u010dek)\u00a0Kl\u00e1ra Odehnalov\u00e1, Eli\u0161ka Han\u00e1kov\u00e1, Luk\u00e1\u0161 Sedl\u00e1k a Roman \u0160indel\u00e1\u0159.\u00a0Na\u0161e rajdry \u010dekaj\u00ed nomina\u010dn\u00ed z\u00e1vody, na z\u00e1klad\u011b kter\u00fdch rozhodnou pov\u011b\u0159en\u00ed tren\u00e9\u0159i Luk\u00e1\u0161 Petr a Petr Herman o jejich p\u0159\u00edpadn\u00e9 nominaci. V r\u00e1mci nominace na ODM\u00a0za Olomouck\u00fd\u00a0 kraj budeme\u00a0je navr\u017een \u00a0k reprezentaci\u00a0V\u00edt Lipensk\u00fd,\u00a0 Podrobnosti k ODM v Liberci za Jihomoravsk\u00fd kraj \u00a0najdete zde,\u00a0<strong><a href=\"http:\/\/www.moravecteam.cz\/?attachment_id=12921\" rel=\"attachment wp-att-12921\">J<\/a><a href=\"http:\/\/www.moravecteam.cz\/?attachment_id=12921\" rel=\"attachment wp-att-12921\">MKSC-LODM2019-nominacni_kriteria_v1_sLT (2)<\/a>,<\/strong>\u00a0za Olomouck\u00fd kraj zaase tu\u0165:\u00a0<span style=\"text-decoration: underline;\"><strong><a href=\"https:\/\/www.olomouckysvazcyklistiky.cz\/images\/documents\/2019\/LODM2019.pdf\">Nomina\u010dn\u00ed krit\u00e9ria-Olomouck\u00fd kraj.<\/a><\/strong><\/span><\/li>\n<li style=\"text-align: justify;\">Pr\u00e1zdninov\u00fd Kemp MORAVEC Teamu\u00a0prob\u011bhne v t\u00fddnu od\u00a029.7. do 2.8. 2019. Opera\u010dn\u00ed prostor: Ji\u017en\u00ed Morava \/ Severn\u00ed\u00a0 Rakousko.<\/li>\n<\/ul>\n<p style=\"text-align: justify;\">\n","protected":false},"excerpt":{"rendered":"<p>Term\u00ednov\u00fd kalend\u00e1\u0159 MORAVEC Team 2019: MORAVEC Team &#8211; term\u00ednov\u00fd kalend\u00e1\u0159 2019 \u00dater\u00fd 23.4. 2019 Tr\u00e9nink pod veden\u00edm Vlast\u00edka Odehnala, Jirky \u0160t\u011bpan\u00edka a skute\u010dn\u011b tam tentokr\u00e1t bude i Franta Pad\u011bra\u00a0&#8211;\u00a0sraz bude v\u00fdjime\u010dn\u011b (vzhledem k progn\u00f3ze hor\u0161\u00edho po\u010das\u00ed &#8211; d\u00e9\u0161\u0165, v\u011btrno) v 17.00\u00a0\u00a0ve Sportparku Doubravy Boskovice a tr\u00e9novat se bude tedy na horsk\u00fdch kolech s vyu\u017eit\u00edm m\u00edstn\u00edch &hellip; <a href=\"https:\/\/www.moravecteam.cz\/?p=13089\" class=\"more-link\">Pokra\u010dov\u00e1n\u00ed textu <span class=\"screen-reader-text\">Co se bude d\u00edt? (ST17)-3<\/span> <span class=\"meta-nav\">&rarr;<\/span><\/a><\/p>\n","protected":false},"author":3,"featured_media":13092,"comment_status":"open","ping_status":"closed","sticky":false,"template":"","format":"standard","meta":[],"categories":[11],"tags":[],"_links":{"self":[{"href":"https:\/\/www.moravecteam.cz\/index.php?rest_route=\/wp\/v2\/posts\/13089"}],"collection":[{"href":"https:\/\/www.moravecteam.cz\/index.php?rest_route=\/wp\/v2\/posts"}],"about":[{"href":"https:\/\/www.moravecteam.cz\/index.php?rest_route=\/wp\/v2\/types\/post"}],"author":[{"embeddable":true,"href":"https:\/\/www.moravecteam.cz\/index.php?rest_route=\/wp\/v2\/users\/3"}],"replies":[{"embeddable":true,"href":"https:\/\/www.moravecteam.cz\/index.php?rest_route=%2Fwp%2Fv2%2Fcomments&post=13089"}],"version-history":[{"count":9,"href":"https:\/\/www.moravecteam.cz\/index.php?rest_route=\/wp\/v2\/posts\/13089\/revisions"}],"predecessor-version":[{"id":13101,"href":"https:\/\/www.moravecteam.cz\/index.php?rest_route=\/wp\/v2\/posts\/13089\/revisions\/13101"}],"wp:featuredmedia":[{"embeddable":true,"href":"https:\/\/www.moravecteam.cz\/index.php?rest_route=\/wp\/v2\/media\/13092"}],"wp:attachment":[{"href":"https:\/\/www.moravecteam.cz\/index.php?rest_route=%2Fwp%2Fv2%2Fmedia&parent=13089"}],"wp:term":[{"taxonomy":"category","embeddable":true,"href":"https:\/\/www.moravecteam.cz\/index.php?rest_route=%2Fwp%2Fv2%2Fcategories&post=13089"},{"taxonomy":"post_tag","embeddable":true,"href":"https:\/\/www.moravecteam.cz\/index.php?rest_route=%2Fwp%2Fv2%2Ftags&post=13089"}],"curies":[{"name":"wp","href":"https:\/\/api.w.org\/{rel}","templated":true}]}}